{"id":273185,"date":"2025-07-29T17:30:00","date_gmt":"2025-07-29T20:30:00","guid":{"rendered":"https:\/\/www.gaveanews.com\/?p=273185"},"modified":"2025-07-29T16:39:40","modified_gmt":"2025-07-29T19:39:40","slug":"goleiro-desperta-interesse-de-flamengo-e-palmeiras-diz-nicola","status":"publish","type":"post","link":"https:\/\/www.gaveanews.com\/index.php\/2025\/07\/29\/goleiro-desperta-interesse-de-flamengo-e-palmeiras-diz-nicola\/","title":{"rendered":"Goleiro desperta interesse de Flamengo e Palmeiras, diz Nicola"},"content":{"rendered":"\n<p>Com apenas 21 anos, Pedro Morisco, titular do Coritiba na S\u00e9rie B, passou a ser um dos nomes mais cobi\u00e7ados do mercado nesta janela de transfer\u00eancias do meio do ano. O desempenho consistente na temporada despertou o interesse direto de Flamengo e Palmeiras, ao passo que o Real Madrid observa atentamente a movimenta\u00e7\u00e3o e avalia o brasileiro como uma poss\u00edvel reposi\u00e7\u00e3o para o setor defensivo.<\/p>\n\n\n\n<p>A princ\u00edpio, o interesse europeu surgiu diante da possibilidade de sa\u00edda de Andriy Lunin, que estuda propostas para o futuro e pode n\u00e3o permanecer no elenco espanhol. Com Thibaut Courtois j\u00e1 com 33 anos, o Real Madrid busca alternativas para iniciar uma renova\u00e7\u00e3o gradativa da posi\u00e7\u00e3o. <\/p>\n\n\n\n<p>Morisco, nesse contexto, surge como nome bem avaliado internamente para compor o elenco, conforme noticiado pelo portal <em>Defensa Central<\/em>.<\/p>\n\n\n\n<h3 class=\"wp-block-heading\" id=\"h-situacoes-distintas-impulsionam-investidas-de-flamengo-e-palmeiras\">Situa\u00e7\u00f5es distintas impulsionam investidas de Flamengo e Palmeiras<\/h3>\n\n\n\n<p>No futebol brasileiro, a disputa se intensificou. O Palmeiras, que j\u00e1 tra\u00e7a o planejamento para a sucess\u00e3o de Weverton, passou a considerar Morisco como pe\u00e7a estrat\u00e9gica no elenco. <\/p>\n\n\n\n<p>Com Marcelo Lomba em reta final de v\u00ednculo e Abel Ferreira priorizando ciclos de desenvolvimento, o clube paulista acredita que o goleiro do Coritiba se encaixa no perfil ideal para assumir, gradualmente, a responsabilidade da meta alviverde.<\/p>\n\n\n\n<p>No Rio de Janeiro, a urg\u00eancia se imp\u00f4s. Ap\u00f3s Matheus Cunha assinar um pr\u00e9-contrato com o Cruzeiro, o Flamengo iniciou busca por reposi\u00e7\u00e3o imediata. A diretoria rubro-negra, juntamente com a comiss\u00e3o t\u00e9cnica liderada por Tite, enxerga em Pedro um nome com agilidade, reflexo e leitura de jogo compat\u00edveis com o estilo exigido no sistema defensivo atual.<\/p>\n\n\n\n<h3 class=\"wp-block-heading\" id=\"h-coritiba-mantem-postura-rigida-e-adota-cautela-nas-tratativas\">Coritiba mant\u00e9m postura r\u00edgida e adota cautela nas tratativas<\/h3>\n\n\n\n<p>Enquanto isso, o Coritiba, ciente do valor t\u00e9cnico e de mercado de seu atleta, n\u00e3o abre m\u00e3o de negociar com cautela. A diretoria reconhece o potencial de Morisco para integrar futuramente a Sele\u00e7\u00e3o Brasileira e, por isso, avalia que qualquer proposta deve refletir essa proje\u00e7\u00e3o. <\/p>\n\n\n\n<p>Embora o valor de mercado gire em torno de 1 milh\u00e3o de euros, o clube paranaense considera cifras superiores como base inicial de conversa.<\/p>\n\n\n\n<p>Mesmo diante do ass\u00e9dio, Pedro evita qualquer manifesta\u00e7\u00e3o p\u00fablica sobre o futuro. Pessoas pr\u00f3ximas indicam que o jogador permanece focado na campanha da equipe, ainda que veja com natural empolga\u00e7\u00e3o a possibilidade de atuar em centros maiores, seja em S\u00e3o Paulo, no Rio de Janeiro ou na Europa.<\/p>\n\n\n\n<h3 class=\"wp-block-heading\" id=\"h-numeros-e-expectativa-para-os-proximos-dias\">N\u00fameros e expectativa para os pr\u00f3ximos dias<\/h3>\n\n\n\n<p>Na temporada atual, o goleiro j\u00e1 disputou 23 partidas com a camisa do Coritiba e saiu de campo sem sofrer gols em 14 delas. Os n\u00fameros refor\u00e7am a fase segura do jogador, que tem contrato v\u00e1lido at\u00e9 o fim de 2027, o que fortalece a posi\u00e7\u00e3o do clube em uma eventual negocia\u00e7\u00e3o.<\/p>\n\n\n\n<p>At\u00e9 o momento, nenhuma oferta formal foi registrada. No entanto, reuni\u00f5es com representantes de ambos os clubes est\u00e3o previstas para os pr\u00f3ximos dias. <\/p>\n","protected":false},"excerpt":{"rendered":"<p>Com apenas 21 anos, Pedro Morisco, titular do Coritiba na S\u00e9rie B, passou a ser um dos nomes mais cobi\u00e7ados do mercado nesta janela de transfer\u00eancias do meio do ano. O desempenho consistente na temporada despertou o interesse direto de Flamengo e Palmeiras, ao passo que o Real Madrid observa atentamente a movimenta\u00e7\u00e3o e avalia [&hellip;]<\/p>\n","protected":false},"author":30,"featured_media":52051,"comment_status":"open","ping_status":"closed","sticky":false,"template":"","format":"standard","meta":{"footnotes":""},"categories":[133,1,150],"tags":[],"class_list":["post-273185","post","type-post","status-publish","format-standard","has-post-thumbnail","hentry","category-brasileirao","category-flamengo","category-palmeiras"],"yoast_head":"<!-- This site is optimized with the Yoast SEO Premium plugin v24.2 (Yoast SEO v26.9) - https:\/\/yoast.com\/product\/yoast-seo-premium-wordpress\/ -->\n<title>Goleiro desperta interesse de Flamengo e Palmeiras, diz Nicola<\/title>\n<meta name=\"robots\" content=\"index, follow, max-snippet:-1, max-image-preview:large, max-video-preview:-1\" \/>\n<link rel=\"canonical\" href=\"https:\/\/www.gaveanews.com\/index.php\/2025\/07\/29\/goleiro-desperta-interesse-de-flamengo-e-palmeiras-diz-nicola\/\" \/>\n<meta property=\"og:locale\" content=\"pt_BR\" \/>\n<meta property=\"og:type\" content=\"article\" \/>\n<meta property=\"og:title\" content=\"Goleiro desperta interesse de Flamengo e Palmeiras, diz Nicola\" \/>\n<meta property=\"og:description\" content=\"Com apenas 21 anos, Pedro Morisco, titular do Coritiba na S\u00e9rie B, passou a ser um dos nomes mais cobi\u00e7ados do mercado nesta janela de transfer\u00eancias do meio do ano. O desempenho consistente na temporada despertou o interesse direto de Flamengo e Palmeiras, ao passo que o Real Madrid observa atentamente a movimenta\u00e7\u00e3o e avalia [&hellip;]\" \/>\n<meta property=\"og:url\" content=\"https:\/\/www.gaveanews.com\/index.php\/2025\/07\/29\/goleiro-desperta-interesse-de-flamengo-e-palmeiras-diz-nicola\/\" \/>\n<meta property=\"og:site_name\" content=\"G\u00e1vea News\" \/>\n<meta property=\"article:publisher\" content=\"https:\/\/facebook.com\/gaveaNews\/\" \/>\n<meta property=\"article:published_time\" content=\"2025-07-29T20:30:00+00:00\" \/>\n<meta property=\"og:image\" content=\"https:\/\/www.gaveanews.com\/wp-content\/uploads\/Jorge-Nicola-durante-a-programacao-da-ESPN-Brasil.webp\" \/>\n\t<meta property=\"og:image:width\" content=\"1200\" \/>\n\t<meta property=\"og:image:height\" content=\"675\" \/>\n\t<meta property=\"og:image:type\" content=\"image\/jpeg\" \/>\n<meta name=\"author\" content=\"Ana Teixeira\" \/>\n<meta name=\"twitter:card\" content=\"summary_large_image\" \/>\n<meta name=\"twitter:label1\" content=\"Escrito por\" \/>\n\t<meta name=\"twitter:data1\" content=\"Ana Teixeira\" \/>\n\t<meta name=\"twitter:label2\" content=\"Est. tempo de leitura\" \/>\n\t<meta name=\"twitter:data2\" content=\"3 minutos\" \/>\n<script type=\"application\/ld+json\" class=\"yoast-schema-graph\">{\"@context\":\"https:\/\/schema.org\",\"@graph\":[{\"@type\":\"NewsArticle\",\"@id\":\"https:\/\/www.gaveanews.com\/index.php\/2025\/07\/29\/goleiro-desperta-interesse-de-flamengo-e-palmeiras-diz-nicola\/#article\",\"isPartOf\":{\"@id\":\"https:\/\/www.gaveanews.com\/index.php\/2025\/07\/29\/goleiro-desperta-interesse-de-flamengo-e-palmeiras-diz-nicola\/\"},\"author\":{\"name\":\"Ana Teixeira\",\"@id\":\"https:\/\/www.gaveanews.com\/#\/schema\/person\/3b19f7288b0ce20372991275e4f2e6c2\"},\"headline\":\"Goleiro desperta interesse de Flamengo e Palmeiras, diz Nicola\",\"datePublished\":\"2025-07-29T20:30:00+00:00\",\"mainEntityOfPage\":{\"@id\":\"https:\/\/www.gaveanews.com\/index.php\/2025\/07\/29\/goleiro-desperta-interesse-de-flamengo-e-palmeiras-diz-nicola\/\"},\"wordCount\":519,\"commentCount\":0,\"image\":{\"@id\":\"https:\/\/www.gaveanews.com\/index.php\/2025\/07\/29\/goleiro-desperta-interesse-de-flamengo-e-palmeiras-diz-nicola\/#primaryimage\"},\"thumbnailUrl\":\"https:\/\/www.gaveanews.com\/wp-content\/uploads\/Jorge-Nicola-durante-a-programacao-da-ESPN-Brasil.webp\",\"articleSection\":[\"Brasileir\u00e3o\",\"Flamengo\",\"Palmeiras\"],\"inLanguage\":\"pt-BR\",\"potentialAction\":[{\"@type\":\"CommentAction\",\"name\":\"Comment\",\"target\":[\"https:\/\/www.gaveanews.com\/index.php\/2025\/07\/29\/goleiro-desperta-interesse-de-flamengo-e-palmeiras-diz-nicola\/#respond\"]}],\"copyrightYear\":\"2025\",\"copyrightHolder\":{\"@id\":\"https:\/\/www.gaveanews.com\/#organization\"}},{\"@type\":\"WebPage\",\"@id\":\"https:\/\/www.gaveanews.com\/index.php\/2025\/07\/29\/goleiro-desperta-interesse-de-flamengo-e-palmeiras-diz-nicola\/\",\"url\":\"https:\/\/www.gaveanews.com\/index.php\/2025\/07\/29\/goleiro-desperta-interesse-de-flamengo-e-palmeiras-diz-nicola\/\",\"name\":\"Goleiro desperta interesse de Flamengo e Palmeiras, diz Nicola\",\"isPartOf\":{\"@id\":\"https:\/\/www.gaveanews.com\/#website\"},\"primaryImageOfPage\":{\"@id\":\"https:\/\/www.gaveanews.com\/index.php\/2025\/07\/29\/goleiro-desperta-interesse-de-flamengo-e-palmeiras-diz-nicola\/#primaryimage\"},\"image\":{\"@id\":\"https:\/\/www.gaveanews.com\/index.php\/2025\/07\/29\/goleiro-desperta-interesse-de-flamengo-e-palmeiras-diz-nicola\/#primaryimage\"},\"thumbnailUrl\":\"https:\/\/www.gaveanews.com\/wp-content\/uploads\/Jorge-Nicola-durante-a-programacao-da-ESPN-Brasil.webp\",\"datePublished\":\"2025-07-29T20:30:00+00:00\",\"author\":{\"@id\":\"https:\/\/www.gaveanews.com\/#\/schema\/person\/3b19f7288b0ce20372991275e4f2e6c2\"},\"breadcrumb\":{\"@id\":\"https:\/\/www.gaveanews.com\/index.php\/2025\/07\/29\/goleiro-desperta-interesse-de-flamengo-e-palmeiras-diz-nicola\/#breadcrumb\"},\"inLanguage\":\"pt-BR\",\"potentialAction\":[{\"@type\":\"ReadAction\",\"target\":[\"https:\/\/www.gaveanews.com\/index.php\/2025\/07\/29\/goleiro-desperta-interesse-de-flamengo-e-palmeiras-diz-nicola\/\"]}]},{\"@type\":\"ImageObject\",\"inLanguage\":\"pt-BR\",\"@id\":\"https:\/\/www.gaveanews.com\/index.php\/2025\/07\/29\/goleiro-desperta-interesse-de-flamengo-e-palmeiras-diz-nicola\/#primaryimage\",\"url\":\"https:\/\/www.gaveanews.com\/wp-content\/uploads\/Jorge-Nicola-durante-a-programacao-da-ESPN-Brasil.webp\",\"contentUrl\":\"https:\/\/www.gaveanews.com\/wp-content\/uploads\/Jorge-Nicola-durante-a-programacao-da-ESPN-Brasil.webp\",\"width\":1200,\"height\":675,\"caption\":\"Jorge Nicola durante a programa\u00e7\u00e3o da ESPN Brasil (Foto: Reprodu\u00e7\u00e3o)\"},{\"@type\":\"BreadcrumbList\",\"@id\":\"https:\/\/www.gaveanews.com\/index.php\/2025\/07\/29\/goleiro-desperta-interesse-de-flamengo-e-palmeiras-diz-nicola\/#breadcrumb\",\"itemListElement\":[{\"@type\":\"ListItem\",\"position\":1,\"name\":\"Home\",\"item\":\"https:\/\/www.gaveanews.com\/\"},{\"@type\":\"ListItem\",\"position\":2,\"name\":\"Goleiro desperta interesse de Flamengo e Palmeiras, diz Nicola\"}]},{\"@type\":\"WebSite\",\"@id\":\"https:\/\/www.gaveanews.com\/#website\",\"url\":\"https:\/\/www.gaveanews.com\/\",\"name\":\"G\u00e1vea News\",\"description\":\"Veja todas as not\u00edcias sobre o Flamengo: Contrata\u00e7\u00f5es, categorias de base, resultados das partidas, tabela de classifica\u00e7\u00e3o, pr\u00f3ximos jogos!\",\"potentialAction\":[{\"@type\":\"SearchAction\",\"target\":{\"@type\":\"EntryPoint\",\"urlTemplate\":\"https:\/\/www.gaveanews.com\/?s={search_term_string}\"},\"query-input\":{\"@type\":\"PropertyValueSpecification\",\"valueRequired\":true,\"valueName\":\"search_term_string\"}}],\"inLanguage\":\"pt-BR\"},{\"@type\":\"Person\",\"@id\":\"https:\/\/www.gaveanews.com\/#\/schema\/person\/3b19f7288b0ce20372991275e4f2e6c2\",\"name\":\"Ana Teixeira\",\"image\":{\"@type\":\"ImageObject\",\"inLanguage\":\"pt-BR\",\"@id\":\"https:\/\/www.gaveanews.com\/#\/schema\/person\/image\/\",\"url\":\"https:\/\/secure.gravatar.com\/avatar\/0a73f5a5258f3fed37fc2fa641892f3f7a4748456d4d4792f9bc550e6c19e06c?s=96&d=mm&r=g\",\"contentUrl\":\"https:\/\/secure.gravatar.com\/avatar\/0a73f5a5258f3fed37fc2fa641892f3f7a4748456d4d4792f9bc550e6c19e06c?s=96&d=mm&r=g\",\"caption\":\"Ana Teixeira\"}}]}<\/script>\n<!-- \/ Yoast SEO Premium plugin. -->","yoast_head_json":{"title":"Goleiro desperta interesse de Flamengo e Palmeiras, diz Nicola","robots":{"index":"index","follow":"follow","max-snippet":"max-snippet:-1","max-image-preview":"max-image-preview:large","max-video-preview":"max-video-preview:-1"},"canonical":"https:\/\/www.gaveanews.com\/index.php\/2025\/07\/29\/goleiro-desperta-interesse-de-flamengo-e-palmeiras-diz-nicola\/","og_locale":"pt_BR","og_type":"article","og_title":"Goleiro desperta interesse de Flamengo e Palmeiras, diz Nicola","og_description":"Com apenas 21 anos, Pedro Morisco, titular do Coritiba na S\u00e9rie B, passou a ser um dos nomes mais cobi\u00e7ados do mercado nesta janela de transfer\u00eancias do meio do ano. O desempenho consistente na temporada despertou o interesse direto de Flamengo e Palmeiras, ao passo que o Real Madrid observa atentamente a movimenta\u00e7\u00e3o e avalia [&hellip;]","og_url":"https:\/\/www.gaveanews.com\/index.php\/2025\/07\/29\/goleiro-desperta-interesse-de-flamengo-e-palmeiras-diz-nicola\/","og_site_name":"G\u00e1vea News","article_publisher":"https:\/\/facebook.com\/gaveaNews\/","article_published_time":"2025-07-29T20:30:00+00:00","og_image":[{"width":1200,"height":675,"url":"https:\/\/www.gaveanews.com\/wp-content\/uploads\/Jorge-Nicola-durante-a-programacao-da-ESPN-Brasil.webp","type":"image\/jpeg"}],"author":"Ana Teixeira","twitter_card":"summary_large_image","twitter_misc":{"Escrito por":"Ana Teixeira","Est. tempo de leitura":"3 minutos"},"schema":{"@context":"https:\/\/schema.org","@graph":[{"@type":"NewsArticle","@id":"https:\/\/www.gaveanews.com\/index.php\/2025\/07\/29\/goleiro-desperta-interesse-de-flamengo-e-palmeiras-diz-nicola\/#article","isPartOf":{"@id":"https:\/\/www.gaveanews.com\/index.php\/2025\/07\/29\/goleiro-desperta-interesse-de-flamengo-e-palmeiras-diz-nicola\/"},"author":{"name":"Ana Teixeira","@id":"https:\/\/www.gaveanews.com\/#\/schema\/person\/3b19f7288b0ce20372991275e4f2e6c2"},"headline":"Goleiro desperta interesse de Flamengo e Palmeiras, diz Nicola","datePublished":"2025-07-29T20:30:00+00:00","mainEntityOfPage":{"@id":"https:\/\/www.gaveanews.com\/index.php\/2025\/07\/29\/goleiro-desperta-interesse-de-flamengo-e-palmeiras-diz-nicola\/"},"wordCount":519,"commentCount":0,"image":{"@id":"https:\/\/www.gaveanews.com\/index.php\/2025\/07\/29\/goleiro-desperta-interesse-de-flamengo-e-palmeiras-diz-nicola\/#primaryimage"},"thumbnailUrl":"https:\/\/www.gaveanews.com\/wp-content\/uploads\/Jorge-Nicola-durante-a-programacao-da-ESPN-Brasil.webp","articleSection":["Brasileir\u00e3o","Flamengo","Palmeiras"],"inLanguage":"pt-BR","potentialAction":[{"@type":"CommentAction","name":"Comment","target":["https:\/\/www.gaveanews.com\/index.php\/2025\/07\/29\/goleiro-desperta-interesse-de-flamengo-e-palmeiras-diz-nicola\/#respond"]}],"copyrightYear":"2025","copyrightHolder":{"@id":"https:\/\/www.gaveanews.com\/#organization"}},{"@type":"WebPage","@id":"https:\/\/www.gaveanews.com\/index.php\/2025\/07\/29\/goleiro-desperta-interesse-de-flamengo-e-palmeiras-diz-nicola\/","url":"https:\/\/www.gaveanews.com\/index.php\/2025\/07\/29\/goleiro-desperta-interesse-de-flamengo-e-palmeiras-diz-nicola\/","name":"Goleiro desperta interesse de Flamengo e Palmeiras, diz Nicola","isPartOf":{"@id":"https:\/\/www.gaveanews.com\/#website"},"primaryImageOfPage":{"@id":"https:\/\/www.gaveanews.com\/index.php\/2025\/07\/29\/goleiro-desperta-interesse-de-flamengo-e-palmeiras-diz-nicola\/#primaryimage"},"image":{"@id":"https:\/\/www.gaveanews.com\/index.php\/2025\/07\/29\/goleiro-desperta-interesse-de-flamengo-e-palmeiras-diz-nicola\/#primaryimage"},"thumbnailUrl":"https:\/\/www.gaveanews.com\/wp-content\/uploads\/Jorge-Nicola-durante-a-programacao-da-ESPN-Brasil.webp","datePublished":"2025-07-29T20:30:00+00:00","author":{"@id":"https:\/\/www.gaveanews.com\/#\/schema\/person\/3b19f7288b0ce20372991275e4f2e6c2"},"breadcrumb":{"@id":"https:\/\/www.gaveanews.com\/index.php\/2025\/07\/29\/goleiro-desperta-interesse-de-flamengo-e-palmeiras-diz-nicola\/#breadcrumb"},"inLanguage":"pt-BR","potentialAction":[{"@type":"ReadAction","target":["https:\/\/www.gaveanews.com\/index.php\/2025\/07\/29\/goleiro-desperta-interesse-de-flamengo-e-palmeiras-diz-nicola\/"]}]},{"@type":"ImageObject","inLanguage":"pt-BR","@id":"https:\/\/www.gaveanews.com\/index.php\/2025\/07\/29\/goleiro-desperta-interesse-de-flamengo-e-palmeiras-diz-nicola\/#primaryimage","url":"https:\/\/www.gaveanews.com\/wp-content\/uploads\/Jorge-Nicola-durante-a-programacao-da-ESPN-Brasil.webp","contentUrl":"https:\/\/www.gaveanews.com\/wp-content\/uploads\/Jorge-Nicola-durante-a-programacao-da-ESPN-Brasil.webp","width":1200,"height":675,"caption":"Jorge Nicola durante a programa\u00e7\u00e3o da ESPN Brasil (Foto: Reprodu\u00e7\u00e3o)"},{"@type":"BreadcrumbList","@id":"https:\/\/www.gaveanews.com\/index.php\/2025\/07\/29\/goleiro-desperta-interesse-de-flamengo-e-palmeiras-diz-nicola\/#breadcrumb","itemListElement":[{"@type":"ListItem","position":1,"name":"Home","item":"https:\/\/www.gaveanews.com\/"},{"@type":"ListItem","position":2,"name":"Goleiro desperta interesse de Flamengo e Palmeiras, diz Nicola"}]},{"@type":"WebSite","@id":"https:\/\/www.gaveanews.com\/#website","url":"https:\/\/www.gaveanews.com\/","name":"G\u00e1vea News","description":"Veja todas as not\u00edcias sobre o Flamengo: Contrata\u00e7\u00f5es, categorias de base, resultados das partidas, tabela de classifica\u00e7\u00e3o, pr\u00f3ximos jogos!","potentialAction":[{"@type":"SearchAction","target":{"@type":"EntryPoint","urlTemplate":"https:\/\/www.gaveanews.com\/?s={search_term_string}"},"query-input":{"@type":"PropertyValueSpecification","valueRequired":true,"valueName":"search_term_string"}}],"inLanguage":"pt-BR"},{"@type":"Person","@id":"https:\/\/www.gaveanews.com\/#\/schema\/person\/3b19f7288b0ce20372991275e4f2e6c2","name":"Ana Teixeira","image":{"@type":"ImageObject","inLanguage":"pt-BR","@id":"https:\/\/www.gaveanews.com\/#\/schema\/person\/image\/","url":"https:\/\/secure.gravatar.com\/avatar\/0a73f5a5258f3fed37fc2fa641892f3f7a4748456d4d4792f9bc550e6c19e06c?s=96&d=mm&r=g","contentUrl":"https:\/\/secure.gravatar.com\/avatar\/0a73f5a5258f3fed37fc2fa641892f3f7a4748456d4d4792f9bc550e6c19e06c?s=96&d=mm&r=g","caption":"Ana Teixeira"}}]}},"_links":{"self":[{"href":"https:\/\/www.gaveanews.com\/index.php\/wp-json\/wp\/v2\/posts\/273185","targetHints":{"allow":["GET"]}}],"collection":[{"href":"https:\/\/www.gaveanews.com\/index.php\/wp-json\/wp\/v2\/posts"}],"about":[{"href":"https:\/\/www.gaveanews.com\/index.php\/wp-json\/wp\/v2\/types\/post"}],"author":[{"embeddable":true,"href":"https:\/\/www.gaveanews.com\/index.php\/wp-json\/wp\/v2\/users\/30"}],"replies":[{"embeddable":true,"href":"https:\/\/www.gaveanews.com\/index.php\/wp-json\/wp\/v2\/comments?post=273185"}],"version-history":[{"count":1,"href":"https:\/\/www.gaveanews.com\/index.php\/wp-json\/wp\/v2\/posts\/273185\/revisions"}],"predecessor-version":[{"id":273186,"href":"https:\/\/www.gaveanews.com\/index.php\/wp-json\/wp\/v2\/posts\/273185\/revisions\/273186"}],"wp:featuredmedia":[{"embeddable":true,"href":"https:\/\/www.gaveanews.com\/index.php\/wp-json\/wp\/v2\/media\/52051"}],"wp:attachment":[{"href":"https:\/\/www.gaveanews.com\/index.php\/wp-json\/wp\/v2\/media?parent=273185"}],"wp:term":[{"taxonomy":"category","embeddable":true,"href":"https:\/\/www.gaveanews.com\/index.php\/wp-json\/wp\/v2\/categories?post=273185"},{"taxonomy":"post_tag","embeddable":true,"href":"https:\/\/www.gaveanews.com\/index.php\/wp-json\/wp\/v2\/tags?post=273185"}],"curies":[{"name":"wp","href":"https:\/\/api.w.org\/{rel}","templated":true}]}}