{"id":27323,"date":"2019-09-10T22:04:57","date_gmt":"2019-09-11T01:04:57","guid":{"rendered":"http:\/\/www.gaveanews.com\/?p=27323"},"modified":"2019-09-10T22:04:57","modified_gmt":"2019-09-11T01:04:57","slug":"fabio-luciano-opina-sobre-possivel-destino-de-jorge-jesus-veio-para-o-flamengo-pensando-na-selecao","status":"publish","type":"post","link":"https:\/\/www.gaveanews.com\/index.php\/2019\/09\/10\/fabio-luciano-opina-sobre-possivel-destino-de-jorge-jesus-veio-para-o-flamengo-pensando-na-selecao\/","title":{"rendered":"F\u00e1bio Luciano opina sobre poss\u00edvel destino de Jorge Jesus: \u201cVeio para o Flamengo pensando na Sele\u00e7\u00e3o\u201d"},"content":{"rendered":"\n<p>Jorge Jesus chegou ao Flamengo em junho e desde ent\u00e3o tem colecionado \u00f3timos resultados, levando o clube \u00e0 lideran\u00e7a isolada do Brasileir\u00e3o e \u00e0s semifinais da Libertadores depois de 35 anos. Apesar do bom momento e prest\u00edgio junto ao torcedor, o treinador poderia almejar um futuro longe da G\u00e1vea. Foi o que opinou F\u00e1bio Luciano, ex-jogador do Fla e atualmente comentarista dos canais ESPN.<\/p>\n\n\n\n<p>Segundo ele, Jorge Jesus estaria mirando uma vaga na sele\u00e7\u00e3o brasileira. Conquistar t\u00edtulos importantes pelo Rubro-Negro, tendo em vista o elenco estrelado da equipe, seria um dos caminhos para chegar ao comando da Amarelinha, de acordo com o ex-zagueiro.<\/p>\n\n\n\n<p>\u2013 A minha opini\u00e3o \u00e9 que ele veio para o Flamengo mirando a sele\u00e7\u00e3o brasileira. Quem n\u00e3o quer treinar a nossa sele\u00e7\u00e3o? Quem consegue esse caminho e por onde ele consegue chegar? Ele n\u00e3o est\u00e1 errado. Com um clube do tamanho do Flamengo e com o elenco que ele tem na m\u00e3o\u2026 O Flamengo \u00e9 gigante. N\u00e3o \u00e9 que o cara usou o Flamengo. Se n\u00e3o fosse por esse caminho, seria por pouqu\u00edssimos caminhos que ele conseguiria isso. Ele \u00e9 um cara inteligente, respira futebol. Mas, na minha opini\u00e3o, desde que ele veio pra c\u00e1 tem essa mira de treinar a Sele\u00e7\u00e3o -, opinou.<\/p>\n\n\n\n<p>Com Jorge Jesus no comando, o Flamengo busca se estabelecer na lideran\u00e7a do Brasileir\u00e3o e conquistar o t\u00edtulo simb\u00f3lico do primeiro turno. Para isso, a equipe ter\u00e1 que buscar, ao menos, um empate diante do Santos, em duelo que acontece neste s\u00e1bado (14), \u00e0s 17h (hor\u00e1rio de Bras\u00edlia), no Maracan\u00e3.<\/p>\n\n\n\n<p>Retirado de: Coluna do Fla<\/p>\n\n\n","protected":false},"excerpt":{"rendered":"<p>Jorge Jesus chegou ao Flamengo em junho e desde ent\u00e3o tem colecionado \u00f3timos resultados, levando o clube \u00e0 lideran\u00e7a isolada do Brasileir\u00e3o e \u00e0s semifinais da Libertadores depois de 35 anos. Apesar do bom momento e prest\u00edgio junto ao torcedor, o treinador poderia almejar um futuro longe da G\u00e1vea. Foi o que opinou F\u00e1bio Luciano, [&hellip;]<\/p>\n","protected":false},"author":1,"featured_media":23323,"comment_status":"open","ping_status":"open","sticky":false,"template":"","format":"standard","meta":{"footnotes":""},"categories":[1],"tags":[],"class_list":["post-27323","post","type-post","status-publish","format-standard","has-post-thumbnail","hentry","category-flamengo"],"yoast_head":"<!-- This site is optimized with the Yoast SEO Premium plugin v24.2 (Yoast SEO v26.9) - https:\/\/yoast.com\/product\/yoast-seo-premium-wordpress\/ -->\n<title>F\u00e1bio Luciano opina sobre poss\u00edvel destino de Jorge Jesus: \u201cVeio para o Flamengo pensando na Sele\u00e7\u00e3o\u201d<\/title>\n<meta name=\"robots\" content=\"index, follow, max-snippet:-1, max-image-preview:large, max-video-preview:-1\" \/>\n<link rel=\"canonical\" href=\"https:\/\/www.gaveanews.com\/index.php\/2019\/09\/10\/fabio-luciano-opina-sobre-possivel-destino-de-jorge-jesus-veio-para-o-flamengo-pensando-na-selecao\/\" \/>\n<meta property=\"og:locale\" content=\"pt_BR\" \/>\n<meta property=\"og:type\" content=\"article\" \/>\n<meta property=\"og:title\" content=\"F\u00e1bio Luciano opina sobre poss\u00edvel destino de Jorge Jesus: \u201cVeio para o Flamengo pensando na Sele\u00e7\u00e3o\u201d\" \/>\n<meta property=\"og:description\" content=\"Jorge Jesus chegou ao Flamengo em junho e desde ent\u00e3o tem colecionado \u00f3timos resultados, levando o clube \u00e0 lideran\u00e7a isolada do Brasileir\u00e3o e \u00e0s semifinais da Libertadores depois de 35 anos. Apesar do bom momento e prest\u00edgio junto ao torcedor, o treinador poderia almejar um futuro longe da G\u00e1vea. Foi o que opinou F\u00e1bio Luciano, [&hellip;]\" \/>\n<meta property=\"og:url\" content=\"https:\/\/www.gaveanews.com\/index.php\/2019\/09\/10\/fabio-luciano-opina-sobre-possivel-destino-de-jorge-jesus-veio-para-o-flamengo-pensando-na-selecao\/\" \/>\n<meta property=\"og:site_name\" content=\"G\u00e1vea News\" \/>\n<meta property=\"article:publisher\" content=\"https:\/\/facebook.com\/gaveaNews\/\" \/>\n<meta property=\"article:published_time\" content=\"2019-09-11T01:04:57+00:00\" \/>\n<meta property=\"og:image\" content=\"https:\/\/www.gaveanews.com\/wp-content\/uploads\/2019\/07\/Jorge-Jesus-durante-uma-partida-do-Flamengo-no-Maracana.webp\" \/>\n\t<meta property=\"og:image:width\" content=\"1\" \/>\n\t<meta property=\"og:image:height\" content=\"1\" \/>\n\t<meta property=\"og:image:type\" content=\"image\/jpeg\" \/>\n<meta name=\"author\" content=\"Equipe G\u00e1vea News\" \/>\n<meta name=\"twitter:card\" content=\"summary_large_image\" \/>\n<meta name=\"twitter:label1\" content=\"Escrito por\" \/>\n\t<meta name=\"twitter:data1\" content=\"Equipe G\u00e1vea News\" \/>\n\t<meta name=\"twitter:label2\" content=\"Est. tempo de leitura\" \/>\n\t<meta name=\"twitter:data2\" content=\"1 minuto\" \/>\n<script type=\"application\/ld+json\" class=\"yoast-schema-graph\">{\"@context\":\"https:\/\/schema.org\",\"@graph\":[{\"@type\":\"NewsArticle\",\"@id\":\"https:\/\/www.gaveanews.com\/index.php\/2019\/09\/10\/fabio-luciano-opina-sobre-possivel-destino-de-jorge-jesus-veio-para-o-flamengo-pensando-na-selecao\/#article\",\"isPartOf\":{\"@id\":\"https:\/\/www.gaveanews.com\/index.php\/2019\/09\/10\/fabio-luciano-opina-sobre-possivel-destino-de-jorge-jesus-veio-para-o-flamengo-pensando-na-selecao\/\"},\"author\":{\"name\":\"Equipe G\u00e1vea News\",\"@id\":\"https:\/\/www.gaveanews.com\/#\/schema\/person\/2ec14f73fb96be2caf28f91afb14749d\"},\"headline\":\"F\u00e1bio Luciano opina sobre poss\u00edvel destino de Jorge Jesus: \u201cVeio para o Flamengo pensando na Sele\u00e7\u00e3o\u201d\",\"datePublished\":\"2019-09-11T01:04:57+00:00\",\"mainEntityOfPage\":{\"@id\":\"https:\/\/www.gaveanews.com\/index.php\/2019\/09\/10\/fabio-luciano-opina-sobre-possivel-destino-de-jorge-jesus-veio-para-o-flamengo-pensando-na-selecao\/\"},\"wordCount\":299,\"commentCount\":0,\"image\":{\"@id\":\"https:\/\/www.gaveanews.com\/index.php\/2019\/09\/10\/fabio-luciano-opina-sobre-possivel-destino-de-jorge-jesus-veio-para-o-flamengo-pensando-na-selecao\/#primaryimage\"},\"thumbnailUrl\":\"https:\/\/www.gaveanews.com\/wp-content\/uploads\/2019\/07\/Jorge-Jesus-durante-uma-partida-do-Flamengo-no-Maracana.webp\",\"articleSection\":[\"Flamengo\"],\"inLanguage\":\"pt-BR\",\"potentialAction\":[{\"@type\":\"CommentAction\",\"name\":\"Comment\",\"target\":[\"https:\/\/www.gaveanews.com\/index.php\/2019\/09\/10\/fabio-luciano-opina-sobre-possivel-destino-de-jorge-jesus-veio-para-o-flamengo-pensando-na-selecao\/#respond\"]}],\"copyrightYear\":\"2019\",\"copyrightHolder\":{\"@id\":\"https:\/\/www.gaveanews.com\/#organization\"}},{\"@type\":\"WebPage\",\"@id\":\"https:\/\/www.gaveanews.com\/index.php\/2019\/09\/10\/fabio-luciano-opina-sobre-possivel-destino-de-jorge-jesus-veio-para-o-flamengo-pensando-na-selecao\/\",\"url\":\"https:\/\/www.gaveanews.com\/index.php\/2019\/09\/10\/fabio-luciano-opina-sobre-possivel-destino-de-jorge-jesus-veio-para-o-flamengo-pensando-na-selecao\/\",\"name\":\"F\u00e1bio Luciano opina sobre poss\u00edvel destino de Jorge Jesus: \u201cVeio para o Flamengo pensando na Sele\u00e7\u00e3o\u201d\",\"isPartOf\":{\"@id\":\"https:\/\/www.gaveanews.com\/#website\"},\"primaryImageOfPage\":{\"@id\":\"https:\/\/www.gaveanews.com\/index.php\/2019\/09\/10\/fabio-luciano-opina-sobre-possivel-destino-de-jorge-jesus-veio-para-o-flamengo-pensando-na-selecao\/#primaryimage\"},\"image\":{\"@id\":\"https:\/\/www.gaveanews.com\/index.php\/2019\/09\/10\/fabio-luciano-opina-sobre-possivel-destino-de-jorge-jesus-veio-para-o-flamengo-pensando-na-selecao\/#primaryimage\"},\"thumbnailUrl\":\"https:\/\/www.gaveanews.com\/wp-content\/uploads\/2019\/07\/Jorge-Jesus-durante-uma-partida-do-Flamengo-no-Maracana.webp\",\"datePublished\":\"2019-09-11T01:04:57+00:00\",\"author\":{\"@id\":\"https:\/\/www.gaveanews.com\/#\/schema\/person\/2ec14f73fb96be2caf28f91afb14749d\"},\"breadcrumb\":{\"@id\":\"https:\/\/www.gaveanews.com\/index.php\/2019\/09\/10\/fabio-luciano-opina-sobre-possivel-destino-de-jorge-jesus-veio-para-o-flamengo-pensando-na-selecao\/#breadcrumb\"},\"inLanguage\":\"pt-BR\",\"potentialAction\":[{\"@type\":\"ReadAction\",\"target\":[\"https:\/\/www.gaveanews.com\/index.php\/2019\/09\/10\/fabio-luciano-opina-sobre-possivel-destino-de-jorge-jesus-veio-para-o-flamengo-pensando-na-selecao\/\"]}]},{\"@type\":\"ImageObject\",\"inLanguage\":\"pt-BR\",\"@id\":\"https:\/\/www.gaveanews.com\/index.php\/2019\/09\/10\/fabio-luciano-opina-sobre-possivel-destino-de-jorge-jesus-veio-para-o-flamengo-pensando-na-selecao\/#primaryimage\",\"url\":\"https:\/\/www.gaveanews.com\/wp-content\/uploads\/2019\/07\/Jorge-Jesus-durante-uma-partida-do-Flamengo-no-Maracana.webp\",\"contentUrl\":\"https:\/\/www.gaveanews.com\/wp-content\/uploads\/2019\/07\/Jorge-Jesus-durante-uma-partida-do-Flamengo-no-Maracana.webp\",\"width\":901,\"height\":600,\"caption\":\"Jorge Jesus durante uma partida do Flamengo no Maracan\u00e3 (Foto: Alexandre Vidal\/Flamengo)\"},{\"@type\":\"BreadcrumbList\",\"@id\":\"https:\/\/www.gaveanews.com\/index.php\/2019\/09\/10\/fabio-luciano-opina-sobre-possivel-destino-de-jorge-jesus-veio-para-o-flamengo-pensando-na-selecao\/#breadcrumb\",\"itemListElement\":[{\"@type\":\"ListItem\",\"position\":1,\"name\":\"Home\",\"item\":\"https:\/\/www.gaveanews.com\/\"},{\"@type\":\"ListItem\",\"position\":2,\"name\":\"F\u00e1bio Luciano opina sobre poss\u00edvel destino de Jorge Jesus: \u201cVeio para o Flamengo pensando na Sele\u00e7\u00e3o\u201d\"}]},{\"@type\":\"WebSite\",\"@id\":\"https:\/\/www.gaveanews.com\/#website\",\"url\":\"https:\/\/www.gaveanews.com\/\",\"name\":\"G\u00e1vea News\",\"description\":\"Veja todas as not\u00edcias sobre o Flamengo: Contrata\u00e7\u00f5es, categorias de base, resultados das partidas, tabela de classifica\u00e7\u00e3o, pr\u00f3ximos jogos!\",\"potentialAction\":[{\"@type\":\"SearchAction\",\"target\":{\"@type\":\"EntryPoint\",\"urlTemplate\":\"https:\/\/www.gaveanews.com\/?s={search_term_string}\"},\"query-input\":{\"@type\":\"PropertyValueSpecification\",\"valueRequired\":true,\"valueName\":\"search_term_string\"}}],\"inLanguage\":\"pt-BR\"},{\"@type\":\"Person\",\"@id\":\"https:\/\/www.gaveanews.com\/#\/schema\/person\/2ec14f73fb96be2caf28f91afb14749d\",\"name\":\"Equipe G\u00e1vea News\",\"image\":{\"@type\":\"ImageObject\",\"inLanguage\":\"pt-BR\",\"@id\":\"https:\/\/www.gaveanews.com\/#\/schema\/person\/image\/\",\"url\":\"https:\/\/secure.gravatar.com\/avatar\/1e1956f1facbffd3f8fa53a326721950116b3b9dc9bd44939c01180fd4a745a9?s=96&d=mm&r=g\",\"contentUrl\":\"https:\/\/secure.gravatar.com\/avatar\/1e1956f1facbffd3f8fa53a326721950116b3b9dc9bd44939c01180fd4a745a9?s=96&d=mm&r=g\",\"caption\":\"Equipe G\u00e1vea News\"}}]}<\/script>\n<!-- \/ Yoast SEO Premium plugin. -->","yoast_head_json":{"title":"F\u00e1bio Luciano opina sobre poss\u00edvel destino de Jorge Jesus: \u201cVeio para o Flamengo pensando na Sele\u00e7\u00e3o\u201d","robots":{"index":"index","follow":"follow","max-snippet":"max-snippet:-1","max-image-preview":"max-image-preview:large","max-video-preview":"max-video-preview:-1"},"canonical":"https:\/\/www.gaveanews.com\/index.php\/2019\/09\/10\/fabio-luciano-opina-sobre-possivel-destino-de-jorge-jesus-veio-para-o-flamengo-pensando-na-selecao\/","og_locale":"pt_BR","og_type":"article","og_title":"F\u00e1bio Luciano opina sobre poss\u00edvel destino de Jorge Jesus: \u201cVeio para o Flamengo pensando na Sele\u00e7\u00e3o\u201d","og_description":"Jorge Jesus chegou ao Flamengo em junho e desde ent\u00e3o tem colecionado \u00f3timos resultados, levando o clube \u00e0 lideran\u00e7a isolada do Brasileir\u00e3o e \u00e0s semifinais da Libertadores depois de 35 anos. Apesar do bom momento e prest\u00edgio junto ao torcedor, o treinador poderia almejar um futuro longe da G\u00e1vea. Foi o que opinou F\u00e1bio Luciano, [&hellip;]","og_url":"https:\/\/www.gaveanews.com\/index.php\/2019\/09\/10\/fabio-luciano-opina-sobre-possivel-destino-de-jorge-jesus-veio-para-o-flamengo-pensando-na-selecao\/","og_site_name":"G\u00e1vea News","article_publisher":"https:\/\/facebook.com\/gaveaNews\/","article_published_time":"2019-09-11T01:04:57+00:00","og_image":[{"url":"https:\/\/www.gaveanews.com\/wp-content\/uploads\/2019\/07\/Jorge-Jesus-durante-uma-partida-do-Flamengo-no-Maracana.webp","width":1,"height":1,"type":"image\/jpeg"}],"author":"Equipe G\u00e1vea News","twitter_card":"summary_large_image","twitter_misc":{"Escrito por":"Equipe G\u00e1vea News","Est. tempo de leitura":"1 minuto"},"schema":{"@context":"https:\/\/schema.org","@graph":[{"@type":"NewsArticle","@id":"https:\/\/www.gaveanews.com\/index.php\/2019\/09\/10\/fabio-luciano-opina-sobre-possivel-destino-de-jorge-jesus-veio-para-o-flamengo-pensando-na-selecao\/#article","isPartOf":{"@id":"https:\/\/www.gaveanews.com\/index.php\/2019\/09\/10\/fabio-luciano-opina-sobre-possivel-destino-de-jorge-jesus-veio-para-o-flamengo-pensando-na-selecao\/"},"author":{"name":"Equipe G\u00e1vea News","@id":"https:\/\/www.gaveanews.com\/#\/schema\/person\/2ec14f73fb96be2caf28f91afb14749d"},"headline":"F\u00e1bio Luciano opina sobre poss\u00edvel destino de Jorge Jesus: \u201cVeio para o Flamengo pensando na Sele\u00e7\u00e3o\u201d","datePublished":"2019-09-11T01:04:57+00:00","mainEntityOfPage":{"@id":"https:\/\/www.gaveanews.com\/index.php\/2019\/09\/10\/fabio-luciano-opina-sobre-possivel-destino-de-jorge-jesus-veio-para-o-flamengo-pensando-na-selecao\/"},"wordCount":299,"commentCount":0,"image":{"@id":"https:\/\/www.gaveanews.com\/index.php\/2019\/09\/10\/fabio-luciano-opina-sobre-possivel-destino-de-jorge-jesus-veio-para-o-flamengo-pensando-na-selecao\/#primaryimage"},"thumbnailUrl":"https:\/\/www.gaveanews.com\/wp-content\/uploads\/2019\/07\/Jorge-Jesus-durante-uma-partida-do-Flamengo-no-Maracana.webp","articleSection":["Flamengo"],"inLanguage":"pt-BR","potentialAction":[{"@type":"CommentAction","name":"Comment","target":["https:\/\/www.gaveanews.com\/index.php\/2019\/09\/10\/fabio-luciano-opina-sobre-possivel-destino-de-jorge-jesus-veio-para-o-flamengo-pensando-na-selecao\/#respond"]}],"copyrightYear":"2019","copyrightHolder":{"@id":"https:\/\/www.gaveanews.com\/#organization"}},{"@type":"WebPage","@id":"https:\/\/www.gaveanews.com\/index.php\/2019\/09\/10\/fabio-luciano-opina-sobre-possivel-destino-de-jorge-jesus-veio-para-o-flamengo-pensando-na-selecao\/","url":"https:\/\/www.gaveanews.com\/index.php\/2019\/09\/10\/fabio-luciano-opina-sobre-possivel-destino-de-jorge-jesus-veio-para-o-flamengo-pensando-na-selecao\/","name":"F\u00e1bio Luciano opina sobre poss\u00edvel destino de Jorge Jesus: \u201cVeio para o Flamengo pensando na Sele\u00e7\u00e3o\u201d","isPartOf":{"@id":"https:\/\/www.gaveanews.com\/#website"},"primaryImageOfPage":{"@id":"https:\/\/www.gaveanews.com\/index.php\/2019\/09\/10\/fabio-luciano-opina-sobre-possivel-destino-de-jorge-jesus-veio-para-o-flamengo-pensando-na-selecao\/#primaryimage"},"image":{"@id":"https:\/\/www.gaveanews.com\/index.php\/2019\/09\/10\/fabio-luciano-opina-sobre-possivel-destino-de-jorge-jesus-veio-para-o-flamengo-pensando-na-selecao\/#primaryimage"},"thumbnailUrl":"https:\/\/www.gaveanews.com\/wp-content\/uploads\/2019\/07\/Jorge-Jesus-durante-uma-partida-do-Flamengo-no-Maracana.webp","datePublished":"2019-09-11T01:04:57+00:00","author":{"@id":"https:\/\/www.gaveanews.com\/#\/schema\/person\/2ec14f73fb96be2caf28f91afb14749d"},"breadcrumb":{"@id":"https:\/\/www.gaveanews.com\/index.php\/2019\/09\/10\/fabio-luciano-opina-sobre-possivel-destino-de-jorge-jesus-veio-para-o-flamengo-pensando-na-selecao\/#breadcrumb"},"inLanguage":"pt-BR","potentialAction":[{"@type":"ReadAction","target":["https:\/\/www.gaveanews.com\/index.php\/2019\/09\/10\/fabio-luciano-opina-sobre-possivel-destino-de-jorge-jesus-veio-para-o-flamengo-pensando-na-selecao\/"]}]},{"@type":"ImageObject","inLanguage":"pt-BR","@id":"https:\/\/www.gaveanews.com\/index.php\/2019\/09\/10\/fabio-luciano-opina-sobre-possivel-destino-de-jorge-jesus-veio-para-o-flamengo-pensando-na-selecao\/#primaryimage","url":"https:\/\/www.gaveanews.com\/wp-content\/uploads\/2019\/07\/Jorge-Jesus-durante-uma-partida-do-Flamengo-no-Maracana.webp","contentUrl":"https:\/\/www.gaveanews.com\/wp-content\/uploads\/2019\/07\/Jorge-Jesus-durante-uma-partida-do-Flamengo-no-Maracana.webp","width":901,"height":600,"caption":"Jorge Jesus durante uma partida do Flamengo no Maracan\u00e3 (Foto: Alexandre Vidal\/Flamengo)"},{"@type":"BreadcrumbList","@id":"https:\/\/www.gaveanews.com\/index.php\/2019\/09\/10\/fabio-luciano-opina-sobre-possivel-destino-de-jorge-jesus-veio-para-o-flamengo-pensando-na-selecao\/#breadcrumb","itemListElement":[{"@type":"ListItem","position":1,"name":"Home","item":"https:\/\/www.gaveanews.com\/"},{"@type":"ListItem","position":2,"name":"F\u00e1bio Luciano opina sobre poss\u00edvel destino de Jorge Jesus: \u201cVeio para o Flamengo pensando na Sele\u00e7\u00e3o\u201d"}]},{"@type":"WebSite","@id":"https:\/\/www.gaveanews.com\/#website","url":"https:\/\/www.gaveanews.com\/","name":"G\u00e1vea News","description":"Veja todas as not\u00edcias sobre o Flamengo: Contrata\u00e7\u00f5es, categorias de base, resultados das partidas, tabela de classifica\u00e7\u00e3o, pr\u00f3ximos jogos!","potentialAction":[{"@type":"SearchAction","target":{"@type":"EntryPoint","urlTemplate":"https:\/\/www.gaveanews.com\/?s={search_term_string}"},"query-input":{"@type":"PropertyValueSpecification","valueRequired":true,"valueName":"search_term_string"}}],"inLanguage":"pt-BR"},{"@type":"Person","@id":"https:\/\/www.gaveanews.com\/#\/schema\/person\/2ec14f73fb96be2caf28f91afb14749d","name":"Equipe G\u00e1vea News","image":{"@type":"ImageObject","inLanguage":"pt-BR","@id":"https:\/\/www.gaveanews.com\/#\/schema\/person\/image\/","url":"https:\/\/secure.gravatar.com\/avatar\/1e1956f1facbffd3f8fa53a326721950116b3b9dc9bd44939c01180fd4a745a9?s=96&d=mm&r=g","contentUrl":"https:\/\/secure.gravatar.com\/avatar\/1e1956f1facbffd3f8fa53a326721950116b3b9dc9bd44939c01180fd4a745a9?s=96&d=mm&r=g","caption":"Equipe G\u00e1vea News"}}]}},"_links":{"self":[{"href":"https:\/\/www.gaveanews.com\/index.php\/wp-json\/wp\/v2\/posts\/27323","targetHints":{"allow":["GET"]}}],"collection":[{"href":"https:\/\/www.gaveanews.com\/index.php\/wp-json\/wp\/v2\/posts"}],"about":[{"href":"https:\/\/www.gaveanews.com\/index.php\/wp-json\/wp\/v2\/types\/post"}],"author":[{"embeddable":true,"href":"https:\/\/www.gaveanews.com\/index.php\/wp-json\/wp\/v2\/users\/1"}],"replies":[{"embeddable":true,"href":"https:\/\/www.gaveanews.com\/index.php\/wp-json\/wp\/v2\/comments?post=27323"}],"version-history":[{"count":0,"href":"https:\/\/www.gaveanews.com\/index.php\/wp-json\/wp\/v2\/posts\/27323\/revisions"}],"wp:featuredmedia":[{"embeddable":true,"href":"https:\/\/www.gaveanews.com\/index.php\/wp-json\/wp\/v2\/media\/23323"}],"wp:attachment":[{"href":"https:\/\/www.gaveanews.com\/index.php\/wp-json\/wp\/v2\/media?parent=27323"}],"wp:term":[{"taxonomy":"category","embeddable":true,"href":"https:\/\/www.gaveanews.com\/index.php\/wp-json\/wp\/v2\/categories?post=27323"},{"taxonomy":"post_tag","embeddable":true,"href":"https:\/\/www.gaveanews.com\/index.php\/wp-json\/wp\/v2\/tags?post=27323"}],"curies":[{"name":"wp","href":"https:\/\/api.w.org\/{rel}","templated":true}]}}