{"id":273251,"date":"2025-07-30T17:30:00","date_gmt":"2025-07-30T20:30:00","guid":{"rendered":"https:\/\/www.gaveanews.com\/?p=273251"},"modified":"2025-07-30T16:11:33","modified_gmt":"2025-07-30T19:11:33","slug":"samuel-lino-destaca-diferencas-entre-estrutura-do-flamengo-e-atletico-de-madrid","status":"publish","type":"post","link":"https:\/\/www.gaveanews.com\/index.php\/2025\/07\/30\/samuel-lino-destaca-diferencas-entre-estrutura-do-flamengo-e-atletico-de-madrid\/","title":{"rendered":"Samuel Lino destaca diferen\u00e7as entre estrutura do Flamengo e Atl\u00e9tico de Madrid"},"content":{"rendered":"\n<p>Samuel Lino, rec\u00e9m-chegado ao Flamengo, destacou de imediato a infraestrutura do clube como um fator de impacto em seu retorno ao futebol brasileiro. O atacante visitou o Ninho do Urubu na ter\u00e7a-feira (29 de julho), quando foi oficialmente integrado ao elenco e assinou contrato at\u00e9 dezembro de 2029. <\/p>\n\n\n\n<p>Ao observar as instala\u00e7\u00f5es, n\u00e3o hesitou em tra\u00e7ar compara\u00e7\u00f5es com seu antigo ambiente de trabalho na Espanha, colocando o centro de treinamento rubro-negro em posi\u00e7\u00e3o de vantagem.<\/p>\n\n\n\n<p>\u201c<em>Muito boa a estrutura, fant\u00e1stica. \u00c9 n\u00edvel europeu, muito mais ainda. N\u00e3o sabia que a academia era t\u00e3o grande, gostei bastante. O Atl\u00e9tico est\u00e1 em uma fase de mudan\u00e7a na parte de estrutura, est\u00e3o criando uma cidade esportiva e tudo. Hoje, sim, o Flamengo \u00e9 melhor que o Atl\u00e9tico de Madrid. A estrutura, o tamanho, o campo, tudo \u00e9 maior que o Atl\u00e9tico de Madrid<\/em>\u201d.<\/p>\n\n\n\n<h3 class=\"wp-block-heading\" id=\"h-decisao-teve-influencia-familiar-e-participacao-de-filipe-luis\">Decis\u00e3o teve influ\u00eancia familiar e participa\u00e7\u00e3o de Filipe Lu\u00eds<\/h3>\n\n\n\n<p>O atacante de 25 anos, que defendeu o Atl\u00e9tico de Madrid nas \u00faltimas duas temporadas, explicou que a proposta recebida do Flamengo foi decisiva tanto pelos atrativos esportivos quanto pelas condi\u00e7\u00f5es pessoais. <\/p>\n\n\n\n<p>Segundo ele, o t\u00e9cnico Filipe Lu\u00eds e o diretor de futebol Jos\u00e9 Boto atuaram de maneira determinante para convenc\u00ea-lo a retornar ao pa\u00eds.<\/p>\n\n\n\n<p>\u201c<em>Quando um clube gigantesco te faz uma proposta boa, \u00e9 dif\u00edcil voc\u00ea falar n\u00e3o. J\u00e1 tem o peso de ser gigantesco, torcida, a cidade, tudo. Ent\u00e3o, foi a m\u00e3o do Filipe, do Boto tamb\u00e9m. Toda a minha fam\u00edlia e meus empres\u00e1rios, todos estivemos de acordo em aceitar essa proposta, que seria bom voltar para casa e estar perto da fam\u00edlia<\/em>\u201d.<\/p>\n\n\n\n<h3 class=\"wp-block-heading\" id=\"h-investimento-recorde-e-reencontro-com-o-clube-que-marcou-sua-base\">Investimento recorde e reencontro com o clube que marcou sua base<\/h3>\n\n\n\n<p>A negocia\u00e7\u00e3o com o Flamengo representou o maior investimento da hist\u00f3ria do clube. O valor total da transfer\u00eancia, somando cifras fixas e vari\u00e1veis, alcan\u00e7a at\u00e9 24 milh\u00f5es de euros, cerca de R$ 156 milh\u00f5es. <\/p>\n\n\n\n<p>Lino, que j\u00e1 havia defendido o Rubro-Negro nas categorias de base entre 2017 e 2018, retorna ao clube ap\u00f3s seis anos na Europa, onde tamb\u00e9m atuou por Gil Vicente e Valencia antes de se transferir para a equipe madrilenha.<\/p>\n\n\n\n<h3 class=\"wp-block-heading\" id=\"h-expectativas-com-o-elenco-e-ambicoes-por-conquistas\">Expectativas com o elenco e ambi\u00e7\u00f5es por conquistas<\/h3>\n\n\n\n<p>Animado com o novo desafio, o jogador revelou seu desejo de levantar trof\u00e9us com a camisa do Flamengo e ressaltou suas principais qualidades dentro de campo. Ele se mostrou confiante de que poder\u00e1 agregar valor ao sistema ofensivo, especialmente com sua capacidade de dribles e jogo associativo.<\/p>\n\n\n\n<p>\u201c<em>Vim para o Flamengo porque \u00e9 um clube que luta por t\u00edtulos. Meu objetivo e sonho \u00e9 ganhar t\u00edtulos com a camisa do Flamengo<\/em>\u201d.<\/p>\n\n\n\n<p>\u201c<em>Posso ajudar muito com jogadas individuais, com dribles, um contra um, tabelas. Gosto muito nesse jogo associativo de tabela. Acho que posso ajudar muito o Flamengo nisso<\/em>\u201d.<\/p>\n\n\n\n<h3 class=\"wp-block-heading\" id=\"h-despedida-emocionada-marca-o-fim-do-ciclo-na-espanha\">Despedida emocionada marca o fim do ciclo na Espanha<\/h3>\n\n\n\n<p>Antes de ser anunciado pelo Flamengo, Lino publicou um v\u00eddeo nas redes sociais em tom de gratid\u00e3o ao clube espanhol. O jogador agradeceu pelo aprendizado e pelos dois anos que viveu na capital espanhola, onde teve suas primeiras oportunidades em uma grande liga europeia.<\/p>\n\n\n\n<p>\u201c<em>Amigos, estou aqui hoje para agradecer. Para agradecer a todas as pessoas que fizeram destes dois anos os mais lindos da minha vida e que me ajudaram a me tornar o jogador que sou. Saio feliz por ter vestido a camisa vermelha e branca, e ainda mais feliz por ter dado tudo de mim. A toda a comiss\u00e3o t\u00e9cnica, meus companheiros, e especialmente os que sempre me apoiaram: muito obrigado<\/em>\u201d.<\/p>\n\n\n\n<blockquote class=\"instagram-media\" data-instgrm-captioned data-instgrm-permalink=\"https:\/\/www.instagram.com\/reel\/DMu4ZoOs6tw\/?utm_source=ig_embed&amp;utm_campaign=loading\" data-instgrm-version=\"14\" style=\" background:#FFF; border:0; border-radius:3px; box-shadow:0 0 1px 0 rgba(0,0,0,0.5),0 1px 10px 0 rgba(0,0,0,0.15); margin: 1px; max-width:540px; min-width:326px; padding:0; width:99.375%; width:-webkit-calc(100% - 2px); width:calc(100% - 2px);\"><div style=\"padding:16px;\"> <a href=\"https:\/\/www.instagram.com\/reel\/DMu4ZoOs6tw\/?utm_source=ig_embed&amp;utm_campaign=loading\" style=\" background:#FFFFFF; line-height:0; padding:0 0; text-align:center; text-decoration:none; width:100%;\" target=\"_blank\"> <div style=\" display: flex; flex-direction: row; align-items: center;\"> <div style=\"background-color: #F4F4F4; border-radius: 50%; flex-grow: 0; height: 40px; margin-right: 14px; width: 40px;\"><\/div> <div style=\"display: flex; flex-direction: column; flex-grow: 1; justify-content: center;\"> <div style=\" background-color: #F4F4F4; border-radius: 4px; flex-grow: 0; height: 14px; margin-bottom: 6px; width: 100px;\"><\/div> <div style=\" background-color: #F4F4F4; border-radius: 4px; flex-grow: 0; height: 14px; width: 60px;\"><\/div><\/div><\/div><div style=\"padding: 19% 0;\"><\/div> <div style=\"display:block; height:50px; margin:0 auto 12px; width:50px;\"><svg width=\"50px\" height=\"50px\" viewBox=\"0 0 60 60\" version=\"1.1\" xmlns=\"https:\/\/www.w3.org\/2000\/svg\" xmlns:xlink=\"https:\/\/www.w3.org\/1999\/xlink\"><g stroke=\"none\" stroke-width=\"1\" fill=\"none\" fill-rule=\"evenodd\"><g transform=\"translate(-511.000000, -20.000000)\" fill=\"#000000\"><g><path d=\"M556.869,30.41 C554.814,30.41 553.148,32.076 553.148,34.131 C553.148,36.186 554.814,37.852 556.869,37.852 C558.924,37.852 560.59,36.186 560.59,34.131 C560.59,32.076 558.924,30.41 556.869,30.41 M541,60.657 C535.114,60.657 530.342,55.887 530.342,50 C530.342,44.114 535.114,39.342 541,39.342 C546.887,39.342 551.658,44.114 551.658,50 C551.658,55.887 546.887,60.657 541,60.657 M541,33.886 C532.1,33.886 524.886,41.1 524.886,50 C524.886,58.899 532.1,66.113 541,66.113 C549.9,66.113 557.115,58.899 557.115,50 C557.115,41.1 549.9,33.886 541,33.886 M565.378,62.101 C565.244,65.022 564.756,66.606 564.346,67.663 C563.803,69.06 563.154,70.057 562.106,71.106 C561.058,72.155 560.06,72.803 558.662,73.347 C557.607,73.757 556.021,74.244 553.102,74.378 C549.944,74.521 548.997,74.552 541,74.552 C533.003,74.552 532.056,74.521 528.898,74.378 C525.979,74.244 524.393,73.757 523.338,73.347 C521.94,72.803 520.942,72.155 519.894,71.106 C518.846,70.057 518.197,69.06 517.654,67.663 C517.244,66.606 516.755,65.022 516.623,62.101 C516.479,58.943 516.448,57.996 516.448,50 C516.448,42.003 516.479,41.056 516.623,37.899 C516.755,34.978 517.244,33.391 517.654,32.338 C518.197,30.938 518.846,29.942 519.894,28.894 C520.942,27.846 521.94,27.196 523.338,26.654 C524.393,26.244 525.979,25.756 528.898,25.623 C532.057,25.479 533.004,25.448 541,25.448 C548.997,25.448 549.943,25.479 553.102,25.623 C556.021,25.756 557.607,26.244 558.662,26.654 C560.06,27.196 561.058,27.846 562.106,28.894 C563.154,29.942 563.803,30.938 564.346,32.338 C564.756,33.391 565.244,34.978 565.378,37.899 C565.522,41.056 565.552,42.003 565.552,50 C565.552,57.996 565.522,58.943 565.378,62.101 M570.82,37.631 C570.674,34.438 570.167,32.258 569.425,30.349 C568.659,28.377 567.633,26.702 565.965,25.035 C564.297,23.368 562.623,22.342 560.652,21.575 C558.743,20.834 556.562,20.326 553.369,20.18 C550.169,20.033 549.148,20 541,20 C532.853,20 531.831,20.033 528.631,20.18 C525.438,20.326 523.257,20.834 521.349,21.575 C519.376,22.342 517.703,23.368 516.035,25.035 C514.368,26.702 513.342,28.377 512.574,30.349 C511.834,32.258 511.326,34.438 511.181,37.631 C511.035,40.831 511,41.851 511,50 C511,58.147 511.035,59.17 511.181,62.369 C511.326,65.562 511.834,67.743 512.574,69.651 C513.342,71.625 514.368,73.296 516.035,74.965 C517.703,76.634 519.376,77.658 521.349,78.425 C523.257,79.167 525.438,79.673 528.631,79.82 C531.831,79.965 532.853,80.001 541,80.001 C549.148,80.001 550.169,79.965 553.369,79.82 C556.562,79.673 558.743,79.167 560.652,78.425 C562.623,77.658 564.297,76.634 565.965,74.965 C567.633,73.296 568.659,71.625 569.425,69.651 C570.167,67.743 570.674,65.562 570.82,62.369 C570.966,59.17 571,58.147 571,50 C571,41.851 570.966,40.831 570.82,37.631\"><\/path><\/g><\/g><\/g><\/svg><\/div><div style=\"padding-top: 8px;\"> <div style=\" color:#3897f0; font-family:Arial,sans-serif; font-size:14px; font-style:normal; font-weight:550; line-height:18px;\">Ver essa foto no Instagram<\/div><\/div><div style=\"padding: 12.5% 0;\"><\/div> <div style=\"display: flex; flex-direction: row; margin-bottom: 14px; align-items: center;\"><div> <div style=\"background-color: #F4F4F4; border-radius: 50%; height: 12.5px; width: 12.5px; transform: translateX(0px) translateY(7px);\"><\/div> <div style=\"background-color: #F4F4F4; height: 12.5px; transform: rotate(-45deg) translateX(3px) translateY(1px); width: 12.5px; flex-grow: 0; margin-right: 14px; margin-left: 2px;\"><\/div> <div style=\"background-color: #F4F4F4; border-radius: 50%; height: 12.5px; width: 12.5px; transform: translateX(9px) translateY(-18px);\"><\/div><\/div><div style=\"margin-left: 8px;\"> <div style=\" background-color: #F4F4F4; border-radius: 50%; flex-grow: 0; height: 20px; width: 20px;\"><\/div> <div style=\" width: 0; height: 0; border-top: 2px solid transparent; border-left: 6px solid #f4f4f4; border-bottom: 2px solid transparent; transform: translateX(16px) translateY(-4px) rotate(30deg)\"><\/div><\/div><div style=\"margin-left: auto;\"> <div style=\" width: 0px; border-top: 8px solid #F4F4F4; border-right: 8px solid transparent; transform: translateY(16px);\"><\/div> <div style=\" background-color: #F4F4F4; flex-grow: 0; height: 12px; width: 16px; transform: translateY(-4px);\"><\/div> <div style=\" width: 0; height: 0; border-top: 8px solid #F4F4F4; border-left: 8px solid transparent; transform: translateY(-4px) translateX(8px);\"><\/div><\/div><\/div> <div style=\"display: flex; flex-direction: column; flex-grow: 1; justify-content: center; margin-bottom: 24px;\"> <div style=\" background-color: #F4F4F4; border-radius: 4px; flex-grow: 0; height: 14px; margin-bottom: 6px; width: 224px;\"><\/div> <div style=\" background-color: #F4F4F4; border-radius: 4px; flex-grow: 0; height: 14px; width: 144px;\"><\/div><\/div><\/a><p style=\" color:#c9c8cd; font-family:Arial,sans-serif; font-size:14px; line-height:17px; margin-bottom:0; margin-top:8px; overflow:hidden; padding:8px 0 7px; text-align:center; text-overflow:ellipsis; white-space:nowrap;\"><a href=\"https:\/\/www.instagram.com\/reel\/DMu4ZoOs6tw\/?utm_source=ig_embed&amp;utm_campaign=loading\" style=\" color:#c9c8cd; font-family:Arial,sans-serif; font-size:14px; font-style:normal; font-weight:normal; line-height:17px; text-decoration:none;\" target=\"_blank\">Uma publica\u00e7\u00e3o compartilhada por Samuel Lino (@osamuellino)<\/a><\/p><\/div><\/blockquote>\n<script async src=\"\/\/www.instagram.com\/embed.js\"><\/script>\n\n\n\n<h3 class=\"wp-block-heading\" id=\"h-apresentacao-oficial-ocorrera-no-maracana\">Apresenta\u00e7\u00e3o oficial ocorrer\u00e1 no Maracan\u00e3<\/h3>\n\n\n\n<p>O primeiro contato com os torcedores acontecer\u00e1 nesta quinta-feira (31), momentos antes da partida entre Flamengo e Atl\u00e9tico-MG, marcada para \u00e0s 21h30 (hor\u00e1rio de Bras\u00edlia), no Maracan\u00e3. O confronto \u00e9 v\u00e1lido pela ida das oitavas de final da Copa do Brasil.<\/p>\n","protected":false},"excerpt":{"rendered":"<p>Samuel Lino, rec\u00e9m-chegado ao Flamengo, destacou de imediato a infraestrutura do clube como um fator de impacto em seu retorno ao futebol brasileiro. O atacante visitou o Ninho do Urubu na ter\u00e7a-feira (29 de julho), quando foi oficialmente integrado ao elenco e assinou contrato at\u00e9 dezembro de 2029. Ao observar as instala\u00e7\u00f5es, n\u00e3o hesitou em [&hellip;]<\/p>\n","protected":false},"author":30,"featured_media":273050,"comment_status":"open","ping_status":"closed","sticky":false,"template":"","format":"standard","meta":{"footnotes":""},"categories":[94,1,86],"tags":[],"class_list":["post-273251","post","type-post","status-publish","format-standard","has-post-thumbnail","hentry","category-atletico-de-madrid","category-flamengo","category-la-liga"],"yoast_head":"<!-- This site is optimized with the Yoast SEO Premium plugin v24.2 (Yoast SEO v26.9) - https:\/\/yoast.com\/product\/yoast-seo-premium-wordpress\/ -->\n<title>Samuel Lino destaca diferen\u00e7as entre estrutura do Flamengo e Atl\u00e9tico de Madrid<\/title>\n<meta name=\"robots\" content=\"index, follow, max-snippet:-1, max-image-preview:large, max-video-preview:-1\" \/>\n<link rel=\"canonical\" href=\"https:\/\/www.gaveanews.com\/index.php\/2025\/07\/30\/samuel-lino-destaca-diferencas-entre-estrutura-do-flamengo-e-atletico-de-madrid\/\" \/>\n<meta property=\"og:locale\" content=\"pt_BR\" \/>\n<meta property=\"og:type\" content=\"article\" \/>\n<meta property=\"og:title\" content=\"Samuel Lino destaca diferen\u00e7as entre estrutura do Flamengo e Atl\u00e9tico de Madrid\" \/>\n<meta property=\"og:description\" content=\"Samuel Lino, rec\u00e9m-chegado ao Flamengo, destacou de imediato a infraestrutura do clube como um fator de impacto em seu retorno ao futebol brasileiro. O atacante visitou o Ninho do Urubu na ter\u00e7a-feira (29 de julho), quando foi oficialmente integrado ao elenco e assinou contrato at\u00e9 dezembro de 2029. Ao observar as instala\u00e7\u00f5es, n\u00e3o hesitou em [&hellip;]\" \/>\n<meta property=\"og:url\" content=\"https:\/\/www.gaveanews.com\/index.php\/2025\/07\/30\/samuel-lino-destaca-diferencas-entre-estrutura-do-flamengo-e-atletico-de-madrid\/\" \/>\n<meta property=\"og:site_name\" content=\"G\u00e1vea News\" \/>\n<meta property=\"article:publisher\" content=\"https:\/\/facebook.com\/gaveaNews\/\" \/>\n<meta property=\"article:published_time\" content=\"2025-07-30T20:30:00+00:00\" \/>\n<meta property=\"og:image\" content=\"https:\/\/www.gaveanews.com\/wp-content\/uploads\/Samuel-Lino-em-entrevista-pelo-Atletico-de-Madrid.jpg\" \/>\n\t<meta property=\"og:image:width\" content=\"1280\" \/>\n\t<meta property=\"og:image:height\" content=\"960\" \/>\n\t<meta property=\"og:image:type\" content=\"image\/jpeg\" \/>\n<meta name=\"author\" content=\"Ana Teixeira\" \/>\n<meta name=\"twitter:card\" content=\"summary_large_image\" \/>\n<meta name=\"twitter:label1\" content=\"Escrito por\" \/>\n\t<meta name=\"twitter:data1\" content=\"Ana Teixeira\" \/>\n\t<meta name=\"twitter:label2\" content=\"Est. tempo de leitura\" \/>\n\t<meta name=\"twitter:data2\" content=\"4 minutos\" \/>\n<script type=\"application\/ld+json\" class=\"yoast-schema-graph\">{\"@context\":\"https:\/\/schema.org\",\"@graph\":[{\"@type\":\"NewsArticle\",\"@id\":\"https:\/\/www.gaveanews.com\/index.php\/2025\/07\/30\/samuel-lino-destaca-diferencas-entre-estrutura-do-flamengo-e-atletico-de-madrid\/#article\",\"isPartOf\":{\"@id\":\"https:\/\/www.gaveanews.com\/index.php\/2025\/07\/30\/samuel-lino-destaca-diferencas-entre-estrutura-do-flamengo-e-atletico-de-madrid\/\"},\"author\":{\"name\":\"Ana Teixeira\",\"@id\":\"https:\/\/www.gaveanews.com\/#\/schema\/person\/3b19f7288b0ce20372991275e4f2e6c2\"},\"headline\":\"Samuel Lino destaca diferen\u00e7as entre estrutura do Flamengo e Atl\u00e9tico de Madrid\",\"datePublished\":\"2025-07-30T20:30:00+00:00\",\"mainEntityOfPage\":{\"@id\":\"https:\/\/www.gaveanews.com\/index.php\/2025\/07\/30\/samuel-lino-destaca-diferencas-entre-estrutura-do-flamengo-e-atletico-de-madrid\/\"},\"wordCount\":691,\"commentCount\":0,\"image\":{\"@id\":\"https:\/\/www.gaveanews.com\/index.php\/2025\/07\/30\/samuel-lino-destaca-diferencas-entre-estrutura-do-flamengo-e-atletico-de-madrid\/#primaryimage\"},\"thumbnailUrl\":\"https:\/\/www.gaveanews.com\/wp-content\/uploads\/Samuel-Lino-em-entrevista-pelo-Atletico-de-Madrid.jpg\",\"articleSection\":[\"Atl\u00e9tico de Madrid\",\"Flamengo\",\"La Liga\"],\"inLanguage\":\"pt-BR\",\"potentialAction\":[{\"@type\":\"CommentAction\",\"name\":\"Comment\",\"target\":[\"https:\/\/www.gaveanews.com\/index.php\/2025\/07\/30\/samuel-lino-destaca-diferencas-entre-estrutura-do-flamengo-e-atletico-de-madrid\/#respond\"]}],\"copyrightYear\":\"2025\",\"copyrightHolder\":{\"@id\":\"https:\/\/www.gaveanews.com\/#organization\"}},{\"@type\":\"WebPage\",\"@id\":\"https:\/\/www.gaveanews.com\/index.php\/2025\/07\/30\/samuel-lino-destaca-diferencas-entre-estrutura-do-flamengo-e-atletico-de-madrid\/\",\"url\":\"https:\/\/www.gaveanews.com\/index.php\/2025\/07\/30\/samuel-lino-destaca-diferencas-entre-estrutura-do-flamengo-e-atletico-de-madrid\/\",\"name\":\"Samuel Lino destaca diferen\u00e7as entre estrutura do Flamengo e Atl\u00e9tico de Madrid\",\"isPartOf\":{\"@id\":\"https:\/\/www.gaveanews.com\/#website\"},\"primaryImageOfPage\":{\"@id\":\"https:\/\/www.gaveanews.com\/index.php\/2025\/07\/30\/samuel-lino-destaca-diferencas-entre-estrutura-do-flamengo-e-atletico-de-madrid\/#primaryimage\"},\"image\":{\"@id\":\"https:\/\/www.gaveanews.com\/index.php\/2025\/07\/30\/samuel-lino-destaca-diferencas-entre-estrutura-do-flamengo-e-atletico-de-madrid\/#primaryimage\"},\"thumbnailUrl\":\"https:\/\/www.gaveanews.com\/wp-content\/uploads\/Samuel-Lino-em-entrevista-pelo-Atletico-de-Madrid.jpg\",\"datePublished\":\"2025-07-30T20:30:00+00:00\",\"author\":{\"@id\":\"https:\/\/www.gaveanews.com\/#\/schema\/person\/3b19f7288b0ce20372991275e4f2e6c2\"},\"breadcrumb\":{\"@id\":\"https:\/\/www.gaveanews.com\/index.php\/2025\/07\/30\/samuel-lino-destaca-diferencas-entre-estrutura-do-flamengo-e-atletico-de-madrid\/#breadcrumb\"},\"inLanguage\":\"pt-BR\",\"potentialAction\":[{\"@type\":\"ReadAction\",\"target\":[\"https:\/\/www.gaveanews.com\/index.php\/2025\/07\/30\/samuel-lino-destaca-diferencas-entre-estrutura-do-flamengo-e-atletico-de-madrid\/\"]}]},{\"@type\":\"ImageObject\",\"inLanguage\":\"pt-BR\",\"@id\":\"https:\/\/www.gaveanews.com\/index.php\/2025\/07\/30\/samuel-lino-destaca-diferencas-entre-estrutura-do-flamengo-e-atletico-de-madrid\/#primaryimage\",\"url\":\"https:\/\/www.gaveanews.com\/wp-content\/uploads\/Samuel-Lino-em-entrevista-pelo-Atletico-de-Madrid.jpg\",\"contentUrl\":\"https:\/\/www.gaveanews.com\/wp-content\/uploads\/Samuel-Lino-em-entrevista-pelo-Atletico-de-Madrid.jpg\",\"width\":1280,\"height\":960},{\"@type\":\"BreadcrumbList\",\"@id\":\"https:\/\/www.gaveanews.com\/index.php\/2025\/07\/30\/samuel-lino-destaca-diferencas-entre-estrutura-do-flamengo-e-atletico-de-madrid\/#breadcrumb\",\"itemListElement\":[{\"@type\":\"ListItem\",\"position\":1,\"name\":\"Home\",\"item\":\"https:\/\/www.gaveanews.com\/\"},{\"@type\":\"ListItem\",\"position\":2,\"name\":\"Samuel Lino destaca diferen\u00e7as entre estrutura do Flamengo e Atl\u00e9tico de Madrid\"}]},{\"@type\":\"WebSite\",\"@id\":\"https:\/\/www.gaveanews.com\/#website\",\"url\":\"https:\/\/www.gaveanews.com\/\",\"name\":\"G\u00e1vea News\",\"description\":\"Veja todas as not\u00edcias sobre o Flamengo: Contrata\u00e7\u00f5es, categorias de base, resultados das partidas, tabela de classifica\u00e7\u00e3o, pr\u00f3ximos jogos!\",\"potentialAction\":[{\"@type\":\"SearchAction\",\"target\":{\"@type\":\"EntryPoint\",\"urlTemplate\":\"https:\/\/www.gaveanews.com\/?s={search_term_string}\"},\"query-input\":{\"@type\":\"PropertyValueSpecification\",\"valueRequired\":true,\"valueName\":\"search_term_string\"}}],\"inLanguage\":\"pt-BR\"},{\"@type\":\"Person\",\"@id\":\"https:\/\/www.gaveanews.com\/#\/schema\/person\/3b19f7288b0ce20372991275e4f2e6c2\",\"name\":\"Ana Teixeira\",\"image\":{\"@type\":\"ImageObject\",\"inLanguage\":\"pt-BR\",\"@id\":\"https:\/\/www.gaveanews.com\/#\/schema\/person\/image\/\",\"url\":\"https:\/\/secure.gravatar.com\/avatar\/0a73f5a5258f3fed37fc2fa641892f3f7a4748456d4d4792f9bc550e6c19e06c?s=96&d=mm&r=g\",\"contentUrl\":\"https:\/\/secure.gravatar.com\/avatar\/0a73f5a5258f3fed37fc2fa641892f3f7a4748456d4d4792f9bc550e6c19e06c?s=96&d=mm&r=g\",\"caption\":\"Ana Teixeira\"}}]}<\/script>\n<!-- \/ Yoast SEO Premium plugin. -->","yoast_head_json":{"title":"Samuel Lino destaca diferen\u00e7as entre estrutura do Flamengo e Atl\u00e9tico de Madrid","robots":{"index":"index","follow":"follow","max-snippet":"max-snippet:-1","max-image-preview":"max-image-preview:large","max-video-preview":"max-video-preview:-1"},"canonical":"https:\/\/www.gaveanews.com\/index.php\/2025\/07\/30\/samuel-lino-destaca-diferencas-entre-estrutura-do-flamengo-e-atletico-de-madrid\/","og_locale":"pt_BR","og_type":"article","og_title":"Samuel Lino destaca diferen\u00e7as entre estrutura do Flamengo e Atl\u00e9tico de Madrid","og_description":"Samuel Lino, rec\u00e9m-chegado ao Flamengo, destacou de imediato a infraestrutura do clube como um fator de impacto em seu retorno ao futebol brasileiro. O atacante visitou o Ninho do Urubu na ter\u00e7a-feira (29 de julho), quando foi oficialmente integrado ao elenco e assinou contrato at\u00e9 dezembro de 2029. Ao observar as instala\u00e7\u00f5es, n\u00e3o hesitou em [&hellip;]","og_url":"https:\/\/www.gaveanews.com\/index.php\/2025\/07\/30\/samuel-lino-destaca-diferencas-entre-estrutura-do-flamengo-e-atletico-de-madrid\/","og_site_name":"G\u00e1vea News","article_publisher":"https:\/\/facebook.com\/gaveaNews\/","article_published_time":"2025-07-30T20:30:00+00:00","og_image":[{"width":1280,"height":960,"url":"https:\/\/www.gaveanews.com\/wp-content\/uploads\/Samuel-Lino-em-entrevista-pelo-Atletico-de-Madrid.jpg","type":"image\/jpeg"}],"author":"Ana Teixeira","twitter_card":"summary_large_image","twitter_misc":{"Escrito por":"Ana Teixeira","Est. tempo de leitura":"4 minutos"},"schema":{"@context":"https:\/\/schema.org","@graph":[{"@type":"NewsArticle","@id":"https:\/\/www.gaveanews.com\/index.php\/2025\/07\/30\/samuel-lino-destaca-diferencas-entre-estrutura-do-flamengo-e-atletico-de-madrid\/#article","isPartOf":{"@id":"https:\/\/www.gaveanews.com\/index.php\/2025\/07\/30\/samuel-lino-destaca-diferencas-entre-estrutura-do-flamengo-e-atletico-de-madrid\/"},"author":{"name":"Ana Teixeira","@id":"https:\/\/www.gaveanews.com\/#\/schema\/person\/3b19f7288b0ce20372991275e4f2e6c2"},"headline":"Samuel Lino destaca diferen\u00e7as entre estrutura do Flamengo e Atl\u00e9tico de Madrid","datePublished":"2025-07-30T20:30:00+00:00","mainEntityOfPage":{"@id":"https:\/\/www.gaveanews.com\/index.php\/2025\/07\/30\/samuel-lino-destaca-diferencas-entre-estrutura-do-flamengo-e-atletico-de-madrid\/"},"wordCount":691,"commentCount":0,"image":{"@id":"https:\/\/www.gaveanews.com\/index.php\/2025\/07\/30\/samuel-lino-destaca-diferencas-entre-estrutura-do-flamengo-e-atletico-de-madrid\/#primaryimage"},"thumbnailUrl":"https:\/\/www.gaveanews.com\/wp-content\/uploads\/Samuel-Lino-em-entrevista-pelo-Atletico-de-Madrid.jpg","articleSection":["Atl\u00e9tico de Madrid","Flamengo","La Liga"],"inLanguage":"pt-BR","potentialAction":[{"@type":"CommentAction","name":"Comment","target":["https:\/\/www.gaveanews.com\/index.php\/2025\/07\/30\/samuel-lino-destaca-diferencas-entre-estrutura-do-flamengo-e-atletico-de-madrid\/#respond"]}],"copyrightYear":"2025","copyrightHolder":{"@id":"https:\/\/www.gaveanews.com\/#organization"}},{"@type":"WebPage","@id":"https:\/\/www.gaveanews.com\/index.php\/2025\/07\/30\/samuel-lino-destaca-diferencas-entre-estrutura-do-flamengo-e-atletico-de-madrid\/","url":"https:\/\/www.gaveanews.com\/index.php\/2025\/07\/30\/samuel-lino-destaca-diferencas-entre-estrutura-do-flamengo-e-atletico-de-madrid\/","name":"Samuel Lino destaca diferen\u00e7as entre estrutura do Flamengo e Atl\u00e9tico de Madrid","isPartOf":{"@id":"https:\/\/www.gaveanews.com\/#website"},"primaryImageOfPage":{"@id":"https:\/\/www.gaveanews.com\/index.php\/2025\/07\/30\/samuel-lino-destaca-diferencas-entre-estrutura-do-flamengo-e-atletico-de-madrid\/#primaryimage"},"image":{"@id":"https:\/\/www.gaveanews.com\/index.php\/2025\/07\/30\/samuel-lino-destaca-diferencas-entre-estrutura-do-flamengo-e-atletico-de-madrid\/#primaryimage"},"thumbnailUrl":"https:\/\/www.gaveanews.com\/wp-content\/uploads\/Samuel-Lino-em-entrevista-pelo-Atletico-de-Madrid.jpg","datePublished":"2025-07-30T20:30:00+00:00","author":{"@id":"https:\/\/www.gaveanews.com\/#\/schema\/person\/3b19f7288b0ce20372991275e4f2e6c2"},"breadcrumb":{"@id":"https:\/\/www.gaveanews.com\/index.php\/2025\/07\/30\/samuel-lino-destaca-diferencas-entre-estrutura-do-flamengo-e-atletico-de-madrid\/#breadcrumb"},"inLanguage":"pt-BR","potentialAction":[{"@type":"ReadAction","target":["https:\/\/www.gaveanews.com\/index.php\/2025\/07\/30\/samuel-lino-destaca-diferencas-entre-estrutura-do-flamengo-e-atletico-de-madrid\/"]}]},{"@type":"ImageObject","inLanguage":"pt-BR","@id":"https:\/\/www.gaveanews.com\/index.php\/2025\/07\/30\/samuel-lino-destaca-diferencas-entre-estrutura-do-flamengo-e-atletico-de-madrid\/#primaryimage","url":"https:\/\/www.gaveanews.com\/wp-content\/uploads\/Samuel-Lino-em-entrevista-pelo-Atletico-de-Madrid.jpg","contentUrl":"https:\/\/www.gaveanews.com\/wp-content\/uploads\/Samuel-Lino-em-entrevista-pelo-Atletico-de-Madrid.jpg","width":1280,"height":960},{"@type":"BreadcrumbList","@id":"https:\/\/www.gaveanews.com\/index.php\/2025\/07\/30\/samuel-lino-destaca-diferencas-entre-estrutura-do-flamengo-e-atletico-de-madrid\/#breadcrumb","itemListElement":[{"@type":"ListItem","position":1,"name":"Home","item":"https:\/\/www.gaveanews.com\/"},{"@type":"ListItem","position":2,"name":"Samuel Lino destaca diferen\u00e7as entre estrutura do Flamengo e Atl\u00e9tico de Madrid"}]},{"@type":"WebSite","@id":"https:\/\/www.gaveanews.com\/#website","url":"https:\/\/www.gaveanews.com\/","name":"G\u00e1vea News","description":"Veja todas as not\u00edcias sobre o Flamengo: Contrata\u00e7\u00f5es, categorias de base, resultados das partidas, tabela de classifica\u00e7\u00e3o, pr\u00f3ximos jogos!","potentialAction":[{"@type":"SearchAction","target":{"@type":"EntryPoint","urlTemplate":"https:\/\/www.gaveanews.com\/?s={search_term_string}"},"query-input":{"@type":"PropertyValueSpecification","valueRequired":true,"valueName":"search_term_string"}}],"inLanguage":"pt-BR"},{"@type":"Person","@id":"https:\/\/www.gaveanews.com\/#\/schema\/person\/3b19f7288b0ce20372991275e4f2e6c2","name":"Ana Teixeira","image":{"@type":"ImageObject","inLanguage":"pt-BR","@id":"https:\/\/www.gaveanews.com\/#\/schema\/person\/image\/","url":"https:\/\/secure.gravatar.com\/avatar\/0a73f5a5258f3fed37fc2fa641892f3f7a4748456d4d4792f9bc550e6c19e06c?s=96&d=mm&r=g","contentUrl":"https:\/\/secure.gravatar.com\/avatar\/0a73f5a5258f3fed37fc2fa641892f3f7a4748456d4d4792f9bc550e6c19e06c?s=96&d=mm&r=g","caption":"Ana Teixeira"}}]}},"_links":{"self":[{"href":"https:\/\/www.gaveanews.com\/index.php\/wp-json\/wp\/v2\/posts\/273251","targetHints":{"allow":["GET"]}}],"collection":[{"href":"https:\/\/www.gaveanews.com\/index.php\/wp-json\/wp\/v2\/posts"}],"about":[{"href":"https:\/\/www.gaveanews.com\/index.php\/wp-json\/wp\/v2\/types\/post"}],"author":[{"embeddable":true,"href":"https:\/\/www.gaveanews.com\/index.php\/wp-json\/wp\/v2\/users\/30"}],"replies":[{"embeddable":true,"href":"https:\/\/www.gaveanews.com\/index.php\/wp-json\/wp\/v2\/comments?post=273251"}],"version-history":[{"count":2,"href":"https:\/\/www.gaveanews.com\/index.php\/wp-json\/wp\/v2\/posts\/273251\/revisions"}],"predecessor-version":[{"id":273253,"href":"https:\/\/www.gaveanews.com\/index.php\/wp-json\/wp\/v2\/posts\/273251\/revisions\/273253"}],"wp:featuredmedia":[{"embeddable":true,"href":"https:\/\/www.gaveanews.com\/index.php\/wp-json\/wp\/v2\/media\/273050"}],"wp:attachment":[{"href":"https:\/\/www.gaveanews.com\/index.php\/wp-json\/wp\/v2\/media?parent=273251"}],"wp:term":[{"taxonomy":"category","embeddable":true,"href":"https:\/\/www.gaveanews.com\/index.php\/wp-json\/wp\/v2\/categories?post=273251"},{"taxonomy":"post_tag","embeddable":true,"href":"https:\/\/www.gaveanews.com\/index.php\/wp-json\/wp\/v2\/tags?post=273251"}],"curies":[{"name":"wp","href":"https:\/\/api.w.org\/{rel}","templated":true}]}}