{"id":273255,"date":"2025-07-30T18:00:00","date_gmt":"2025-07-30T21:00:00","guid":{"rendered":"https:\/\/www.gaveanews.com\/?p=273255"},"modified":"2025-07-30T16:54:03","modified_gmt":"2025-07-30T19:54:03","slug":"podem-estrear-flamengo-registra-novos-reforcos-no-bid","status":"publish","type":"post","link":"https:\/\/www.gaveanews.com\/index.php\/2025\/07\/30\/podem-estrear-flamengo-registra-novos-reforcos-no-bid\/","title":{"rendered":"Podem estrear! Flamengo registra novos refor\u00e7os no BID"},"content":{"rendered":"\n<p>O Flamengo deu mais um passo importante rumo \u00e0 consolida\u00e7\u00e3o de seu elenco para o segundo semestre da temporada. Os refor\u00e7os Sa\u00fal \u00d1\u00edguez e Samuel Lino j\u00e1 aparecem no Boletim Informativo Di\u00e1rio (BID) da Confedera\u00e7\u00e3o Brasileira de Futebol (CBF), o que significa que ambos est\u00e3o oficialmente aptos a estrear pelo clube.<\/p>\n\n\n\n<h2 class=\"wp-block-heading\" id=\"h-chegada-com-impacto-nomes-de-peso-ja-tem-aval-para-atuar\">Chegada com impacto: nomes de peso j\u00e1 t\u00eam aval para atuar<\/h2>\n\n\n\n<p>Com a regulariza\u00e7\u00e3o conclu\u00edda nesta ter\u00e7a-feira (30), os dois atletas est\u00e3o agora \u00e0 disposi\u00e7\u00e3o do t\u00e9cnico Filipe Lu\u00eds. Vale destacar que o registro no BID \u00e9 o \u00faltimo tr\u00e2mite necess\u00e1rio para que jogadores vindos do exterior possam disputar competi\u00e7\u00f5es nacionais. Isso porque, sem o nome publicado no sistema da CBF, o atleta n\u00e3o tem permiss\u00e3o para entrar em campo no futebol brasileiro.<\/p>\n\n\n\n<p>Samuel Lino, atacante que retorna ao clube onde foi formado, chegou com grande expectativa da torcida. Por isso, sua presen\u00e7a no BID \u00e9 vista como um al\u00edvio para o planejamento rubro-negro.&nbsp;<\/p>\n\n\n\n<p>J\u00e1 Sa\u00fal \u00d1\u00edguez, experiente meio-campista espanhol ex-Atl\u00e9tico de Madrid, chega para agregar lideran\u00e7a e qualidade t\u00e9cnica ao setor de meio-campo.<\/p>\n\n\n\n<h2 class=\"wp-block-heading\" id=\"h-dupla-ja-pode-reforcar-o-time-nos-proximos-compromissos\">Dupla j\u00e1 pode refor\u00e7ar o time nos pr\u00f3ximos compromissos<\/h2>\n\n\n\n<p>Dessa maneira, os dois jogadores j\u00e1 podem ser relacionados para os pr\u00f3ximos jogos do Flamengo, inclusive pela Copa do Brasil e pelo Campeonato Brasileiro. Cabe ressaltar que o time carioca vive um momento decisivo na temporada, disputando v\u00e1rias frentes e precisando de elenco robusto para seguir competitivo.<\/p>\n\n\n\n<p>Al\u00e9m disso, a presen\u00e7a de nomes com rodagem internacional d\u00e1 ao Rubro-Negro um novo patamar de profundidade t\u00e1tica. Com isso, Filipe Lu\u00eds passa a contar com alternativas valiosas tanto para o sistema ofensivo quanto para o meio-campo.<\/p>\n\n\n\n<h2 class=\"wp-block-heading\" id=\"h-expectativa-da-torcida-e-impacto-imediato\">Expectativa da torcida e impacto imediato<\/h2>\n\n\n\n<p>Sendo assim, a expectativa da Na\u00e7\u00e3o \u00e9 alta. A possibilidade de ver Samuel Lino novamente com a camisa do Flamengo e Sa\u00fal \u00d1\u00edguez estreando no futebol brasileiro empolga. Isso porque, al\u00e9m do curr\u00edculo de peso, ambos chegam em boa forma f\u00edsica.<\/p>\n\n\n\n<p>Portanto, com os registros conclu\u00eddos, o Flamengo mostra mais uma vez por que \u00e9 protagonista no mercado. Desse jeito, refor\u00e7a sua ambi\u00e7\u00e3o por t\u00edtulos em 2025 e coloca ainda mais press\u00e3o nos rivais.<\/p>\n","protected":false},"excerpt":{"rendered":"<p>O Flamengo deu mais um passo importante rumo \u00e0 consolida\u00e7\u00e3o de seu elenco para o segundo semestre da temporada. Os refor\u00e7os Sa\u00fal \u00d1\u00edguez e Samuel Lino j\u00e1 aparecem no Boletim Informativo Di\u00e1rio (BID) da Confedera\u00e7\u00e3o Brasileira de Futebol (CBF), o que significa que ambos est\u00e3o oficialmente aptos a estrear pelo clube. Chegada com impacto: nomes [&hellip;]<\/p>\n","protected":false},"author":25,"featured_media":171103,"comment_status":"open","ping_status":"closed","sticky":false,"template":"","format":"standard","meta":{"footnotes":""},"categories":[1],"tags":[],"class_list":["post-273255","post","type-post","status-publish","format-standard","has-post-thumbnail","hentry","category-flamengo"],"yoast_head":"<!-- This site is optimized with the Yoast SEO Premium plugin v24.2 (Yoast SEO v26.9) - https:\/\/yoast.com\/product\/yoast-seo-premium-wordpress\/ -->\n<title>Podem estrear! Flamengo registra novos refor\u00e7os no BID<\/title>\n<meta name=\"robots\" content=\"index, follow, max-snippet:-1, max-image-preview:large, max-video-preview:-1\" \/>\n<link rel=\"canonical\" href=\"https:\/\/www.gaveanews.com\/index.php\/2025\/07\/30\/podem-estrear-flamengo-registra-novos-reforcos-no-bid\/\" \/>\n<meta property=\"og:locale\" content=\"pt_BR\" \/>\n<meta property=\"og:type\" content=\"article\" \/>\n<meta property=\"og:title\" content=\"Podem estrear! Flamengo registra novos refor\u00e7os no BID\" \/>\n<meta property=\"og:description\" content=\"O Flamengo deu mais um passo importante rumo \u00e0 consolida\u00e7\u00e3o de seu elenco para o segundo semestre da temporada. Os refor\u00e7os Sa\u00fal \u00d1\u00edguez e Samuel Lino j\u00e1 aparecem no Boletim Informativo Di\u00e1rio (BID) da Confedera\u00e7\u00e3o Brasileira de Futebol (CBF), o que significa que ambos est\u00e3o oficialmente aptos a estrear pelo clube. Chegada com impacto: nomes [&hellip;]\" \/>\n<meta property=\"og:url\" content=\"https:\/\/www.gaveanews.com\/index.php\/2025\/07\/30\/podem-estrear-flamengo-registra-novos-reforcos-no-bid\/\" \/>\n<meta property=\"og:site_name\" content=\"G\u00e1vea News\" \/>\n<meta property=\"article:publisher\" content=\"https:\/\/facebook.com\/gaveaNews\/\" \/>\n<meta property=\"article:published_time\" content=\"2025-07-30T21:00:00+00:00\" \/>\n<meta property=\"og:image\" content=\"https:\/\/www.gaveanews.com\/wp-content\/uploads\/Filipe-Luis-durante-jogo-entre-Flamengo-e-Corinthians-pela-semifinal-da-Copa-do-Brasil-no-Maracana.webp\" \/>\n\t<meta property=\"og:image:width\" content=\"742\" \/>\n\t<meta property=\"og:image:height\" content=\"493\" \/>\n\t<meta property=\"og:image:type\" content=\"image\/jpeg\" \/>\n<meta name=\"author\" content=\"Rafaela Ladeira\" \/>\n<meta name=\"twitter:card\" content=\"summary_large_image\" \/>\n<meta name=\"twitter:label1\" content=\"Escrito por\" \/>\n\t<meta name=\"twitter:data1\" content=\"Rafaela Ladeira\" \/>\n\t<meta name=\"twitter:label2\" content=\"Est. tempo de leitura\" \/>\n\t<meta name=\"twitter:data2\" content=\"3 minutos\" \/>\n<script type=\"application\/ld+json\" class=\"yoast-schema-graph\">{\"@context\":\"https:\/\/schema.org\",\"@graph\":[{\"@type\":\"NewsArticle\",\"@id\":\"https:\/\/www.gaveanews.com\/index.php\/2025\/07\/30\/podem-estrear-flamengo-registra-novos-reforcos-no-bid\/#article\",\"isPartOf\":{\"@id\":\"https:\/\/www.gaveanews.com\/index.php\/2025\/07\/30\/podem-estrear-flamengo-registra-novos-reforcos-no-bid\/\"},\"author\":{\"name\":\"Rafaela Ladeira\",\"@id\":\"https:\/\/www.gaveanews.com\/#\/schema\/person\/0eb3e3fe1754f0205218538adbe8f5ed\"},\"headline\":\"Podem estrear! Flamengo registra novos refor\u00e7os no BID\",\"datePublished\":\"2025-07-30T21:00:00+00:00\",\"mainEntityOfPage\":{\"@id\":\"https:\/\/www.gaveanews.com\/index.php\/2025\/07\/30\/podem-estrear-flamengo-registra-novos-reforcos-no-bid\/\"},\"wordCount\":393,\"commentCount\":0,\"image\":{\"@id\":\"https:\/\/www.gaveanews.com\/index.php\/2025\/07\/30\/podem-estrear-flamengo-registra-novos-reforcos-no-bid\/#primaryimage\"},\"thumbnailUrl\":\"https:\/\/www.gaveanews.com\/wp-content\/uploads\/Filipe-Luis-durante-jogo-entre-Flamengo-e-Corinthians-pela-semifinal-da-Copa-do-Brasil-no-Maracana.webp\",\"articleSection\":[\"Flamengo\"],\"inLanguage\":\"pt-BR\",\"potentialAction\":[{\"@type\":\"CommentAction\",\"name\":\"Comment\",\"target\":[\"https:\/\/www.gaveanews.com\/index.php\/2025\/07\/30\/podem-estrear-flamengo-registra-novos-reforcos-no-bid\/#respond\"]}],\"copyrightYear\":\"2025\",\"copyrightHolder\":{\"@id\":\"https:\/\/www.gaveanews.com\/#organization\"}},{\"@type\":\"WebPage\",\"@id\":\"https:\/\/www.gaveanews.com\/index.php\/2025\/07\/30\/podem-estrear-flamengo-registra-novos-reforcos-no-bid\/\",\"url\":\"https:\/\/www.gaveanews.com\/index.php\/2025\/07\/30\/podem-estrear-flamengo-registra-novos-reforcos-no-bid\/\",\"name\":\"Podem estrear! Flamengo registra novos refor\u00e7os no BID\",\"isPartOf\":{\"@id\":\"https:\/\/www.gaveanews.com\/#website\"},\"primaryImageOfPage\":{\"@id\":\"https:\/\/www.gaveanews.com\/index.php\/2025\/07\/30\/podem-estrear-flamengo-registra-novos-reforcos-no-bid\/#primaryimage\"},\"image\":{\"@id\":\"https:\/\/www.gaveanews.com\/index.php\/2025\/07\/30\/podem-estrear-flamengo-registra-novos-reforcos-no-bid\/#primaryimage\"},\"thumbnailUrl\":\"https:\/\/www.gaveanews.com\/wp-content\/uploads\/Filipe-Luis-durante-jogo-entre-Flamengo-e-Corinthians-pela-semifinal-da-Copa-do-Brasil-no-Maracana.webp\",\"datePublished\":\"2025-07-30T21:00:00+00:00\",\"author\":{\"@id\":\"https:\/\/www.gaveanews.com\/#\/schema\/person\/0eb3e3fe1754f0205218538adbe8f5ed\"},\"breadcrumb\":{\"@id\":\"https:\/\/www.gaveanews.com\/index.php\/2025\/07\/30\/podem-estrear-flamengo-registra-novos-reforcos-no-bid\/#breadcrumb\"},\"inLanguage\":\"pt-BR\",\"potentialAction\":[{\"@type\":\"ReadAction\",\"target\":[\"https:\/\/www.gaveanews.com\/index.php\/2025\/07\/30\/podem-estrear-flamengo-registra-novos-reforcos-no-bid\/\"]}]},{\"@type\":\"ImageObject\",\"inLanguage\":\"pt-BR\",\"@id\":\"https:\/\/www.gaveanews.com\/index.php\/2025\/07\/30\/podem-estrear-flamengo-registra-novos-reforcos-no-bid\/#primaryimage\",\"url\":\"https:\/\/www.gaveanews.com\/wp-content\/uploads\/Filipe-Luis-durante-jogo-entre-Flamengo-e-Corinthians-pela-semifinal-da-Copa-do-Brasil-no-Maracana.webp\",\"contentUrl\":\"https:\/\/www.gaveanews.com\/wp-content\/uploads\/Filipe-Luis-durante-jogo-entre-Flamengo-e-Corinthians-pela-semifinal-da-Copa-do-Brasil-no-Maracana.webp\",\"width\":742,\"height\":493,\"caption\":\"Filipe Lu\u00eds durante jogo entre Flamengo e Corinthians, pela semifinal da Copa do Brasil, no Maracan\u00e3 (Foto: Gilvan de Souza\/Flamengo)\"},{\"@type\":\"BreadcrumbList\",\"@id\":\"https:\/\/www.gaveanews.com\/index.php\/2025\/07\/30\/podem-estrear-flamengo-registra-novos-reforcos-no-bid\/#breadcrumb\",\"itemListElement\":[{\"@type\":\"ListItem\",\"position\":1,\"name\":\"Home\",\"item\":\"https:\/\/www.gaveanews.com\/\"},{\"@type\":\"ListItem\",\"position\":2,\"name\":\"Podem estrear! Flamengo registra novos refor\u00e7os no BID\"}]},{\"@type\":\"WebSite\",\"@id\":\"https:\/\/www.gaveanews.com\/#website\",\"url\":\"https:\/\/www.gaveanews.com\/\",\"name\":\"G\u00e1vea News\",\"description\":\"Veja todas as not\u00edcias sobre o Flamengo: Contrata\u00e7\u00f5es, categorias de base, resultados das partidas, tabela de classifica\u00e7\u00e3o, pr\u00f3ximos jogos!\",\"potentialAction\":[{\"@type\":\"SearchAction\",\"target\":{\"@type\":\"EntryPoint\",\"urlTemplate\":\"https:\/\/www.gaveanews.com\/?s={search_term_string}\"},\"query-input\":{\"@type\":\"PropertyValueSpecification\",\"valueRequired\":true,\"valueName\":\"search_term_string\"}}],\"inLanguage\":\"pt-BR\"},{\"@type\":\"Person\",\"@id\":\"https:\/\/www.gaveanews.com\/#\/schema\/person\/0eb3e3fe1754f0205218538adbe8f5ed\",\"name\":\"Rafaela Ladeira\",\"image\":{\"@type\":\"ImageObject\",\"inLanguage\":\"pt-BR\",\"@id\":\"https:\/\/www.gaveanews.com\/#\/schema\/person\/image\/\",\"url\":\"https:\/\/secure.gravatar.com\/avatar\/c31f513acffd85eacab5730cbdfdbbf59f21ba5aeada8cd890acea879fbb2455?s=96&d=mm&r=g\",\"contentUrl\":\"https:\/\/secure.gravatar.com\/avatar\/c31f513acffd85eacab5730cbdfdbbf59f21ba5aeada8cd890acea879fbb2455?s=96&d=mm&r=g\",\"caption\":\"Rafaela Ladeira\"}}]}<\/script>\n<!-- \/ Yoast SEO Premium plugin. -->","yoast_head_json":{"title":"Podem estrear! Flamengo registra novos refor\u00e7os no BID","robots":{"index":"index","follow":"follow","max-snippet":"max-snippet:-1","max-image-preview":"max-image-preview:large","max-video-preview":"max-video-preview:-1"},"canonical":"https:\/\/www.gaveanews.com\/index.php\/2025\/07\/30\/podem-estrear-flamengo-registra-novos-reforcos-no-bid\/","og_locale":"pt_BR","og_type":"article","og_title":"Podem estrear! Flamengo registra novos refor\u00e7os no BID","og_description":"O Flamengo deu mais um passo importante rumo \u00e0 consolida\u00e7\u00e3o de seu elenco para o segundo semestre da temporada. Os refor\u00e7os Sa\u00fal \u00d1\u00edguez e Samuel Lino j\u00e1 aparecem no Boletim Informativo Di\u00e1rio (BID) da Confedera\u00e7\u00e3o Brasileira de Futebol (CBF), o que significa que ambos est\u00e3o oficialmente aptos a estrear pelo clube. Chegada com impacto: nomes [&hellip;]","og_url":"https:\/\/www.gaveanews.com\/index.php\/2025\/07\/30\/podem-estrear-flamengo-registra-novos-reforcos-no-bid\/","og_site_name":"G\u00e1vea News","article_publisher":"https:\/\/facebook.com\/gaveaNews\/","article_published_time":"2025-07-30T21:00:00+00:00","og_image":[{"width":742,"height":493,"url":"https:\/\/www.gaveanews.com\/wp-content\/uploads\/Filipe-Luis-durante-jogo-entre-Flamengo-e-Corinthians-pela-semifinal-da-Copa-do-Brasil-no-Maracana.webp","type":"image\/jpeg"}],"author":"Rafaela Ladeira","twitter_card":"summary_large_image","twitter_misc":{"Escrito por":"Rafaela Ladeira","Est. tempo de leitura":"3 minutos"},"schema":{"@context":"https:\/\/schema.org","@graph":[{"@type":"NewsArticle","@id":"https:\/\/www.gaveanews.com\/index.php\/2025\/07\/30\/podem-estrear-flamengo-registra-novos-reforcos-no-bid\/#article","isPartOf":{"@id":"https:\/\/www.gaveanews.com\/index.php\/2025\/07\/30\/podem-estrear-flamengo-registra-novos-reforcos-no-bid\/"},"author":{"name":"Rafaela Ladeira","@id":"https:\/\/www.gaveanews.com\/#\/schema\/person\/0eb3e3fe1754f0205218538adbe8f5ed"},"headline":"Podem estrear! Flamengo registra novos refor\u00e7os no BID","datePublished":"2025-07-30T21:00:00+00:00","mainEntityOfPage":{"@id":"https:\/\/www.gaveanews.com\/index.php\/2025\/07\/30\/podem-estrear-flamengo-registra-novos-reforcos-no-bid\/"},"wordCount":393,"commentCount":0,"image":{"@id":"https:\/\/www.gaveanews.com\/index.php\/2025\/07\/30\/podem-estrear-flamengo-registra-novos-reforcos-no-bid\/#primaryimage"},"thumbnailUrl":"https:\/\/www.gaveanews.com\/wp-content\/uploads\/Filipe-Luis-durante-jogo-entre-Flamengo-e-Corinthians-pela-semifinal-da-Copa-do-Brasil-no-Maracana.webp","articleSection":["Flamengo"],"inLanguage":"pt-BR","potentialAction":[{"@type":"CommentAction","name":"Comment","target":["https:\/\/www.gaveanews.com\/index.php\/2025\/07\/30\/podem-estrear-flamengo-registra-novos-reforcos-no-bid\/#respond"]}],"copyrightYear":"2025","copyrightHolder":{"@id":"https:\/\/www.gaveanews.com\/#organization"}},{"@type":"WebPage","@id":"https:\/\/www.gaveanews.com\/index.php\/2025\/07\/30\/podem-estrear-flamengo-registra-novos-reforcos-no-bid\/","url":"https:\/\/www.gaveanews.com\/index.php\/2025\/07\/30\/podem-estrear-flamengo-registra-novos-reforcos-no-bid\/","name":"Podem estrear! Flamengo registra novos refor\u00e7os no BID","isPartOf":{"@id":"https:\/\/www.gaveanews.com\/#website"},"primaryImageOfPage":{"@id":"https:\/\/www.gaveanews.com\/index.php\/2025\/07\/30\/podem-estrear-flamengo-registra-novos-reforcos-no-bid\/#primaryimage"},"image":{"@id":"https:\/\/www.gaveanews.com\/index.php\/2025\/07\/30\/podem-estrear-flamengo-registra-novos-reforcos-no-bid\/#primaryimage"},"thumbnailUrl":"https:\/\/www.gaveanews.com\/wp-content\/uploads\/Filipe-Luis-durante-jogo-entre-Flamengo-e-Corinthians-pela-semifinal-da-Copa-do-Brasil-no-Maracana.webp","datePublished":"2025-07-30T21:00:00+00:00","author":{"@id":"https:\/\/www.gaveanews.com\/#\/schema\/person\/0eb3e3fe1754f0205218538adbe8f5ed"},"breadcrumb":{"@id":"https:\/\/www.gaveanews.com\/index.php\/2025\/07\/30\/podem-estrear-flamengo-registra-novos-reforcos-no-bid\/#breadcrumb"},"inLanguage":"pt-BR","potentialAction":[{"@type":"ReadAction","target":["https:\/\/www.gaveanews.com\/index.php\/2025\/07\/30\/podem-estrear-flamengo-registra-novos-reforcos-no-bid\/"]}]},{"@type":"ImageObject","inLanguage":"pt-BR","@id":"https:\/\/www.gaveanews.com\/index.php\/2025\/07\/30\/podem-estrear-flamengo-registra-novos-reforcos-no-bid\/#primaryimage","url":"https:\/\/www.gaveanews.com\/wp-content\/uploads\/Filipe-Luis-durante-jogo-entre-Flamengo-e-Corinthians-pela-semifinal-da-Copa-do-Brasil-no-Maracana.webp","contentUrl":"https:\/\/www.gaveanews.com\/wp-content\/uploads\/Filipe-Luis-durante-jogo-entre-Flamengo-e-Corinthians-pela-semifinal-da-Copa-do-Brasil-no-Maracana.webp","width":742,"height":493,"caption":"Filipe Lu\u00eds durante jogo entre Flamengo e Corinthians, pela semifinal da Copa do Brasil, no Maracan\u00e3 (Foto: Gilvan de Souza\/Flamengo)"},{"@type":"BreadcrumbList","@id":"https:\/\/www.gaveanews.com\/index.php\/2025\/07\/30\/podem-estrear-flamengo-registra-novos-reforcos-no-bid\/#breadcrumb","itemListElement":[{"@type":"ListItem","position":1,"name":"Home","item":"https:\/\/www.gaveanews.com\/"},{"@type":"ListItem","position":2,"name":"Podem estrear! Flamengo registra novos refor\u00e7os no BID"}]},{"@type":"WebSite","@id":"https:\/\/www.gaveanews.com\/#website","url":"https:\/\/www.gaveanews.com\/","name":"G\u00e1vea News","description":"Veja todas as not\u00edcias sobre o Flamengo: Contrata\u00e7\u00f5es, categorias de base, resultados das partidas, tabela de classifica\u00e7\u00e3o, pr\u00f3ximos jogos!","potentialAction":[{"@type":"SearchAction","target":{"@type":"EntryPoint","urlTemplate":"https:\/\/www.gaveanews.com\/?s={search_term_string}"},"query-input":{"@type":"PropertyValueSpecification","valueRequired":true,"valueName":"search_term_string"}}],"inLanguage":"pt-BR"},{"@type":"Person","@id":"https:\/\/www.gaveanews.com\/#\/schema\/person\/0eb3e3fe1754f0205218538adbe8f5ed","name":"Rafaela Ladeira","image":{"@type":"ImageObject","inLanguage":"pt-BR","@id":"https:\/\/www.gaveanews.com\/#\/schema\/person\/image\/","url":"https:\/\/secure.gravatar.com\/avatar\/c31f513acffd85eacab5730cbdfdbbf59f21ba5aeada8cd890acea879fbb2455?s=96&d=mm&r=g","contentUrl":"https:\/\/secure.gravatar.com\/avatar\/c31f513acffd85eacab5730cbdfdbbf59f21ba5aeada8cd890acea879fbb2455?s=96&d=mm&r=g","caption":"Rafaela Ladeira"}}]}},"_links":{"self":[{"href":"https:\/\/www.gaveanews.com\/index.php\/wp-json\/wp\/v2\/posts\/273255","targetHints":{"allow":["GET"]}}],"collection":[{"href":"https:\/\/www.gaveanews.com\/index.php\/wp-json\/wp\/v2\/posts"}],"about":[{"href":"https:\/\/www.gaveanews.com\/index.php\/wp-json\/wp\/v2\/types\/post"}],"author":[{"embeddable":true,"href":"https:\/\/www.gaveanews.com\/index.php\/wp-json\/wp\/v2\/users\/25"}],"replies":[{"embeddable":true,"href":"https:\/\/www.gaveanews.com\/index.php\/wp-json\/wp\/v2\/comments?post=273255"}],"version-history":[{"count":1,"href":"https:\/\/www.gaveanews.com\/index.php\/wp-json\/wp\/v2\/posts\/273255\/revisions"}],"predecessor-version":[{"id":273256,"href":"https:\/\/www.gaveanews.com\/index.php\/wp-json\/wp\/v2\/posts\/273255\/revisions\/273256"}],"wp:featuredmedia":[{"embeddable":true,"href":"https:\/\/www.gaveanews.com\/index.php\/wp-json\/wp\/v2\/media\/171103"}],"wp:attachment":[{"href":"https:\/\/www.gaveanews.com\/index.php\/wp-json\/wp\/v2\/media?parent=273255"}],"wp:term":[{"taxonomy":"category","embeddable":true,"href":"https:\/\/www.gaveanews.com\/index.php\/wp-json\/wp\/v2\/categories?post=273255"},{"taxonomy":"post_tag","embeddable":true,"href":"https:\/\/www.gaveanews.com\/index.php\/wp-json\/wp\/v2\/tags?post=273255"}],"curies":[{"name":"wp","href":"https:\/\/api.w.org\/{rel}","templated":true}]}}