{"id":273284,"date":"2025-07-31T15:50:00","date_gmt":"2025-07-31T18:50:00","guid":{"rendered":"https:\/\/www.gaveanews.com\/?p=273284"},"modified":"2025-07-31T14:40:02","modified_gmt":"2025-07-31T17:40:02","slug":"copa-do-brasil-veja-provavel-escalacao-do-atletico-mg-para-enfrentar-o-flamengo","status":"publish","type":"post","link":"https:\/\/www.gaveanews.com\/index.php\/2025\/07\/31\/copa-do-brasil-veja-provavel-escalacao-do-atletico-mg-para-enfrentar-o-flamengo\/","title":{"rendered":"Copa do Brasil: veja prov\u00e1vel escala\u00e7\u00e3o do Atl\u00e9tico-MG para enfrentar o Flamengo"},"content":{"rendered":"\n<p>O confronto entre Atl\u00e9tico-MG e Flamengo pelas oitavas de final da Copa do Brasil promete ser um duelo repleto de emo\u00e7\u00f5es e estrat\u00e9gias. Com a bola rolando no Maracan\u00e3 nesta quinta-feira (31), \u00e0s 21h30, a defini\u00e7\u00e3o do time titular alvinegro chama aten\u00e7\u00e3o dos torcedores e especialistas, porque pode influenciar diretamente no andamento da partida.&nbsp;<\/p>\n\n\n\n<p>Vale destacar que o t\u00e9cnico Cuca ter\u00e1 que lidar com algumas baixas, mas tamb\u00e9m contar\u00e1 com refor\u00e7os importantes para buscar a vit\u00f3ria.<\/p>\n\n\n\n<h2 class=\"wp-block-heading\" id=\"h-os-desfalques-que-exigem-ajustes-na-equipe-do-atletico-mg\">Os desfalques que exigem ajustes na equipe do Atl\u00e9tico-MG<\/h2>\n\n\n\n<p>Atl\u00e9tico-MG n\u00e3o poder\u00e1 contar com cinco jogadores para o confronto, sendo assim, a montagem do time sofre impacto. Guilherme Arana (coxa esquerda), Patrick (lombar), Cadu (joelho direito) e Caio Maia (joelho direito) est\u00e3o fora por les\u00f5es, al\u00e9m de Dudu, que aguarda decis\u00e3o do recurso ap\u00f3s puni\u00e7\u00e3o do STJD.&nbsp;<\/p>\n\n\n\n<p>Isso porque, a aus\u00eancia desses atletas obriga Cuca a reformular o setor defensivo e o meio-campo, cabendo a ele ajustar a equipe para manter a competitividade.<\/p>\n\n\n\n<h2 class=\"wp-block-heading\" id=\"h-reforcos-e-retornos-para-equilibrar-a-escalacao\">Refor\u00e7os e retornos para equilibrar a escala\u00e7\u00e3o<\/h2>\n\n\n\n<p>Cabe ressaltar o retorno do zagueiro Lyanco, que estava suspenso na \u00faltima rodada contra o Flamengo no Brasileir\u00e3o, justamente o advers\u00e1rio desta partida. Com isso, a defesa ganha um refor\u00e7o essencial.&nbsp;<\/p>\n\n\n\n<p>Outro destaque \u00e9 o volante Alexsander, rec\u00e9m-contratado e j\u00e1 regularizado para atuar, ampliando as op\u00e7\u00f5es no meio-campo. Dessa maneira, o treinador ter\u00e1 mais alternativas para suprir as aus\u00eancias e buscar o melhor rendimento.<\/p>\n\n\n\n<h2 class=\"wp-block-heading\" id=\"h-a-provavel-formacao-que-deve-entrar-em-campo\">A prov\u00e1vel forma\u00e7\u00e3o que deve entrar em campo<\/h2>\n\n\n\n<p>Portanto, a prov\u00e1vel escala\u00e7\u00e3o do Atl\u00e9tico-MG tem Everson no gol; Saravia, Lyanco e Alonso na defesa; Gabriel Menino, Alan Franco, Fausto Vera e Scarpa no meio-campo; e no ataque, Rony, Hulk e Cuello. Isso porque, esse time tenta equilibrar a solidez defensiva com poder ofensivo, indispens\u00e1vel em um confronto equilibrado e decisivo.<\/p>\n\n\n\n<h2 class=\"wp-block-heading\" id=\"h-a-importancia-do-jogo-para-a-copa-do-brasil\">A import\u00e2ncia do jogo para a Copa do Brasil<\/h2>\n\n\n\n<p>Desse jeito, a partida \u00e9 fundamental para as pretens\u00f5es do Atl\u00e9tico-MG na Copa do Brasil, porque um bom resultado no Maracan\u00e3 facilita a miss\u00e3o para a volta, marcada para a pr\u00f3xima quarta-feira (06), na Arena MRV, em Belo Horizonte.&nbsp;<\/p>\n\n\n\n<p>Cabe ressaltar que, caso o placar agregado termine empatado, a decis\u00e3o ser\u00e1 nos p\u00eanaltis, o que aumenta a tens\u00e3o e a expectativa dos torcedores.<\/p>\n\n\n\n<p>Em resumo, o duelo entre Flamengo e Atl\u00e9tico-MG reunir\u00e1 emo\u00e7\u00e3o e estrat\u00e9gia, com desfalques que exigem adapta\u00e7\u00f5es e refor\u00e7os que podem fazer a diferen\u00e7a. Al\u00e9m disso, a transmiss\u00e3o pelo SporTV e Premiere garantir\u00e1 que a Na\u00e7\u00e3o rubro-negra acompanhe cada lance com intensidade.<\/p>\n","protected":false},"excerpt":{"rendered":"<p>O confronto entre Atl\u00e9tico-MG e Flamengo pelas oitavas de final da Copa do Brasil promete ser um duelo repleto de emo\u00e7\u00f5es e estrat\u00e9gias. Com a bola rolando no Maracan\u00e3 nesta quinta-feira (31), \u00e0s 21h30, a defini\u00e7\u00e3o do time titular alvinegro chama aten\u00e7\u00e3o dos torcedores e especialistas, porque pode influenciar diretamente no andamento da partida.&nbsp; Vale [&hellip;]<\/p>\n","protected":false},"author":25,"featured_media":68026,"comment_status":"open","ping_status":"closed","sticky":false,"template":"","format":"standard","meta":{"footnotes":""},"categories":[136],"tags":[],"class_list":["post-273284","post","type-post","status-publish","format-standard","has-post-thumbnail","hentry","category-atletico-mg"],"yoast_head":"<!-- This site is optimized with the Yoast SEO Premium plugin v24.2 (Yoast SEO v26.9) - https:\/\/yoast.com\/product\/yoast-seo-premium-wordpress\/ -->\n<title>Copa do Brasil: veja prov\u00e1vel escala\u00e7\u00e3o do Atl\u00e9tico-MG para enfrentar o Flamengo<\/title>\n<meta name=\"robots\" content=\"index, follow, max-snippet:-1, max-image-preview:large, max-video-preview:-1\" \/>\n<link rel=\"canonical\" href=\"https:\/\/www.gaveanews.com\/index.php\/2025\/07\/31\/copa-do-brasil-veja-provavel-escalacao-do-atletico-mg-para-enfrentar-o-flamengo\/\" \/>\n<meta property=\"og:locale\" content=\"pt_BR\" \/>\n<meta property=\"og:type\" content=\"article\" \/>\n<meta property=\"og:title\" content=\"Copa do Brasil: veja prov\u00e1vel escala\u00e7\u00e3o do Atl\u00e9tico-MG para enfrentar o Flamengo\" \/>\n<meta property=\"og:description\" content=\"O confronto entre Atl\u00e9tico-MG e Flamengo pelas oitavas de final da Copa do Brasil promete ser um duelo repleto de emo\u00e7\u00f5es e estrat\u00e9gias. Com a bola rolando no Maracan\u00e3 nesta quinta-feira (31), \u00e0s 21h30, a defini\u00e7\u00e3o do time titular alvinegro chama aten\u00e7\u00e3o dos torcedores e especialistas, porque pode influenciar diretamente no andamento da partida.&nbsp; Vale [&hellip;]\" \/>\n<meta property=\"og:url\" content=\"https:\/\/www.gaveanews.com\/index.php\/2025\/07\/31\/copa-do-brasil-veja-provavel-escalacao-do-atletico-mg-para-enfrentar-o-flamengo\/\" \/>\n<meta property=\"og:site_name\" content=\"G\u00e1vea News\" \/>\n<meta property=\"article:publisher\" content=\"https:\/\/facebook.com\/gaveaNews\/\" \/>\n<meta property=\"article:published_time\" content=\"2025-07-31T18:50:00+00:00\" \/>\n<meta property=\"og:image\" content=\"https:\/\/www.gaveanews.com\/wp-content\/uploads\/Cuca-tecnico-do-Atletico-MG.webp\" \/>\n\t<meta property=\"og:image:width\" content=\"1024\" \/>\n\t<meta property=\"og:image:height\" content=\"683\" \/>\n\t<meta property=\"og:image:type\" content=\"image\/jpeg\" \/>\n<meta name=\"author\" content=\"Rafaela Ladeira\" \/>\n<meta name=\"twitter:card\" content=\"summary_large_image\" \/>\n<meta name=\"twitter:label1\" content=\"Escrito por\" \/>\n\t<meta name=\"twitter:data1\" content=\"Rafaela Ladeira\" \/>\n\t<meta name=\"twitter:label2\" content=\"Est. tempo de leitura\" \/>\n\t<meta name=\"twitter:data2\" content=\"3 minutos\" \/>\n<script type=\"application\/ld+json\" class=\"yoast-schema-graph\">{\"@context\":\"https:\/\/schema.org\",\"@graph\":[{\"@type\":\"NewsArticle\",\"@id\":\"https:\/\/www.gaveanews.com\/index.php\/2025\/07\/31\/copa-do-brasil-veja-provavel-escalacao-do-atletico-mg-para-enfrentar-o-flamengo\/#article\",\"isPartOf\":{\"@id\":\"https:\/\/www.gaveanews.com\/index.php\/2025\/07\/31\/copa-do-brasil-veja-provavel-escalacao-do-atletico-mg-para-enfrentar-o-flamengo\/\"},\"author\":{\"name\":\"Rafaela Ladeira\",\"@id\":\"https:\/\/www.gaveanews.com\/#\/schema\/person\/0eb3e3fe1754f0205218538adbe8f5ed\"},\"headline\":\"Copa do Brasil: veja prov\u00e1vel escala\u00e7\u00e3o do Atl\u00e9tico-MG para enfrentar o Flamengo\",\"datePublished\":\"2025-07-31T18:50:00+00:00\",\"mainEntityOfPage\":{\"@id\":\"https:\/\/www.gaveanews.com\/index.php\/2025\/07\/31\/copa-do-brasil-veja-provavel-escalacao-do-atletico-mg-para-enfrentar-o-flamengo\/\"},\"wordCount\":469,\"commentCount\":0,\"image\":{\"@id\":\"https:\/\/www.gaveanews.com\/index.php\/2025\/07\/31\/copa-do-brasil-veja-provavel-escalacao-do-atletico-mg-para-enfrentar-o-flamengo\/#primaryimage\"},\"thumbnailUrl\":\"https:\/\/www.gaveanews.com\/wp-content\/uploads\/Cuca-tecnico-do-Atletico-MG.webp\",\"articleSection\":[\"Atl\u00e9tico-MG\"],\"inLanguage\":\"pt-BR\",\"potentialAction\":[{\"@type\":\"CommentAction\",\"name\":\"Comment\",\"target\":[\"https:\/\/www.gaveanews.com\/index.php\/2025\/07\/31\/copa-do-brasil-veja-provavel-escalacao-do-atletico-mg-para-enfrentar-o-flamengo\/#respond\"]}],\"copyrightYear\":\"2025\",\"copyrightHolder\":{\"@id\":\"https:\/\/www.gaveanews.com\/#organization\"}},{\"@type\":\"WebPage\",\"@id\":\"https:\/\/www.gaveanews.com\/index.php\/2025\/07\/31\/copa-do-brasil-veja-provavel-escalacao-do-atletico-mg-para-enfrentar-o-flamengo\/\",\"url\":\"https:\/\/www.gaveanews.com\/index.php\/2025\/07\/31\/copa-do-brasil-veja-provavel-escalacao-do-atletico-mg-para-enfrentar-o-flamengo\/\",\"name\":\"Copa do Brasil: veja prov\u00e1vel escala\u00e7\u00e3o do Atl\u00e9tico-MG para enfrentar o Flamengo\",\"isPartOf\":{\"@id\":\"https:\/\/www.gaveanews.com\/#website\"},\"primaryImageOfPage\":{\"@id\":\"https:\/\/www.gaveanews.com\/index.php\/2025\/07\/31\/copa-do-brasil-veja-provavel-escalacao-do-atletico-mg-para-enfrentar-o-flamengo\/#primaryimage\"},\"image\":{\"@id\":\"https:\/\/www.gaveanews.com\/index.php\/2025\/07\/31\/copa-do-brasil-veja-provavel-escalacao-do-atletico-mg-para-enfrentar-o-flamengo\/#primaryimage\"},\"thumbnailUrl\":\"https:\/\/www.gaveanews.com\/wp-content\/uploads\/Cuca-tecnico-do-Atletico-MG.webp\",\"datePublished\":\"2025-07-31T18:50:00+00:00\",\"author\":{\"@id\":\"https:\/\/www.gaveanews.com\/#\/schema\/person\/0eb3e3fe1754f0205218538adbe8f5ed\"},\"breadcrumb\":{\"@id\":\"https:\/\/www.gaveanews.com\/index.php\/2025\/07\/31\/copa-do-brasil-veja-provavel-escalacao-do-atletico-mg-para-enfrentar-o-flamengo\/#breadcrumb\"},\"inLanguage\":\"pt-BR\",\"potentialAction\":[{\"@type\":\"ReadAction\",\"target\":[\"https:\/\/www.gaveanews.com\/index.php\/2025\/07\/31\/copa-do-brasil-veja-provavel-escalacao-do-atletico-mg-para-enfrentar-o-flamengo\/\"]}]},{\"@type\":\"ImageObject\",\"inLanguage\":\"pt-BR\",\"@id\":\"https:\/\/www.gaveanews.com\/index.php\/2025\/07\/31\/copa-do-brasil-veja-provavel-escalacao-do-atletico-mg-para-enfrentar-o-flamengo\/#primaryimage\",\"url\":\"https:\/\/www.gaveanews.com\/wp-content\/uploads\/Cuca-tecnico-do-Atletico-MG.webp\",\"contentUrl\":\"https:\/\/www.gaveanews.com\/wp-content\/uploads\/Cuca-tecnico-do-Atletico-MG.webp\",\"width\":1024,\"height\":683,\"caption\":\"Cuca como treinador do Atl\u00e9tico-MG (Foto: Bruno Cantini\/Atl\u00e9tico-MG)\"},{\"@type\":\"BreadcrumbList\",\"@id\":\"https:\/\/www.gaveanews.com\/index.php\/2025\/07\/31\/copa-do-brasil-veja-provavel-escalacao-do-atletico-mg-para-enfrentar-o-flamengo\/#breadcrumb\",\"itemListElement\":[{\"@type\":\"ListItem\",\"position\":1,\"name\":\"Home\",\"item\":\"https:\/\/www.gaveanews.com\/\"},{\"@type\":\"ListItem\",\"position\":2,\"name\":\"Copa do Brasil: veja prov\u00e1vel escala\u00e7\u00e3o do Atl\u00e9tico-MG para enfrentar o Flamengo\"}]},{\"@type\":\"WebSite\",\"@id\":\"https:\/\/www.gaveanews.com\/#website\",\"url\":\"https:\/\/www.gaveanews.com\/\",\"name\":\"G\u00e1vea News\",\"description\":\"Veja todas as not\u00edcias sobre o Flamengo: Contrata\u00e7\u00f5es, categorias de base, resultados das partidas, tabela de classifica\u00e7\u00e3o, pr\u00f3ximos jogos!\",\"potentialAction\":[{\"@type\":\"SearchAction\",\"target\":{\"@type\":\"EntryPoint\",\"urlTemplate\":\"https:\/\/www.gaveanews.com\/?s={search_term_string}\"},\"query-input\":{\"@type\":\"PropertyValueSpecification\",\"valueRequired\":true,\"valueName\":\"search_term_string\"}}],\"inLanguage\":\"pt-BR\"},{\"@type\":\"Person\",\"@id\":\"https:\/\/www.gaveanews.com\/#\/schema\/person\/0eb3e3fe1754f0205218538adbe8f5ed\",\"name\":\"Rafaela Ladeira\",\"image\":{\"@type\":\"ImageObject\",\"inLanguage\":\"pt-BR\",\"@id\":\"https:\/\/www.gaveanews.com\/#\/schema\/person\/image\/\",\"url\":\"https:\/\/secure.gravatar.com\/avatar\/c31f513acffd85eacab5730cbdfdbbf59f21ba5aeada8cd890acea879fbb2455?s=96&d=mm&r=g\",\"contentUrl\":\"https:\/\/secure.gravatar.com\/avatar\/c31f513acffd85eacab5730cbdfdbbf59f21ba5aeada8cd890acea879fbb2455?s=96&d=mm&r=g\",\"caption\":\"Rafaela Ladeira\"}}]}<\/script>\n<!-- \/ Yoast SEO Premium plugin. -->","yoast_head_json":{"title":"Copa do Brasil: veja prov\u00e1vel escala\u00e7\u00e3o do Atl\u00e9tico-MG para enfrentar o Flamengo","robots":{"index":"index","follow":"follow","max-snippet":"max-snippet:-1","max-image-preview":"max-image-preview:large","max-video-preview":"max-video-preview:-1"},"canonical":"https:\/\/www.gaveanews.com\/index.php\/2025\/07\/31\/copa-do-brasil-veja-provavel-escalacao-do-atletico-mg-para-enfrentar-o-flamengo\/","og_locale":"pt_BR","og_type":"article","og_title":"Copa do Brasil: veja prov\u00e1vel escala\u00e7\u00e3o do Atl\u00e9tico-MG para enfrentar o Flamengo","og_description":"O confronto entre Atl\u00e9tico-MG e Flamengo pelas oitavas de final da Copa do Brasil promete ser um duelo repleto de emo\u00e7\u00f5es e estrat\u00e9gias. Com a bola rolando no Maracan\u00e3 nesta quinta-feira (31), \u00e0s 21h30, a defini\u00e7\u00e3o do time titular alvinegro chama aten\u00e7\u00e3o dos torcedores e especialistas, porque pode influenciar diretamente no andamento da partida.&nbsp; Vale [&hellip;]","og_url":"https:\/\/www.gaveanews.com\/index.php\/2025\/07\/31\/copa-do-brasil-veja-provavel-escalacao-do-atletico-mg-para-enfrentar-o-flamengo\/","og_site_name":"G\u00e1vea News","article_publisher":"https:\/\/facebook.com\/gaveaNews\/","article_published_time":"2025-07-31T18:50:00+00:00","og_image":[{"width":1024,"height":683,"url":"https:\/\/www.gaveanews.com\/wp-content\/uploads\/Cuca-tecnico-do-Atletico-MG.webp","type":"image\/jpeg"}],"author":"Rafaela Ladeira","twitter_card":"summary_large_image","twitter_misc":{"Escrito por":"Rafaela Ladeira","Est. tempo de leitura":"3 minutos"},"schema":{"@context":"https:\/\/schema.org","@graph":[{"@type":"NewsArticle","@id":"https:\/\/www.gaveanews.com\/index.php\/2025\/07\/31\/copa-do-brasil-veja-provavel-escalacao-do-atletico-mg-para-enfrentar-o-flamengo\/#article","isPartOf":{"@id":"https:\/\/www.gaveanews.com\/index.php\/2025\/07\/31\/copa-do-brasil-veja-provavel-escalacao-do-atletico-mg-para-enfrentar-o-flamengo\/"},"author":{"name":"Rafaela Ladeira","@id":"https:\/\/www.gaveanews.com\/#\/schema\/person\/0eb3e3fe1754f0205218538adbe8f5ed"},"headline":"Copa do Brasil: veja prov\u00e1vel escala\u00e7\u00e3o do Atl\u00e9tico-MG para enfrentar o Flamengo","datePublished":"2025-07-31T18:50:00+00:00","mainEntityOfPage":{"@id":"https:\/\/www.gaveanews.com\/index.php\/2025\/07\/31\/copa-do-brasil-veja-provavel-escalacao-do-atletico-mg-para-enfrentar-o-flamengo\/"},"wordCount":469,"commentCount":0,"image":{"@id":"https:\/\/www.gaveanews.com\/index.php\/2025\/07\/31\/copa-do-brasil-veja-provavel-escalacao-do-atletico-mg-para-enfrentar-o-flamengo\/#primaryimage"},"thumbnailUrl":"https:\/\/www.gaveanews.com\/wp-content\/uploads\/Cuca-tecnico-do-Atletico-MG.webp","articleSection":["Atl\u00e9tico-MG"],"inLanguage":"pt-BR","potentialAction":[{"@type":"CommentAction","name":"Comment","target":["https:\/\/www.gaveanews.com\/index.php\/2025\/07\/31\/copa-do-brasil-veja-provavel-escalacao-do-atletico-mg-para-enfrentar-o-flamengo\/#respond"]}],"copyrightYear":"2025","copyrightHolder":{"@id":"https:\/\/www.gaveanews.com\/#organization"}},{"@type":"WebPage","@id":"https:\/\/www.gaveanews.com\/index.php\/2025\/07\/31\/copa-do-brasil-veja-provavel-escalacao-do-atletico-mg-para-enfrentar-o-flamengo\/","url":"https:\/\/www.gaveanews.com\/index.php\/2025\/07\/31\/copa-do-brasil-veja-provavel-escalacao-do-atletico-mg-para-enfrentar-o-flamengo\/","name":"Copa do Brasil: veja prov\u00e1vel escala\u00e7\u00e3o do Atl\u00e9tico-MG para enfrentar o Flamengo","isPartOf":{"@id":"https:\/\/www.gaveanews.com\/#website"},"primaryImageOfPage":{"@id":"https:\/\/www.gaveanews.com\/index.php\/2025\/07\/31\/copa-do-brasil-veja-provavel-escalacao-do-atletico-mg-para-enfrentar-o-flamengo\/#primaryimage"},"image":{"@id":"https:\/\/www.gaveanews.com\/index.php\/2025\/07\/31\/copa-do-brasil-veja-provavel-escalacao-do-atletico-mg-para-enfrentar-o-flamengo\/#primaryimage"},"thumbnailUrl":"https:\/\/www.gaveanews.com\/wp-content\/uploads\/Cuca-tecnico-do-Atletico-MG.webp","datePublished":"2025-07-31T18:50:00+00:00","author":{"@id":"https:\/\/www.gaveanews.com\/#\/schema\/person\/0eb3e3fe1754f0205218538adbe8f5ed"},"breadcrumb":{"@id":"https:\/\/www.gaveanews.com\/index.php\/2025\/07\/31\/copa-do-brasil-veja-provavel-escalacao-do-atletico-mg-para-enfrentar-o-flamengo\/#breadcrumb"},"inLanguage":"pt-BR","potentialAction":[{"@type":"ReadAction","target":["https:\/\/www.gaveanews.com\/index.php\/2025\/07\/31\/copa-do-brasil-veja-provavel-escalacao-do-atletico-mg-para-enfrentar-o-flamengo\/"]}]},{"@type":"ImageObject","inLanguage":"pt-BR","@id":"https:\/\/www.gaveanews.com\/index.php\/2025\/07\/31\/copa-do-brasil-veja-provavel-escalacao-do-atletico-mg-para-enfrentar-o-flamengo\/#primaryimage","url":"https:\/\/www.gaveanews.com\/wp-content\/uploads\/Cuca-tecnico-do-Atletico-MG.webp","contentUrl":"https:\/\/www.gaveanews.com\/wp-content\/uploads\/Cuca-tecnico-do-Atletico-MG.webp","width":1024,"height":683,"caption":"Cuca como treinador do Atl\u00e9tico-MG (Foto: Bruno Cantini\/Atl\u00e9tico-MG)"},{"@type":"BreadcrumbList","@id":"https:\/\/www.gaveanews.com\/index.php\/2025\/07\/31\/copa-do-brasil-veja-provavel-escalacao-do-atletico-mg-para-enfrentar-o-flamengo\/#breadcrumb","itemListElement":[{"@type":"ListItem","position":1,"name":"Home","item":"https:\/\/www.gaveanews.com\/"},{"@type":"ListItem","position":2,"name":"Copa do Brasil: veja prov\u00e1vel escala\u00e7\u00e3o do Atl\u00e9tico-MG para enfrentar o Flamengo"}]},{"@type":"WebSite","@id":"https:\/\/www.gaveanews.com\/#website","url":"https:\/\/www.gaveanews.com\/","name":"G\u00e1vea News","description":"Veja todas as not\u00edcias sobre o Flamengo: Contrata\u00e7\u00f5es, categorias de base, resultados das partidas, tabela de classifica\u00e7\u00e3o, pr\u00f3ximos jogos!","potentialAction":[{"@type":"SearchAction","target":{"@type":"EntryPoint","urlTemplate":"https:\/\/www.gaveanews.com\/?s={search_term_string}"},"query-input":{"@type":"PropertyValueSpecification","valueRequired":true,"valueName":"search_term_string"}}],"inLanguage":"pt-BR"},{"@type":"Person","@id":"https:\/\/www.gaveanews.com\/#\/schema\/person\/0eb3e3fe1754f0205218538adbe8f5ed","name":"Rafaela Ladeira","image":{"@type":"ImageObject","inLanguage":"pt-BR","@id":"https:\/\/www.gaveanews.com\/#\/schema\/person\/image\/","url":"https:\/\/secure.gravatar.com\/avatar\/c31f513acffd85eacab5730cbdfdbbf59f21ba5aeada8cd890acea879fbb2455?s=96&d=mm&r=g","contentUrl":"https:\/\/secure.gravatar.com\/avatar\/c31f513acffd85eacab5730cbdfdbbf59f21ba5aeada8cd890acea879fbb2455?s=96&d=mm&r=g","caption":"Rafaela Ladeira"}}]}},"_links":{"self":[{"href":"https:\/\/www.gaveanews.com\/index.php\/wp-json\/wp\/v2\/posts\/273284","targetHints":{"allow":["GET"]}}],"collection":[{"href":"https:\/\/www.gaveanews.com\/index.php\/wp-json\/wp\/v2\/posts"}],"about":[{"href":"https:\/\/www.gaveanews.com\/index.php\/wp-json\/wp\/v2\/types\/post"}],"author":[{"embeddable":true,"href":"https:\/\/www.gaveanews.com\/index.php\/wp-json\/wp\/v2\/users\/25"}],"replies":[{"embeddable":true,"href":"https:\/\/www.gaveanews.com\/index.php\/wp-json\/wp\/v2\/comments?post=273284"}],"version-history":[{"count":1,"href":"https:\/\/www.gaveanews.com\/index.php\/wp-json\/wp\/v2\/posts\/273284\/revisions"}],"predecessor-version":[{"id":273285,"href":"https:\/\/www.gaveanews.com\/index.php\/wp-json\/wp\/v2\/posts\/273284\/revisions\/273285"}],"wp:featuredmedia":[{"embeddable":true,"href":"https:\/\/www.gaveanews.com\/index.php\/wp-json\/wp\/v2\/media\/68026"}],"wp:attachment":[{"href":"https:\/\/www.gaveanews.com\/index.php\/wp-json\/wp\/v2\/media?parent=273284"}],"wp:term":[{"taxonomy":"category","embeddable":true,"href":"https:\/\/www.gaveanews.com\/index.php\/wp-json\/wp\/v2\/categories?post=273284"},{"taxonomy":"post_tag","embeddable":true,"href":"https:\/\/www.gaveanews.com\/index.php\/wp-json\/wp\/v2\/tags?post=273284"}],"curies":[{"name":"wp","href":"https:\/\/api.w.org\/{rel}","templated":true}]}}