{"id":273286,"date":"2025-07-31T16:00:00","date_gmt":"2025-07-31T19:00:00","guid":{"rendered":"https:\/\/www.gaveanews.com\/?p=273286"},"modified":"2025-07-31T14:43:46","modified_gmt":"2025-07-31T17:43:46","slug":"flamengo-x-atletico-veja-a-provavel-escalacao-de-filipe-luis","status":"publish","type":"post","link":"https:\/\/www.gaveanews.com\/index.php\/2025\/07\/31\/flamengo-x-atletico-veja-a-provavel-escalacao-de-filipe-luis\/","title":{"rendered":"Flamengo x Atl\u00e9tico: veja a prov\u00e1vel escala\u00e7\u00e3o de Filipe Lu\u00eds"},"content":{"rendered":"\n<p>O Maracan\u00e3 ser\u00e1 palco de mais um cap\u00edtulo decisivo da Copa do Brasil nesta quinta-feira (31). O Flamengo, sob o comando de Filipe Lu\u00eds, enfrenta o Atl\u00e9tico-MG pela ida das oitavas de final da competi\u00e7\u00e3o nacional.&nbsp;<\/p>\n\n\n\n<p>O t\u00e9cnico rubro-negro promove altera\u00e7\u00f5es importantes na equipe titular, e isso chama aten\u00e7\u00e3o por envolver nomes de peso e jovens promessas do elenco.<\/p>\n\n\n\n<h2 class=\"wp-block-heading\" id=\"h-mudancas-no-meio-e-ataque-reforcam-proposta-de-intensidade\">Mudan\u00e7as no meio e ataque refor\u00e7am proposta de intensidade<\/h2>\n\n\n\n<p>Vale destacar que Filipe Lu\u00eds optou por Allan e Evertton Ara\u00fajo como titulares no meio de campo, refor\u00e7ando a marca\u00e7\u00e3o e a transi\u00e7\u00e3o com velocidade. Al\u00e9m disso, Pedro deve iniciar no comando do ataque, ganhando nova chance para se firmar como refer\u00eancia ofensiva. Por isso, Jorginho, que vinha atuando com frequ\u00eancia, ser\u00e1 op\u00e7\u00e3o no banco de reservas.<\/p>\n\n\n\n<p>A prov\u00e1vel escala\u00e7\u00e3o do Flamengo \u00e9: Rossi; Varela, L\u00e9o Ortiz, L\u00e9o Pereira (ou Cleiton), Vi\u00f1a; Allan, Evertton Ara\u00fajo, Arrascaeta; Luiz Ara\u00fajo (ou Matheus Gon\u00e7alves), Bruno Henrique (ou Cebolinha ou Wallace Yan) e Pedro.&nbsp;<\/p>\n\n\n\n<p>Dessa maneira, o Rubro-Negro aposta em um time que mescla for\u00e7a, mobilidade e experi\u00eancia.<\/p>\n\n\n\n<h2 class=\"wp-block-heading\" id=\"h-desfalques-ainda-preocupam-o-flamengo\">Desfalques ainda preocupam o Flamengo<\/h2>\n\n\n\n<p>O elenco rubro-negro segue desfalcado por nomes importantes. Isso porque Alex Sandro, lesionado, e Michael, com dores no tornozelo, n\u00e3o est\u00e3o \u00e0 disposi\u00e7\u00e3o.&nbsp;<\/p>\n\n\n\n<p>Al\u00e9m deles, Erick Pulgar continua se recuperando da fratura no p\u00e9 direito, e De La Cruz ainda n\u00e3o atingiu plena forma f\u00edsica. Sendo assim, Filipe Lu\u00eds precisa lidar com limita\u00e7\u00f5es para montar sua equipe ideal.<\/p>\n\n\n\n<h2 class=\"wp-block-heading\" id=\"h-estreia-no-torneio-e-casa-cheia\">Estreia no torneio e casa cheia<\/h2>\n\n\n\n<p>O jogo est\u00e1 marcado para \u00e0s 21h30 (hor\u00e1rio de Bras\u00edlia), com transmiss\u00e3o ao vivo no SporTV e Premiere. Cabe ressaltar que a expectativa \u00e9 de est\u00e1dio lotado, impulsionando o Flamengo em busca de vantagem no confronto de ida. Com isso, a atmosfera ser\u00e1 decisiva para embalar o time e pressionar o advers\u00e1rio.<\/p>\n\n\n\n<p>Portanto, o duelo entre Flamengo e Atl\u00e9tico-MG promete ser intenso e estrat\u00e9gico, com Filipe Lu\u00eds apostando em alternativas ousadas. Desse jeito, o Rubro-Negro tenta largar na frente e construir uma vantagem s\u00f3lida rumo \u00e0s quartas de final.<\/p>\n","protected":false},"excerpt":{"rendered":"<p>O Maracan\u00e3 ser\u00e1 palco de mais um cap\u00edtulo decisivo da Copa do Brasil nesta quinta-feira (31). O Flamengo, sob o comando de Filipe Lu\u00eds, enfrenta o Atl\u00e9tico-MG pela ida das oitavas de final da competi\u00e7\u00e3o nacional.&nbsp; O t\u00e9cnico rubro-negro promove altera\u00e7\u00f5es importantes na equipe titular, e isso chama aten\u00e7\u00e3o por envolver nomes de peso e [&hellip;]<\/p>\n","protected":false},"author":25,"featured_media":171213,"comment_status":"open","ping_status":"closed","sticky":false,"template":"","format":"standard","meta":{"footnotes":""},"categories":[1],"tags":[],"class_list":["post-273286","post","type-post","status-publish","format-standard","has-post-thumbnail","hentry","category-flamengo"],"yoast_head":"<!-- This site is optimized with the Yoast SEO Premium plugin v24.2 (Yoast SEO v26.9) - https:\/\/yoast.com\/product\/yoast-seo-premium-wordpress\/ -->\n<title>Flamengo x Atl\u00e9tico: veja a prov\u00e1vel escala\u00e7\u00e3o de Filipe Lu\u00eds<\/title>\n<meta name=\"robots\" content=\"index, follow, max-snippet:-1, max-image-preview:large, max-video-preview:-1\" \/>\n<link rel=\"canonical\" href=\"https:\/\/www.gaveanews.com\/index.php\/2025\/07\/31\/flamengo-x-atletico-veja-a-provavel-escalacao-de-filipe-luis\/\" \/>\n<meta property=\"og:locale\" content=\"pt_BR\" \/>\n<meta property=\"og:type\" content=\"article\" \/>\n<meta property=\"og:title\" content=\"Flamengo x Atl\u00e9tico: veja a prov\u00e1vel escala\u00e7\u00e3o de Filipe Lu\u00eds\" \/>\n<meta property=\"og:description\" content=\"O Maracan\u00e3 ser\u00e1 palco de mais um cap\u00edtulo decisivo da Copa do Brasil nesta quinta-feira (31). O Flamengo, sob o comando de Filipe Lu\u00eds, enfrenta o Atl\u00e9tico-MG pela ida das oitavas de final da competi\u00e7\u00e3o nacional.&nbsp; O t\u00e9cnico rubro-negro promove altera\u00e7\u00f5es importantes na equipe titular, e isso chama aten\u00e7\u00e3o por envolver nomes de peso e [&hellip;]\" \/>\n<meta property=\"og:url\" content=\"https:\/\/www.gaveanews.com\/index.php\/2025\/07\/31\/flamengo-x-atletico-veja-a-provavel-escalacao-de-filipe-luis\/\" \/>\n<meta property=\"og:site_name\" content=\"G\u00e1vea News\" \/>\n<meta property=\"article:publisher\" content=\"https:\/\/facebook.com\/gaveaNews\/\" \/>\n<meta property=\"article:published_time\" content=\"2025-07-31T19:00:00+00:00\" \/>\n<meta property=\"og:image\" content=\"https:\/\/www.gaveanews.com\/wp-content\/uploads\/Filipe-Luis-como-tecnico-do-Flamengo-em-2024.webp\" \/>\n\t<meta property=\"og:image:width\" content=\"1065\" \/>\n\t<meta property=\"og:image:height\" content=\"710\" \/>\n\t<meta property=\"og:image:type\" content=\"image\/webp\" \/>\n<meta name=\"author\" content=\"Rafaela Ladeira\" \/>\n<meta name=\"twitter:card\" content=\"summary_large_image\" \/>\n<meta name=\"twitter:label1\" content=\"Escrito por\" \/>\n\t<meta name=\"twitter:data1\" content=\"Rafaela Ladeira\" \/>\n\t<meta name=\"twitter:label2\" content=\"Est. tempo de leitura\" \/>\n\t<meta name=\"twitter:data2\" content=\"3 minutos\" \/>\n<script type=\"application\/ld+json\" class=\"yoast-schema-graph\">{\"@context\":\"https:\/\/schema.org\",\"@graph\":[{\"@type\":\"NewsArticle\",\"@id\":\"https:\/\/www.gaveanews.com\/index.php\/2025\/07\/31\/flamengo-x-atletico-veja-a-provavel-escalacao-de-filipe-luis\/#article\",\"isPartOf\":{\"@id\":\"https:\/\/www.gaveanews.com\/index.php\/2025\/07\/31\/flamengo-x-atletico-veja-a-provavel-escalacao-de-filipe-luis\/\"},\"author\":{\"name\":\"Rafaela Ladeira\",\"@id\":\"https:\/\/www.gaveanews.com\/#\/schema\/person\/0eb3e3fe1754f0205218538adbe8f5ed\"},\"headline\":\"Flamengo x Atl\u00e9tico: veja a prov\u00e1vel escala\u00e7\u00e3o de Filipe Lu\u00eds\",\"datePublished\":\"2025-07-31T19:00:00+00:00\",\"mainEntityOfPage\":{\"@id\":\"https:\/\/www.gaveanews.com\/index.php\/2025\/07\/31\/flamengo-x-atletico-veja-a-provavel-escalacao-de-filipe-luis\/\"},\"wordCount\":388,\"commentCount\":0,\"image\":{\"@id\":\"https:\/\/www.gaveanews.com\/index.php\/2025\/07\/31\/flamengo-x-atletico-veja-a-provavel-escalacao-de-filipe-luis\/#primaryimage\"},\"thumbnailUrl\":\"https:\/\/www.gaveanews.com\/wp-content\/uploads\/Filipe-Luis-como-tecnico-do-Flamengo-em-2024.webp\",\"articleSection\":[\"Flamengo\"],\"inLanguage\":\"pt-BR\",\"potentialAction\":[{\"@type\":\"CommentAction\",\"name\":\"Comment\",\"target\":[\"https:\/\/www.gaveanews.com\/index.php\/2025\/07\/31\/flamengo-x-atletico-veja-a-provavel-escalacao-de-filipe-luis\/#respond\"]}],\"copyrightYear\":\"2025\",\"copyrightHolder\":{\"@id\":\"https:\/\/www.gaveanews.com\/#organization\"}},{\"@type\":\"WebPage\",\"@id\":\"https:\/\/www.gaveanews.com\/index.php\/2025\/07\/31\/flamengo-x-atletico-veja-a-provavel-escalacao-de-filipe-luis\/\",\"url\":\"https:\/\/www.gaveanews.com\/index.php\/2025\/07\/31\/flamengo-x-atletico-veja-a-provavel-escalacao-de-filipe-luis\/\",\"name\":\"Flamengo x Atl\u00e9tico: veja a prov\u00e1vel escala\u00e7\u00e3o de Filipe Lu\u00eds\",\"isPartOf\":{\"@id\":\"https:\/\/www.gaveanews.com\/#website\"},\"primaryImageOfPage\":{\"@id\":\"https:\/\/www.gaveanews.com\/index.php\/2025\/07\/31\/flamengo-x-atletico-veja-a-provavel-escalacao-de-filipe-luis\/#primaryimage\"},\"image\":{\"@id\":\"https:\/\/www.gaveanews.com\/index.php\/2025\/07\/31\/flamengo-x-atletico-veja-a-provavel-escalacao-de-filipe-luis\/#primaryimage\"},\"thumbnailUrl\":\"https:\/\/www.gaveanews.com\/wp-content\/uploads\/Filipe-Luis-como-tecnico-do-Flamengo-em-2024.webp\",\"datePublished\":\"2025-07-31T19:00:00+00:00\",\"author\":{\"@id\":\"https:\/\/www.gaveanews.com\/#\/schema\/person\/0eb3e3fe1754f0205218538adbe8f5ed\"},\"breadcrumb\":{\"@id\":\"https:\/\/www.gaveanews.com\/index.php\/2025\/07\/31\/flamengo-x-atletico-veja-a-provavel-escalacao-de-filipe-luis\/#breadcrumb\"},\"inLanguage\":\"pt-BR\",\"potentialAction\":[{\"@type\":\"ReadAction\",\"target\":[\"https:\/\/www.gaveanews.com\/index.php\/2025\/07\/31\/flamengo-x-atletico-veja-a-provavel-escalacao-de-filipe-luis\/\"]}]},{\"@type\":\"ImageObject\",\"inLanguage\":\"pt-BR\",\"@id\":\"https:\/\/www.gaveanews.com\/index.php\/2025\/07\/31\/flamengo-x-atletico-veja-a-provavel-escalacao-de-filipe-luis\/#primaryimage\",\"url\":\"https:\/\/www.gaveanews.com\/wp-content\/uploads\/Filipe-Luis-como-tecnico-do-Flamengo-em-2024.webp\",\"contentUrl\":\"https:\/\/www.gaveanews.com\/wp-content\/uploads\/Filipe-Luis-como-tecnico-do-Flamengo-em-2024.webp\",\"width\":1065,\"height\":710,\"caption\":\"Filipe Lu\u00eds como t\u00e9cnico do Flamengo em (Foto: Gilvan de Souza e Marcelo Cortes \/ CRF)\"},{\"@type\":\"BreadcrumbList\",\"@id\":\"https:\/\/www.gaveanews.com\/index.php\/2025\/07\/31\/flamengo-x-atletico-veja-a-provavel-escalacao-de-filipe-luis\/#breadcrumb\",\"itemListElement\":[{\"@type\":\"ListItem\",\"position\":1,\"name\":\"Home\",\"item\":\"https:\/\/www.gaveanews.com\/\"},{\"@type\":\"ListItem\",\"position\":2,\"name\":\"Flamengo x Atl\u00e9tico: veja a prov\u00e1vel escala\u00e7\u00e3o de Filipe Lu\u00eds\"}]},{\"@type\":\"WebSite\",\"@id\":\"https:\/\/www.gaveanews.com\/#website\",\"url\":\"https:\/\/www.gaveanews.com\/\",\"name\":\"G\u00e1vea News\",\"description\":\"Veja todas as not\u00edcias sobre o Flamengo: Contrata\u00e7\u00f5es, categorias de base, resultados das partidas, tabela de classifica\u00e7\u00e3o, pr\u00f3ximos jogos!\",\"potentialAction\":[{\"@type\":\"SearchAction\",\"target\":{\"@type\":\"EntryPoint\",\"urlTemplate\":\"https:\/\/www.gaveanews.com\/?s={search_term_string}\"},\"query-input\":{\"@type\":\"PropertyValueSpecification\",\"valueRequired\":true,\"valueName\":\"search_term_string\"}}],\"inLanguage\":\"pt-BR\"},{\"@type\":\"Person\",\"@id\":\"https:\/\/www.gaveanews.com\/#\/schema\/person\/0eb3e3fe1754f0205218538adbe8f5ed\",\"name\":\"Rafaela Ladeira\",\"image\":{\"@type\":\"ImageObject\",\"inLanguage\":\"pt-BR\",\"@id\":\"https:\/\/www.gaveanews.com\/#\/schema\/person\/image\/\",\"url\":\"https:\/\/secure.gravatar.com\/avatar\/c31f513acffd85eacab5730cbdfdbbf59f21ba5aeada8cd890acea879fbb2455?s=96&d=mm&r=g\",\"contentUrl\":\"https:\/\/secure.gravatar.com\/avatar\/c31f513acffd85eacab5730cbdfdbbf59f21ba5aeada8cd890acea879fbb2455?s=96&d=mm&r=g\",\"caption\":\"Rafaela Ladeira\"}}]}<\/script>\n<!-- \/ Yoast SEO Premium plugin. -->","yoast_head_json":{"title":"Flamengo x Atl\u00e9tico: veja a prov\u00e1vel escala\u00e7\u00e3o de Filipe Lu\u00eds","robots":{"index":"index","follow":"follow","max-snippet":"max-snippet:-1","max-image-preview":"max-image-preview:large","max-video-preview":"max-video-preview:-1"},"canonical":"https:\/\/www.gaveanews.com\/index.php\/2025\/07\/31\/flamengo-x-atletico-veja-a-provavel-escalacao-de-filipe-luis\/","og_locale":"pt_BR","og_type":"article","og_title":"Flamengo x Atl\u00e9tico: veja a prov\u00e1vel escala\u00e7\u00e3o de Filipe Lu\u00eds","og_description":"O Maracan\u00e3 ser\u00e1 palco de mais um cap\u00edtulo decisivo da Copa do Brasil nesta quinta-feira (31). O Flamengo, sob o comando de Filipe Lu\u00eds, enfrenta o Atl\u00e9tico-MG pela ida das oitavas de final da competi\u00e7\u00e3o nacional.&nbsp; O t\u00e9cnico rubro-negro promove altera\u00e7\u00f5es importantes na equipe titular, e isso chama aten\u00e7\u00e3o por envolver nomes de peso e [&hellip;]","og_url":"https:\/\/www.gaveanews.com\/index.php\/2025\/07\/31\/flamengo-x-atletico-veja-a-provavel-escalacao-de-filipe-luis\/","og_site_name":"G\u00e1vea News","article_publisher":"https:\/\/facebook.com\/gaveaNews\/","article_published_time":"2025-07-31T19:00:00+00:00","og_image":[{"width":1065,"height":710,"url":"https:\/\/www.gaveanews.com\/wp-content\/uploads\/Filipe-Luis-como-tecnico-do-Flamengo-em-2024.webp","type":"image\/webp"}],"author":"Rafaela Ladeira","twitter_card":"summary_large_image","twitter_misc":{"Escrito por":"Rafaela Ladeira","Est. tempo de leitura":"3 minutos"},"schema":{"@context":"https:\/\/schema.org","@graph":[{"@type":"NewsArticle","@id":"https:\/\/www.gaveanews.com\/index.php\/2025\/07\/31\/flamengo-x-atletico-veja-a-provavel-escalacao-de-filipe-luis\/#article","isPartOf":{"@id":"https:\/\/www.gaveanews.com\/index.php\/2025\/07\/31\/flamengo-x-atletico-veja-a-provavel-escalacao-de-filipe-luis\/"},"author":{"name":"Rafaela Ladeira","@id":"https:\/\/www.gaveanews.com\/#\/schema\/person\/0eb3e3fe1754f0205218538adbe8f5ed"},"headline":"Flamengo x Atl\u00e9tico: veja a prov\u00e1vel escala\u00e7\u00e3o de Filipe Lu\u00eds","datePublished":"2025-07-31T19:00:00+00:00","mainEntityOfPage":{"@id":"https:\/\/www.gaveanews.com\/index.php\/2025\/07\/31\/flamengo-x-atletico-veja-a-provavel-escalacao-de-filipe-luis\/"},"wordCount":388,"commentCount":0,"image":{"@id":"https:\/\/www.gaveanews.com\/index.php\/2025\/07\/31\/flamengo-x-atletico-veja-a-provavel-escalacao-de-filipe-luis\/#primaryimage"},"thumbnailUrl":"https:\/\/www.gaveanews.com\/wp-content\/uploads\/Filipe-Luis-como-tecnico-do-Flamengo-em-2024.webp","articleSection":["Flamengo"],"inLanguage":"pt-BR","potentialAction":[{"@type":"CommentAction","name":"Comment","target":["https:\/\/www.gaveanews.com\/index.php\/2025\/07\/31\/flamengo-x-atletico-veja-a-provavel-escalacao-de-filipe-luis\/#respond"]}],"copyrightYear":"2025","copyrightHolder":{"@id":"https:\/\/www.gaveanews.com\/#organization"}},{"@type":"WebPage","@id":"https:\/\/www.gaveanews.com\/index.php\/2025\/07\/31\/flamengo-x-atletico-veja-a-provavel-escalacao-de-filipe-luis\/","url":"https:\/\/www.gaveanews.com\/index.php\/2025\/07\/31\/flamengo-x-atletico-veja-a-provavel-escalacao-de-filipe-luis\/","name":"Flamengo x Atl\u00e9tico: veja a prov\u00e1vel escala\u00e7\u00e3o de Filipe Lu\u00eds","isPartOf":{"@id":"https:\/\/www.gaveanews.com\/#website"},"primaryImageOfPage":{"@id":"https:\/\/www.gaveanews.com\/index.php\/2025\/07\/31\/flamengo-x-atletico-veja-a-provavel-escalacao-de-filipe-luis\/#primaryimage"},"image":{"@id":"https:\/\/www.gaveanews.com\/index.php\/2025\/07\/31\/flamengo-x-atletico-veja-a-provavel-escalacao-de-filipe-luis\/#primaryimage"},"thumbnailUrl":"https:\/\/www.gaveanews.com\/wp-content\/uploads\/Filipe-Luis-como-tecnico-do-Flamengo-em-2024.webp","datePublished":"2025-07-31T19:00:00+00:00","author":{"@id":"https:\/\/www.gaveanews.com\/#\/schema\/person\/0eb3e3fe1754f0205218538adbe8f5ed"},"breadcrumb":{"@id":"https:\/\/www.gaveanews.com\/index.php\/2025\/07\/31\/flamengo-x-atletico-veja-a-provavel-escalacao-de-filipe-luis\/#breadcrumb"},"inLanguage":"pt-BR","potentialAction":[{"@type":"ReadAction","target":["https:\/\/www.gaveanews.com\/index.php\/2025\/07\/31\/flamengo-x-atletico-veja-a-provavel-escalacao-de-filipe-luis\/"]}]},{"@type":"ImageObject","inLanguage":"pt-BR","@id":"https:\/\/www.gaveanews.com\/index.php\/2025\/07\/31\/flamengo-x-atletico-veja-a-provavel-escalacao-de-filipe-luis\/#primaryimage","url":"https:\/\/www.gaveanews.com\/wp-content\/uploads\/Filipe-Luis-como-tecnico-do-Flamengo-em-2024.webp","contentUrl":"https:\/\/www.gaveanews.com\/wp-content\/uploads\/Filipe-Luis-como-tecnico-do-Flamengo-em-2024.webp","width":1065,"height":710,"caption":"Filipe Lu\u00eds como t\u00e9cnico do Flamengo em (Foto: Gilvan de Souza e Marcelo Cortes \/ CRF)"},{"@type":"BreadcrumbList","@id":"https:\/\/www.gaveanews.com\/index.php\/2025\/07\/31\/flamengo-x-atletico-veja-a-provavel-escalacao-de-filipe-luis\/#breadcrumb","itemListElement":[{"@type":"ListItem","position":1,"name":"Home","item":"https:\/\/www.gaveanews.com\/"},{"@type":"ListItem","position":2,"name":"Flamengo x Atl\u00e9tico: veja a prov\u00e1vel escala\u00e7\u00e3o de Filipe Lu\u00eds"}]},{"@type":"WebSite","@id":"https:\/\/www.gaveanews.com\/#website","url":"https:\/\/www.gaveanews.com\/","name":"G\u00e1vea News","description":"Veja todas as not\u00edcias sobre o Flamengo: Contrata\u00e7\u00f5es, categorias de base, resultados das partidas, tabela de classifica\u00e7\u00e3o, pr\u00f3ximos jogos!","potentialAction":[{"@type":"SearchAction","target":{"@type":"EntryPoint","urlTemplate":"https:\/\/www.gaveanews.com\/?s={search_term_string}"},"query-input":{"@type":"PropertyValueSpecification","valueRequired":true,"valueName":"search_term_string"}}],"inLanguage":"pt-BR"},{"@type":"Person","@id":"https:\/\/www.gaveanews.com\/#\/schema\/person\/0eb3e3fe1754f0205218538adbe8f5ed","name":"Rafaela Ladeira","image":{"@type":"ImageObject","inLanguage":"pt-BR","@id":"https:\/\/www.gaveanews.com\/#\/schema\/person\/image\/","url":"https:\/\/secure.gravatar.com\/avatar\/c31f513acffd85eacab5730cbdfdbbf59f21ba5aeada8cd890acea879fbb2455?s=96&d=mm&r=g","contentUrl":"https:\/\/secure.gravatar.com\/avatar\/c31f513acffd85eacab5730cbdfdbbf59f21ba5aeada8cd890acea879fbb2455?s=96&d=mm&r=g","caption":"Rafaela Ladeira"}}]}},"_links":{"self":[{"href":"https:\/\/www.gaveanews.com\/index.php\/wp-json\/wp\/v2\/posts\/273286","targetHints":{"allow":["GET"]}}],"collection":[{"href":"https:\/\/www.gaveanews.com\/index.php\/wp-json\/wp\/v2\/posts"}],"about":[{"href":"https:\/\/www.gaveanews.com\/index.php\/wp-json\/wp\/v2\/types\/post"}],"author":[{"embeddable":true,"href":"https:\/\/www.gaveanews.com\/index.php\/wp-json\/wp\/v2\/users\/25"}],"replies":[{"embeddable":true,"href":"https:\/\/www.gaveanews.com\/index.php\/wp-json\/wp\/v2\/comments?post=273286"}],"version-history":[{"count":1,"href":"https:\/\/www.gaveanews.com\/index.php\/wp-json\/wp\/v2\/posts\/273286\/revisions"}],"predecessor-version":[{"id":273287,"href":"https:\/\/www.gaveanews.com\/index.php\/wp-json\/wp\/v2\/posts\/273286\/revisions\/273287"}],"wp:featuredmedia":[{"embeddable":true,"href":"https:\/\/www.gaveanews.com\/index.php\/wp-json\/wp\/v2\/media\/171213"}],"wp:attachment":[{"href":"https:\/\/www.gaveanews.com\/index.php\/wp-json\/wp\/v2\/media?parent=273286"}],"wp:term":[{"taxonomy":"category","embeddable":true,"href":"https:\/\/www.gaveanews.com\/index.php\/wp-json\/wp\/v2\/categories?post=273286"},{"taxonomy":"post_tag","embeddable":true,"href":"https:\/\/www.gaveanews.com\/index.php\/wp-json\/wp\/v2\/tags?post=273286"}],"curies":[{"name":"wp","href":"https:\/\/api.w.org\/{rel}","templated":true}]}}