{"id":273291,"date":"2025-07-31T15:30:00","date_gmt":"2025-07-31T18:30:00","guid":{"rendered":"https:\/\/www.gaveanews.com\/?p=273291"},"modified":"2025-07-31T15:06:12","modified_gmt":"2025-07-31T18:06:12","slug":"saul-gera-polemica-ao-falar-sobre-jogador-especulado-no-flamengo","status":"publish","type":"post","link":"https:\/\/www.gaveanews.com\/index.php\/2025\/07\/31\/saul-gera-polemica-ao-falar-sobre-jogador-especulado-no-flamengo\/","title":{"rendered":"Sa\u00fal gera pol\u00eamica ao falar sobre jogador especulado no Flamengo"},"content":{"rendered":"\n<p>A chegada de Sa\u00fal \u00d1\u00edguez ao Flamengo trouxe consigo n\u00e3o apenas expectativas dentro de campo, mas tamb\u00e9m declara\u00e7\u00f5es marcantes fora dele. O novo camisa 8 do Rubro-Negro n\u00e3o economizou palavras ao se referir a Jo\u00e3o F\u00e9lix, jogador que chegou a ser sondado pelo clube carioca.&nbsp;<\/p>\n\n\n\n<p>Em entrevista reproduzida pelo jornal \u201cMarca\u201d, o espanhol criticou a postura do ex-companheiro no Atl\u00e9tico de Madrid, gerando pol\u00eamica.<\/p>\n\n\n\n<p>\u201cO futebol \u00e9 um jogo de equipe. Ele tem as qualidades para ser um jogador incr\u00edvel, mas por melhor que voc\u00ea seja, se n\u00e3o trabalha, n\u00e3o adianta. Escutei uma frase uma vez que dizia que o talento sem trabalho n\u00e3o \u00e9 nada. Tentamos muito ajudar ao Jo\u00e3o, mas se a pessoa n\u00e3o quiser\u2026\u201d, disparou Sa\u00fal.<\/p>\n\n\n\n<h2 class=\"wp-block-heading\" id=\"h-joao-felix-recusou-flamengo-mas-deixou-boa-impressao\">Jo\u00e3o F\u00e9lix recusou Flamengo, mas deixou boa impress\u00e3o<\/h2>\n\n\n\n<p>Antes de ser anunciado oficialmente pelo Al-Nassr, da Ar\u00e1bia Saudita, Jo\u00e3o F\u00e9lix esteve no radar do Flamengo. As negocia\u00e7\u00f5es foram conduzidas por Jos\u00e9 Boto, diretor de futebol do clube, que tentou convencer o atacante a vestir o Manto Sagrado.&nbsp;<\/p>\n\n\n\n<p>O portugu\u00eas se mostrou impressionado com a estrutura da equipe, mas optou por permanecer na Europa. Por isso, as conversas n\u00e3o evolu\u00edram.<\/p>\n\n\n\n<p>Vale destacar que F\u00e9lix e Sa\u00fal atuaram juntos por quatro anos no Atl\u00e9tico de Madrid. Sendo assim, a cr\u00edtica do meio-campista carrega um peso especial, porque parte de algu\u00e9m que presenciou de perto os bastidores da trajet\u00f3ria do portugu\u00eas no clube espanhol.<\/p>\n\n\n\n<h2 class=\"wp-block-heading\" id=\"h-estreia-de-saul-se-aproxima-em-meio-a-repercussao\">Estreia de Sa\u00fal se aproxima em meio \u00e0 repercuss\u00e3o<\/h2>\n\n\n\n<p>Enquanto Jo\u00e3o F\u00e9lix inicia novo ciclo no Al-Nassr, Sa\u00fal \u00d1\u00edguez est\u00e1 pronto para fazer sua estreia com a camisa do Flamengo. O jogador foi relacionado para o confronto contra o Atl\u00e9tico-MG, v\u00e1lido pelas oitavas de final da Copa do Brasil.&nbsp;<\/p>\n\n\n\n<p>A expectativa \u00e9 grande por parte da torcida, e a declara\u00e7\u00e3o pol\u00eamica s\u00f3 aumentou os holofotes sobre o espanhol.<\/p>\n\n\n\n<p>Cabe ressaltar que Sa\u00fal j\u00e1 se mostrou adaptado ao clube e dispon\u00edvel para contribuir imediatamente. Com isso, o Rubro-Negro aposta em sua experi\u00eancia para fortalecer o elenco em um momento decisivo da temporada.<\/p>\n\n\n\n<p>Dessa maneira, a chegada de Sa\u00fal ao Flamengo j\u00e1 est\u00e1 marcada n\u00e3o s\u00f3 por refor\u00e7ar o meio-campo, mas tamb\u00e9m por gerar debates intensos sobre comportamento e profissionalismo no futebol atual.<\/p>\n","protected":false},"excerpt":{"rendered":"<p>A chegada de Sa\u00fal \u00d1\u00edguez ao Flamengo trouxe consigo n\u00e3o apenas expectativas dentro de campo, mas tamb\u00e9m declara\u00e7\u00f5es marcantes fora dele. O novo camisa 8 do Rubro-Negro n\u00e3o economizou palavras ao se referir a Jo\u00e3o F\u00e9lix, jogador que chegou a ser sondado pelo clube carioca.&nbsp; Em entrevista reproduzida pelo jornal \u201cMarca\u201d, o espanhol criticou a [&hellip;]<\/p>\n","protected":false},"author":25,"featured_media":272987,"comment_status":"open","ping_status":"closed","sticky":false,"template":"","format":"standard","meta":{"footnotes":""},"categories":[1],"tags":[],"class_list":["post-273291","post","type-post","status-publish","format-standard","has-post-thumbnail","hentry","category-flamengo"],"yoast_head":"<!-- This site is optimized with the Yoast SEO Premium plugin v24.2 (Yoast SEO v26.9) - https:\/\/yoast.com\/product\/yoast-seo-premium-wordpress\/ -->\n<title>Sa\u00fal gera pol\u00eamica ao falar sobre jogador especulado no Flamengo<\/title>\n<meta name=\"robots\" content=\"index, follow, max-snippet:-1, max-image-preview:large, max-video-preview:-1\" \/>\n<link rel=\"canonical\" href=\"https:\/\/www.gaveanews.com\/index.php\/2025\/07\/31\/saul-gera-polemica-ao-falar-sobre-jogador-especulado-no-flamengo\/\" \/>\n<meta property=\"og:locale\" content=\"pt_BR\" \/>\n<meta property=\"og:type\" content=\"article\" \/>\n<meta property=\"og:title\" content=\"Sa\u00fal gera pol\u00eamica ao falar sobre jogador especulado no Flamengo\" \/>\n<meta property=\"og:description\" content=\"A chegada de Sa\u00fal \u00d1\u00edguez ao Flamengo trouxe consigo n\u00e3o apenas expectativas dentro de campo, mas tamb\u00e9m declara\u00e7\u00f5es marcantes fora dele. O novo camisa 8 do Rubro-Negro n\u00e3o economizou palavras ao se referir a Jo\u00e3o F\u00e9lix, jogador que chegou a ser sondado pelo clube carioca.&nbsp; Em entrevista reproduzida pelo jornal \u201cMarca\u201d, o espanhol criticou a [&hellip;]\" \/>\n<meta property=\"og:url\" content=\"https:\/\/www.gaveanews.com\/index.php\/2025\/07\/31\/saul-gera-polemica-ao-falar-sobre-jogador-especulado-no-flamengo\/\" \/>\n<meta property=\"og:site_name\" content=\"G\u00e1vea News\" \/>\n<meta property=\"article:publisher\" content=\"https:\/\/facebook.com\/gaveaNews\/\" \/>\n<meta property=\"article:published_time\" content=\"2025-07-31T18:30:00+00:00\" \/>\n<meta property=\"og:image\" content=\"https:\/\/www.gaveanews.com\/wp-content\/uploads\/Saul-Niguez-novo-reforco-do-Flamengo.jpg\" \/>\n\t<meta property=\"og:image:width\" content=\"1280\" \/>\n\t<meta property=\"og:image:height\" content=\"960\" \/>\n\t<meta property=\"og:image:type\" content=\"image\/jpeg\" \/>\n<meta name=\"author\" content=\"Rafaela Ladeira\" \/>\n<meta name=\"twitter:card\" content=\"summary_large_image\" \/>\n<meta name=\"twitter:label1\" content=\"Escrito por\" \/>\n\t<meta name=\"twitter:data1\" content=\"Rafaela Ladeira\" \/>\n\t<meta name=\"twitter:label2\" content=\"Est. tempo de leitura\" \/>\n\t<meta name=\"twitter:data2\" content=\"3 minutos\" \/>\n<script type=\"application\/ld+json\" class=\"yoast-schema-graph\">{\"@context\":\"https:\/\/schema.org\",\"@graph\":[{\"@type\":\"NewsArticle\",\"@id\":\"https:\/\/www.gaveanews.com\/index.php\/2025\/07\/31\/saul-gera-polemica-ao-falar-sobre-jogador-especulado-no-flamengo\/#article\",\"isPartOf\":{\"@id\":\"https:\/\/www.gaveanews.com\/index.php\/2025\/07\/31\/saul-gera-polemica-ao-falar-sobre-jogador-especulado-no-flamengo\/\"},\"author\":{\"name\":\"Rafaela Ladeira\",\"@id\":\"https:\/\/www.gaveanews.com\/#\/schema\/person\/0eb3e3fe1754f0205218538adbe8f5ed\"},\"headline\":\"Sa\u00fal gera pol\u00eamica ao falar sobre jogador especulado no Flamengo\",\"datePublished\":\"2025-07-31T18:30:00+00:00\",\"mainEntityOfPage\":{\"@id\":\"https:\/\/www.gaveanews.com\/index.php\/2025\/07\/31\/saul-gera-polemica-ao-falar-sobre-jogador-especulado-no-flamengo\/\"},\"wordCount\":420,\"commentCount\":0,\"image\":{\"@id\":\"https:\/\/www.gaveanews.com\/index.php\/2025\/07\/31\/saul-gera-polemica-ao-falar-sobre-jogador-especulado-no-flamengo\/#primaryimage\"},\"thumbnailUrl\":\"https:\/\/www.gaveanews.com\/wp-content\/uploads\/Saul-Niguez-novo-reforco-do-Flamengo.jpg\",\"articleSection\":[\"Flamengo\"],\"inLanguage\":\"pt-BR\",\"potentialAction\":[{\"@type\":\"CommentAction\",\"name\":\"Comment\",\"target\":[\"https:\/\/www.gaveanews.com\/index.php\/2025\/07\/31\/saul-gera-polemica-ao-falar-sobre-jogador-especulado-no-flamengo\/#respond\"]}],\"copyrightYear\":\"2025\",\"copyrightHolder\":{\"@id\":\"https:\/\/www.gaveanews.com\/#organization\"}},{\"@type\":\"WebPage\",\"@id\":\"https:\/\/www.gaveanews.com\/index.php\/2025\/07\/31\/saul-gera-polemica-ao-falar-sobre-jogador-especulado-no-flamengo\/\",\"url\":\"https:\/\/www.gaveanews.com\/index.php\/2025\/07\/31\/saul-gera-polemica-ao-falar-sobre-jogador-especulado-no-flamengo\/\",\"name\":\"Sa\u00fal gera pol\u00eamica ao falar sobre jogador especulado no Flamengo\",\"isPartOf\":{\"@id\":\"https:\/\/www.gaveanews.com\/#website\"},\"primaryImageOfPage\":{\"@id\":\"https:\/\/www.gaveanews.com\/index.php\/2025\/07\/31\/saul-gera-polemica-ao-falar-sobre-jogador-especulado-no-flamengo\/#primaryimage\"},\"image\":{\"@id\":\"https:\/\/www.gaveanews.com\/index.php\/2025\/07\/31\/saul-gera-polemica-ao-falar-sobre-jogador-especulado-no-flamengo\/#primaryimage\"},\"thumbnailUrl\":\"https:\/\/www.gaveanews.com\/wp-content\/uploads\/Saul-Niguez-novo-reforco-do-Flamengo.jpg\",\"datePublished\":\"2025-07-31T18:30:00+00:00\",\"author\":{\"@id\":\"https:\/\/www.gaveanews.com\/#\/schema\/person\/0eb3e3fe1754f0205218538adbe8f5ed\"},\"breadcrumb\":{\"@id\":\"https:\/\/www.gaveanews.com\/index.php\/2025\/07\/31\/saul-gera-polemica-ao-falar-sobre-jogador-especulado-no-flamengo\/#breadcrumb\"},\"inLanguage\":\"pt-BR\",\"potentialAction\":[{\"@type\":\"ReadAction\",\"target\":[\"https:\/\/www.gaveanews.com\/index.php\/2025\/07\/31\/saul-gera-polemica-ao-falar-sobre-jogador-especulado-no-flamengo\/\"]}]},{\"@type\":\"ImageObject\",\"inLanguage\":\"pt-BR\",\"@id\":\"https:\/\/www.gaveanews.com\/index.php\/2025\/07\/31\/saul-gera-polemica-ao-falar-sobre-jogador-especulado-no-flamengo\/#primaryimage\",\"url\":\"https:\/\/www.gaveanews.com\/wp-content\/uploads\/Saul-Niguez-novo-reforco-do-Flamengo.jpg\",\"contentUrl\":\"https:\/\/www.gaveanews.com\/wp-content\/uploads\/Saul-Niguez-novo-reforco-do-Flamengo.jpg\",\"width\":1280,\"height\":960,\"caption\":\"Saul Niguez, novo refor\u00e7o do Flamengo (Foto: Reprodu\u00e7\u00e3o)\"},{\"@type\":\"BreadcrumbList\",\"@id\":\"https:\/\/www.gaveanews.com\/index.php\/2025\/07\/31\/saul-gera-polemica-ao-falar-sobre-jogador-especulado-no-flamengo\/#breadcrumb\",\"itemListElement\":[{\"@type\":\"ListItem\",\"position\":1,\"name\":\"Home\",\"item\":\"https:\/\/www.gaveanews.com\/\"},{\"@type\":\"ListItem\",\"position\":2,\"name\":\"Sa\u00fal gera pol\u00eamica ao falar sobre jogador especulado no Flamengo\"}]},{\"@type\":\"WebSite\",\"@id\":\"https:\/\/www.gaveanews.com\/#website\",\"url\":\"https:\/\/www.gaveanews.com\/\",\"name\":\"G\u00e1vea News\",\"description\":\"Veja todas as not\u00edcias sobre o Flamengo: Contrata\u00e7\u00f5es, categorias de base, resultados das partidas, tabela de classifica\u00e7\u00e3o, pr\u00f3ximos jogos!\",\"potentialAction\":[{\"@type\":\"SearchAction\",\"target\":{\"@type\":\"EntryPoint\",\"urlTemplate\":\"https:\/\/www.gaveanews.com\/?s={search_term_string}\"},\"query-input\":{\"@type\":\"PropertyValueSpecification\",\"valueRequired\":true,\"valueName\":\"search_term_string\"}}],\"inLanguage\":\"pt-BR\"},{\"@type\":\"Person\",\"@id\":\"https:\/\/www.gaveanews.com\/#\/schema\/person\/0eb3e3fe1754f0205218538adbe8f5ed\",\"name\":\"Rafaela Ladeira\",\"image\":{\"@type\":\"ImageObject\",\"inLanguage\":\"pt-BR\",\"@id\":\"https:\/\/www.gaveanews.com\/#\/schema\/person\/image\/\",\"url\":\"https:\/\/secure.gravatar.com\/avatar\/c31f513acffd85eacab5730cbdfdbbf59f21ba5aeada8cd890acea879fbb2455?s=96&d=mm&r=g\",\"contentUrl\":\"https:\/\/secure.gravatar.com\/avatar\/c31f513acffd85eacab5730cbdfdbbf59f21ba5aeada8cd890acea879fbb2455?s=96&d=mm&r=g\",\"caption\":\"Rafaela Ladeira\"}}]}<\/script>\n<!-- \/ Yoast SEO Premium plugin. -->","yoast_head_json":{"title":"Sa\u00fal gera pol\u00eamica ao falar sobre jogador especulado no Flamengo","robots":{"index":"index","follow":"follow","max-snippet":"max-snippet:-1","max-image-preview":"max-image-preview:large","max-video-preview":"max-video-preview:-1"},"canonical":"https:\/\/www.gaveanews.com\/index.php\/2025\/07\/31\/saul-gera-polemica-ao-falar-sobre-jogador-especulado-no-flamengo\/","og_locale":"pt_BR","og_type":"article","og_title":"Sa\u00fal gera pol\u00eamica ao falar sobre jogador especulado no Flamengo","og_description":"A chegada de Sa\u00fal \u00d1\u00edguez ao Flamengo trouxe consigo n\u00e3o apenas expectativas dentro de campo, mas tamb\u00e9m declara\u00e7\u00f5es marcantes fora dele. O novo camisa 8 do Rubro-Negro n\u00e3o economizou palavras ao se referir a Jo\u00e3o F\u00e9lix, jogador que chegou a ser sondado pelo clube carioca.&nbsp; Em entrevista reproduzida pelo jornal \u201cMarca\u201d, o espanhol criticou a [&hellip;]","og_url":"https:\/\/www.gaveanews.com\/index.php\/2025\/07\/31\/saul-gera-polemica-ao-falar-sobre-jogador-especulado-no-flamengo\/","og_site_name":"G\u00e1vea News","article_publisher":"https:\/\/facebook.com\/gaveaNews\/","article_published_time":"2025-07-31T18:30:00+00:00","og_image":[{"width":1280,"height":960,"url":"https:\/\/www.gaveanews.com\/wp-content\/uploads\/Saul-Niguez-novo-reforco-do-Flamengo.jpg","type":"image\/jpeg"}],"author":"Rafaela Ladeira","twitter_card":"summary_large_image","twitter_misc":{"Escrito por":"Rafaela Ladeira","Est. tempo de leitura":"3 minutos"},"schema":{"@context":"https:\/\/schema.org","@graph":[{"@type":"NewsArticle","@id":"https:\/\/www.gaveanews.com\/index.php\/2025\/07\/31\/saul-gera-polemica-ao-falar-sobre-jogador-especulado-no-flamengo\/#article","isPartOf":{"@id":"https:\/\/www.gaveanews.com\/index.php\/2025\/07\/31\/saul-gera-polemica-ao-falar-sobre-jogador-especulado-no-flamengo\/"},"author":{"name":"Rafaela Ladeira","@id":"https:\/\/www.gaveanews.com\/#\/schema\/person\/0eb3e3fe1754f0205218538adbe8f5ed"},"headline":"Sa\u00fal gera pol\u00eamica ao falar sobre jogador especulado no Flamengo","datePublished":"2025-07-31T18:30:00+00:00","mainEntityOfPage":{"@id":"https:\/\/www.gaveanews.com\/index.php\/2025\/07\/31\/saul-gera-polemica-ao-falar-sobre-jogador-especulado-no-flamengo\/"},"wordCount":420,"commentCount":0,"image":{"@id":"https:\/\/www.gaveanews.com\/index.php\/2025\/07\/31\/saul-gera-polemica-ao-falar-sobre-jogador-especulado-no-flamengo\/#primaryimage"},"thumbnailUrl":"https:\/\/www.gaveanews.com\/wp-content\/uploads\/Saul-Niguez-novo-reforco-do-Flamengo.jpg","articleSection":["Flamengo"],"inLanguage":"pt-BR","potentialAction":[{"@type":"CommentAction","name":"Comment","target":["https:\/\/www.gaveanews.com\/index.php\/2025\/07\/31\/saul-gera-polemica-ao-falar-sobre-jogador-especulado-no-flamengo\/#respond"]}],"copyrightYear":"2025","copyrightHolder":{"@id":"https:\/\/www.gaveanews.com\/#organization"}},{"@type":"WebPage","@id":"https:\/\/www.gaveanews.com\/index.php\/2025\/07\/31\/saul-gera-polemica-ao-falar-sobre-jogador-especulado-no-flamengo\/","url":"https:\/\/www.gaveanews.com\/index.php\/2025\/07\/31\/saul-gera-polemica-ao-falar-sobre-jogador-especulado-no-flamengo\/","name":"Sa\u00fal gera pol\u00eamica ao falar sobre jogador especulado no Flamengo","isPartOf":{"@id":"https:\/\/www.gaveanews.com\/#website"},"primaryImageOfPage":{"@id":"https:\/\/www.gaveanews.com\/index.php\/2025\/07\/31\/saul-gera-polemica-ao-falar-sobre-jogador-especulado-no-flamengo\/#primaryimage"},"image":{"@id":"https:\/\/www.gaveanews.com\/index.php\/2025\/07\/31\/saul-gera-polemica-ao-falar-sobre-jogador-especulado-no-flamengo\/#primaryimage"},"thumbnailUrl":"https:\/\/www.gaveanews.com\/wp-content\/uploads\/Saul-Niguez-novo-reforco-do-Flamengo.jpg","datePublished":"2025-07-31T18:30:00+00:00","author":{"@id":"https:\/\/www.gaveanews.com\/#\/schema\/person\/0eb3e3fe1754f0205218538adbe8f5ed"},"breadcrumb":{"@id":"https:\/\/www.gaveanews.com\/index.php\/2025\/07\/31\/saul-gera-polemica-ao-falar-sobre-jogador-especulado-no-flamengo\/#breadcrumb"},"inLanguage":"pt-BR","potentialAction":[{"@type":"ReadAction","target":["https:\/\/www.gaveanews.com\/index.php\/2025\/07\/31\/saul-gera-polemica-ao-falar-sobre-jogador-especulado-no-flamengo\/"]}]},{"@type":"ImageObject","inLanguage":"pt-BR","@id":"https:\/\/www.gaveanews.com\/index.php\/2025\/07\/31\/saul-gera-polemica-ao-falar-sobre-jogador-especulado-no-flamengo\/#primaryimage","url":"https:\/\/www.gaveanews.com\/wp-content\/uploads\/Saul-Niguez-novo-reforco-do-Flamengo.jpg","contentUrl":"https:\/\/www.gaveanews.com\/wp-content\/uploads\/Saul-Niguez-novo-reforco-do-Flamengo.jpg","width":1280,"height":960,"caption":"Saul Niguez, novo refor\u00e7o do Flamengo (Foto: Reprodu\u00e7\u00e3o)"},{"@type":"BreadcrumbList","@id":"https:\/\/www.gaveanews.com\/index.php\/2025\/07\/31\/saul-gera-polemica-ao-falar-sobre-jogador-especulado-no-flamengo\/#breadcrumb","itemListElement":[{"@type":"ListItem","position":1,"name":"Home","item":"https:\/\/www.gaveanews.com\/"},{"@type":"ListItem","position":2,"name":"Sa\u00fal gera pol\u00eamica ao falar sobre jogador especulado no Flamengo"}]},{"@type":"WebSite","@id":"https:\/\/www.gaveanews.com\/#website","url":"https:\/\/www.gaveanews.com\/","name":"G\u00e1vea News","description":"Veja todas as not\u00edcias sobre o Flamengo: Contrata\u00e7\u00f5es, categorias de base, resultados das partidas, tabela de classifica\u00e7\u00e3o, pr\u00f3ximos jogos!","potentialAction":[{"@type":"SearchAction","target":{"@type":"EntryPoint","urlTemplate":"https:\/\/www.gaveanews.com\/?s={search_term_string}"},"query-input":{"@type":"PropertyValueSpecification","valueRequired":true,"valueName":"search_term_string"}}],"inLanguage":"pt-BR"},{"@type":"Person","@id":"https:\/\/www.gaveanews.com\/#\/schema\/person\/0eb3e3fe1754f0205218538adbe8f5ed","name":"Rafaela Ladeira","image":{"@type":"ImageObject","inLanguage":"pt-BR","@id":"https:\/\/www.gaveanews.com\/#\/schema\/person\/image\/","url":"https:\/\/secure.gravatar.com\/avatar\/c31f513acffd85eacab5730cbdfdbbf59f21ba5aeada8cd890acea879fbb2455?s=96&d=mm&r=g","contentUrl":"https:\/\/secure.gravatar.com\/avatar\/c31f513acffd85eacab5730cbdfdbbf59f21ba5aeada8cd890acea879fbb2455?s=96&d=mm&r=g","caption":"Rafaela Ladeira"}}]}},"_links":{"self":[{"href":"https:\/\/www.gaveanews.com\/index.php\/wp-json\/wp\/v2\/posts\/273291","targetHints":{"allow":["GET"]}}],"collection":[{"href":"https:\/\/www.gaveanews.com\/index.php\/wp-json\/wp\/v2\/posts"}],"about":[{"href":"https:\/\/www.gaveanews.com\/index.php\/wp-json\/wp\/v2\/types\/post"}],"author":[{"embeddable":true,"href":"https:\/\/www.gaveanews.com\/index.php\/wp-json\/wp\/v2\/users\/25"}],"replies":[{"embeddable":true,"href":"https:\/\/www.gaveanews.com\/index.php\/wp-json\/wp\/v2\/comments?post=273291"}],"version-history":[{"count":1,"href":"https:\/\/www.gaveanews.com\/index.php\/wp-json\/wp\/v2\/posts\/273291\/revisions"}],"predecessor-version":[{"id":273292,"href":"https:\/\/www.gaveanews.com\/index.php\/wp-json\/wp\/v2\/posts\/273291\/revisions\/273292"}],"wp:featuredmedia":[{"embeddable":true,"href":"https:\/\/www.gaveanews.com\/index.php\/wp-json\/wp\/v2\/media\/272987"}],"wp:attachment":[{"href":"https:\/\/www.gaveanews.com\/index.php\/wp-json\/wp\/v2\/media?parent=273291"}],"wp:term":[{"taxonomy":"category","embeddable":true,"href":"https:\/\/www.gaveanews.com\/index.php\/wp-json\/wp\/v2\/categories?post=273291"},{"taxonomy":"post_tag","embeddable":true,"href":"https:\/\/www.gaveanews.com\/index.php\/wp-json\/wp\/v2\/tags?post=273291"}],"curies":[{"name":"wp","href":"https:\/\/api.w.org\/{rel}","templated":true}]}}