{"id":273360,"date":"2025-08-01T17:48:21","date_gmt":"2025-08-01T20:48:21","guid":{"rendered":"https:\/\/www.gaveanews.com\/?p=273360"},"modified":"2025-08-01T17:48:26","modified_gmt":"2025-08-01T20:48:26","slug":"a-declaracao-do-tecnico-do-cruzeiro-envolvendo-o-flamengo","status":"publish","type":"post","link":"https:\/\/www.gaveanews.com\/index.php\/2025\/08\/01\/a-declaracao-do-tecnico-do-cruzeiro-envolvendo-o-flamengo\/","title":{"rendered":"A declara\u00e7\u00e3o do t\u00e9cnico do Cruzeiro envolvendo o Flamengo"},"content":{"rendered":"\n<p>Ap\u00f3s mais um trope\u00e7o do Cruzeiro na temporada, o t\u00e9cnico Leonardo Jardim voltou a cobrar refor\u00e7os e lamentou a aus\u00eancia de jogadores com perfil criativo no elenco. O empate sem gols diante do CRB, no Mineir\u00e3o, pelas oitavas de final da Copa do Brasil, acentuou as dificuldades ofensivas da equipe diante de advers\u00e1rios com postura mais defensiva.<\/p>\n\n\n\n<p>A situa\u00e7\u00e3o se agrava diante do atual momento da equipe, que acumula tr\u00eas partidas seguidas sem vit\u00f3ria e vive seu maior jejum desde o in\u00edcio da temporada. Jardim reconheceu o esfor\u00e7o dos atletas, mas reiterou que falta ao grupo jogadores capazes de criar em espa\u00e7os reduzidos e desequilibrar as partidas com dribles ou assist\u00eancias decisivas.<\/p>\n\n\n\n<p>O treinador portugu\u00eas citou como exemplos os meias Everton Ribeiro, atualmente no Bahia, e Arrascaeta, do Flamengo, ambos com passagens marcantes pelo pr\u00f3prio Cruzeiro. Segundo ele, a escassez de jogadores com esse perfil o surpreendeu. \u201cQuando eu cheguei ao Brasil, eu pensava que havia muito desse tipo de jogador\u201d, afirmou.<\/p>\n\n\n\n<p>Ao justificar a car\u00eancia t\u00e9cnica da equipe, Jardim foi direto ao comentar sobre o mercado: <strong>\u201cCompramos muitos jogadores, mas ainda n\u00e3o consegui descobrir nenhum Everton Ribeiro, nenhum Arrascaeta, <\/strong>que consigam, em pequenos espa\u00e7os, driblar um, dois, dar assist\u00eancia e fazer o gol\u201d. Segundo ele, o elenco celeste \u00e9 formado por atletas com outras caracter\u00edsticas, o que dificulta o desempenho diante de sistemas defensivos mais compactos.<\/p>\n\n\n\n<p>Em outro momento, o treinador comentou sobre as limita\u00e7\u00f5es financeiras do clube nas negocia\u00e7\u00f5es. Segundo ele, jogadores com tais atributos s\u00e3o escassos e caros, o que dificulta contrata\u00e7\u00f5es. \u201cAlguns clubes pagam 25 milh\u00f5es pelos jogadores, mas para o Cruzeiro s\u00e3o caros. Vamos continuar procurando\u201d, explicou, ao mencionar tentativas frustradas por Matheus Gon\u00e7alves, do Flamengo, e o argentino Montoro, que acabou no Botafogo.<\/p>\n\n\n\n<p>Jardim ainda destacou que a busca por refor\u00e7os visa trazer atletas com caracter\u00edsticas complementares \u00e0s que j\u00e1 existem no grupo. \u201cTrazer jogadores iguais ao Marquinhos, Gabriel, Kaio, n\u00e3o precisamos. Temos que trazer pe\u00e7as que acrescentem diferentes caracter\u00edsticas ao nosso elenco\u201d, acrescentou.<\/p>\n\n\n\n<p>Em tom de desabafo, o t\u00e9cnico tamb\u00e9m criticou o discurso de parte da imprensa e da torcida em rela\u00e7\u00e3o \u00e0s cobran\u00e7as por refor\u00e7os: \u201c\u00c9 muito engra\u00e7ado, porque toda a gente fala em refor\u00e7o, mas n\u00e3o podem mudar os 11 jogadores. Ent\u00e3o se a gente n\u00e3o pode, por que se quer refor\u00e7os?\u201d.<\/p>\n\n\n\n<p>O pr\u00f3ximo compromisso do Cruzeiro ser\u00e1 no domingo (03 de agosto), \u00e0s 16h (hor\u00e1rio de Bras\u00edlia), diante do Botafogo, pelo Campeonato Brasileiro. Depois, encara novamente o CRB, na quinta-feira (07 de agosto), \u00e0s 21h (hor\u00e1rio de Bras\u00edlia), no jogo de volta da Copa do Brasil.<\/p>\n","protected":false},"excerpt":{"rendered":"<p>Ap\u00f3s mais um trope\u00e7o do Cruzeiro na temporada, o t\u00e9cnico Leonardo Jardim voltou a cobrar refor\u00e7os e lamentou a aus\u00eancia de jogadores com perfil criativo no elenco. O empate sem gols diante do CRB, no Mineir\u00e3o, pelas oitavas de final da Copa do Brasil, acentuou as dificuldades ofensivas da equipe diante de advers\u00e1rios com postura [&hellip;]<\/p>\n","protected":false},"author":18,"featured_media":225548,"comment_status":"open","ping_status":"closed","sticky":false,"template":"","format":"standard","meta":{"footnotes":""},"categories":[143,1],"tags":[],"class_list":["post-273360","post","type-post","status-publish","format-standard","has-post-thumbnail","hentry","category-cruzeiro","category-flamengo"],"yoast_head":"<!-- This site is optimized with the Yoast SEO Premium plugin v24.2 (Yoast SEO v26.9) - https:\/\/yoast.com\/product\/yoast-seo-premium-wordpress\/ -->\n<title>A declara\u00e7\u00e3o do t\u00e9cnico do Cruzeiro envolvendo o Flamengo<\/title>\n<meta name=\"robots\" content=\"index, follow, max-snippet:-1, max-image-preview:large, max-video-preview:-1\" \/>\n<link rel=\"canonical\" href=\"https:\/\/www.gaveanews.com\/index.php\/2025\/08\/01\/a-declaracao-do-tecnico-do-cruzeiro-envolvendo-o-flamengo\/\" \/>\n<meta property=\"og:locale\" content=\"pt_BR\" \/>\n<meta property=\"og:type\" content=\"article\" \/>\n<meta property=\"og:title\" content=\"A declara\u00e7\u00e3o do t\u00e9cnico do Cruzeiro envolvendo o Flamengo\" \/>\n<meta property=\"og:description\" content=\"Ap\u00f3s mais um trope\u00e7o do Cruzeiro na temporada, o t\u00e9cnico Leonardo Jardim voltou a cobrar refor\u00e7os e lamentou a aus\u00eancia de jogadores com perfil criativo no elenco. O empate sem gols diante do CRB, no Mineir\u00e3o, pelas oitavas de final da Copa do Brasil, acentuou as dificuldades ofensivas da equipe diante de advers\u00e1rios com postura [&hellip;]\" \/>\n<meta property=\"og:url\" content=\"https:\/\/www.gaveanews.com\/index.php\/2025\/08\/01\/a-declaracao-do-tecnico-do-cruzeiro-envolvendo-o-flamengo\/\" \/>\n<meta property=\"og:site_name\" content=\"G\u00e1vea News\" \/>\n<meta property=\"article:publisher\" content=\"https:\/\/facebook.com\/gaveaNews\/\" \/>\n<meta property=\"article:published_time\" content=\"2025-08-01T20:48:21+00:00\" \/>\n<meta property=\"article:modified_time\" content=\"2025-08-01T20:48:26+00:00\" \/>\n<meta property=\"og:image\" content=\"http:\/\/www.gaveanews.com\/wp-content\/uploads\/Leonardo-Jardim-durante-partida-do-Cruzeiro-em-2025.webp\" \/>\n\t<meta property=\"og:image:width\" content=\"799\" \/>\n\t<meta property=\"og:image:height\" content=\"533\" \/>\n\t<meta property=\"og:image:type\" content=\"image\/jpeg\" \/>\n<meta name=\"author\" content=\"Paula Silva\" \/>\n<meta name=\"twitter:card\" content=\"summary_large_image\" \/>\n<meta name=\"twitter:label1\" content=\"Escrito por\" \/>\n\t<meta name=\"twitter:data1\" content=\"Paula Silva\" \/>\n\t<meta name=\"twitter:label2\" content=\"Est. tempo de leitura\" \/>\n\t<meta name=\"twitter:data2\" content=\"3 minutos\" \/>\n<script type=\"application\/ld+json\" class=\"yoast-schema-graph\">{\"@context\":\"https:\/\/schema.org\",\"@graph\":[{\"@type\":\"NewsArticle\",\"@id\":\"https:\/\/www.gaveanews.com\/index.php\/2025\/08\/01\/a-declaracao-do-tecnico-do-cruzeiro-envolvendo-o-flamengo\/#article\",\"isPartOf\":{\"@id\":\"https:\/\/www.gaveanews.com\/index.php\/2025\/08\/01\/a-declaracao-do-tecnico-do-cruzeiro-envolvendo-o-flamengo\/\"},\"author\":{\"name\":\"Paula Silva\",\"@id\":\"https:\/\/www.gaveanews.com\/#\/schema\/person\/daf63eec72e1164eb13dc35096c2b8da\"},\"headline\":\"A declara\u00e7\u00e3o do t\u00e9cnico do Cruzeiro envolvendo o Flamengo\",\"datePublished\":\"2025-08-01T20:48:21+00:00\",\"dateModified\":\"2025-08-01T20:48:26+00:00\",\"mainEntityOfPage\":{\"@id\":\"https:\/\/www.gaveanews.com\/index.php\/2025\/08\/01\/a-declaracao-do-tecnico-do-cruzeiro-envolvendo-o-flamengo\/\"},\"wordCount\":481,\"commentCount\":0,\"image\":{\"@id\":\"https:\/\/www.gaveanews.com\/index.php\/2025\/08\/01\/a-declaracao-do-tecnico-do-cruzeiro-envolvendo-o-flamengo\/#primaryimage\"},\"thumbnailUrl\":\"https:\/\/www.gaveanews.com\/wp-content\/uploads\/Leonardo-Jardim-durante-partida-do-Cruzeiro-em-2025.webp\",\"articleSection\":[\"Cruzeiro\",\"Flamengo\"],\"inLanguage\":\"pt-BR\",\"potentialAction\":[{\"@type\":\"CommentAction\",\"name\":\"Comment\",\"target\":[\"https:\/\/www.gaveanews.com\/index.php\/2025\/08\/01\/a-declaracao-do-tecnico-do-cruzeiro-envolvendo-o-flamengo\/#respond\"]}],\"copyrightYear\":\"2025\",\"copyrightHolder\":{\"@id\":\"https:\/\/www.gaveanews.com\/#organization\"}},{\"@type\":\"WebPage\",\"@id\":\"https:\/\/www.gaveanews.com\/index.php\/2025\/08\/01\/a-declaracao-do-tecnico-do-cruzeiro-envolvendo-o-flamengo\/\",\"url\":\"https:\/\/www.gaveanews.com\/index.php\/2025\/08\/01\/a-declaracao-do-tecnico-do-cruzeiro-envolvendo-o-flamengo\/\",\"name\":\"A declara\u00e7\u00e3o do t\u00e9cnico do Cruzeiro envolvendo o Flamengo\",\"isPartOf\":{\"@id\":\"https:\/\/www.gaveanews.com\/#website\"},\"primaryImageOfPage\":{\"@id\":\"https:\/\/www.gaveanews.com\/index.php\/2025\/08\/01\/a-declaracao-do-tecnico-do-cruzeiro-envolvendo-o-flamengo\/#primaryimage\"},\"image\":{\"@id\":\"https:\/\/www.gaveanews.com\/index.php\/2025\/08\/01\/a-declaracao-do-tecnico-do-cruzeiro-envolvendo-o-flamengo\/#primaryimage\"},\"thumbnailUrl\":\"https:\/\/www.gaveanews.com\/wp-content\/uploads\/Leonardo-Jardim-durante-partida-do-Cruzeiro-em-2025.webp\",\"datePublished\":\"2025-08-01T20:48:21+00:00\",\"dateModified\":\"2025-08-01T20:48:26+00:00\",\"author\":{\"@id\":\"https:\/\/www.gaveanews.com\/#\/schema\/person\/daf63eec72e1164eb13dc35096c2b8da\"},\"breadcrumb\":{\"@id\":\"https:\/\/www.gaveanews.com\/index.php\/2025\/08\/01\/a-declaracao-do-tecnico-do-cruzeiro-envolvendo-o-flamengo\/#breadcrumb\"},\"inLanguage\":\"pt-BR\",\"potentialAction\":[{\"@type\":\"ReadAction\",\"target\":[\"https:\/\/www.gaveanews.com\/index.php\/2025\/08\/01\/a-declaracao-do-tecnico-do-cruzeiro-envolvendo-o-flamengo\/\"]}]},{\"@type\":\"ImageObject\",\"inLanguage\":\"pt-BR\",\"@id\":\"https:\/\/www.gaveanews.com\/index.php\/2025\/08\/01\/a-declaracao-do-tecnico-do-cruzeiro-envolvendo-o-flamengo\/#primaryimage\",\"url\":\"https:\/\/www.gaveanews.com\/wp-content\/uploads\/Leonardo-Jardim-durante-partida-do-Cruzeiro-em-2025.webp\",\"contentUrl\":\"https:\/\/www.gaveanews.com\/wp-content\/uploads\/Leonardo-Jardim-durante-partida-do-Cruzeiro-em-2025.webp\",\"width\":799,\"height\":533,\"caption\":\"Leonardo Jardim durante partida do Cruzeiro em 2025 (Foto: Gustavo Aleixo\/Cruzeiro)\"},{\"@type\":\"BreadcrumbList\",\"@id\":\"https:\/\/www.gaveanews.com\/index.php\/2025\/08\/01\/a-declaracao-do-tecnico-do-cruzeiro-envolvendo-o-flamengo\/#breadcrumb\",\"itemListElement\":[{\"@type\":\"ListItem\",\"position\":1,\"name\":\"Home\",\"item\":\"https:\/\/www.gaveanews.com\/\"},{\"@type\":\"ListItem\",\"position\":2,\"name\":\"A declara\u00e7\u00e3o do t\u00e9cnico do Cruzeiro envolvendo o Flamengo\"}]},{\"@type\":\"WebSite\",\"@id\":\"https:\/\/www.gaveanews.com\/#website\",\"url\":\"https:\/\/www.gaveanews.com\/\",\"name\":\"G\u00e1vea News\",\"description\":\"Veja todas as not\u00edcias sobre o Flamengo: Contrata\u00e7\u00f5es, categorias de base, resultados das partidas, tabela de classifica\u00e7\u00e3o, pr\u00f3ximos jogos!\",\"potentialAction\":[{\"@type\":\"SearchAction\",\"target\":{\"@type\":\"EntryPoint\",\"urlTemplate\":\"https:\/\/www.gaveanews.com\/?s={search_term_string}\"},\"query-input\":{\"@type\":\"PropertyValueSpecification\",\"valueRequired\":true,\"valueName\":\"search_term_string\"}}],\"inLanguage\":\"pt-BR\"},{\"@type\":\"Person\",\"@id\":\"https:\/\/www.gaveanews.com\/#\/schema\/person\/daf63eec72e1164eb13dc35096c2b8da\",\"name\":\"Paula Silva\",\"image\":{\"@type\":\"ImageObject\",\"inLanguage\":\"pt-BR\",\"@id\":\"https:\/\/www.gaveanews.com\/#\/schema\/person\/image\/\",\"url\":\"https:\/\/secure.gravatar.com\/avatar\/eda381c845527cc5d64c13b901833cda29d97500ba040d3e6461f76f51d163bb?s=96&d=mm&r=g\",\"contentUrl\":\"https:\/\/secure.gravatar.com\/avatar\/eda381c845527cc5d64c13b901833cda29d97500ba040d3e6461f76f51d163bb?s=96&d=mm&r=g\",\"caption\":\"Paula Silva\"}}]}<\/script>\n<!-- \/ Yoast SEO Premium plugin. -->","yoast_head_json":{"title":"A declara\u00e7\u00e3o do t\u00e9cnico do Cruzeiro envolvendo o Flamengo","robots":{"index":"index","follow":"follow","max-snippet":"max-snippet:-1","max-image-preview":"max-image-preview:large","max-video-preview":"max-video-preview:-1"},"canonical":"https:\/\/www.gaveanews.com\/index.php\/2025\/08\/01\/a-declaracao-do-tecnico-do-cruzeiro-envolvendo-o-flamengo\/","og_locale":"pt_BR","og_type":"article","og_title":"A declara\u00e7\u00e3o do t\u00e9cnico do Cruzeiro envolvendo o Flamengo","og_description":"Ap\u00f3s mais um trope\u00e7o do Cruzeiro na temporada, o t\u00e9cnico Leonardo Jardim voltou a cobrar refor\u00e7os e lamentou a aus\u00eancia de jogadores com perfil criativo no elenco. O empate sem gols diante do CRB, no Mineir\u00e3o, pelas oitavas de final da Copa do Brasil, acentuou as dificuldades ofensivas da equipe diante de advers\u00e1rios com postura [&hellip;]","og_url":"https:\/\/www.gaveanews.com\/index.php\/2025\/08\/01\/a-declaracao-do-tecnico-do-cruzeiro-envolvendo-o-flamengo\/","og_site_name":"G\u00e1vea News","article_publisher":"https:\/\/facebook.com\/gaveaNews\/","article_published_time":"2025-08-01T20:48:21+00:00","article_modified_time":"2025-08-01T20:48:26+00:00","og_image":[{"width":799,"height":533,"url":"http:\/\/www.gaveanews.com\/wp-content\/uploads\/Leonardo-Jardim-durante-partida-do-Cruzeiro-em-2025.webp","type":"image\/jpeg"}],"author":"Paula Silva","twitter_card":"summary_large_image","twitter_misc":{"Escrito por":"Paula Silva","Est. tempo de leitura":"3 minutos"},"schema":{"@context":"https:\/\/schema.org","@graph":[{"@type":"NewsArticle","@id":"https:\/\/www.gaveanews.com\/index.php\/2025\/08\/01\/a-declaracao-do-tecnico-do-cruzeiro-envolvendo-o-flamengo\/#article","isPartOf":{"@id":"https:\/\/www.gaveanews.com\/index.php\/2025\/08\/01\/a-declaracao-do-tecnico-do-cruzeiro-envolvendo-o-flamengo\/"},"author":{"name":"Paula Silva","@id":"https:\/\/www.gaveanews.com\/#\/schema\/person\/daf63eec72e1164eb13dc35096c2b8da"},"headline":"A declara\u00e7\u00e3o do t\u00e9cnico do Cruzeiro envolvendo o Flamengo","datePublished":"2025-08-01T20:48:21+00:00","dateModified":"2025-08-01T20:48:26+00:00","mainEntityOfPage":{"@id":"https:\/\/www.gaveanews.com\/index.php\/2025\/08\/01\/a-declaracao-do-tecnico-do-cruzeiro-envolvendo-o-flamengo\/"},"wordCount":481,"commentCount":0,"image":{"@id":"https:\/\/www.gaveanews.com\/index.php\/2025\/08\/01\/a-declaracao-do-tecnico-do-cruzeiro-envolvendo-o-flamengo\/#primaryimage"},"thumbnailUrl":"https:\/\/www.gaveanews.com\/wp-content\/uploads\/Leonardo-Jardim-durante-partida-do-Cruzeiro-em-2025.webp","articleSection":["Cruzeiro","Flamengo"],"inLanguage":"pt-BR","potentialAction":[{"@type":"CommentAction","name":"Comment","target":["https:\/\/www.gaveanews.com\/index.php\/2025\/08\/01\/a-declaracao-do-tecnico-do-cruzeiro-envolvendo-o-flamengo\/#respond"]}],"copyrightYear":"2025","copyrightHolder":{"@id":"https:\/\/www.gaveanews.com\/#organization"}},{"@type":"WebPage","@id":"https:\/\/www.gaveanews.com\/index.php\/2025\/08\/01\/a-declaracao-do-tecnico-do-cruzeiro-envolvendo-o-flamengo\/","url":"https:\/\/www.gaveanews.com\/index.php\/2025\/08\/01\/a-declaracao-do-tecnico-do-cruzeiro-envolvendo-o-flamengo\/","name":"A declara\u00e7\u00e3o do t\u00e9cnico do Cruzeiro envolvendo o Flamengo","isPartOf":{"@id":"https:\/\/www.gaveanews.com\/#website"},"primaryImageOfPage":{"@id":"https:\/\/www.gaveanews.com\/index.php\/2025\/08\/01\/a-declaracao-do-tecnico-do-cruzeiro-envolvendo-o-flamengo\/#primaryimage"},"image":{"@id":"https:\/\/www.gaveanews.com\/index.php\/2025\/08\/01\/a-declaracao-do-tecnico-do-cruzeiro-envolvendo-o-flamengo\/#primaryimage"},"thumbnailUrl":"https:\/\/www.gaveanews.com\/wp-content\/uploads\/Leonardo-Jardim-durante-partida-do-Cruzeiro-em-2025.webp","datePublished":"2025-08-01T20:48:21+00:00","dateModified":"2025-08-01T20:48:26+00:00","author":{"@id":"https:\/\/www.gaveanews.com\/#\/schema\/person\/daf63eec72e1164eb13dc35096c2b8da"},"breadcrumb":{"@id":"https:\/\/www.gaveanews.com\/index.php\/2025\/08\/01\/a-declaracao-do-tecnico-do-cruzeiro-envolvendo-o-flamengo\/#breadcrumb"},"inLanguage":"pt-BR","potentialAction":[{"@type":"ReadAction","target":["https:\/\/www.gaveanews.com\/index.php\/2025\/08\/01\/a-declaracao-do-tecnico-do-cruzeiro-envolvendo-o-flamengo\/"]}]},{"@type":"ImageObject","inLanguage":"pt-BR","@id":"https:\/\/www.gaveanews.com\/index.php\/2025\/08\/01\/a-declaracao-do-tecnico-do-cruzeiro-envolvendo-o-flamengo\/#primaryimage","url":"https:\/\/www.gaveanews.com\/wp-content\/uploads\/Leonardo-Jardim-durante-partida-do-Cruzeiro-em-2025.webp","contentUrl":"https:\/\/www.gaveanews.com\/wp-content\/uploads\/Leonardo-Jardim-durante-partida-do-Cruzeiro-em-2025.webp","width":799,"height":533,"caption":"Leonardo Jardim durante partida do Cruzeiro em 2025 (Foto: Gustavo Aleixo\/Cruzeiro)"},{"@type":"BreadcrumbList","@id":"https:\/\/www.gaveanews.com\/index.php\/2025\/08\/01\/a-declaracao-do-tecnico-do-cruzeiro-envolvendo-o-flamengo\/#breadcrumb","itemListElement":[{"@type":"ListItem","position":1,"name":"Home","item":"https:\/\/www.gaveanews.com\/"},{"@type":"ListItem","position":2,"name":"A declara\u00e7\u00e3o do t\u00e9cnico do Cruzeiro envolvendo o Flamengo"}]},{"@type":"WebSite","@id":"https:\/\/www.gaveanews.com\/#website","url":"https:\/\/www.gaveanews.com\/","name":"G\u00e1vea News","description":"Veja todas as not\u00edcias sobre o Flamengo: Contrata\u00e7\u00f5es, categorias de base, resultados das partidas, tabela de classifica\u00e7\u00e3o, pr\u00f3ximos jogos!","potentialAction":[{"@type":"SearchAction","target":{"@type":"EntryPoint","urlTemplate":"https:\/\/www.gaveanews.com\/?s={search_term_string}"},"query-input":{"@type":"PropertyValueSpecification","valueRequired":true,"valueName":"search_term_string"}}],"inLanguage":"pt-BR"},{"@type":"Person","@id":"https:\/\/www.gaveanews.com\/#\/schema\/person\/daf63eec72e1164eb13dc35096c2b8da","name":"Paula Silva","image":{"@type":"ImageObject","inLanguage":"pt-BR","@id":"https:\/\/www.gaveanews.com\/#\/schema\/person\/image\/","url":"https:\/\/secure.gravatar.com\/avatar\/eda381c845527cc5d64c13b901833cda29d97500ba040d3e6461f76f51d163bb?s=96&d=mm&r=g","contentUrl":"https:\/\/secure.gravatar.com\/avatar\/eda381c845527cc5d64c13b901833cda29d97500ba040d3e6461f76f51d163bb?s=96&d=mm&r=g","caption":"Paula Silva"}}]}},"_links":{"self":[{"href":"https:\/\/www.gaveanews.com\/index.php\/wp-json\/wp\/v2\/posts\/273360","targetHints":{"allow":["GET"]}}],"collection":[{"href":"https:\/\/www.gaveanews.com\/index.php\/wp-json\/wp\/v2\/posts"}],"about":[{"href":"https:\/\/www.gaveanews.com\/index.php\/wp-json\/wp\/v2\/types\/post"}],"author":[{"embeddable":true,"href":"https:\/\/www.gaveanews.com\/index.php\/wp-json\/wp\/v2\/users\/18"}],"replies":[{"embeddable":true,"href":"https:\/\/www.gaveanews.com\/index.php\/wp-json\/wp\/v2\/comments?post=273360"}],"version-history":[{"count":1,"href":"https:\/\/www.gaveanews.com\/index.php\/wp-json\/wp\/v2\/posts\/273360\/revisions"}],"predecessor-version":[{"id":273362,"href":"https:\/\/www.gaveanews.com\/index.php\/wp-json\/wp\/v2\/posts\/273360\/revisions\/273362"}],"wp:featuredmedia":[{"embeddable":true,"href":"https:\/\/www.gaveanews.com\/index.php\/wp-json\/wp\/v2\/media\/225548"}],"wp:attachment":[{"href":"https:\/\/www.gaveanews.com\/index.php\/wp-json\/wp\/v2\/media?parent=273360"}],"wp:term":[{"taxonomy":"category","embeddable":true,"href":"https:\/\/www.gaveanews.com\/index.php\/wp-json\/wp\/v2\/categories?post=273360"},{"taxonomy":"post_tag","embeddable":true,"href":"https:\/\/www.gaveanews.com\/index.php\/wp-json\/wp\/v2\/tags?post=273360"}],"curies":[{"name":"wp","href":"https:\/\/api.w.org\/{rel}","templated":true}]}}