{"id":273498,"date":"2025-08-04T20:00:00","date_gmt":"2025-08-04T23:00:00","guid":{"rendered":"https:\/\/www.gaveanews.com\/?p=273498"},"modified":"2025-08-04T16:21:36","modified_gmt":"2025-08-04T19:21:36","slug":"vojvoda-desperta-interesse-de-dois-times-do-brasileirao","status":"publish","type":"post","link":"https:\/\/www.gaveanews.com\/index.php\/2025\/08\/04\/vojvoda-desperta-interesse-de-dois-times-do-brasileirao\/","title":{"rendered":"Vojvoda desperta interesse de dois times do Brasileir\u00e3o"},"content":{"rendered":"\n<p>O t\u00e9cnico Juan Pablo Vojvoda, que marcou \u00e9poca \u00e0 frente do Fortaleza, voltou a ser pauta nos bastidores da elite do futebol nacional. Com seu nome ganhando for\u00e7a em Internacional e Santos, o argentino surge como uma das principais alternativas para assumir o comando t\u00e9cnico dessas equipes.&nbsp;<\/p>\n\n\n\n<p>Vale destacar que ambos os clubes vivem momentos de reformula\u00e7\u00e3o e buscam um perfil que una solidez t\u00e1tica e bom relacionamento com o elenco.<\/p>\n\n\n\n<p>Por isso, Vojvoda aparece como nome ideal, especialmente porque tem hist\u00f3rico recente de bons trabalhos, com resultados expressivos, como a classifica\u00e7\u00e3o in\u00e9dita do Fortaleza \u00e0 Libertadores. Seu estilo ofensivo e disciplinado chama a aten\u00e7\u00e3o das diretorias.<\/p>\n\n\n\n<h2 class=\"wp-block-heading\" id=\"h-vojvoda-nao-esta-com-pressa-para-voltar\">Vojvoda n\u00e3o est\u00e1 com pressa para voltar<\/h2>\n\n\n\n<p>Apesar da movimenta\u00e7\u00e3o nos bastidores, pessoas pr\u00f3ximas ao treinador afirmam que ele est\u00e1 descansando e aproveitando o tempo com a fam\u00edlia, ap\u00f3s um ciclo intenso no futebol brasileiro. Sendo assim, Vojvoda n\u00e3o demonstra pressa para retornar ao trabalho, o que aumenta o mist\u00e9rio sobre seu pr\u00f3ximo destino.<\/p>\n\n\n\n<p>\u201cS\u00f3 voltaria a trabalhar neste momento com um projeto muito atrativo do ponto de vista esportivo\u201d, diz uma fonte ligada ao argentino. Isso porque a quest\u00e3o financeira n\u00e3o \u00e9 vista como prioridade por ele, dessa maneira, o convencimento deve vir por meio de um planejamento s\u00f3lido e ambicioso.<\/p>\n\n\n\n<blockquote class=\"twitter-tweet\"><p lang=\"pt\" dir=\"ltr\">Vojvoda est\u00e1 na mira de clubes como Internacional e Santos.<br><br>Pessoas pr\u00f3ximas ao ex-t\u00e9cnico do Fortaleza afirmam que ele est\u00e1 descansando e aproveitando o tempo com a fam\u00edlia e s\u00f3 voltaria a trabalhar neste momento com um projeto muito atrativo do ponto de vista esportivo, pois a\u2026 <a href=\"https:\/\/t.co\/Tcojy7Z9Xd\">pic.twitter.com\/Tcojy7Z9Xd<\/a><\/p>&mdash; Planeta do Futebol \ud83c\udf0e (@futebol_info) <a href=\"https:\/\/twitter.com\/futebol_info\/status\/1952445857212567646?ref_src=twsrc%5Etfw\">August 4, 2025<\/a><\/blockquote> <script async src=\"https:\/\/platform.twitter.com\/widgets.js\" charset=\"utf-8\"><\/script>\n\n\n\n<h2 class=\"wp-block-heading\" id=\"h-santos-e-inter-tentam-convencer-o-tecnico\">Santos e Inter tentam convencer o t\u00e9cnico<\/h2>\n\n\n\n<p>Tanto o Santos, em busca de estabilidade para voltar \u00e0 S\u00e9rie A, quanto o Internacional, pressionado por resultados ruins e instabilidade interna, avaliam Vojvoda como um nome de peso para dar rumo \u00e0 temporada. Com isso, ambos os clubes estudam maneiras de apresentar propostas que atraiam o argentino sem entrar em leil\u00e3o.<\/p>\n\n\n\n<p>Al\u00e9m disso, o bom relacionamento de Vojvoda com profissionais e dirigentes no futebol brasileiro pode facilitar as conversas. Cabe ressaltar que o treinador deixou portas abertas nos clubes por onde passou, o que refor\u00e7a sua imagem positiva no mercado.<\/p>\n\n\n\n<p>Desse jeito, o nome de Vojvoda deve continuar em alta at\u00e9 que uma proposta realmente esportiva e desafiadora o conven\u00e7a a voltar ao banco de reservas.<\/p>\n","protected":false},"excerpt":{"rendered":"<p>O t\u00e9cnico Juan Pablo Vojvoda, que marcou \u00e9poca \u00e0 frente do Fortaleza, voltou a ser pauta nos bastidores da elite do futebol nacional. Com seu nome ganhando for\u00e7a em Internacional e Santos, o argentino surge como uma das principais alternativas para assumir o comando t\u00e9cnico dessas equipes.&nbsp; Vale destacar que ambos os clubes vivem momentos [&hellip;]<\/p>\n","protected":false},"author":25,"featured_media":72672,"comment_status":"open","ping_status":"closed","sticky":false,"template":"","format":"standard","meta":{"footnotes":""},"categories":[146],"tags":[],"class_list":["post-273498","post","type-post","status-publish","format-standard","has-post-thumbnail","hentry","category-fortaleza"],"yoast_head":"<!-- This site is optimized with the Yoast SEO Premium plugin v24.2 (Yoast SEO v26.9) - https:\/\/yoast.com\/product\/yoast-seo-premium-wordpress\/ -->\n<title>Vojvoda desperta interesse de dois times do Brasileir\u00e3o<\/title>\n<meta name=\"robots\" content=\"index, follow, max-snippet:-1, max-image-preview:large, max-video-preview:-1\" \/>\n<link rel=\"canonical\" href=\"https:\/\/www.gaveanews.com\/index.php\/2025\/08\/04\/vojvoda-desperta-interesse-de-dois-times-do-brasileirao\/\" \/>\n<meta property=\"og:locale\" content=\"pt_BR\" \/>\n<meta property=\"og:type\" content=\"article\" \/>\n<meta property=\"og:title\" content=\"Vojvoda desperta interesse de dois times do Brasileir\u00e3o\" \/>\n<meta property=\"og:description\" content=\"O t\u00e9cnico Juan Pablo Vojvoda, que marcou \u00e9poca \u00e0 frente do Fortaleza, voltou a ser pauta nos bastidores da elite do futebol nacional. Com seu nome ganhando for\u00e7a em Internacional e Santos, o argentino surge como uma das principais alternativas para assumir o comando t\u00e9cnico dessas equipes.&nbsp; Vale destacar que ambos os clubes vivem momentos [&hellip;]\" \/>\n<meta property=\"og:url\" content=\"https:\/\/www.gaveanews.com\/index.php\/2025\/08\/04\/vojvoda-desperta-interesse-de-dois-times-do-brasileirao\/\" \/>\n<meta property=\"og:site_name\" content=\"G\u00e1vea News\" \/>\n<meta property=\"article:publisher\" content=\"https:\/\/facebook.com\/gaveaNews\/\" \/>\n<meta property=\"article:published_time\" content=\"2025-08-04T23:00:00+00:00\" \/>\n<meta property=\"og:image\" content=\"https:\/\/www.gaveanews.com\/wp-content\/uploads\/Vojvoda-durante-um-treino-do-Fortaleza.webp\" \/>\n\t<meta property=\"og:image:width\" content=\"1280\" \/>\n\t<meta property=\"og:image:height\" content=\"720\" \/>\n\t<meta property=\"og:image:type\" content=\"image\/jpeg\" \/>\n<meta name=\"author\" content=\"Rafaela Ladeira\" \/>\n<meta name=\"twitter:card\" content=\"summary_large_image\" \/>\n<meta name=\"twitter:label1\" content=\"Escrito por\" \/>\n\t<meta name=\"twitter:data1\" content=\"Rafaela Ladeira\" \/>\n\t<meta name=\"twitter:label2\" content=\"Est. tempo de leitura\" \/>\n\t<meta name=\"twitter:data2\" content=\"3 minutos\" \/>\n<script type=\"application\/ld+json\" class=\"yoast-schema-graph\">{\"@context\":\"https:\/\/schema.org\",\"@graph\":[{\"@type\":\"NewsArticle\",\"@id\":\"https:\/\/www.gaveanews.com\/index.php\/2025\/08\/04\/vojvoda-desperta-interesse-de-dois-times-do-brasileirao\/#article\",\"isPartOf\":{\"@id\":\"https:\/\/www.gaveanews.com\/index.php\/2025\/08\/04\/vojvoda-desperta-interesse-de-dois-times-do-brasileirao\/\"},\"author\":{\"name\":\"Rafaela Ladeira\",\"@id\":\"https:\/\/www.gaveanews.com\/#\/schema\/person\/0eb3e3fe1754f0205218538adbe8f5ed\"},\"headline\":\"Vojvoda desperta interesse de dois times do Brasileir\u00e3o\",\"datePublished\":\"2025-08-04T23:00:00+00:00\",\"mainEntityOfPage\":{\"@id\":\"https:\/\/www.gaveanews.com\/index.php\/2025\/08\/04\/vojvoda-desperta-interesse-de-dois-times-do-brasileirao\/\"},\"wordCount\":427,\"commentCount\":0,\"image\":{\"@id\":\"https:\/\/www.gaveanews.com\/index.php\/2025\/08\/04\/vojvoda-desperta-interesse-de-dois-times-do-brasileirao\/#primaryimage\"},\"thumbnailUrl\":\"https:\/\/www.gaveanews.com\/wp-content\/uploads\/Vojvoda-durante-um-treino-do-Fortaleza.webp\",\"articleSection\":[\"Fortaleza\"],\"inLanguage\":\"pt-BR\",\"potentialAction\":[{\"@type\":\"CommentAction\",\"name\":\"Comment\",\"target\":[\"https:\/\/www.gaveanews.com\/index.php\/2025\/08\/04\/vojvoda-desperta-interesse-de-dois-times-do-brasileirao\/#respond\"]}],\"copyrightYear\":\"2025\",\"copyrightHolder\":{\"@id\":\"https:\/\/www.gaveanews.com\/#organization\"}},{\"@type\":\"WebPage\",\"@id\":\"https:\/\/www.gaveanews.com\/index.php\/2025\/08\/04\/vojvoda-desperta-interesse-de-dois-times-do-brasileirao\/\",\"url\":\"https:\/\/www.gaveanews.com\/index.php\/2025\/08\/04\/vojvoda-desperta-interesse-de-dois-times-do-brasileirao\/\",\"name\":\"Vojvoda desperta interesse de dois times do Brasileir\u00e3o\",\"isPartOf\":{\"@id\":\"https:\/\/www.gaveanews.com\/#website\"},\"primaryImageOfPage\":{\"@id\":\"https:\/\/www.gaveanews.com\/index.php\/2025\/08\/04\/vojvoda-desperta-interesse-de-dois-times-do-brasileirao\/#primaryimage\"},\"image\":{\"@id\":\"https:\/\/www.gaveanews.com\/index.php\/2025\/08\/04\/vojvoda-desperta-interesse-de-dois-times-do-brasileirao\/#primaryimage\"},\"thumbnailUrl\":\"https:\/\/www.gaveanews.com\/wp-content\/uploads\/Vojvoda-durante-um-treino-do-Fortaleza.webp\",\"datePublished\":\"2025-08-04T23:00:00+00:00\",\"author\":{\"@id\":\"https:\/\/www.gaveanews.com\/#\/schema\/person\/0eb3e3fe1754f0205218538adbe8f5ed\"},\"breadcrumb\":{\"@id\":\"https:\/\/www.gaveanews.com\/index.php\/2025\/08\/04\/vojvoda-desperta-interesse-de-dois-times-do-brasileirao\/#breadcrumb\"},\"inLanguage\":\"pt-BR\",\"potentialAction\":[{\"@type\":\"ReadAction\",\"target\":[\"https:\/\/www.gaveanews.com\/index.php\/2025\/08\/04\/vojvoda-desperta-interesse-de-dois-times-do-brasileirao\/\"]}]},{\"@type\":\"ImageObject\",\"inLanguage\":\"pt-BR\",\"@id\":\"https:\/\/www.gaveanews.com\/index.php\/2025\/08\/04\/vojvoda-desperta-interesse-de-dois-times-do-brasileirao\/#primaryimage\",\"url\":\"https:\/\/www.gaveanews.com\/wp-content\/uploads\/Vojvoda-durante-um-treino-do-Fortaleza.webp\",\"contentUrl\":\"https:\/\/www.gaveanews.com\/wp-content\/uploads\/Vojvoda-durante-um-treino-do-Fortaleza.webp\",\"width\":1280,\"height\":720,\"caption\":\"Vojvoda durante um treino do Fortaleza (Foto: Leonardo Moreira\/Fortaleza)\"},{\"@type\":\"BreadcrumbList\",\"@id\":\"https:\/\/www.gaveanews.com\/index.php\/2025\/08\/04\/vojvoda-desperta-interesse-de-dois-times-do-brasileirao\/#breadcrumb\",\"itemListElement\":[{\"@type\":\"ListItem\",\"position\":1,\"name\":\"Home\",\"item\":\"https:\/\/www.gaveanews.com\/\"},{\"@type\":\"ListItem\",\"position\":2,\"name\":\"Vojvoda desperta interesse de dois times do Brasileir\u00e3o\"}]},{\"@type\":\"WebSite\",\"@id\":\"https:\/\/www.gaveanews.com\/#website\",\"url\":\"https:\/\/www.gaveanews.com\/\",\"name\":\"G\u00e1vea News\",\"description\":\"Veja todas as not\u00edcias sobre o Flamengo: Contrata\u00e7\u00f5es, categorias de base, resultados das partidas, tabela de classifica\u00e7\u00e3o, pr\u00f3ximos jogos!\",\"potentialAction\":[{\"@type\":\"SearchAction\",\"target\":{\"@type\":\"EntryPoint\",\"urlTemplate\":\"https:\/\/www.gaveanews.com\/?s={search_term_string}\"},\"query-input\":{\"@type\":\"PropertyValueSpecification\",\"valueRequired\":true,\"valueName\":\"search_term_string\"}}],\"inLanguage\":\"pt-BR\"},{\"@type\":\"Person\",\"@id\":\"https:\/\/www.gaveanews.com\/#\/schema\/person\/0eb3e3fe1754f0205218538adbe8f5ed\",\"name\":\"Rafaela Ladeira\",\"image\":{\"@type\":\"ImageObject\",\"inLanguage\":\"pt-BR\",\"@id\":\"https:\/\/www.gaveanews.com\/#\/schema\/person\/image\/\",\"url\":\"https:\/\/secure.gravatar.com\/avatar\/c31f513acffd85eacab5730cbdfdbbf59f21ba5aeada8cd890acea879fbb2455?s=96&d=mm&r=g\",\"contentUrl\":\"https:\/\/secure.gravatar.com\/avatar\/c31f513acffd85eacab5730cbdfdbbf59f21ba5aeada8cd890acea879fbb2455?s=96&d=mm&r=g\",\"caption\":\"Rafaela Ladeira\"}}]}<\/script>\n<!-- \/ Yoast SEO Premium plugin. -->","yoast_head_json":{"title":"Vojvoda desperta interesse de dois times do Brasileir\u00e3o","robots":{"index":"index","follow":"follow","max-snippet":"max-snippet:-1","max-image-preview":"max-image-preview:large","max-video-preview":"max-video-preview:-1"},"canonical":"https:\/\/www.gaveanews.com\/index.php\/2025\/08\/04\/vojvoda-desperta-interesse-de-dois-times-do-brasileirao\/","og_locale":"pt_BR","og_type":"article","og_title":"Vojvoda desperta interesse de dois times do Brasileir\u00e3o","og_description":"O t\u00e9cnico Juan Pablo Vojvoda, que marcou \u00e9poca \u00e0 frente do Fortaleza, voltou a ser pauta nos bastidores da elite do futebol nacional. Com seu nome ganhando for\u00e7a em Internacional e Santos, o argentino surge como uma das principais alternativas para assumir o comando t\u00e9cnico dessas equipes.&nbsp; Vale destacar que ambos os clubes vivem momentos [&hellip;]","og_url":"https:\/\/www.gaveanews.com\/index.php\/2025\/08\/04\/vojvoda-desperta-interesse-de-dois-times-do-brasileirao\/","og_site_name":"G\u00e1vea News","article_publisher":"https:\/\/facebook.com\/gaveaNews\/","article_published_time":"2025-08-04T23:00:00+00:00","og_image":[{"width":1280,"height":720,"url":"https:\/\/www.gaveanews.com\/wp-content\/uploads\/Vojvoda-durante-um-treino-do-Fortaleza.webp","type":"image\/jpeg"}],"author":"Rafaela Ladeira","twitter_card":"summary_large_image","twitter_misc":{"Escrito por":"Rafaela Ladeira","Est. tempo de leitura":"3 minutos"},"schema":{"@context":"https:\/\/schema.org","@graph":[{"@type":"NewsArticle","@id":"https:\/\/www.gaveanews.com\/index.php\/2025\/08\/04\/vojvoda-desperta-interesse-de-dois-times-do-brasileirao\/#article","isPartOf":{"@id":"https:\/\/www.gaveanews.com\/index.php\/2025\/08\/04\/vojvoda-desperta-interesse-de-dois-times-do-brasileirao\/"},"author":{"name":"Rafaela Ladeira","@id":"https:\/\/www.gaveanews.com\/#\/schema\/person\/0eb3e3fe1754f0205218538adbe8f5ed"},"headline":"Vojvoda desperta interesse de dois times do Brasileir\u00e3o","datePublished":"2025-08-04T23:00:00+00:00","mainEntityOfPage":{"@id":"https:\/\/www.gaveanews.com\/index.php\/2025\/08\/04\/vojvoda-desperta-interesse-de-dois-times-do-brasileirao\/"},"wordCount":427,"commentCount":0,"image":{"@id":"https:\/\/www.gaveanews.com\/index.php\/2025\/08\/04\/vojvoda-desperta-interesse-de-dois-times-do-brasileirao\/#primaryimage"},"thumbnailUrl":"https:\/\/www.gaveanews.com\/wp-content\/uploads\/Vojvoda-durante-um-treino-do-Fortaleza.webp","articleSection":["Fortaleza"],"inLanguage":"pt-BR","potentialAction":[{"@type":"CommentAction","name":"Comment","target":["https:\/\/www.gaveanews.com\/index.php\/2025\/08\/04\/vojvoda-desperta-interesse-de-dois-times-do-brasileirao\/#respond"]}],"copyrightYear":"2025","copyrightHolder":{"@id":"https:\/\/www.gaveanews.com\/#organization"}},{"@type":"WebPage","@id":"https:\/\/www.gaveanews.com\/index.php\/2025\/08\/04\/vojvoda-desperta-interesse-de-dois-times-do-brasileirao\/","url":"https:\/\/www.gaveanews.com\/index.php\/2025\/08\/04\/vojvoda-desperta-interesse-de-dois-times-do-brasileirao\/","name":"Vojvoda desperta interesse de dois times do Brasileir\u00e3o","isPartOf":{"@id":"https:\/\/www.gaveanews.com\/#website"},"primaryImageOfPage":{"@id":"https:\/\/www.gaveanews.com\/index.php\/2025\/08\/04\/vojvoda-desperta-interesse-de-dois-times-do-brasileirao\/#primaryimage"},"image":{"@id":"https:\/\/www.gaveanews.com\/index.php\/2025\/08\/04\/vojvoda-desperta-interesse-de-dois-times-do-brasileirao\/#primaryimage"},"thumbnailUrl":"https:\/\/www.gaveanews.com\/wp-content\/uploads\/Vojvoda-durante-um-treino-do-Fortaleza.webp","datePublished":"2025-08-04T23:00:00+00:00","author":{"@id":"https:\/\/www.gaveanews.com\/#\/schema\/person\/0eb3e3fe1754f0205218538adbe8f5ed"},"breadcrumb":{"@id":"https:\/\/www.gaveanews.com\/index.php\/2025\/08\/04\/vojvoda-desperta-interesse-de-dois-times-do-brasileirao\/#breadcrumb"},"inLanguage":"pt-BR","potentialAction":[{"@type":"ReadAction","target":["https:\/\/www.gaveanews.com\/index.php\/2025\/08\/04\/vojvoda-desperta-interesse-de-dois-times-do-brasileirao\/"]}]},{"@type":"ImageObject","inLanguage":"pt-BR","@id":"https:\/\/www.gaveanews.com\/index.php\/2025\/08\/04\/vojvoda-desperta-interesse-de-dois-times-do-brasileirao\/#primaryimage","url":"https:\/\/www.gaveanews.com\/wp-content\/uploads\/Vojvoda-durante-um-treino-do-Fortaleza.webp","contentUrl":"https:\/\/www.gaveanews.com\/wp-content\/uploads\/Vojvoda-durante-um-treino-do-Fortaleza.webp","width":1280,"height":720,"caption":"Vojvoda durante um treino do Fortaleza (Foto: Leonardo Moreira\/Fortaleza)"},{"@type":"BreadcrumbList","@id":"https:\/\/www.gaveanews.com\/index.php\/2025\/08\/04\/vojvoda-desperta-interesse-de-dois-times-do-brasileirao\/#breadcrumb","itemListElement":[{"@type":"ListItem","position":1,"name":"Home","item":"https:\/\/www.gaveanews.com\/"},{"@type":"ListItem","position":2,"name":"Vojvoda desperta interesse de dois times do Brasileir\u00e3o"}]},{"@type":"WebSite","@id":"https:\/\/www.gaveanews.com\/#website","url":"https:\/\/www.gaveanews.com\/","name":"G\u00e1vea News","description":"Veja todas as not\u00edcias sobre o Flamengo: Contrata\u00e7\u00f5es, categorias de base, resultados das partidas, tabela de classifica\u00e7\u00e3o, pr\u00f3ximos jogos!","potentialAction":[{"@type":"SearchAction","target":{"@type":"EntryPoint","urlTemplate":"https:\/\/www.gaveanews.com\/?s={search_term_string}"},"query-input":{"@type":"PropertyValueSpecification","valueRequired":true,"valueName":"search_term_string"}}],"inLanguage":"pt-BR"},{"@type":"Person","@id":"https:\/\/www.gaveanews.com\/#\/schema\/person\/0eb3e3fe1754f0205218538adbe8f5ed","name":"Rafaela Ladeira","image":{"@type":"ImageObject","inLanguage":"pt-BR","@id":"https:\/\/www.gaveanews.com\/#\/schema\/person\/image\/","url":"https:\/\/secure.gravatar.com\/avatar\/c31f513acffd85eacab5730cbdfdbbf59f21ba5aeada8cd890acea879fbb2455?s=96&d=mm&r=g","contentUrl":"https:\/\/secure.gravatar.com\/avatar\/c31f513acffd85eacab5730cbdfdbbf59f21ba5aeada8cd890acea879fbb2455?s=96&d=mm&r=g","caption":"Rafaela Ladeira"}}]}},"_links":{"self":[{"href":"https:\/\/www.gaveanews.com\/index.php\/wp-json\/wp\/v2\/posts\/273498","targetHints":{"allow":["GET"]}}],"collection":[{"href":"https:\/\/www.gaveanews.com\/index.php\/wp-json\/wp\/v2\/posts"}],"about":[{"href":"https:\/\/www.gaveanews.com\/index.php\/wp-json\/wp\/v2\/types\/post"}],"author":[{"embeddable":true,"href":"https:\/\/www.gaveanews.com\/index.php\/wp-json\/wp\/v2\/users\/25"}],"replies":[{"embeddable":true,"href":"https:\/\/www.gaveanews.com\/index.php\/wp-json\/wp\/v2\/comments?post=273498"}],"version-history":[{"count":1,"href":"https:\/\/www.gaveanews.com\/index.php\/wp-json\/wp\/v2\/posts\/273498\/revisions"}],"predecessor-version":[{"id":273499,"href":"https:\/\/www.gaveanews.com\/index.php\/wp-json\/wp\/v2\/posts\/273498\/revisions\/273499"}],"wp:featuredmedia":[{"embeddable":true,"href":"https:\/\/www.gaveanews.com\/index.php\/wp-json\/wp\/v2\/media\/72672"}],"wp:attachment":[{"href":"https:\/\/www.gaveanews.com\/index.php\/wp-json\/wp\/v2\/media?parent=273498"}],"wp:term":[{"taxonomy":"category","embeddable":true,"href":"https:\/\/www.gaveanews.com\/index.php\/wp-json\/wp\/v2\/categories?post=273498"},{"taxonomy":"post_tag","embeddable":true,"href":"https:\/\/www.gaveanews.com\/index.php\/wp-json\/wp\/v2\/tags?post=273498"}],"curies":[{"name":"wp","href":"https:\/\/api.w.org\/{rel}","templated":true}]}}