{"id":27503,"date":"2019-09-13T09:59:45","date_gmt":"2019-09-13T12:59:45","guid":{"rendered":"http:\/\/www.gaveanews.com\/?p=27503"},"modified":"2019-09-13T09:59:45","modified_gmt":"2019-09-13T12:59:45","slug":"comentarista-afirma-que-a-diretoria-do-flamengo-nao-esta-negociando-com-o-zagueiro-dede-e-revela-interesse-do-clube-por-defensor-mais-jovem","status":"publish","type":"post","link":"https:\/\/www.gaveanews.com\/index.php\/2019\/09\/13\/comentarista-afirma-que-a-diretoria-do-flamengo-nao-esta-negociando-com-o-zagueiro-dede-e-revela-interesse-do-clube-por-defensor-mais-jovem\/","title":{"rendered":"Comentarista afirma que a diretoria do Flamengo n\u00e3o est\u00e1 negociando com o zagueiro Ded\u00e9 e revela interesse do clube por defensor mais jovem"},"content":{"rendered":"\n<p>O Flamengo tem vivido \u00f3tima fase no Campeonato Brasileiro, onde \u00e9 l\u00edder, e na Libertadores da Am\u00e9rica, onde est\u00e1 nas semifinais. Por\u00e9m, as especula\u00e7\u00f5es j\u00e1 come\u00e7aram a acontecer. O jornalista <strong><a href=\"http:\/\/www.gaveanews.com\/index.php\/2019\/09\/12\/jornalista-afirma-que-o-flamengo-ja-esta-negociando-com-o-seu-primeiro-reforco-para-a-temporada-de-2020\/\">Jorge Nicola informou que o Rubro-Negro estaria interessado na contrata\u00e7\u00e3o do zagueiro Ded\u00e9, j\u00e1 planejando a temporada de 2020<\/a><\/strong>. O comentarista Mauro Cezar Pereira, no entanto, disse n\u00e3o existir conversas entre as partes.<\/p>\n\n\n\n<p>Atrav\u00e9s de seu canal no Youtube, Mauro Cezar garantiu que o Flamengo n\u00e3o abriu negocia\u00e7\u00e3o com o zagueiro \u00eddolo do Cruzeiro. <\/p>\n\n\n\n<p>Mauro ainda informou que, na verdade, o interesse dos dirigentes cariocas \u00e9 de contratar um defensor mais jovem e que n\u00e3o tenha um hist\u00f3rico de les\u00f5es, como \u00e9 o caso de Ded\u00e9.<\/p>\n\n\n\n<p>\u2014 N\u00e3o h\u00e1 nenhuma negocia\u00e7\u00e3o em curso. Essa not\u00edcia n\u00e3o procede. Eu conversei com alguns nomes importantes e todos, simplesmente todos, garantiram que n\u00e3o h\u00e1 nada em rela\u00e7\u00e3o ao Ded\u00e9 neste momento. Isso n\u00e3o significa que os dirigentes do Flamengo considerem o jogador um mau atleta, pelo contr\u00e1rio. O Ded\u00e9 \u00e9 um \u00f3timo zagueiro, e ele \u00e9 quase uma unanimidade em todos os clubes do pa\u00eds. S\u00f3 que \u00e9 um jogador com mais de 30 anos, jogador com hist\u00f3rico de les\u00f5es e \u00e9 um investimento muito alto. Para o Cruzeiro liber\u00e1-lo, seria necess\u00e1rio o pagamento de uma multa muito alta -, disse, antes de prosseguir:<\/p>\n\n\n\n<p>\u2014 Ent\u00e3o, o que ocorre? O Flamengo tentou o Ded\u00e9 no come\u00e7o do ano, pois entendia que o Ded\u00e9 era um jogador importante e acrescentaria muito ao elenco. No entanto, de l\u00e1 para c\u00e1, o Flamengo contratou Rodrigo Caio, Pablo Mar\u00ed, vendeu o L\u00e9o Duarte, e o Flamengo se resolveu com essa dupla de zagueiros. O clube precisa de mais zagueiros e quer contratar ao menos mais um jogador de bom n\u00edvel, at\u00e9 para disputar a posi\u00e7\u00e3o para o ano que vem. Mas a meta \u00e9 trazer um jogador mais jovem. Um zagueiro mais jovem, que possa brigar pelo espa\u00e7o e que n\u00e3o tenha o hist\u00f3rico de les\u00f5es do Ded\u00e9 -, finalizou Mauro Cezar.<\/p>\n\n\n\n<p>Nesta temporada, o Flamengo fez nove contrata\u00e7\u00f5es, sendo que oito s\u00e3o titulares. O Rubro-Negro fez a aposta em Jo\u00e3o Lucas, que foi destaque do Bangu no Campeonato Carioca, al\u00e9m de refor\u00e7ar o elenco com Rafinha, Rodrigo Caio, Pablo Mar\u00ed, Filipe Lu\u00eds, Gerson, De Arrascaeta, Bruno Henrique e Gabriel Barbosa. Este \u00faltimo foi o \u00fanico contratado por empr\u00e9stimo. Gabigol pertence \u00e0 Inter de Mil\u00e3o, que deseja 20 milh\u00f5es de euros para vend\u00ea-lo.<\/p>\n\n\n\n<p>Retirado de: Coluna do Fla<\/p>\n\n\n","protected":false},"excerpt":{"rendered":"<p>O Flamengo tem vivido \u00f3tima fase no Campeonato Brasileiro, onde \u00e9 l\u00edder, e na Libertadores da Am\u00e9rica, onde est\u00e1 nas semifinais. Por\u00e9m, as especula\u00e7\u00f5es j\u00e1 come\u00e7aram a acontecer. O jornalista Jorge Nicola informou que o Rubro-Negro estaria interessado na contrata\u00e7\u00e3o do zagueiro Ded\u00e9, j\u00e1 planejando a temporada de 2020. O comentarista Mauro Cezar Pereira, no [&hellip;]<\/p>\n","protected":false},"author":1,"featured_media":27488,"comment_status":"open","ping_status":"open","sticky":false,"template":"","format":"standard","meta":{"footnotes":""},"categories":[1],"tags":[],"class_list":["post-27503","post","type-post","status-publish","format-standard","has-post-thumbnail","hentry","category-flamengo"],"yoast_head":"<!-- This site is optimized with the Yoast SEO Premium plugin v24.2 (Yoast SEO v26.9) - https:\/\/yoast.com\/product\/yoast-seo-premium-wordpress\/ -->\n<title>Comentarista afirma que a diretoria do Flamengo n\u00e3o est\u00e1 negociando com o zagueiro Ded\u00e9 e revela interesse do clube por defensor mais jovem<\/title>\n<meta name=\"robots\" content=\"index, follow, max-snippet:-1, max-image-preview:large, max-video-preview:-1\" \/>\n<link rel=\"canonical\" href=\"https:\/\/www.gaveanews.com\/index.php\/2019\/09\/13\/comentarista-afirma-que-a-diretoria-do-flamengo-nao-esta-negociando-com-o-zagueiro-dede-e-revela-interesse-do-clube-por-defensor-mais-jovem\/\" \/>\n<meta property=\"og:locale\" content=\"pt_BR\" \/>\n<meta property=\"og:type\" content=\"article\" \/>\n<meta property=\"og:title\" content=\"Comentarista afirma que a diretoria do Flamengo n\u00e3o est\u00e1 negociando com o zagueiro Ded\u00e9 e revela interesse do clube por defensor mais jovem\" \/>\n<meta property=\"og:description\" content=\"O Flamengo tem vivido \u00f3tima fase no Campeonato Brasileiro, onde \u00e9 l\u00edder, e na Libertadores da Am\u00e9rica, onde est\u00e1 nas semifinais. Por\u00e9m, as especula\u00e7\u00f5es j\u00e1 come\u00e7aram a acontecer. O jornalista Jorge Nicola informou que o Rubro-Negro estaria interessado na contrata\u00e7\u00e3o do zagueiro Ded\u00e9, j\u00e1 planejando a temporada de 2020. O comentarista Mauro Cezar Pereira, no [&hellip;]\" \/>\n<meta property=\"og:url\" content=\"https:\/\/www.gaveanews.com\/index.php\/2019\/09\/13\/comentarista-afirma-que-a-diretoria-do-flamengo-nao-esta-negociando-com-o-zagueiro-dede-e-revela-interesse-do-clube-por-defensor-mais-jovem\/\" \/>\n<meta property=\"og:site_name\" content=\"G\u00e1vea News\" \/>\n<meta property=\"article:publisher\" content=\"https:\/\/facebook.com\/gaveaNews\/\" \/>\n<meta property=\"article:published_time\" content=\"2019-09-13T12:59:45+00:00\" \/>\n<meta property=\"og:image\" content=\"https:\/\/www.gaveanews.com\/wp-content\/uploads\/Dede-em-acao-pelo-Brasil.webp\" \/>\n\t<meta property=\"og:image:width\" content=\"1\" \/>\n\t<meta property=\"og:image:height\" content=\"1\" \/>\n\t<meta property=\"og:image:type\" content=\"image\/jpeg\" \/>\n<meta name=\"author\" content=\"Equipe G\u00e1vea News\" \/>\n<meta name=\"twitter:card\" content=\"summary_large_image\" \/>\n<meta name=\"twitter:label1\" content=\"Escrito por\" \/>\n\t<meta name=\"twitter:data1\" content=\"Equipe G\u00e1vea News\" \/>\n\t<meta name=\"twitter:label2\" content=\"Est. tempo de leitura\" \/>\n\t<meta name=\"twitter:data2\" content=\"2 minutos\" \/>\n<script type=\"application\/ld+json\" class=\"yoast-schema-graph\">{\"@context\":\"https:\/\/schema.org\",\"@graph\":[{\"@type\":\"NewsArticle\",\"@id\":\"https:\/\/www.gaveanews.com\/index.php\/2019\/09\/13\/comentarista-afirma-que-a-diretoria-do-flamengo-nao-esta-negociando-com-o-zagueiro-dede-e-revela-interesse-do-clube-por-defensor-mais-jovem\/#article\",\"isPartOf\":{\"@id\":\"https:\/\/www.gaveanews.com\/index.php\/2019\/09\/13\/comentarista-afirma-que-a-diretoria-do-flamengo-nao-esta-negociando-com-o-zagueiro-dede-e-revela-interesse-do-clube-por-defensor-mais-jovem\/\"},\"author\":{\"name\":\"Equipe G\u00e1vea News\",\"@id\":\"https:\/\/www.gaveanews.com\/#\/schema\/person\/2ec14f73fb96be2caf28f91afb14749d\"},\"headline\":\"Comentarista afirma que a diretoria do Flamengo n\u00e3o est\u00e1 negociando com o zagueiro Ded\u00e9 e revela interesse do clube por defensor mais jovem\",\"datePublished\":\"2019-09-13T12:59:45+00:00\",\"mainEntityOfPage\":{\"@id\":\"https:\/\/www.gaveanews.com\/index.php\/2019\/09\/13\/comentarista-afirma-que-a-diretoria-do-flamengo-nao-esta-negociando-com-o-zagueiro-dede-e-revela-interesse-do-clube-por-defensor-mais-jovem\/\"},\"wordCount\":466,\"commentCount\":0,\"image\":{\"@id\":\"https:\/\/www.gaveanews.com\/index.php\/2019\/09\/13\/comentarista-afirma-que-a-diretoria-do-flamengo-nao-esta-negociando-com-o-zagueiro-dede-e-revela-interesse-do-clube-por-defensor-mais-jovem\/#primaryimage\"},\"thumbnailUrl\":\"https:\/\/www.gaveanews.com\/wp-content\/uploads\/Dede-em-acao-pelo-Brasil.webp\",\"articleSection\":[\"Flamengo\"],\"inLanguage\":\"pt-BR\",\"potentialAction\":[{\"@type\":\"CommentAction\",\"name\":\"Comment\",\"target\":[\"https:\/\/www.gaveanews.com\/index.php\/2019\/09\/13\/comentarista-afirma-que-a-diretoria-do-flamengo-nao-esta-negociando-com-o-zagueiro-dede-e-revela-interesse-do-clube-por-defensor-mais-jovem\/#respond\"]}],\"copyrightYear\":\"2019\",\"copyrightHolder\":{\"@id\":\"https:\/\/www.gaveanews.com\/#organization\"}},{\"@type\":\"WebPage\",\"@id\":\"https:\/\/www.gaveanews.com\/index.php\/2019\/09\/13\/comentarista-afirma-que-a-diretoria-do-flamengo-nao-esta-negociando-com-o-zagueiro-dede-e-revela-interesse-do-clube-por-defensor-mais-jovem\/\",\"url\":\"https:\/\/www.gaveanews.com\/index.php\/2019\/09\/13\/comentarista-afirma-que-a-diretoria-do-flamengo-nao-esta-negociando-com-o-zagueiro-dede-e-revela-interesse-do-clube-por-defensor-mais-jovem\/\",\"name\":\"Comentarista afirma que a diretoria do Flamengo n\u00e3o est\u00e1 negociando com o zagueiro Ded\u00e9 e revela interesse do clube por defensor mais jovem\",\"isPartOf\":{\"@id\":\"https:\/\/www.gaveanews.com\/#website\"},\"primaryImageOfPage\":{\"@id\":\"https:\/\/www.gaveanews.com\/index.php\/2019\/09\/13\/comentarista-afirma-que-a-diretoria-do-flamengo-nao-esta-negociando-com-o-zagueiro-dede-e-revela-interesse-do-clube-por-defensor-mais-jovem\/#primaryimage\"},\"image\":{\"@id\":\"https:\/\/www.gaveanews.com\/index.php\/2019\/09\/13\/comentarista-afirma-que-a-diretoria-do-flamengo-nao-esta-negociando-com-o-zagueiro-dede-e-revela-interesse-do-clube-por-defensor-mais-jovem\/#primaryimage\"},\"thumbnailUrl\":\"https:\/\/www.gaveanews.com\/wp-content\/uploads\/Dede-em-acao-pelo-Brasil.webp\",\"datePublished\":\"2019-09-13T12:59:45+00:00\",\"author\":{\"@id\":\"https:\/\/www.gaveanews.com\/#\/schema\/person\/2ec14f73fb96be2caf28f91afb14749d\"},\"breadcrumb\":{\"@id\":\"https:\/\/www.gaveanews.com\/index.php\/2019\/09\/13\/comentarista-afirma-que-a-diretoria-do-flamengo-nao-esta-negociando-com-o-zagueiro-dede-e-revela-interesse-do-clube-por-defensor-mais-jovem\/#breadcrumb\"},\"inLanguage\":\"pt-BR\",\"potentialAction\":[{\"@type\":\"ReadAction\",\"target\":[\"https:\/\/www.gaveanews.com\/index.php\/2019\/09\/13\/comentarista-afirma-que-a-diretoria-do-flamengo-nao-esta-negociando-com-o-zagueiro-dede-e-revela-interesse-do-clube-por-defensor-mais-jovem\/\"]}]},{\"@type\":\"ImageObject\",\"inLanguage\":\"pt-BR\",\"@id\":\"https:\/\/www.gaveanews.com\/index.php\/2019\/09\/13\/comentarista-afirma-que-a-diretoria-do-flamengo-nao-esta-negociando-com-o-zagueiro-dede-e-revela-interesse-do-clube-por-defensor-mais-jovem\/#primaryimage\",\"url\":\"https:\/\/www.gaveanews.com\/wp-content\/uploads\/Dede-em-acao-pelo-Brasil.webp\",\"contentUrl\":\"https:\/\/www.gaveanews.com\/wp-content\/uploads\/Dede-em-acao-pelo-Brasil.webp\",\"caption\":\"Dede em a\u00e7\u00e3o pelo Brasil (Foto: Lucas Figueiredo\/CBF)\"},{\"@type\":\"BreadcrumbList\",\"@id\":\"https:\/\/www.gaveanews.com\/index.php\/2019\/09\/13\/comentarista-afirma-que-a-diretoria-do-flamengo-nao-esta-negociando-com-o-zagueiro-dede-e-revela-interesse-do-clube-por-defensor-mais-jovem\/#breadcrumb\",\"itemListElement\":[{\"@type\":\"ListItem\",\"position\":1,\"name\":\"Home\",\"item\":\"https:\/\/www.gaveanews.com\/\"},{\"@type\":\"ListItem\",\"position\":2,\"name\":\"Comentarista afirma que a diretoria do Flamengo n\u00e3o est\u00e1 negociando com o zagueiro Ded\u00e9 e revela interesse do clube por defensor mais jovem\"}]},{\"@type\":\"WebSite\",\"@id\":\"https:\/\/www.gaveanews.com\/#website\",\"url\":\"https:\/\/www.gaveanews.com\/\",\"name\":\"G\u00e1vea News\",\"description\":\"Veja todas as not\u00edcias sobre o Flamengo: Contrata\u00e7\u00f5es, categorias de base, resultados das partidas, tabela de classifica\u00e7\u00e3o, pr\u00f3ximos jogos!\",\"potentialAction\":[{\"@type\":\"SearchAction\",\"target\":{\"@type\":\"EntryPoint\",\"urlTemplate\":\"https:\/\/www.gaveanews.com\/?s={search_term_string}\"},\"query-input\":{\"@type\":\"PropertyValueSpecification\",\"valueRequired\":true,\"valueName\":\"search_term_string\"}}],\"inLanguage\":\"pt-BR\"},{\"@type\":\"Person\",\"@id\":\"https:\/\/www.gaveanews.com\/#\/schema\/person\/2ec14f73fb96be2caf28f91afb14749d\",\"name\":\"Equipe G\u00e1vea News\",\"image\":{\"@type\":\"ImageObject\",\"inLanguage\":\"pt-BR\",\"@id\":\"https:\/\/www.gaveanews.com\/#\/schema\/person\/image\/\",\"url\":\"https:\/\/secure.gravatar.com\/avatar\/1e1956f1facbffd3f8fa53a326721950116b3b9dc9bd44939c01180fd4a745a9?s=96&d=mm&r=g\",\"contentUrl\":\"https:\/\/secure.gravatar.com\/avatar\/1e1956f1facbffd3f8fa53a326721950116b3b9dc9bd44939c01180fd4a745a9?s=96&d=mm&r=g\",\"caption\":\"Equipe G\u00e1vea News\"}}]}<\/script>\n<!-- \/ Yoast SEO Premium plugin. -->","yoast_head_json":{"title":"Comentarista afirma que a diretoria do Flamengo n\u00e3o est\u00e1 negociando com o zagueiro Ded\u00e9 e revela interesse do clube por defensor mais jovem","robots":{"index":"index","follow":"follow","max-snippet":"max-snippet:-1","max-image-preview":"max-image-preview:large","max-video-preview":"max-video-preview:-1"},"canonical":"https:\/\/www.gaveanews.com\/index.php\/2019\/09\/13\/comentarista-afirma-que-a-diretoria-do-flamengo-nao-esta-negociando-com-o-zagueiro-dede-e-revela-interesse-do-clube-por-defensor-mais-jovem\/","og_locale":"pt_BR","og_type":"article","og_title":"Comentarista afirma que a diretoria do Flamengo n\u00e3o est\u00e1 negociando com o zagueiro Ded\u00e9 e revela interesse do clube por defensor mais jovem","og_description":"O Flamengo tem vivido \u00f3tima fase no Campeonato Brasileiro, onde \u00e9 l\u00edder, e na Libertadores da Am\u00e9rica, onde est\u00e1 nas semifinais. Por\u00e9m, as especula\u00e7\u00f5es j\u00e1 come\u00e7aram a acontecer. O jornalista Jorge Nicola informou que o Rubro-Negro estaria interessado na contrata\u00e7\u00e3o do zagueiro Ded\u00e9, j\u00e1 planejando a temporada de 2020. O comentarista Mauro Cezar Pereira, no [&hellip;]","og_url":"https:\/\/www.gaveanews.com\/index.php\/2019\/09\/13\/comentarista-afirma-que-a-diretoria-do-flamengo-nao-esta-negociando-com-o-zagueiro-dede-e-revela-interesse-do-clube-por-defensor-mais-jovem\/","og_site_name":"G\u00e1vea News","article_publisher":"https:\/\/facebook.com\/gaveaNews\/","article_published_time":"2019-09-13T12:59:45+00:00","og_image":[{"url":"https:\/\/www.gaveanews.com\/wp-content\/uploads\/Dede-em-acao-pelo-Brasil.webp","width":1,"height":1,"type":"image\/jpeg"}],"author":"Equipe G\u00e1vea News","twitter_card":"summary_large_image","twitter_misc":{"Escrito por":"Equipe G\u00e1vea News","Est. tempo de leitura":"2 minutos"},"schema":{"@context":"https:\/\/schema.org","@graph":[{"@type":"NewsArticle","@id":"https:\/\/www.gaveanews.com\/index.php\/2019\/09\/13\/comentarista-afirma-que-a-diretoria-do-flamengo-nao-esta-negociando-com-o-zagueiro-dede-e-revela-interesse-do-clube-por-defensor-mais-jovem\/#article","isPartOf":{"@id":"https:\/\/www.gaveanews.com\/index.php\/2019\/09\/13\/comentarista-afirma-que-a-diretoria-do-flamengo-nao-esta-negociando-com-o-zagueiro-dede-e-revela-interesse-do-clube-por-defensor-mais-jovem\/"},"author":{"name":"Equipe G\u00e1vea News","@id":"https:\/\/www.gaveanews.com\/#\/schema\/person\/2ec14f73fb96be2caf28f91afb14749d"},"headline":"Comentarista afirma que a diretoria do Flamengo n\u00e3o est\u00e1 negociando com o zagueiro Ded\u00e9 e revela interesse do clube por defensor mais jovem","datePublished":"2019-09-13T12:59:45+00:00","mainEntityOfPage":{"@id":"https:\/\/www.gaveanews.com\/index.php\/2019\/09\/13\/comentarista-afirma-que-a-diretoria-do-flamengo-nao-esta-negociando-com-o-zagueiro-dede-e-revela-interesse-do-clube-por-defensor-mais-jovem\/"},"wordCount":466,"commentCount":0,"image":{"@id":"https:\/\/www.gaveanews.com\/index.php\/2019\/09\/13\/comentarista-afirma-que-a-diretoria-do-flamengo-nao-esta-negociando-com-o-zagueiro-dede-e-revela-interesse-do-clube-por-defensor-mais-jovem\/#primaryimage"},"thumbnailUrl":"https:\/\/www.gaveanews.com\/wp-content\/uploads\/Dede-em-acao-pelo-Brasil.webp","articleSection":["Flamengo"],"inLanguage":"pt-BR","potentialAction":[{"@type":"CommentAction","name":"Comment","target":["https:\/\/www.gaveanews.com\/index.php\/2019\/09\/13\/comentarista-afirma-que-a-diretoria-do-flamengo-nao-esta-negociando-com-o-zagueiro-dede-e-revela-interesse-do-clube-por-defensor-mais-jovem\/#respond"]}],"copyrightYear":"2019","copyrightHolder":{"@id":"https:\/\/www.gaveanews.com\/#organization"}},{"@type":"WebPage","@id":"https:\/\/www.gaveanews.com\/index.php\/2019\/09\/13\/comentarista-afirma-que-a-diretoria-do-flamengo-nao-esta-negociando-com-o-zagueiro-dede-e-revela-interesse-do-clube-por-defensor-mais-jovem\/","url":"https:\/\/www.gaveanews.com\/index.php\/2019\/09\/13\/comentarista-afirma-que-a-diretoria-do-flamengo-nao-esta-negociando-com-o-zagueiro-dede-e-revela-interesse-do-clube-por-defensor-mais-jovem\/","name":"Comentarista afirma que a diretoria do Flamengo n\u00e3o est\u00e1 negociando com o zagueiro Ded\u00e9 e revela interesse do clube por defensor mais jovem","isPartOf":{"@id":"https:\/\/www.gaveanews.com\/#website"},"primaryImageOfPage":{"@id":"https:\/\/www.gaveanews.com\/index.php\/2019\/09\/13\/comentarista-afirma-que-a-diretoria-do-flamengo-nao-esta-negociando-com-o-zagueiro-dede-e-revela-interesse-do-clube-por-defensor-mais-jovem\/#primaryimage"},"image":{"@id":"https:\/\/www.gaveanews.com\/index.php\/2019\/09\/13\/comentarista-afirma-que-a-diretoria-do-flamengo-nao-esta-negociando-com-o-zagueiro-dede-e-revela-interesse-do-clube-por-defensor-mais-jovem\/#primaryimage"},"thumbnailUrl":"https:\/\/www.gaveanews.com\/wp-content\/uploads\/Dede-em-acao-pelo-Brasil.webp","datePublished":"2019-09-13T12:59:45+00:00","author":{"@id":"https:\/\/www.gaveanews.com\/#\/schema\/person\/2ec14f73fb96be2caf28f91afb14749d"},"breadcrumb":{"@id":"https:\/\/www.gaveanews.com\/index.php\/2019\/09\/13\/comentarista-afirma-que-a-diretoria-do-flamengo-nao-esta-negociando-com-o-zagueiro-dede-e-revela-interesse-do-clube-por-defensor-mais-jovem\/#breadcrumb"},"inLanguage":"pt-BR","potentialAction":[{"@type":"ReadAction","target":["https:\/\/www.gaveanews.com\/index.php\/2019\/09\/13\/comentarista-afirma-que-a-diretoria-do-flamengo-nao-esta-negociando-com-o-zagueiro-dede-e-revela-interesse-do-clube-por-defensor-mais-jovem\/"]}]},{"@type":"ImageObject","inLanguage":"pt-BR","@id":"https:\/\/www.gaveanews.com\/index.php\/2019\/09\/13\/comentarista-afirma-que-a-diretoria-do-flamengo-nao-esta-negociando-com-o-zagueiro-dede-e-revela-interesse-do-clube-por-defensor-mais-jovem\/#primaryimage","url":"https:\/\/www.gaveanews.com\/wp-content\/uploads\/Dede-em-acao-pelo-Brasil.webp","contentUrl":"https:\/\/www.gaveanews.com\/wp-content\/uploads\/Dede-em-acao-pelo-Brasil.webp","caption":"Dede em a\u00e7\u00e3o pelo Brasil (Foto: Lucas Figueiredo\/CBF)"},{"@type":"BreadcrumbList","@id":"https:\/\/www.gaveanews.com\/index.php\/2019\/09\/13\/comentarista-afirma-que-a-diretoria-do-flamengo-nao-esta-negociando-com-o-zagueiro-dede-e-revela-interesse-do-clube-por-defensor-mais-jovem\/#breadcrumb","itemListElement":[{"@type":"ListItem","position":1,"name":"Home","item":"https:\/\/www.gaveanews.com\/"},{"@type":"ListItem","position":2,"name":"Comentarista afirma que a diretoria do Flamengo n\u00e3o est\u00e1 negociando com o zagueiro Ded\u00e9 e revela interesse do clube por defensor mais jovem"}]},{"@type":"WebSite","@id":"https:\/\/www.gaveanews.com\/#website","url":"https:\/\/www.gaveanews.com\/","name":"G\u00e1vea News","description":"Veja todas as not\u00edcias sobre o Flamengo: Contrata\u00e7\u00f5es, categorias de base, resultados das partidas, tabela de classifica\u00e7\u00e3o, pr\u00f3ximos jogos!","potentialAction":[{"@type":"SearchAction","target":{"@type":"EntryPoint","urlTemplate":"https:\/\/www.gaveanews.com\/?s={search_term_string}"},"query-input":{"@type":"PropertyValueSpecification","valueRequired":true,"valueName":"search_term_string"}}],"inLanguage":"pt-BR"},{"@type":"Person","@id":"https:\/\/www.gaveanews.com\/#\/schema\/person\/2ec14f73fb96be2caf28f91afb14749d","name":"Equipe G\u00e1vea News","image":{"@type":"ImageObject","inLanguage":"pt-BR","@id":"https:\/\/www.gaveanews.com\/#\/schema\/person\/image\/","url":"https:\/\/secure.gravatar.com\/avatar\/1e1956f1facbffd3f8fa53a326721950116b3b9dc9bd44939c01180fd4a745a9?s=96&d=mm&r=g","contentUrl":"https:\/\/secure.gravatar.com\/avatar\/1e1956f1facbffd3f8fa53a326721950116b3b9dc9bd44939c01180fd4a745a9?s=96&d=mm&r=g","caption":"Equipe G\u00e1vea News"}}]}},"_links":{"self":[{"href":"https:\/\/www.gaveanews.com\/index.php\/wp-json\/wp\/v2\/posts\/27503","targetHints":{"allow":["GET"]}}],"collection":[{"href":"https:\/\/www.gaveanews.com\/index.php\/wp-json\/wp\/v2\/posts"}],"about":[{"href":"https:\/\/www.gaveanews.com\/index.php\/wp-json\/wp\/v2\/types\/post"}],"author":[{"embeddable":true,"href":"https:\/\/www.gaveanews.com\/index.php\/wp-json\/wp\/v2\/users\/1"}],"replies":[{"embeddable":true,"href":"https:\/\/www.gaveanews.com\/index.php\/wp-json\/wp\/v2\/comments?post=27503"}],"version-history":[{"count":0,"href":"https:\/\/www.gaveanews.com\/index.php\/wp-json\/wp\/v2\/posts\/27503\/revisions"}],"wp:featuredmedia":[{"embeddable":true,"href":"https:\/\/www.gaveanews.com\/index.php\/wp-json\/wp\/v2\/media\/27488"}],"wp:attachment":[{"href":"https:\/\/www.gaveanews.com\/index.php\/wp-json\/wp\/v2\/media?parent=27503"}],"wp:term":[{"taxonomy":"category","embeddable":true,"href":"https:\/\/www.gaveanews.com\/index.php\/wp-json\/wp\/v2\/categories?post=27503"},{"taxonomy":"post_tag","embeddable":true,"href":"https:\/\/www.gaveanews.com\/index.php\/wp-json\/wp\/v2\/tags?post=27503"}],"curies":[{"name":"wp","href":"https:\/\/api.w.org\/{rel}","templated":true}]}}