{"id":275410,"date":"2025-09-01T13:49:09","date_gmt":"2025-09-01T16:49:09","guid":{"rendered":"https:\/\/www.gaveanews.com\/?p=275410"},"modified":"2025-09-01T13:49:13","modified_gmt":"2025-09-01T16:49:13","slug":"a-declaracao-de-samuel-lino-direcionada-a-jorginho-e-de-la-cruz-do-flamengo","status":"publish","type":"post","link":"https:\/\/www.gaveanews.com\/index.php\/2025\/09\/01\/a-declaracao-de-samuel-lino-direcionada-a-jorginho-e-de-la-cruz-do-flamengo\/","title":{"rendered":"A declara\u00e7\u00e3o de Samuel Lino direcionada a Jorginho e De La Cruz, do Flamengo"},"content":{"rendered":"\n<p>No Maracan\u00e3, domingo (31 de agosto), Flamengo e Gr\u00eamio se enfrentaram pela 22\u00aa rodada do Brasileir\u00e3o. A partida registrou 69.447 torcedores presentes e renda de R$ 4.995.950,00, as maiores da edi\u00e7\u00e3o. Al\u00e9m disso, Jorginho ficou fora por desgaste muscular, e De La Cruz foi escalado entre os titulares no meio-campo rubro-negro.<\/p>\n\n\n\n<p>Arrascaeta marcou aos 8 minutos do segundo tempo ap\u00f3s tabela com Pedro. J\u00e1 aos 39, Tiago Volpi empatou de p\u00eanalti, assinalado quando Pav\u00f3n cruzou e a bola tocou no bra\u00e7o de Ayrton Lucas. Com o 1 a 1, o Flamengo chegou a 47 pontos e manteve a lideran\u00e7a. Enquanto isso, o Gr\u00eamio foi a 25.<\/p>\n\n\n\n<p>Depois do empate, Samuel Lino lamentou a aus\u00eancia de Jorginho e elogiou a atua\u00e7\u00e3o de De La Cruz. Entretanto, o atacante preferiu destacar as diferen\u00e7as de estilo entre os dois, sem apontar culpados. A fala foi dada na zona mista ap\u00f3s a partida.<\/p>\n\n\n\n<p>&#8220;O Nico ( De La Cruz ) fez um grande jogo, o Jorginho tem a sua qualidade, o Nico tem a qualidade dele, cada um tem os seus pontos fortes e fracos. Eu acho que o Nico respondeu muito bem depois de estar um tempo parado&#8221;<\/p>\n\n\n\n<p>Por recomenda\u00e7\u00e3o do Departamento M\u00e9dico, Jorginho n\u00e3o atuou no domingo. Ap\u00f3s uma sequ\u00eancia de partidas como titular, o volante apresentou dores no m\u00fasculo posterior da coxa esquerda. Desse modo, realizando trabalhos separados do elenco, o camisa 21 foi poupado do confronto.<\/p>\n\n\n\n<p>Al\u00e9m disso, Lino afirmou que o placar n\u00e3o esteve ligado \u00e0 troca no meio-campo. Segundo ele, o resultado decorreu das circunst\u00e2ncias do jogo, e a volta de De La Cruz foi motivo de satisfa\u00e7\u00e3o pelo desempenho mostrado.<\/p>\n\n\n\n<p>&#8220;E eu acho que a vit\u00f3ria n\u00e3o veio por nada disso, eu acho que foi por causa do futebol que acontece. Mas fico feliz pela volta do Nico depois de um tempo, porque eu acho que ele fez um grande jogo e nos ajudou muito&#8221;<\/p>\n\n\n\n<p>Ali\u00e1s, a partida foi a 12\u00aa do Flamengo como mandante no Brasileir\u00e3o. O clube j\u00e1 levou 703 mil torcedores ao Maracan\u00e3 e tem m\u00e9dia de 58.598 por jogo. Com 83,3% de aproveitamento, soma nove vit\u00f3rias e tr\u00eas empates em casa. Bahia e Mirassol tamb\u00e9m seguem invictos como mandantes.<\/p>\n","protected":false},"excerpt":{"rendered":"<p>No Maracan\u00e3, domingo (31 de agosto), Flamengo e Gr\u00eamio se enfrentaram pela 22\u00aa rodada do Brasileir\u00e3o. A partida registrou 69.447 torcedores presentes e renda de R$ 4.995.950,00, as maiores da edi\u00e7\u00e3o. Al\u00e9m disso, Jorginho ficou fora por desgaste muscular, e De La Cruz foi escalado entre os titulares no meio-campo rubro-negro. Arrascaeta marcou aos 8 [&hellip;]<\/p>\n","protected":false},"author":39,"featured_media":274870,"comment_status":"open","ping_status":"closed","sticky":false,"template":"","format":"standard","meta":{"footnotes":""},"categories":[1],"tags":[],"class_list":["post-275410","post","type-post","status-publish","format-standard","has-post-thumbnail","hentry","category-flamengo"],"yoast_head":"<!-- This site is optimized with the Yoast SEO Premium plugin v24.2 (Yoast SEO v26.9) - https:\/\/yoast.com\/product\/yoast-seo-premium-wordpress\/ -->\n<title>A declara\u00e7\u00e3o de Samuel Lino direcionada a Jorginho e De La Cruz, do Flamengo<\/title>\n<meta name=\"robots\" content=\"index, follow, max-snippet:-1, max-image-preview:large, max-video-preview:-1\" \/>\n<link rel=\"canonical\" href=\"https:\/\/www.gaveanews.com\/index.php\/2025\/09\/01\/a-declaracao-de-samuel-lino-direcionada-a-jorginho-e-de-la-cruz-do-flamengo\/\" \/>\n<meta property=\"og:locale\" content=\"pt_BR\" \/>\n<meta property=\"og:type\" content=\"article\" \/>\n<meta property=\"og:title\" content=\"A declara\u00e7\u00e3o de Samuel Lino direcionada a Jorginho e De La Cruz, do Flamengo\" \/>\n<meta property=\"og:description\" content=\"No Maracan\u00e3, domingo (31 de agosto), Flamengo e Gr\u00eamio se enfrentaram pela 22\u00aa rodada do Brasileir\u00e3o. A partida registrou 69.447 torcedores presentes e renda de R$ 4.995.950,00, as maiores da edi\u00e7\u00e3o. Al\u00e9m disso, Jorginho ficou fora por desgaste muscular, e De La Cruz foi escalado entre os titulares no meio-campo rubro-negro. Arrascaeta marcou aos 8 [&hellip;]\" \/>\n<meta property=\"og:url\" content=\"https:\/\/www.gaveanews.com\/index.php\/2025\/09\/01\/a-declaracao-de-samuel-lino-direcionada-a-jorginho-e-de-la-cruz-do-flamengo\/\" \/>\n<meta property=\"og:site_name\" content=\"G\u00e1vea News\" \/>\n<meta property=\"article:publisher\" content=\"https:\/\/facebook.com\/gaveaNews\/\" \/>\n<meta property=\"article:published_time\" content=\"2025-09-01T16:49:09+00:00\" \/>\n<meta property=\"article:modified_time\" content=\"2025-09-01T16:49:13+00:00\" \/>\n<meta property=\"og:image\" content=\"http:\/\/www.gaveanews.com\/wp-content\/uploads\/FLAMENGO-X-VITORIA-CAMPEONATO-BRASILEIRO.jpg\" \/>\n\t<meta property=\"og:image:width\" content=\"799\" \/>\n\t<meta property=\"og:image:height\" content=\"533\" \/>\n\t<meta property=\"og:image:type\" content=\"image\/jpeg\" \/>\n<meta name=\"author\" content=\"Reda\u00e7\u00e3o\" \/>\n<meta name=\"twitter:card\" content=\"summary_large_image\" \/>\n<meta name=\"twitter:label1\" content=\"Escrito por\" \/>\n\t<meta name=\"twitter:data1\" content=\"Reda\u00e7\u00e3o\" \/>\n\t<meta name=\"twitter:label2\" content=\"Est. tempo de leitura\" \/>\n\t<meta name=\"twitter:data2\" content=\"3 minutos\" \/>\n<script type=\"application\/ld+json\" class=\"yoast-schema-graph\">{\"@context\":\"https:\/\/schema.org\",\"@graph\":[{\"@type\":\"NewsArticle\",\"@id\":\"https:\/\/www.gaveanews.com\/index.php\/2025\/09\/01\/a-declaracao-de-samuel-lino-direcionada-a-jorginho-e-de-la-cruz-do-flamengo\/#article\",\"isPartOf\":{\"@id\":\"https:\/\/www.gaveanews.com\/index.php\/2025\/09\/01\/a-declaracao-de-samuel-lino-direcionada-a-jorginho-e-de-la-cruz-do-flamengo\/\"},\"author\":{\"name\":\"Reda\u00e7\u00e3o\",\"@id\":\"https:\/\/www.gaveanews.com\/#\/schema\/person\/c88645e3d550d0b6574305e67dd5a716\"},\"headline\":\"A declara\u00e7\u00e3o de Samuel Lino direcionada a Jorginho e De La Cruz, do Flamengo\",\"datePublished\":\"2025-09-01T16:49:09+00:00\",\"dateModified\":\"2025-09-01T16:49:13+00:00\",\"mainEntityOfPage\":{\"@id\":\"https:\/\/www.gaveanews.com\/index.php\/2025\/09\/01\/a-declaracao-de-samuel-lino-direcionada-a-jorginho-e-de-la-cruz-do-flamengo\/\"},\"wordCount\":395,\"commentCount\":0,\"image\":{\"@id\":\"https:\/\/www.gaveanews.com\/index.php\/2025\/09\/01\/a-declaracao-de-samuel-lino-direcionada-a-jorginho-e-de-la-cruz-do-flamengo\/#primaryimage\"},\"thumbnailUrl\":\"https:\/\/www.gaveanews.com\/wp-content\/uploads\/FLAMENGO-X-VITORIA-CAMPEONATO-BRASILEIRO.jpg\",\"articleSection\":[\"Flamengo\"],\"inLanguage\":\"pt-BR\",\"potentialAction\":[{\"@type\":\"CommentAction\",\"name\":\"Comment\",\"target\":[\"https:\/\/www.gaveanews.com\/index.php\/2025\/09\/01\/a-declaracao-de-samuel-lino-direcionada-a-jorginho-e-de-la-cruz-do-flamengo\/#respond\"]}],\"copyrightYear\":\"2025\",\"copyrightHolder\":{\"@id\":\"https:\/\/www.gaveanews.com\/#organization\"}},{\"@type\":\"WebPage\",\"@id\":\"https:\/\/www.gaveanews.com\/index.php\/2025\/09\/01\/a-declaracao-de-samuel-lino-direcionada-a-jorginho-e-de-la-cruz-do-flamengo\/\",\"url\":\"https:\/\/www.gaveanews.com\/index.php\/2025\/09\/01\/a-declaracao-de-samuel-lino-direcionada-a-jorginho-e-de-la-cruz-do-flamengo\/\",\"name\":\"A declara\u00e7\u00e3o de Samuel Lino direcionada a Jorginho e De La Cruz, do Flamengo\",\"isPartOf\":{\"@id\":\"https:\/\/www.gaveanews.com\/#website\"},\"primaryImageOfPage\":{\"@id\":\"https:\/\/www.gaveanews.com\/index.php\/2025\/09\/01\/a-declaracao-de-samuel-lino-direcionada-a-jorginho-e-de-la-cruz-do-flamengo\/#primaryimage\"},\"image\":{\"@id\":\"https:\/\/www.gaveanews.com\/index.php\/2025\/09\/01\/a-declaracao-de-samuel-lino-direcionada-a-jorginho-e-de-la-cruz-do-flamengo\/#primaryimage\"},\"thumbnailUrl\":\"https:\/\/www.gaveanews.com\/wp-content\/uploads\/FLAMENGO-X-VITORIA-CAMPEONATO-BRASILEIRO.jpg\",\"datePublished\":\"2025-09-01T16:49:09+00:00\",\"dateModified\":\"2025-09-01T16:49:13+00:00\",\"author\":{\"@id\":\"https:\/\/www.gaveanews.com\/#\/schema\/person\/c88645e3d550d0b6574305e67dd5a716\"},\"breadcrumb\":{\"@id\":\"https:\/\/www.gaveanews.com\/index.php\/2025\/09\/01\/a-declaracao-de-samuel-lino-direcionada-a-jorginho-e-de-la-cruz-do-flamengo\/#breadcrumb\"},\"inLanguage\":\"pt-BR\",\"potentialAction\":[{\"@type\":\"ReadAction\",\"target\":[\"https:\/\/www.gaveanews.com\/index.php\/2025\/09\/01\/a-declaracao-de-samuel-lino-direcionada-a-jorginho-e-de-la-cruz-do-flamengo\/\"]}]},{\"@type\":\"ImageObject\",\"inLanguage\":\"pt-BR\",\"@id\":\"https:\/\/www.gaveanews.com\/index.php\/2025\/09\/01\/a-declaracao-de-samuel-lino-direcionada-a-jorginho-e-de-la-cruz-do-flamengo\/#primaryimage\",\"url\":\"https:\/\/www.gaveanews.com\/wp-content\/uploads\/FLAMENGO-X-VITORIA-CAMPEONATO-BRASILEIRO.jpg\",\"contentUrl\":\"https:\/\/www.gaveanews.com\/wp-content\/uploads\/FLAMENGO-X-VITORIA-CAMPEONATO-BRASILEIRO.jpg\",\"width\":799,\"height\":533,\"caption\":\"Flamengo x Vit\u00f3ria pelo Brasileir\u00e3o 2025 (Foto: Gilvan de Souza\/Flamengo)\"},{\"@type\":\"BreadcrumbList\",\"@id\":\"https:\/\/www.gaveanews.com\/index.php\/2025\/09\/01\/a-declaracao-de-samuel-lino-direcionada-a-jorginho-e-de-la-cruz-do-flamengo\/#breadcrumb\",\"itemListElement\":[{\"@type\":\"ListItem\",\"position\":1,\"name\":\"Home\",\"item\":\"https:\/\/www.gaveanews.com\/\"},{\"@type\":\"ListItem\",\"position\":2,\"name\":\"A declara\u00e7\u00e3o de Samuel Lino direcionada a Jorginho e De La Cruz, do Flamengo\"}]},{\"@type\":\"WebSite\",\"@id\":\"https:\/\/www.gaveanews.com\/#website\",\"url\":\"https:\/\/www.gaveanews.com\/\",\"name\":\"G\u00e1vea News\",\"description\":\"Veja todas as not\u00edcias sobre o Flamengo: Contrata\u00e7\u00f5es, categorias de base, resultados das partidas, tabela de classifica\u00e7\u00e3o, pr\u00f3ximos jogos!\",\"potentialAction\":[{\"@type\":\"SearchAction\",\"target\":{\"@type\":\"EntryPoint\",\"urlTemplate\":\"https:\/\/www.gaveanews.com\/?s={search_term_string}\"},\"query-input\":{\"@type\":\"PropertyValueSpecification\",\"valueRequired\":true,\"valueName\":\"search_term_string\"}}],\"inLanguage\":\"pt-BR\"},{\"@type\":\"Person\",\"@id\":\"https:\/\/www.gaveanews.com\/#\/schema\/person\/c88645e3d550d0b6574305e67dd5a716\",\"name\":\"Reda\u00e7\u00e3o\",\"image\":{\"@type\":\"ImageObject\",\"inLanguage\":\"pt-BR\",\"@id\":\"https:\/\/www.gaveanews.com\/#\/schema\/person\/image\/\",\"url\":\"https:\/\/secure.gravatar.com\/avatar\/434098fd823f0dc1b062d14ca22bacaa6e38de28d8c816bbef6fc2f8c44d8ba3?s=96&d=mm&r=g\",\"contentUrl\":\"https:\/\/secure.gravatar.com\/avatar\/434098fd823f0dc1b062d14ca22bacaa6e38de28d8c816bbef6fc2f8c44d8ba3?s=96&d=mm&r=g\",\"caption\":\"Reda\u00e7\u00e3o\"}}]}<\/script>\n<!-- \/ Yoast SEO Premium plugin. -->","yoast_head_json":{"title":"A declara\u00e7\u00e3o de Samuel Lino direcionada a Jorginho e De La Cruz, do Flamengo","robots":{"index":"index","follow":"follow","max-snippet":"max-snippet:-1","max-image-preview":"max-image-preview:large","max-video-preview":"max-video-preview:-1"},"canonical":"https:\/\/www.gaveanews.com\/index.php\/2025\/09\/01\/a-declaracao-de-samuel-lino-direcionada-a-jorginho-e-de-la-cruz-do-flamengo\/","og_locale":"pt_BR","og_type":"article","og_title":"A declara\u00e7\u00e3o de Samuel Lino direcionada a Jorginho e De La Cruz, do Flamengo","og_description":"No Maracan\u00e3, domingo (31 de agosto), Flamengo e Gr\u00eamio se enfrentaram pela 22\u00aa rodada do Brasileir\u00e3o. A partida registrou 69.447 torcedores presentes e renda de R$ 4.995.950,00, as maiores da edi\u00e7\u00e3o. Al\u00e9m disso, Jorginho ficou fora por desgaste muscular, e De La Cruz foi escalado entre os titulares no meio-campo rubro-negro. Arrascaeta marcou aos 8 [&hellip;]","og_url":"https:\/\/www.gaveanews.com\/index.php\/2025\/09\/01\/a-declaracao-de-samuel-lino-direcionada-a-jorginho-e-de-la-cruz-do-flamengo\/","og_site_name":"G\u00e1vea News","article_publisher":"https:\/\/facebook.com\/gaveaNews\/","article_published_time":"2025-09-01T16:49:09+00:00","article_modified_time":"2025-09-01T16:49:13+00:00","og_image":[{"width":799,"height":533,"url":"http:\/\/www.gaveanews.com\/wp-content\/uploads\/FLAMENGO-X-VITORIA-CAMPEONATO-BRASILEIRO.jpg","type":"image\/jpeg"}],"author":"Reda\u00e7\u00e3o","twitter_card":"summary_large_image","twitter_misc":{"Escrito por":"Reda\u00e7\u00e3o","Est. tempo de leitura":"3 minutos"},"schema":{"@context":"https:\/\/schema.org","@graph":[{"@type":"NewsArticle","@id":"https:\/\/www.gaveanews.com\/index.php\/2025\/09\/01\/a-declaracao-de-samuel-lino-direcionada-a-jorginho-e-de-la-cruz-do-flamengo\/#article","isPartOf":{"@id":"https:\/\/www.gaveanews.com\/index.php\/2025\/09\/01\/a-declaracao-de-samuel-lino-direcionada-a-jorginho-e-de-la-cruz-do-flamengo\/"},"author":{"name":"Reda\u00e7\u00e3o","@id":"https:\/\/www.gaveanews.com\/#\/schema\/person\/c88645e3d550d0b6574305e67dd5a716"},"headline":"A declara\u00e7\u00e3o de Samuel Lino direcionada a Jorginho e De La Cruz, do Flamengo","datePublished":"2025-09-01T16:49:09+00:00","dateModified":"2025-09-01T16:49:13+00:00","mainEntityOfPage":{"@id":"https:\/\/www.gaveanews.com\/index.php\/2025\/09\/01\/a-declaracao-de-samuel-lino-direcionada-a-jorginho-e-de-la-cruz-do-flamengo\/"},"wordCount":395,"commentCount":0,"image":{"@id":"https:\/\/www.gaveanews.com\/index.php\/2025\/09\/01\/a-declaracao-de-samuel-lino-direcionada-a-jorginho-e-de-la-cruz-do-flamengo\/#primaryimage"},"thumbnailUrl":"https:\/\/www.gaveanews.com\/wp-content\/uploads\/FLAMENGO-X-VITORIA-CAMPEONATO-BRASILEIRO.jpg","articleSection":["Flamengo"],"inLanguage":"pt-BR","potentialAction":[{"@type":"CommentAction","name":"Comment","target":["https:\/\/www.gaveanews.com\/index.php\/2025\/09\/01\/a-declaracao-de-samuel-lino-direcionada-a-jorginho-e-de-la-cruz-do-flamengo\/#respond"]}],"copyrightYear":"2025","copyrightHolder":{"@id":"https:\/\/www.gaveanews.com\/#organization"}},{"@type":"WebPage","@id":"https:\/\/www.gaveanews.com\/index.php\/2025\/09\/01\/a-declaracao-de-samuel-lino-direcionada-a-jorginho-e-de-la-cruz-do-flamengo\/","url":"https:\/\/www.gaveanews.com\/index.php\/2025\/09\/01\/a-declaracao-de-samuel-lino-direcionada-a-jorginho-e-de-la-cruz-do-flamengo\/","name":"A declara\u00e7\u00e3o de Samuel Lino direcionada a Jorginho e De La Cruz, do Flamengo","isPartOf":{"@id":"https:\/\/www.gaveanews.com\/#website"},"primaryImageOfPage":{"@id":"https:\/\/www.gaveanews.com\/index.php\/2025\/09\/01\/a-declaracao-de-samuel-lino-direcionada-a-jorginho-e-de-la-cruz-do-flamengo\/#primaryimage"},"image":{"@id":"https:\/\/www.gaveanews.com\/index.php\/2025\/09\/01\/a-declaracao-de-samuel-lino-direcionada-a-jorginho-e-de-la-cruz-do-flamengo\/#primaryimage"},"thumbnailUrl":"https:\/\/www.gaveanews.com\/wp-content\/uploads\/FLAMENGO-X-VITORIA-CAMPEONATO-BRASILEIRO.jpg","datePublished":"2025-09-01T16:49:09+00:00","dateModified":"2025-09-01T16:49:13+00:00","author":{"@id":"https:\/\/www.gaveanews.com\/#\/schema\/person\/c88645e3d550d0b6574305e67dd5a716"},"breadcrumb":{"@id":"https:\/\/www.gaveanews.com\/index.php\/2025\/09\/01\/a-declaracao-de-samuel-lino-direcionada-a-jorginho-e-de-la-cruz-do-flamengo\/#breadcrumb"},"inLanguage":"pt-BR","potentialAction":[{"@type":"ReadAction","target":["https:\/\/www.gaveanews.com\/index.php\/2025\/09\/01\/a-declaracao-de-samuel-lino-direcionada-a-jorginho-e-de-la-cruz-do-flamengo\/"]}]},{"@type":"ImageObject","inLanguage":"pt-BR","@id":"https:\/\/www.gaveanews.com\/index.php\/2025\/09\/01\/a-declaracao-de-samuel-lino-direcionada-a-jorginho-e-de-la-cruz-do-flamengo\/#primaryimage","url":"https:\/\/www.gaveanews.com\/wp-content\/uploads\/FLAMENGO-X-VITORIA-CAMPEONATO-BRASILEIRO.jpg","contentUrl":"https:\/\/www.gaveanews.com\/wp-content\/uploads\/FLAMENGO-X-VITORIA-CAMPEONATO-BRASILEIRO.jpg","width":799,"height":533,"caption":"Flamengo x Vit\u00f3ria pelo Brasileir\u00e3o 2025 (Foto: Gilvan de Souza\/Flamengo)"},{"@type":"BreadcrumbList","@id":"https:\/\/www.gaveanews.com\/index.php\/2025\/09\/01\/a-declaracao-de-samuel-lino-direcionada-a-jorginho-e-de-la-cruz-do-flamengo\/#breadcrumb","itemListElement":[{"@type":"ListItem","position":1,"name":"Home","item":"https:\/\/www.gaveanews.com\/"},{"@type":"ListItem","position":2,"name":"A declara\u00e7\u00e3o de Samuel Lino direcionada a Jorginho e De La Cruz, do Flamengo"}]},{"@type":"WebSite","@id":"https:\/\/www.gaveanews.com\/#website","url":"https:\/\/www.gaveanews.com\/","name":"G\u00e1vea News","description":"Veja todas as not\u00edcias sobre o Flamengo: Contrata\u00e7\u00f5es, categorias de base, resultados das partidas, tabela de classifica\u00e7\u00e3o, pr\u00f3ximos jogos!","potentialAction":[{"@type":"SearchAction","target":{"@type":"EntryPoint","urlTemplate":"https:\/\/www.gaveanews.com\/?s={search_term_string}"},"query-input":{"@type":"PropertyValueSpecification","valueRequired":true,"valueName":"search_term_string"}}],"inLanguage":"pt-BR"},{"@type":"Person","@id":"https:\/\/www.gaveanews.com\/#\/schema\/person\/c88645e3d550d0b6574305e67dd5a716","name":"Reda\u00e7\u00e3o","image":{"@type":"ImageObject","inLanguage":"pt-BR","@id":"https:\/\/www.gaveanews.com\/#\/schema\/person\/image\/","url":"https:\/\/secure.gravatar.com\/avatar\/434098fd823f0dc1b062d14ca22bacaa6e38de28d8c816bbef6fc2f8c44d8ba3?s=96&d=mm&r=g","contentUrl":"https:\/\/secure.gravatar.com\/avatar\/434098fd823f0dc1b062d14ca22bacaa6e38de28d8c816bbef6fc2f8c44d8ba3?s=96&d=mm&r=g","caption":"Reda\u00e7\u00e3o"}}]}},"_links":{"self":[{"href":"https:\/\/www.gaveanews.com\/index.php\/wp-json\/wp\/v2\/posts\/275410","targetHints":{"allow":["GET"]}}],"collection":[{"href":"https:\/\/www.gaveanews.com\/index.php\/wp-json\/wp\/v2\/posts"}],"about":[{"href":"https:\/\/www.gaveanews.com\/index.php\/wp-json\/wp\/v2\/types\/post"}],"author":[{"embeddable":true,"href":"https:\/\/www.gaveanews.com\/index.php\/wp-json\/wp\/v2\/users\/39"}],"replies":[{"embeddable":true,"href":"https:\/\/www.gaveanews.com\/index.php\/wp-json\/wp\/v2\/comments?post=275410"}],"version-history":[{"count":1,"href":"https:\/\/www.gaveanews.com\/index.php\/wp-json\/wp\/v2\/posts\/275410\/revisions"}],"predecessor-version":[{"id":275412,"href":"https:\/\/www.gaveanews.com\/index.php\/wp-json\/wp\/v2\/posts\/275410\/revisions\/275412"}],"wp:featuredmedia":[{"embeddable":true,"href":"https:\/\/www.gaveanews.com\/index.php\/wp-json\/wp\/v2\/media\/274870"}],"wp:attachment":[{"href":"https:\/\/www.gaveanews.com\/index.php\/wp-json\/wp\/v2\/media?parent=275410"}],"wp:term":[{"taxonomy":"category","embeddable":true,"href":"https:\/\/www.gaveanews.com\/index.php\/wp-json\/wp\/v2\/categories?post=275410"},{"taxonomy":"post_tag","embeddable":true,"href":"https:\/\/www.gaveanews.com\/index.php\/wp-json\/wp\/v2\/tags?post=275410"}],"curies":[{"name":"wp","href":"https:\/\/api.w.org\/{rel}","templated":true}]}}