{"id":275413,"date":"2025-09-01T14:30:58","date_gmt":"2025-09-01T17:30:58","guid":{"rendered":"https:\/\/www.gaveanews.com\/?p=275413"},"modified":"2025-09-01T14:19:07","modified_gmt":"2025-09-01T17:19:07","slug":"a-declaracao-de-mauro-cezar-apos-o-empate-do-flamengo-acomodacao","status":"publish","type":"post","link":"https:\/\/www.gaveanews.com\/index.php\/2025\/09\/01\/a-declaracao-de-mauro-cezar-apos-o-empate-do-flamengo-acomodacao\/","title":{"rendered":"A declara\u00e7\u00e3o de Mauro Cezar ap\u00f3s o empate do Flamengo: &#8220;acomoda\u00e7\u00e3o&#8230;&#8221;"},"content":{"rendered":"\n<p>Flamengo e Gr\u00eamio se enfrentaram no Maracan\u00e3, pela 22\u00aa rodada do Campeonato Brasileiro, no domingo (31 de agosto). O duelo aconteceu poucos dias depois da goleada rubro-negra por 8 a 0 sobre o Vit\u00f3ria, em novo compromisso diante da torcida no est\u00e1dio do Rio de Janeiro.<\/p>\n\n\n\n<p>O confronto terminou em 1 a 1. Logo ap\u00f3s o intervalo, Arrascaeta tabelou com Pedro e, com um toque sutil, abriu o placar aos sete minutos do segundo tempo. Entretanto, Pav\u00f3n foi lan\u00e7ado e, na hora do cruzamento, a bola bateu na m\u00e3o de Varela dentro da \u00e1rea. Tiago Volpi converteu o p\u00eanalti aos 39 minutos.<\/p>\n\n\n\n<p>Apesar do trope\u00e7o, o Flamengo se manteve na ponta, com 47 pontos, tr\u00eas \u00e0 frente do Cruzeiro, e com um jogo a menos. J\u00e1 o Gr\u00eamio saltou para a 13\u00aa posi\u00e7\u00e3o, com 25 pontos. Al\u00e9m disso, o duelo quebrou o recorde de p\u00fablico no Brasil em 2025: 64.495 pagantes e 69.447 presentes, com renda de R$ 4.995.950, a maior do Brasileir\u00e3o at\u00e9 agora.<\/p>\n\n\n\n<p>No programa Posse de Bola, o colunista Mauro Cezar Pereira avaliou que a acomoda\u00e7\u00e3o do Flamengo e as mudan\u00e7as de Filipe Lu\u00eds contribu\u00edram para o empate no Maracan\u00e3. Segundo ele, o time n\u00e3o buscou o segundo gol com a mesma intensidade de outras atua\u00e7\u00f5es recentes.<\/p>\n\n\n\n<p>&#8220;O Flamengo foi castigado pela acomoda\u00e7\u00e3o, sentou no 1 a 0, n\u00e3o teve a mesma vol\u00fapia de outros jogos, buscando um segundo gol, que te d\u00e1 a tranquilidade da vit\u00f3ria. E acho que mexeu mal tamb\u00e9m o Filipe, n\u00e3o foi bem ontem.&#8221;<\/p>\n\n\n\n<p>Dentro de campo, o time carioca teve mais posse, trocou muitos passes e encontrou dificuldade para furar a marca\u00e7\u00e3o pelo meio. Quando explorou os lados, criou chances, como as oportunidades com Pedro, salvas por Volpi e por Noriega. Houve ainda uma cabe\u00e7ada de L\u00e9o Pereira e cobran\u00e7as de falta de De La Cruz que levaram perigo. Depois, a equipe diminuiu a intensidade e n\u00e3o ampliou.<\/p>\n\n\n\n<p>Para Juca Kfouri, o Flamengo \u201cfez o mais dif\u00edcil\u201d ao abrir o placar, mas administrou a vantagem m\u00ednima e se exp\u00f4s a um lance fortuito do advers\u00e1rio. O comentarista mencionou o p\u00eanalti que originou o empate como exemplo do risco assumido no fim.<\/p>\n\n\n\n<p>&#8220;Faz 1&#215;0, tem o jogo absolutamente sob controle e d\u00e1 uma acomodada. N\u00e3o cogita da hip\u00f3tese de um acidente, de um p\u00eanalti \u00e0 brasileira. N\u00e3o v\u00e1 me dizer que o Ayrton Lucas evitou um gol do Gr\u00eamio. Mas a\u00ed o Flamengo foi castigado.&#8221;<\/p>\n","protected":false},"excerpt":{"rendered":"<p>Flamengo e Gr\u00eamio se enfrentaram no Maracan\u00e3, pela 22\u00aa rodada do Campeonato Brasileiro, no domingo (31 de agosto). O duelo aconteceu poucos dias depois da goleada rubro-negra por 8 a 0 sobre o Vit\u00f3ria, em novo compromisso diante da torcida no est\u00e1dio do Rio de Janeiro. O confronto terminou em 1 a 1. Logo ap\u00f3s [&hellip;]<\/p>\n","protected":false},"author":39,"featured_media":56367,"comment_status":"open","ping_status":"closed","sticky":false,"template":"","format":"standard","meta":{"footnotes":""},"categories":[1],"tags":[],"class_list":["post-275413","post","type-post","status-publish","format-standard","has-post-thumbnail","hentry","category-flamengo"],"yoast_head":"<!-- This site is optimized with the Yoast SEO Premium plugin v24.2 (Yoast SEO v26.9) - https:\/\/yoast.com\/product\/yoast-seo-premium-wordpress\/ -->\n<title>A declara\u00e7\u00e3o de Mauro Cezar ap\u00f3s o empate do Flamengo: &quot;acomoda\u00e7\u00e3o...&quot;<\/title>\n<meta name=\"robots\" content=\"index, follow, max-snippet:-1, max-image-preview:large, max-video-preview:-1\" \/>\n<link rel=\"canonical\" href=\"https:\/\/www.gaveanews.com\/index.php\/2025\/09\/01\/a-declaracao-de-mauro-cezar-apos-o-empate-do-flamengo-acomodacao\/\" \/>\n<meta property=\"og:locale\" content=\"pt_BR\" \/>\n<meta property=\"og:type\" content=\"article\" \/>\n<meta property=\"og:title\" content=\"A declara\u00e7\u00e3o de Mauro Cezar ap\u00f3s o empate do Flamengo: &quot;acomoda\u00e7\u00e3o...&quot;\" \/>\n<meta property=\"og:description\" content=\"Flamengo e Gr\u00eamio se enfrentaram no Maracan\u00e3, pela 22\u00aa rodada do Campeonato Brasileiro, no domingo (31 de agosto). O duelo aconteceu poucos dias depois da goleada rubro-negra por 8 a 0 sobre o Vit\u00f3ria, em novo compromisso diante da torcida no est\u00e1dio do Rio de Janeiro. O confronto terminou em 1 a 1. Logo ap\u00f3s [&hellip;]\" \/>\n<meta property=\"og:url\" content=\"https:\/\/www.gaveanews.com\/index.php\/2025\/09\/01\/a-declaracao-de-mauro-cezar-apos-o-empate-do-flamengo-acomodacao\/\" \/>\n<meta property=\"og:site_name\" content=\"G\u00e1vea News\" \/>\n<meta property=\"article:publisher\" content=\"https:\/\/facebook.com\/gaveaNews\/\" \/>\n<meta property=\"article:published_time\" content=\"2025-09-01T17:30:58+00:00\" \/>\n<meta property=\"og:image\" content=\"https:\/\/www.gaveanews.com\/wp-content\/uploads\/Mauro-Cezar-em-participacao-na-Uol-Esporte.webp\" \/>\n\t<meta property=\"og:image:width\" content=\"900\" \/>\n\t<meta property=\"og:image:height\" content=\"506\" \/>\n\t<meta property=\"og:image:type\" content=\"image\/png\" \/>\n<meta name=\"author\" content=\"Reda\u00e7\u00e3o\" \/>\n<meta name=\"twitter:card\" content=\"summary_large_image\" \/>\n<meta name=\"twitter:label1\" content=\"Escrito por\" \/>\n\t<meta name=\"twitter:data1\" content=\"Reda\u00e7\u00e3o\" \/>\n\t<meta name=\"twitter:label2\" content=\"Est. tempo de leitura\" \/>\n\t<meta name=\"twitter:data2\" content=\"3 minutos\" \/>\n<script type=\"application\/ld+json\" class=\"yoast-schema-graph\">{\"@context\":\"https:\/\/schema.org\",\"@graph\":[{\"@type\":\"NewsArticle\",\"@id\":\"https:\/\/www.gaveanews.com\/index.php\/2025\/09\/01\/a-declaracao-de-mauro-cezar-apos-o-empate-do-flamengo-acomodacao\/#article\",\"isPartOf\":{\"@id\":\"https:\/\/www.gaveanews.com\/index.php\/2025\/09\/01\/a-declaracao-de-mauro-cezar-apos-o-empate-do-flamengo-acomodacao\/\"},\"author\":{\"name\":\"Reda\u00e7\u00e3o\",\"@id\":\"https:\/\/www.gaveanews.com\/#\/schema\/person\/c88645e3d550d0b6574305e67dd5a716\"},\"headline\":\"A declara\u00e7\u00e3o de Mauro Cezar ap\u00f3s o empate do Flamengo: &#8220;acomoda\u00e7\u00e3o&#8230;&#8221;\",\"datePublished\":\"2025-09-01T17:30:58+00:00\",\"mainEntityOfPage\":{\"@id\":\"https:\/\/www.gaveanews.com\/index.php\/2025\/09\/01\/a-declaracao-de-mauro-cezar-apos-o-empate-do-flamengo-acomodacao\/\"},\"wordCount\":441,\"commentCount\":0,\"image\":{\"@id\":\"https:\/\/www.gaveanews.com\/index.php\/2025\/09\/01\/a-declaracao-de-mauro-cezar-apos-o-empate-do-flamengo-acomodacao\/#primaryimage\"},\"thumbnailUrl\":\"https:\/\/www.gaveanews.com\/wp-content\/uploads\/Mauro-Cezar-em-participacao-na-Uol-Esporte.webp\",\"articleSection\":[\"Flamengo\"],\"inLanguage\":\"pt-BR\",\"potentialAction\":[{\"@type\":\"CommentAction\",\"name\":\"Comment\",\"target\":[\"https:\/\/www.gaveanews.com\/index.php\/2025\/09\/01\/a-declaracao-de-mauro-cezar-apos-o-empate-do-flamengo-acomodacao\/#respond\"]}],\"copyrightYear\":\"2025\",\"copyrightHolder\":{\"@id\":\"https:\/\/www.gaveanews.com\/#organization\"}},{\"@type\":\"WebPage\",\"@id\":\"https:\/\/www.gaveanews.com\/index.php\/2025\/09\/01\/a-declaracao-de-mauro-cezar-apos-o-empate-do-flamengo-acomodacao\/\",\"url\":\"https:\/\/www.gaveanews.com\/index.php\/2025\/09\/01\/a-declaracao-de-mauro-cezar-apos-o-empate-do-flamengo-acomodacao\/\",\"name\":\"A declara\u00e7\u00e3o de Mauro Cezar ap\u00f3s o empate do Flamengo: \\\"acomoda\u00e7\u00e3o...\\\"\",\"isPartOf\":{\"@id\":\"https:\/\/www.gaveanews.com\/#website\"},\"primaryImageOfPage\":{\"@id\":\"https:\/\/www.gaveanews.com\/index.php\/2025\/09\/01\/a-declaracao-de-mauro-cezar-apos-o-empate-do-flamengo-acomodacao\/#primaryimage\"},\"image\":{\"@id\":\"https:\/\/www.gaveanews.com\/index.php\/2025\/09\/01\/a-declaracao-de-mauro-cezar-apos-o-empate-do-flamengo-acomodacao\/#primaryimage\"},\"thumbnailUrl\":\"https:\/\/www.gaveanews.com\/wp-content\/uploads\/Mauro-Cezar-em-participacao-na-Uol-Esporte.webp\",\"datePublished\":\"2025-09-01T17:30:58+00:00\",\"author\":{\"@id\":\"https:\/\/www.gaveanews.com\/#\/schema\/person\/c88645e3d550d0b6574305e67dd5a716\"},\"breadcrumb\":{\"@id\":\"https:\/\/www.gaveanews.com\/index.php\/2025\/09\/01\/a-declaracao-de-mauro-cezar-apos-o-empate-do-flamengo-acomodacao\/#breadcrumb\"},\"inLanguage\":\"pt-BR\",\"potentialAction\":[{\"@type\":\"ReadAction\",\"target\":[\"https:\/\/www.gaveanews.com\/index.php\/2025\/09\/01\/a-declaracao-de-mauro-cezar-apos-o-empate-do-flamengo-acomodacao\/\"]}]},{\"@type\":\"ImageObject\",\"inLanguage\":\"pt-BR\",\"@id\":\"https:\/\/www.gaveanews.com\/index.php\/2025\/09\/01\/a-declaracao-de-mauro-cezar-apos-o-empate-do-flamengo-acomodacao\/#primaryimage\",\"url\":\"https:\/\/www.gaveanews.com\/wp-content\/uploads\/Mauro-Cezar-em-participacao-na-Uol-Esporte.webp\",\"contentUrl\":\"https:\/\/www.gaveanews.com\/wp-content\/uploads\/Mauro-Cezar-em-participacao-na-Uol-Esporte.webp\",\"width\":900,\"height\":506,\"caption\":\"Mauro Cezar, comentarista da UOL Esporte (Foto: Reprodu\u00e7\u00e3o\/UOL Esporte)\"},{\"@type\":\"BreadcrumbList\",\"@id\":\"https:\/\/www.gaveanews.com\/index.php\/2025\/09\/01\/a-declaracao-de-mauro-cezar-apos-o-empate-do-flamengo-acomodacao\/#breadcrumb\",\"itemListElement\":[{\"@type\":\"ListItem\",\"position\":1,\"name\":\"Home\",\"item\":\"https:\/\/www.gaveanews.com\/\"},{\"@type\":\"ListItem\",\"position\":2,\"name\":\"A declara\u00e7\u00e3o de Mauro Cezar ap\u00f3s o empate do Flamengo: &#8220;acomoda\u00e7\u00e3o&#8230;&#8221;\"}]},{\"@type\":\"WebSite\",\"@id\":\"https:\/\/www.gaveanews.com\/#website\",\"url\":\"https:\/\/www.gaveanews.com\/\",\"name\":\"G\u00e1vea News\",\"description\":\"Veja todas as not\u00edcias sobre o Flamengo: Contrata\u00e7\u00f5es, categorias de base, resultados das partidas, tabela de classifica\u00e7\u00e3o, pr\u00f3ximos jogos!\",\"potentialAction\":[{\"@type\":\"SearchAction\",\"target\":{\"@type\":\"EntryPoint\",\"urlTemplate\":\"https:\/\/www.gaveanews.com\/?s={search_term_string}\"},\"query-input\":{\"@type\":\"PropertyValueSpecification\",\"valueRequired\":true,\"valueName\":\"search_term_string\"}}],\"inLanguage\":\"pt-BR\"},{\"@type\":\"Person\",\"@id\":\"https:\/\/www.gaveanews.com\/#\/schema\/person\/c88645e3d550d0b6574305e67dd5a716\",\"name\":\"Reda\u00e7\u00e3o\",\"image\":{\"@type\":\"ImageObject\",\"inLanguage\":\"pt-BR\",\"@id\":\"https:\/\/www.gaveanews.com\/#\/schema\/person\/image\/\",\"url\":\"https:\/\/secure.gravatar.com\/avatar\/434098fd823f0dc1b062d14ca22bacaa6e38de28d8c816bbef6fc2f8c44d8ba3?s=96&d=mm&r=g\",\"contentUrl\":\"https:\/\/secure.gravatar.com\/avatar\/434098fd823f0dc1b062d14ca22bacaa6e38de28d8c816bbef6fc2f8c44d8ba3?s=96&d=mm&r=g\",\"caption\":\"Reda\u00e7\u00e3o\"}}]}<\/script>\n<!-- \/ Yoast SEO Premium plugin. -->","yoast_head_json":{"title":"A declara\u00e7\u00e3o de Mauro Cezar ap\u00f3s o empate do Flamengo: \"acomoda\u00e7\u00e3o...\"","robots":{"index":"index","follow":"follow","max-snippet":"max-snippet:-1","max-image-preview":"max-image-preview:large","max-video-preview":"max-video-preview:-1"},"canonical":"https:\/\/www.gaveanews.com\/index.php\/2025\/09\/01\/a-declaracao-de-mauro-cezar-apos-o-empate-do-flamengo-acomodacao\/","og_locale":"pt_BR","og_type":"article","og_title":"A declara\u00e7\u00e3o de Mauro Cezar ap\u00f3s o empate do Flamengo: \"acomoda\u00e7\u00e3o...\"","og_description":"Flamengo e Gr\u00eamio se enfrentaram no Maracan\u00e3, pela 22\u00aa rodada do Campeonato Brasileiro, no domingo (31 de agosto). O duelo aconteceu poucos dias depois da goleada rubro-negra por 8 a 0 sobre o Vit\u00f3ria, em novo compromisso diante da torcida no est\u00e1dio do Rio de Janeiro. O confronto terminou em 1 a 1. Logo ap\u00f3s [&hellip;]","og_url":"https:\/\/www.gaveanews.com\/index.php\/2025\/09\/01\/a-declaracao-de-mauro-cezar-apos-o-empate-do-flamengo-acomodacao\/","og_site_name":"G\u00e1vea News","article_publisher":"https:\/\/facebook.com\/gaveaNews\/","article_published_time":"2025-09-01T17:30:58+00:00","og_image":[{"width":900,"height":506,"url":"https:\/\/www.gaveanews.com\/wp-content\/uploads\/Mauro-Cezar-em-participacao-na-Uol-Esporte.webp","type":"image\/png"}],"author":"Reda\u00e7\u00e3o","twitter_card":"summary_large_image","twitter_misc":{"Escrito por":"Reda\u00e7\u00e3o","Est. tempo de leitura":"3 minutos"},"schema":{"@context":"https:\/\/schema.org","@graph":[{"@type":"NewsArticle","@id":"https:\/\/www.gaveanews.com\/index.php\/2025\/09\/01\/a-declaracao-de-mauro-cezar-apos-o-empate-do-flamengo-acomodacao\/#article","isPartOf":{"@id":"https:\/\/www.gaveanews.com\/index.php\/2025\/09\/01\/a-declaracao-de-mauro-cezar-apos-o-empate-do-flamengo-acomodacao\/"},"author":{"name":"Reda\u00e7\u00e3o","@id":"https:\/\/www.gaveanews.com\/#\/schema\/person\/c88645e3d550d0b6574305e67dd5a716"},"headline":"A declara\u00e7\u00e3o de Mauro Cezar ap\u00f3s o empate do Flamengo: &#8220;acomoda\u00e7\u00e3o&#8230;&#8221;","datePublished":"2025-09-01T17:30:58+00:00","mainEntityOfPage":{"@id":"https:\/\/www.gaveanews.com\/index.php\/2025\/09\/01\/a-declaracao-de-mauro-cezar-apos-o-empate-do-flamengo-acomodacao\/"},"wordCount":441,"commentCount":0,"image":{"@id":"https:\/\/www.gaveanews.com\/index.php\/2025\/09\/01\/a-declaracao-de-mauro-cezar-apos-o-empate-do-flamengo-acomodacao\/#primaryimage"},"thumbnailUrl":"https:\/\/www.gaveanews.com\/wp-content\/uploads\/Mauro-Cezar-em-participacao-na-Uol-Esporte.webp","articleSection":["Flamengo"],"inLanguage":"pt-BR","potentialAction":[{"@type":"CommentAction","name":"Comment","target":["https:\/\/www.gaveanews.com\/index.php\/2025\/09\/01\/a-declaracao-de-mauro-cezar-apos-o-empate-do-flamengo-acomodacao\/#respond"]}],"copyrightYear":"2025","copyrightHolder":{"@id":"https:\/\/www.gaveanews.com\/#organization"}},{"@type":"WebPage","@id":"https:\/\/www.gaveanews.com\/index.php\/2025\/09\/01\/a-declaracao-de-mauro-cezar-apos-o-empate-do-flamengo-acomodacao\/","url":"https:\/\/www.gaveanews.com\/index.php\/2025\/09\/01\/a-declaracao-de-mauro-cezar-apos-o-empate-do-flamengo-acomodacao\/","name":"A declara\u00e7\u00e3o de Mauro Cezar ap\u00f3s o empate do Flamengo: \"acomoda\u00e7\u00e3o...\"","isPartOf":{"@id":"https:\/\/www.gaveanews.com\/#website"},"primaryImageOfPage":{"@id":"https:\/\/www.gaveanews.com\/index.php\/2025\/09\/01\/a-declaracao-de-mauro-cezar-apos-o-empate-do-flamengo-acomodacao\/#primaryimage"},"image":{"@id":"https:\/\/www.gaveanews.com\/index.php\/2025\/09\/01\/a-declaracao-de-mauro-cezar-apos-o-empate-do-flamengo-acomodacao\/#primaryimage"},"thumbnailUrl":"https:\/\/www.gaveanews.com\/wp-content\/uploads\/Mauro-Cezar-em-participacao-na-Uol-Esporte.webp","datePublished":"2025-09-01T17:30:58+00:00","author":{"@id":"https:\/\/www.gaveanews.com\/#\/schema\/person\/c88645e3d550d0b6574305e67dd5a716"},"breadcrumb":{"@id":"https:\/\/www.gaveanews.com\/index.php\/2025\/09\/01\/a-declaracao-de-mauro-cezar-apos-o-empate-do-flamengo-acomodacao\/#breadcrumb"},"inLanguage":"pt-BR","potentialAction":[{"@type":"ReadAction","target":["https:\/\/www.gaveanews.com\/index.php\/2025\/09\/01\/a-declaracao-de-mauro-cezar-apos-o-empate-do-flamengo-acomodacao\/"]}]},{"@type":"ImageObject","inLanguage":"pt-BR","@id":"https:\/\/www.gaveanews.com\/index.php\/2025\/09\/01\/a-declaracao-de-mauro-cezar-apos-o-empate-do-flamengo-acomodacao\/#primaryimage","url":"https:\/\/www.gaveanews.com\/wp-content\/uploads\/Mauro-Cezar-em-participacao-na-Uol-Esporte.webp","contentUrl":"https:\/\/www.gaveanews.com\/wp-content\/uploads\/Mauro-Cezar-em-participacao-na-Uol-Esporte.webp","width":900,"height":506,"caption":"Mauro Cezar, comentarista da UOL Esporte (Foto: Reprodu\u00e7\u00e3o\/UOL Esporte)"},{"@type":"BreadcrumbList","@id":"https:\/\/www.gaveanews.com\/index.php\/2025\/09\/01\/a-declaracao-de-mauro-cezar-apos-o-empate-do-flamengo-acomodacao\/#breadcrumb","itemListElement":[{"@type":"ListItem","position":1,"name":"Home","item":"https:\/\/www.gaveanews.com\/"},{"@type":"ListItem","position":2,"name":"A declara\u00e7\u00e3o de Mauro Cezar ap\u00f3s o empate do Flamengo: &#8220;acomoda\u00e7\u00e3o&#8230;&#8221;"}]},{"@type":"WebSite","@id":"https:\/\/www.gaveanews.com\/#website","url":"https:\/\/www.gaveanews.com\/","name":"G\u00e1vea News","description":"Veja todas as not\u00edcias sobre o Flamengo: Contrata\u00e7\u00f5es, categorias de base, resultados das partidas, tabela de classifica\u00e7\u00e3o, pr\u00f3ximos jogos!","potentialAction":[{"@type":"SearchAction","target":{"@type":"EntryPoint","urlTemplate":"https:\/\/www.gaveanews.com\/?s={search_term_string}"},"query-input":{"@type":"PropertyValueSpecification","valueRequired":true,"valueName":"search_term_string"}}],"inLanguage":"pt-BR"},{"@type":"Person","@id":"https:\/\/www.gaveanews.com\/#\/schema\/person\/c88645e3d550d0b6574305e67dd5a716","name":"Reda\u00e7\u00e3o","image":{"@type":"ImageObject","inLanguage":"pt-BR","@id":"https:\/\/www.gaveanews.com\/#\/schema\/person\/image\/","url":"https:\/\/secure.gravatar.com\/avatar\/434098fd823f0dc1b062d14ca22bacaa6e38de28d8c816bbef6fc2f8c44d8ba3?s=96&d=mm&r=g","contentUrl":"https:\/\/secure.gravatar.com\/avatar\/434098fd823f0dc1b062d14ca22bacaa6e38de28d8c816bbef6fc2f8c44d8ba3?s=96&d=mm&r=g","caption":"Reda\u00e7\u00e3o"}}]}},"_links":{"self":[{"href":"https:\/\/www.gaveanews.com\/index.php\/wp-json\/wp\/v2\/posts\/275413","targetHints":{"allow":["GET"]}}],"collection":[{"href":"https:\/\/www.gaveanews.com\/index.php\/wp-json\/wp\/v2\/posts"}],"about":[{"href":"https:\/\/www.gaveanews.com\/index.php\/wp-json\/wp\/v2\/types\/post"}],"author":[{"embeddable":true,"href":"https:\/\/www.gaveanews.com\/index.php\/wp-json\/wp\/v2\/users\/39"}],"replies":[{"embeddable":true,"href":"https:\/\/www.gaveanews.com\/index.php\/wp-json\/wp\/v2\/comments?post=275413"}],"version-history":[{"count":1,"href":"https:\/\/www.gaveanews.com\/index.php\/wp-json\/wp\/v2\/posts\/275413\/revisions"}],"predecessor-version":[{"id":275417,"href":"https:\/\/www.gaveanews.com\/index.php\/wp-json\/wp\/v2\/posts\/275413\/revisions\/275417"}],"wp:featuredmedia":[{"embeddable":true,"href":"https:\/\/www.gaveanews.com\/index.php\/wp-json\/wp\/v2\/media\/56367"}],"wp:attachment":[{"href":"https:\/\/www.gaveanews.com\/index.php\/wp-json\/wp\/v2\/media?parent=275413"}],"wp:term":[{"taxonomy":"category","embeddable":true,"href":"https:\/\/www.gaveanews.com\/index.php\/wp-json\/wp\/v2\/categories?post=275413"},{"taxonomy":"post_tag","embeddable":true,"href":"https:\/\/www.gaveanews.com\/index.php\/wp-json\/wp\/v2\/tags?post=275413"}],"curies":[{"name":"wp","href":"https:\/\/api.w.org\/{rel}","templated":true}]}}