{"id":275414,"date":"2025-09-01T15:00:00","date_gmt":"2025-09-01T18:00:00","guid":{"rendered":"https:\/\/www.gaveanews.com\/?p=275414"},"modified":"2025-09-01T14:27:26","modified_gmt":"2025-09-01T17:27:26","slug":"decisao-de-bap-envolvendo-pedro-do-flamengo-e-elogiada-por-jornalista","status":"publish","type":"post","link":"https:\/\/www.gaveanews.com\/index.php\/2025\/09\/01\/decisao-de-bap-envolvendo-pedro-do-flamengo-e-elogiada-por-jornalista\/","title":{"rendered":"Decis\u00e3o de Bap envolvendo Pedro, do Flamengo, \u00e9 elogiada por jornalista"},"content":{"rendered":"\n<p>O atacante Pedro vive um momento de reafirma\u00e7\u00e3o no Flamengo em 2025. Ap\u00f3s meses de dificuldades por conta de uma grave les\u00e3o no joelho esquerdo e da pol\u00eamica com o t\u00e9cnico Filipe Lu\u00eds, o camisa 9 voltou a ganhar espa\u00e7o e hoje \u00e9 um dos destaques do time. A fase recente refor\u00e7a a decis\u00e3o da diretoria de manter o jogador, mesmo diante de especula\u00e7\u00f5es de sa\u00edda.<\/p>\n\n\n\n<p>A retomada de Pedro come\u00e7ou ainda em julho, quando foi cobrado publicamente por Filipe Lu\u00eds por falta de comprometimento nos treinamentos. O atacante reconheceu internamente seu desempenho abaixo e afirmou ter se sentido desrespeitado com o vazamento de mensagens sobre uma poss\u00edvel venda por 15 milh\u00f5es de euros. Desde ent\u00e3o, passou a treinar em alta intensidade, recuperou prest\u00edgio no elenco e voltou a ser decisivo.<\/p>\n\n\n\n<p>O momento atual \u00e9 reflexo desse processo. No \u00faltimo dia 24 de agosto, Pedro brilhou ao marcar tr\u00eas vezes na goleada por 8 a 0 sobre o Vit\u00f3ria, resultado que lhe garantiu a bola do jogo e o levou \u00e0 marca de mais de 100 gols no Maracan\u00e3. Dias depois, no empate em 1 a 1 com o Gr\u00eamio, no domingo (31), o atacante n\u00e3o marcou, mas participou da jogada do gol de Arrascaeta, dando a assist\u00eancia no lance que abriu o placar.<\/p>\n\n\n\n<p>Al\u00e9m dos n\u00fameros em campo, a perman\u00eancia de Pedro foi garantida gra\u00e7as a uma decis\u00e3o da diretoria. O jornalista Vitor Sergio Rodrigues, da \u201cTNT Sports\u201d, destacou o papel de Luiz Eduardo Baptista, o Bap, atual presidente rubro-negro, ao impedir a venda do atacante neste ano.<\/p>\n\n\n\n<p>\u201cLandim impediu a negocia\u00e7\u00e3o do Pedro em 2022. Bap impediu a negocia\u00e7\u00e3o do Pedro em 2025. S\u00e3o duas pessoas que eu n\u00e3o convidaria para frequentar a minha casa. Mas os dois conhecem um pouco de futebol. Se voc\u00ea tem o Pedro no seu time no Brasil, voc\u00ea n\u00e3o vende o Pedro\u201d.<\/p>\n\n\n\n<p>O pr\u00f3prio Bap chegou a negar que tivesse autorizado qualquer negocia\u00e7\u00e3o, classificando os rumores sobre a sa\u00edda do camisa 9 como \u201cum excesso de exposi\u00e7\u00e3o desnecess\u00e1ria\u201d. A posi\u00e7\u00e3o firme foi decisiva para que Pedro tivesse tempo de se recuperar f\u00edsica e mentalmente no clube.<\/p>\n\n\n\n<p>O t\u00e9cnico Filipe Lu\u00eds tamb\u00e9m fez quest\u00e3o de valorizar a rea\u00e7\u00e3o do atacante. Ap\u00f3s a goleada sobre o Vit\u00f3ria, elogiou o esfor\u00e7o do jogador. \u201cN\u00e3o fui eu que recuperei o Pedro, ele se recuperou. Ele que est\u00e1 em um grande momento, est\u00e1 brilhando, est\u00e1 feliz. A gente percebe o sorriso dele dentro do campo. \u00c9 um jogador muito diferente, com muito diferencial\u201d.<\/p>\n","protected":false},"excerpt":{"rendered":"<p>O atacante Pedro vive um momento de reafirma\u00e7\u00e3o no Flamengo em 2025. Ap\u00f3s meses de dificuldades por conta de uma grave les\u00e3o no joelho esquerdo e da pol\u00eamica com o t\u00e9cnico Filipe Lu\u00eds, o camisa 9 voltou a ganhar espa\u00e7o e hoje \u00e9 um dos destaques do time. A fase recente refor\u00e7a a decis\u00e3o da [&hellip;]<\/p>\n","protected":false},"author":39,"featured_media":274617,"comment_status":"open","ping_status":"closed","sticky":false,"template":"","format":"standard","meta":{"footnotes":""},"categories":[1],"tags":[],"class_list":["post-275414","post","type-post","status-publish","format-standard","has-post-thumbnail","hentry","category-flamengo"],"yoast_head":"<!-- This site is optimized with the Yoast SEO Premium plugin v24.2 (Yoast SEO v26.9) - https:\/\/yoast.com\/product\/yoast-seo-premium-wordpress\/ -->\n<title>Decis\u00e3o de Bap envolvendo Pedro, do Flamengo, \u00e9 elogiada por jornalista<\/title>\n<meta name=\"robots\" content=\"index, follow, max-snippet:-1, max-image-preview:large, max-video-preview:-1\" \/>\n<link rel=\"canonical\" href=\"https:\/\/www.gaveanews.com\/index.php\/2025\/09\/01\/decisao-de-bap-envolvendo-pedro-do-flamengo-e-elogiada-por-jornalista\/\" \/>\n<meta property=\"og:locale\" content=\"pt_BR\" \/>\n<meta property=\"og:type\" content=\"article\" \/>\n<meta property=\"og:title\" content=\"Decis\u00e3o de Bap envolvendo Pedro, do Flamengo, \u00e9 elogiada por jornalista\" \/>\n<meta property=\"og:description\" content=\"O atacante Pedro vive um momento de reafirma\u00e7\u00e3o no Flamengo em 2025. Ap\u00f3s meses de dificuldades por conta de uma grave les\u00e3o no joelho esquerdo e da pol\u00eamica com o t\u00e9cnico Filipe Lu\u00eds, o camisa 9 voltou a ganhar espa\u00e7o e hoje \u00e9 um dos destaques do time. A fase recente refor\u00e7a a decis\u00e3o da [&hellip;]\" \/>\n<meta property=\"og:url\" content=\"https:\/\/www.gaveanews.com\/index.php\/2025\/09\/01\/decisao-de-bap-envolvendo-pedro-do-flamengo-e-elogiada-por-jornalista\/\" \/>\n<meta property=\"og:site_name\" content=\"G\u00e1vea News\" \/>\n<meta property=\"article:publisher\" content=\"https:\/\/facebook.com\/gaveaNews\/\" \/>\n<meta property=\"article:published_time\" content=\"2025-09-01T18:00:00+00:00\" \/>\n<meta property=\"og:image\" content=\"https:\/\/www.gaveanews.com\/wp-content\/uploads\/Pedro-pelo-Flamengo.png\" \/>\n\t<meta property=\"og:image:width\" content=\"1200\" \/>\n\t<meta property=\"og:image:height\" content=\"900\" \/>\n\t<meta property=\"og:image:type\" content=\"image\/png\" \/>\n<meta name=\"author\" content=\"Reda\u00e7\u00e3o\" \/>\n<meta name=\"twitter:card\" content=\"summary_large_image\" \/>\n<meta name=\"twitter:label1\" content=\"Escrito por\" \/>\n\t<meta name=\"twitter:data1\" content=\"Reda\u00e7\u00e3o\" \/>\n\t<meta name=\"twitter:label2\" content=\"Est. tempo de leitura\" \/>\n\t<meta name=\"twitter:data2\" content=\"3 minutos\" \/>\n<script type=\"application\/ld+json\" class=\"yoast-schema-graph\">{\"@context\":\"https:\/\/schema.org\",\"@graph\":[{\"@type\":\"NewsArticle\",\"@id\":\"https:\/\/www.gaveanews.com\/index.php\/2025\/09\/01\/decisao-de-bap-envolvendo-pedro-do-flamengo-e-elogiada-por-jornalista\/#article\",\"isPartOf\":{\"@id\":\"https:\/\/www.gaveanews.com\/index.php\/2025\/09\/01\/decisao-de-bap-envolvendo-pedro-do-flamengo-e-elogiada-por-jornalista\/\"},\"author\":{\"name\":\"Reda\u00e7\u00e3o\",\"@id\":\"https:\/\/www.gaveanews.com\/#\/schema\/person\/c88645e3d550d0b6574305e67dd5a716\"},\"headline\":\"Decis\u00e3o de Bap envolvendo Pedro, do Flamengo, \u00e9 elogiada por jornalista\",\"datePublished\":\"2025-09-01T18:00:00+00:00\",\"mainEntityOfPage\":{\"@id\":\"https:\/\/www.gaveanews.com\/index.php\/2025\/09\/01\/decisao-de-bap-envolvendo-pedro-do-flamengo-e-elogiada-por-jornalista\/\"},\"wordCount\":458,\"commentCount\":0,\"image\":{\"@id\":\"https:\/\/www.gaveanews.com\/index.php\/2025\/09\/01\/decisao-de-bap-envolvendo-pedro-do-flamengo-e-elogiada-por-jornalista\/#primaryimage\"},\"thumbnailUrl\":\"https:\/\/www.gaveanews.com\/wp-content\/uploads\/Pedro-pelo-Flamengo.png\",\"articleSection\":[\"Flamengo\"],\"inLanguage\":\"pt-BR\",\"potentialAction\":[{\"@type\":\"CommentAction\",\"name\":\"Comment\",\"target\":[\"https:\/\/www.gaveanews.com\/index.php\/2025\/09\/01\/decisao-de-bap-envolvendo-pedro-do-flamengo-e-elogiada-por-jornalista\/#respond\"]}],\"copyrightYear\":\"2025\",\"copyrightHolder\":{\"@id\":\"https:\/\/www.gaveanews.com\/#organization\"}},{\"@type\":\"WebPage\",\"@id\":\"https:\/\/www.gaveanews.com\/index.php\/2025\/09\/01\/decisao-de-bap-envolvendo-pedro-do-flamengo-e-elogiada-por-jornalista\/\",\"url\":\"https:\/\/www.gaveanews.com\/index.php\/2025\/09\/01\/decisao-de-bap-envolvendo-pedro-do-flamengo-e-elogiada-por-jornalista\/\",\"name\":\"Decis\u00e3o de Bap envolvendo Pedro, do Flamengo, \u00e9 elogiada por jornalista\",\"isPartOf\":{\"@id\":\"https:\/\/www.gaveanews.com\/#website\"},\"primaryImageOfPage\":{\"@id\":\"https:\/\/www.gaveanews.com\/index.php\/2025\/09\/01\/decisao-de-bap-envolvendo-pedro-do-flamengo-e-elogiada-por-jornalista\/#primaryimage\"},\"image\":{\"@id\":\"https:\/\/www.gaveanews.com\/index.php\/2025\/09\/01\/decisao-de-bap-envolvendo-pedro-do-flamengo-e-elogiada-por-jornalista\/#primaryimage\"},\"thumbnailUrl\":\"https:\/\/www.gaveanews.com\/wp-content\/uploads\/Pedro-pelo-Flamengo.png\",\"datePublished\":\"2025-09-01T18:00:00+00:00\",\"author\":{\"@id\":\"https:\/\/www.gaveanews.com\/#\/schema\/person\/c88645e3d550d0b6574305e67dd5a716\"},\"breadcrumb\":{\"@id\":\"https:\/\/www.gaveanews.com\/index.php\/2025\/09\/01\/decisao-de-bap-envolvendo-pedro-do-flamengo-e-elogiada-por-jornalista\/#breadcrumb\"},\"inLanguage\":\"pt-BR\",\"potentialAction\":[{\"@type\":\"ReadAction\",\"target\":[\"https:\/\/www.gaveanews.com\/index.php\/2025\/09\/01\/decisao-de-bap-envolvendo-pedro-do-flamengo-e-elogiada-por-jornalista\/\"]}]},{\"@type\":\"ImageObject\",\"inLanguage\":\"pt-BR\",\"@id\":\"https:\/\/www.gaveanews.com\/index.php\/2025\/09\/01\/decisao-de-bap-envolvendo-pedro-do-flamengo-e-elogiada-por-jornalista\/#primaryimage\",\"url\":\"https:\/\/www.gaveanews.com\/wp-content\/uploads\/Pedro-pelo-Flamengo.png\",\"contentUrl\":\"https:\/\/www.gaveanews.com\/wp-content\/uploads\/Pedro-pelo-Flamengo.png\",\"width\":1200,\"height\":900,\"caption\":\"Pedro pelo Flamengo (Foto: Adriano Fontes\/Flamengo)\"},{\"@type\":\"BreadcrumbList\",\"@id\":\"https:\/\/www.gaveanews.com\/index.php\/2025\/09\/01\/decisao-de-bap-envolvendo-pedro-do-flamengo-e-elogiada-por-jornalista\/#breadcrumb\",\"itemListElement\":[{\"@type\":\"ListItem\",\"position\":1,\"name\":\"Home\",\"item\":\"https:\/\/www.gaveanews.com\/\"},{\"@type\":\"ListItem\",\"position\":2,\"name\":\"Decis\u00e3o de Bap envolvendo Pedro, do Flamengo, \u00e9 elogiada por jornalista\"}]},{\"@type\":\"WebSite\",\"@id\":\"https:\/\/www.gaveanews.com\/#website\",\"url\":\"https:\/\/www.gaveanews.com\/\",\"name\":\"G\u00e1vea News\",\"description\":\"Veja todas as not\u00edcias sobre o Flamengo: Contrata\u00e7\u00f5es, categorias de base, resultados das partidas, tabela de classifica\u00e7\u00e3o, pr\u00f3ximos jogos!\",\"potentialAction\":[{\"@type\":\"SearchAction\",\"target\":{\"@type\":\"EntryPoint\",\"urlTemplate\":\"https:\/\/www.gaveanews.com\/?s={search_term_string}\"},\"query-input\":{\"@type\":\"PropertyValueSpecification\",\"valueRequired\":true,\"valueName\":\"search_term_string\"}}],\"inLanguage\":\"pt-BR\"},{\"@type\":\"Person\",\"@id\":\"https:\/\/www.gaveanews.com\/#\/schema\/person\/c88645e3d550d0b6574305e67dd5a716\",\"name\":\"Reda\u00e7\u00e3o\",\"image\":{\"@type\":\"ImageObject\",\"inLanguage\":\"pt-BR\",\"@id\":\"https:\/\/www.gaveanews.com\/#\/schema\/person\/image\/\",\"url\":\"https:\/\/secure.gravatar.com\/avatar\/434098fd823f0dc1b062d14ca22bacaa6e38de28d8c816bbef6fc2f8c44d8ba3?s=96&d=mm&r=g\",\"contentUrl\":\"https:\/\/secure.gravatar.com\/avatar\/434098fd823f0dc1b062d14ca22bacaa6e38de28d8c816bbef6fc2f8c44d8ba3?s=96&d=mm&r=g\",\"caption\":\"Reda\u00e7\u00e3o\"}}]}<\/script>\n<!-- \/ Yoast SEO Premium plugin. -->","yoast_head_json":{"title":"Decis\u00e3o de Bap envolvendo Pedro, do Flamengo, \u00e9 elogiada por jornalista","robots":{"index":"index","follow":"follow","max-snippet":"max-snippet:-1","max-image-preview":"max-image-preview:large","max-video-preview":"max-video-preview:-1"},"canonical":"https:\/\/www.gaveanews.com\/index.php\/2025\/09\/01\/decisao-de-bap-envolvendo-pedro-do-flamengo-e-elogiada-por-jornalista\/","og_locale":"pt_BR","og_type":"article","og_title":"Decis\u00e3o de Bap envolvendo Pedro, do Flamengo, \u00e9 elogiada por jornalista","og_description":"O atacante Pedro vive um momento de reafirma\u00e7\u00e3o no Flamengo em 2025. Ap\u00f3s meses de dificuldades por conta de uma grave les\u00e3o no joelho esquerdo e da pol\u00eamica com o t\u00e9cnico Filipe Lu\u00eds, o camisa 9 voltou a ganhar espa\u00e7o e hoje \u00e9 um dos destaques do time. A fase recente refor\u00e7a a decis\u00e3o da [&hellip;]","og_url":"https:\/\/www.gaveanews.com\/index.php\/2025\/09\/01\/decisao-de-bap-envolvendo-pedro-do-flamengo-e-elogiada-por-jornalista\/","og_site_name":"G\u00e1vea News","article_publisher":"https:\/\/facebook.com\/gaveaNews\/","article_published_time":"2025-09-01T18:00:00+00:00","og_image":[{"width":1200,"height":900,"url":"https:\/\/www.gaveanews.com\/wp-content\/uploads\/Pedro-pelo-Flamengo.png","type":"image\/png"}],"author":"Reda\u00e7\u00e3o","twitter_card":"summary_large_image","twitter_misc":{"Escrito por":"Reda\u00e7\u00e3o","Est. tempo de leitura":"3 minutos"},"schema":{"@context":"https:\/\/schema.org","@graph":[{"@type":"NewsArticle","@id":"https:\/\/www.gaveanews.com\/index.php\/2025\/09\/01\/decisao-de-bap-envolvendo-pedro-do-flamengo-e-elogiada-por-jornalista\/#article","isPartOf":{"@id":"https:\/\/www.gaveanews.com\/index.php\/2025\/09\/01\/decisao-de-bap-envolvendo-pedro-do-flamengo-e-elogiada-por-jornalista\/"},"author":{"name":"Reda\u00e7\u00e3o","@id":"https:\/\/www.gaveanews.com\/#\/schema\/person\/c88645e3d550d0b6574305e67dd5a716"},"headline":"Decis\u00e3o de Bap envolvendo Pedro, do Flamengo, \u00e9 elogiada por jornalista","datePublished":"2025-09-01T18:00:00+00:00","mainEntityOfPage":{"@id":"https:\/\/www.gaveanews.com\/index.php\/2025\/09\/01\/decisao-de-bap-envolvendo-pedro-do-flamengo-e-elogiada-por-jornalista\/"},"wordCount":458,"commentCount":0,"image":{"@id":"https:\/\/www.gaveanews.com\/index.php\/2025\/09\/01\/decisao-de-bap-envolvendo-pedro-do-flamengo-e-elogiada-por-jornalista\/#primaryimage"},"thumbnailUrl":"https:\/\/www.gaveanews.com\/wp-content\/uploads\/Pedro-pelo-Flamengo.png","articleSection":["Flamengo"],"inLanguage":"pt-BR","potentialAction":[{"@type":"CommentAction","name":"Comment","target":["https:\/\/www.gaveanews.com\/index.php\/2025\/09\/01\/decisao-de-bap-envolvendo-pedro-do-flamengo-e-elogiada-por-jornalista\/#respond"]}],"copyrightYear":"2025","copyrightHolder":{"@id":"https:\/\/www.gaveanews.com\/#organization"}},{"@type":"WebPage","@id":"https:\/\/www.gaveanews.com\/index.php\/2025\/09\/01\/decisao-de-bap-envolvendo-pedro-do-flamengo-e-elogiada-por-jornalista\/","url":"https:\/\/www.gaveanews.com\/index.php\/2025\/09\/01\/decisao-de-bap-envolvendo-pedro-do-flamengo-e-elogiada-por-jornalista\/","name":"Decis\u00e3o de Bap envolvendo Pedro, do Flamengo, \u00e9 elogiada por jornalista","isPartOf":{"@id":"https:\/\/www.gaveanews.com\/#website"},"primaryImageOfPage":{"@id":"https:\/\/www.gaveanews.com\/index.php\/2025\/09\/01\/decisao-de-bap-envolvendo-pedro-do-flamengo-e-elogiada-por-jornalista\/#primaryimage"},"image":{"@id":"https:\/\/www.gaveanews.com\/index.php\/2025\/09\/01\/decisao-de-bap-envolvendo-pedro-do-flamengo-e-elogiada-por-jornalista\/#primaryimage"},"thumbnailUrl":"https:\/\/www.gaveanews.com\/wp-content\/uploads\/Pedro-pelo-Flamengo.png","datePublished":"2025-09-01T18:00:00+00:00","author":{"@id":"https:\/\/www.gaveanews.com\/#\/schema\/person\/c88645e3d550d0b6574305e67dd5a716"},"breadcrumb":{"@id":"https:\/\/www.gaveanews.com\/index.php\/2025\/09\/01\/decisao-de-bap-envolvendo-pedro-do-flamengo-e-elogiada-por-jornalista\/#breadcrumb"},"inLanguage":"pt-BR","potentialAction":[{"@type":"ReadAction","target":["https:\/\/www.gaveanews.com\/index.php\/2025\/09\/01\/decisao-de-bap-envolvendo-pedro-do-flamengo-e-elogiada-por-jornalista\/"]}]},{"@type":"ImageObject","inLanguage":"pt-BR","@id":"https:\/\/www.gaveanews.com\/index.php\/2025\/09\/01\/decisao-de-bap-envolvendo-pedro-do-flamengo-e-elogiada-por-jornalista\/#primaryimage","url":"https:\/\/www.gaveanews.com\/wp-content\/uploads\/Pedro-pelo-Flamengo.png","contentUrl":"https:\/\/www.gaveanews.com\/wp-content\/uploads\/Pedro-pelo-Flamengo.png","width":1200,"height":900,"caption":"Pedro pelo Flamengo (Foto: Adriano Fontes\/Flamengo)"},{"@type":"BreadcrumbList","@id":"https:\/\/www.gaveanews.com\/index.php\/2025\/09\/01\/decisao-de-bap-envolvendo-pedro-do-flamengo-e-elogiada-por-jornalista\/#breadcrumb","itemListElement":[{"@type":"ListItem","position":1,"name":"Home","item":"https:\/\/www.gaveanews.com\/"},{"@type":"ListItem","position":2,"name":"Decis\u00e3o de Bap envolvendo Pedro, do Flamengo, \u00e9 elogiada por jornalista"}]},{"@type":"WebSite","@id":"https:\/\/www.gaveanews.com\/#website","url":"https:\/\/www.gaveanews.com\/","name":"G\u00e1vea News","description":"Veja todas as not\u00edcias sobre o Flamengo: Contrata\u00e7\u00f5es, categorias de base, resultados das partidas, tabela de classifica\u00e7\u00e3o, pr\u00f3ximos jogos!","potentialAction":[{"@type":"SearchAction","target":{"@type":"EntryPoint","urlTemplate":"https:\/\/www.gaveanews.com\/?s={search_term_string}"},"query-input":{"@type":"PropertyValueSpecification","valueRequired":true,"valueName":"search_term_string"}}],"inLanguage":"pt-BR"},{"@type":"Person","@id":"https:\/\/www.gaveanews.com\/#\/schema\/person\/c88645e3d550d0b6574305e67dd5a716","name":"Reda\u00e7\u00e3o","image":{"@type":"ImageObject","inLanguage":"pt-BR","@id":"https:\/\/www.gaveanews.com\/#\/schema\/person\/image\/","url":"https:\/\/secure.gravatar.com\/avatar\/434098fd823f0dc1b062d14ca22bacaa6e38de28d8c816bbef6fc2f8c44d8ba3?s=96&d=mm&r=g","contentUrl":"https:\/\/secure.gravatar.com\/avatar\/434098fd823f0dc1b062d14ca22bacaa6e38de28d8c816bbef6fc2f8c44d8ba3?s=96&d=mm&r=g","caption":"Reda\u00e7\u00e3o"}}]}},"_links":{"self":[{"href":"https:\/\/www.gaveanews.com\/index.php\/wp-json\/wp\/v2\/posts\/275414","targetHints":{"allow":["GET"]}}],"collection":[{"href":"https:\/\/www.gaveanews.com\/index.php\/wp-json\/wp\/v2\/posts"}],"about":[{"href":"https:\/\/www.gaveanews.com\/index.php\/wp-json\/wp\/v2\/types\/post"}],"author":[{"embeddable":true,"href":"https:\/\/www.gaveanews.com\/index.php\/wp-json\/wp\/v2\/users\/39"}],"replies":[{"embeddable":true,"href":"https:\/\/www.gaveanews.com\/index.php\/wp-json\/wp\/v2\/comments?post=275414"}],"version-history":[{"count":1,"href":"https:\/\/www.gaveanews.com\/index.php\/wp-json\/wp\/v2\/posts\/275414\/revisions"}],"predecessor-version":[{"id":275418,"href":"https:\/\/www.gaveanews.com\/index.php\/wp-json\/wp\/v2\/posts\/275414\/revisions\/275418"}],"wp:featuredmedia":[{"embeddable":true,"href":"https:\/\/www.gaveanews.com\/index.php\/wp-json\/wp\/v2\/media\/274617"}],"wp:attachment":[{"href":"https:\/\/www.gaveanews.com\/index.php\/wp-json\/wp\/v2\/media?parent=275414"}],"wp:term":[{"taxonomy":"category","embeddable":true,"href":"https:\/\/www.gaveanews.com\/index.php\/wp-json\/wp\/v2\/categories?post=275414"},{"taxonomy":"post_tag","embeddable":true,"href":"https:\/\/www.gaveanews.com\/index.php\/wp-json\/wp\/v2\/tags?post=275414"}],"curies":[{"name":"wp","href":"https:\/\/api.w.org\/{rel}","templated":true}]}}