{"id":275434,"date":"2025-09-01T17:00:00","date_gmt":"2025-09-01T20:00:00","guid":{"rendered":"https:\/\/www.gaveanews.com\/?p=275434"},"modified":"2025-09-01T16:17:56","modified_gmt":"2025-09-01T19:17:56","slug":"ex-flamengo-e-anunciado-em-clube-do-exterior","status":"publish","type":"post","link":"https:\/\/www.gaveanews.com\/index.php\/2025\/09\/01\/ex-flamengo-e-anunciado-em-clube-do-exterior\/","title":{"rendered":"Ex-Flamengo \u00e9 anunciado em clube do exterior"},"content":{"rendered":"\n<p>Revelado no Flamengo, Matheus Gon\u00e7alves disputou 54 partidas e marcou seis gols pelo clube. O meia-atacante acumulou conquistas com as categorias de base. Em 2023, foi emprestado ao Red Bull Bragantino. Na temporada atual, iniciou no elenco profissional rubro-negro, mas enfrentou forte concorr\u00eancia na posi\u00e7\u00e3o e teve pouco espa\u00e7o sob o comando de Filipe Lu\u00eds.<\/p>\n\n\n\n<p>Entretanto, no domingo (31 de agosto), houve incerteza sobre o desfecho de sua transfer\u00eancia. A negocia\u00e7\u00e3o entre Al-Ahli e Flamengo podia melar por causa da forma de pagamento do clube saudita. Segundo os perfis \u201cFlazoeiro\u201d e \u201cFlabase\u201d, um clube da Europa entrou na disputa.<\/p>\n\n\n\n<p>A situa\u00e7\u00e3o evoluiu rapidamente e, j\u00e1 na segunda-feira (01 de setembro), o Al-Ahli, da Ar\u00e1bia Saudita, anunciou a contrata\u00e7\u00e3o de Matheus Gon\u00e7alves. O brasileiro chega por 8 milh\u00f5es de euros, cerca de R$ 50 milh\u00f5es na cota\u00e7\u00e3o atual. O contrato foi firmado at\u00e9 2027, conforme a comunica\u00e7\u00e3o oficial da equipe sediada em Jid\u00e1.<\/p>\n\n\n\n<figure class=\"wp-block-image size-full\"><img loading=\"lazy\" decoding=\"async\" width=\"680\" height=\"452\" src=\"http:\/\/www.gaveanews.com\/wp-content\/uploads\/matheus-goncalves-flamengo.webp\" alt=\"\" class=\"wp-image-94685\" srcset=\"https:\/\/www.gaveanews.com\/wp-content\/uploads\/matheus-goncalves-flamengo.webp 680w, https:\/\/www.gaveanews.com\/wp-content\/uploads\/matheus-goncalves-flamengo-300x199.webp 300w, https:\/\/www.gaveanews.com\/wp-content\/uploads\/matheus-goncalves-flamengo-632x420.webp 632w, https:\/\/www.gaveanews.com\/wp-content\/uploads\/matheus-goncalves-flamengo-640x425.webp 640w, https:\/\/www.gaveanews.com\/wp-content\/uploads\/matheus-goncalves-flamengo-100x66.webp 100w\" sizes=\"auto, (max-width: 680px) 100vw, 680px\" \/><figcaption class=\"wp-element-caption\">Matheus Gon\u00e7alves marca pelo Flamengo contra o Botafogo (Foto: Marcelo Cortes\/Flamengo)<\/figcaption><\/figure>\n\n\n\n<p>Segundo o ge, al\u00e9m do interesse do Al-Ahli, o Flamengo recebeu outras propostas pelo atleta. As negocia\u00e7\u00f5es com Cruzeiro e CSKA n\u00e3o avan\u00e7aram, e o clube carioca aceitou a oferta maior dos \u00e1rabes na semana passada. De acordo com diversos portais, o CSKA prop\u00f4s 7 milh\u00f5es de euros. Por sua vez, o Cruzeiro ofertou 3,5 milh\u00f5es de euros por 50% dos direitos econ\u00f4micos.<\/p>\n\n\n\n<p>No in\u00edcio desta temporada, Matheus atuou no time principal do Flamengo, mas n\u00e3o se firmou na disputa por posi\u00e7\u00e3o. Foram 15 jogos e dois gols pelo profissional. Depois, o pr\u00f3prio jogador pediu para retornar ao sub-20 para somar minutos. Al\u00e9m disso, participou da conquista do Intercontinental da categoria sobre o Barcelona, no Maracan\u00e3.<\/p>\n\n\n\n<p>Revelado no Ninho do Urubu, o meia-atacante tamb\u00e9m participou das conquistas de dois t\u00edtulos Intercontinentais Sub-20. Ainda assim, desde 2022, seu percurso incluiu per\u00edodos no profissional, um empr\u00e9stimo ao Red Bull Bragantino e \u201cdescidas\u201d ao sub-20, visando n\u00e3o perder ritmo de jogo.<\/p>\n","protected":false},"excerpt":{"rendered":"<p>Revelado no Flamengo, Matheus Gon\u00e7alves disputou 54 partidas e marcou seis gols pelo clube. O meia-atacante acumulou conquistas com as categorias de base. Em 2023, foi emprestado ao Red Bull Bragantino. Na temporada atual, iniciou no elenco profissional rubro-negro, mas enfrentou forte concorr\u00eancia na posi\u00e7\u00e3o e teve pouco espa\u00e7o sob o comando de Filipe Lu\u00eds. [&hellip;]<\/p>\n","protected":false},"author":39,"featured_media":124684,"comment_status":"open","ping_status":"closed","sticky":false,"template":"","format":"standard","meta":{"footnotes":""},"categories":[1],"tags":[],"class_list":["post-275434","post","type-post","status-publish","format-standard","has-post-thumbnail","hentry","category-flamengo"],"yoast_head":"<!-- This site is optimized with the Yoast SEO Premium plugin v24.2 (Yoast SEO v26.9) - https:\/\/yoast.com\/product\/yoast-seo-premium-wordpress\/ -->\n<title>Ex-Flamengo \u00e9 anunciado em clube do exterior<\/title>\n<meta name=\"description\" content=\"O contrato foi firmado at\u00e9 2027. O brasileiro chega por 8 milh\u00f5es de euros, cerca de R$ 50 milh\u00f5es na cota\u00e7\u00e3o atual.\" \/>\n<meta name=\"robots\" content=\"index, follow, max-snippet:-1, max-image-preview:large, max-video-preview:-1\" \/>\n<link rel=\"canonical\" href=\"https:\/\/www.gaveanews.com\/index.php\/2025\/09\/01\/ex-flamengo-e-anunciado-em-clube-do-exterior\/\" \/>\n<meta property=\"og:locale\" content=\"pt_BR\" \/>\n<meta property=\"og:type\" content=\"article\" \/>\n<meta property=\"og:title\" content=\"Ex-Flamengo \u00e9 anunciado em clube do exterior\" \/>\n<meta property=\"og:description\" content=\"O contrato foi firmado at\u00e9 2027. O brasileiro chega por 8 milh\u00f5es de euros, cerca de R$ 50 milh\u00f5es na cota\u00e7\u00e3o atual.\" \/>\n<meta property=\"og:url\" content=\"https:\/\/www.gaveanews.com\/index.php\/2025\/09\/01\/ex-flamengo-e-anunciado-em-clube-do-exterior\/\" \/>\n<meta property=\"og:site_name\" content=\"G\u00e1vea News\" \/>\n<meta property=\"article:publisher\" content=\"https:\/\/facebook.com\/gaveaNews\/\" \/>\n<meta property=\"article:published_time\" content=\"2025-09-01T20:00:00+00:00\" \/>\n<meta property=\"og:image\" content=\"https:\/\/www.gaveanews.com\/wp-content\/uploads\/escudoDoFlamengo.webp\" \/>\n\t<meta property=\"og:image:width\" content=\"1095\" \/>\n\t<meta property=\"og:image:height\" content=\"730\" \/>\n\t<meta property=\"og:image:type\" content=\"image\/webp\" \/>\n<meta name=\"author\" content=\"Reda\u00e7\u00e3o\" \/>\n<meta name=\"twitter:card\" content=\"summary_large_image\" \/>\n<meta name=\"twitter:label1\" content=\"Escrito por\" \/>\n\t<meta name=\"twitter:data1\" content=\"Reda\u00e7\u00e3o\" \/>\n\t<meta name=\"twitter:label2\" content=\"Est. tempo de leitura\" \/>\n\t<meta name=\"twitter:data2\" content=\"3 minutos\" \/>\n<script type=\"application\/ld+json\" class=\"yoast-schema-graph\">{\"@context\":\"https:\/\/schema.org\",\"@graph\":[{\"@type\":\"NewsArticle\",\"@id\":\"https:\/\/www.gaveanews.com\/index.php\/2025\/09\/01\/ex-flamengo-e-anunciado-em-clube-do-exterior\/#article\",\"isPartOf\":{\"@id\":\"https:\/\/www.gaveanews.com\/index.php\/2025\/09\/01\/ex-flamengo-e-anunciado-em-clube-do-exterior\/\"},\"author\":{\"name\":\"Reda\u00e7\u00e3o\",\"@id\":\"https:\/\/www.gaveanews.com\/#\/schema\/person\/c88645e3d550d0b6574305e67dd5a716\"},\"headline\":\"Ex-Flamengo \u00e9 anunciado em clube do exterior\",\"datePublished\":\"2025-09-01T20:00:00+00:00\",\"mainEntityOfPage\":{\"@id\":\"https:\/\/www.gaveanews.com\/index.php\/2025\/09\/01\/ex-flamengo-e-anunciado-em-clube-do-exterior\/\"},\"wordCount\":350,\"commentCount\":0,\"image\":{\"@id\":\"https:\/\/www.gaveanews.com\/index.php\/2025\/09\/01\/ex-flamengo-e-anunciado-em-clube-do-exterior\/#primaryimage\"},\"thumbnailUrl\":\"https:\/\/www.gaveanews.com\/wp-content\/uploads\/escudoDoFlamengo.webp\",\"articleSection\":[\"Flamengo\"],\"inLanguage\":\"pt-BR\",\"potentialAction\":[{\"@type\":\"CommentAction\",\"name\":\"Comment\",\"target\":[\"https:\/\/www.gaveanews.com\/index.php\/2025\/09\/01\/ex-flamengo-e-anunciado-em-clube-do-exterior\/#respond\"]}],\"copyrightYear\":\"2025\",\"copyrightHolder\":{\"@id\":\"https:\/\/www.gaveanews.com\/#organization\"}},{\"@type\":\"WebPage\",\"@id\":\"https:\/\/www.gaveanews.com\/index.php\/2025\/09\/01\/ex-flamengo-e-anunciado-em-clube-do-exterior\/\",\"url\":\"https:\/\/www.gaveanews.com\/index.php\/2025\/09\/01\/ex-flamengo-e-anunciado-em-clube-do-exterior\/\",\"name\":\"Ex-Flamengo \u00e9 anunciado em clube do exterior\",\"isPartOf\":{\"@id\":\"https:\/\/www.gaveanews.com\/#website\"},\"primaryImageOfPage\":{\"@id\":\"https:\/\/www.gaveanews.com\/index.php\/2025\/09\/01\/ex-flamengo-e-anunciado-em-clube-do-exterior\/#primaryimage\"},\"image\":{\"@id\":\"https:\/\/www.gaveanews.com\/index.php\/2025\/09\/01\/ex-flamengo-e-anunciado-em-clube-do-exterior\/#primaryimage\"},\"thumbnailUrl\":\"https:\/\/www.gaveanews.com\/wp-content\/uploads\/escudoDoFlamengo.webp\",\"datePublished\":\"2025-09-01T20:00:00+00:00\",\"author\":{\"@id\":\"https:\/\/www.gaveanews.com\/#\/schema\/person\/c88645e3d550d0b6574305e67dd5a716\"},\"description\":\"O contrato foi firmado at\u00e9 2027. O brasileiro chega por 8 milh\u00f5es de euros, cerca de R$ 50 milh\u00f5es na cota\u00e7\u00e3o atual.\",\"breadcrumb\":{\"@id\":\"https:\/\/www.gaveanews.com\/index.php\/2025\/09\/01\/ex-flamengo-e-anunciado-em-clube-do-exterior\/#breadcrumb\"},\"inLanguage\":\"pt-BR\",\"potentialAction\":[{\"@type\":\"ReadAction\",\"target\":[\"https:\/\/www.gaveanews.com\/index.php\/2025\/09\/01\/ex-flamengo-e-anunciado-em-clube-do-exterior\/\"]}]},{\"@type\":\"ImageObject\",\"inLanguage\":\"pt-BR\",\"@id\":\"https:\/\/www.gaveanews.com\/index.php\/2025\/09\/01\/ex-flamengo-e-anunciado-em-clube-do-exterior\/#primaryimage\",\"url\":\"https:\/\/www.gaveanews.com\/wp-content\/uploads\/escudoDoFlamengo.webp\",\"contentUrl\":\"https:\/\/www.gaveanews.com\/wp-content\/uploads\/escudoDoFlamengo.webp\",\"width\":1095,\"height\":730,\"caption\":\"Centro de treinamento do Flamengo (Foto: Reprodu\u00e7\u00e3o)\"},{\"@type\":\"BreadcrumbList\",\"@id\":\"https:\/\/www.gaveanews.com\/index.php\/2025\/09\/01\/ex-flamengo-e-anunciado-em-clube-do-exterior\/#breadcrumb\",\"itemListElement\":[{\"@type\":\"ListItem\",\"position\":1,\"name\":\"Home\",\"item\":\"https:\/\/www.gaveanews.com\/\"},{\"@type\":\"ListItem\",\"position\":2,\"name\":\"Ex-Flamengo \u00e9 anunciado em clube do exterior\"}]},{\"@type\":\"WebSite\",\"@id\":\"https:\/\/www.gaveanews.com\/#website\",\"url\":\"https:\/\/www.gaveanews.com\/\",\"name\":\"G\u00e1vea News\",\"description\":\"Veja todas as not\u00edcias sobre o Flamengo: Contrata\u00e7\u00f5es, categorias de base, resultados das partidas, tabela de classifica\u00e7\u00e3o, pr\u00f3ximos jogos!\",\"potentialAction\":[{\"@type\":\"SearchAction\",\"target\":{\"@type\":\"EntryPoint\",\"urlTemplate\":\"https:\/\/www.gaveanews.com\/?s={search_term_string}\"},\"query-input\":{\"@type\":\"PropertyValueSpecification\",\"valueRequired\":true,\"valueName\":\"search_term_string\"}}],\"inLanguage\":\"pt-BR\"},{\"@type\":\"Person\",\"@id\":\"https:\/\/www.gaveanews.com\/#\/schema\/person\/c88645e3d550d0b6574305e67dd5a716\",\"name\":\"Reda\u00e7\u00e3o\",\"image\":{\"@type\":\"ImageObject\",\"inLanguage\":\"pt-BR\",\"@id\":\"https:\/\/www.gaveanews.com\/#\/schema\/person\/image\/\",\"url\":\"https:\/\/secure.gravatar.com\/avatar\/434098fd823f0dc1b062d14ca22bacaa6e38de28d8c816bbef6fc2f8c44d8ba3?s=96&d=mm&r=g\",\"contentUrl\":\"https:\/\/secure.gravatar.com\/avatar\/434098fd823f0dc1b062d14ca22bacaa6e38de28d8c816bbef6fc2f8c44d8ba3?s=96&d=mm&r=g\",\"caption\":\"Reda\u00e7\u00e3o\"}}]}<\/script>\n<!-- \/ Yoast SEO Premium plugin. -->","yoast_head_json":{"title":"Ex-Flamengo \u00e9 anunciado em clube do exterior","description":"O contrato foi firmado at\u00e9 2027. O brasileiro chega por 8 milh\u00f5es de euros, cerca de R$ 50 milh\u00f5es na cota\u00e7\u00e3o atual.","robots":{"index":"index","follow":"follow","max-snippet":"max-snippet:-1","max-image-preview":"max-image-preview:large","max-video-preview":"max-video-preview:-1"},"canonical":"https:\/\/www.gaveanews.com\/index.php\/2025\/09\/01\/ex-flamengo-e-anunciado-em-clube-do-exterior\/","og_locale":"pt_BR","og_type":"article","og_title":"Ex-Flamengo \u00e9 anunciado em clube do exterior","og_description":"O contrato foi firmado at\u00e9 2027. O brasileiro chega por 8 milh\u00f5es de euros, cerca de R$ 50 milh\u00f5es na cota\u00e7\u00e3o atual.","og_url":"https:\/\/www.gaveanews.com\/index.php\/2025\/09\/01\/ex-flamengo-e-anunciado-em-clube-do-exterior\/","og_site_name":"G\u00e1vea News","article_publisher":"https:\/\/facebook.com\/gaveaNews\/","article_published_time":"2025-09-01T20:00:00+00:00","og_image":[{"width":1095,"height":730,"url":"https:\/\/www.gaveanews.com\/wp-content\/uploads\/escudoDoFlamengo.webp","type":"image\/webp"}],"author":"Reda\u00e7\u00e3o","twitter_card":"summary_large_image","twitter_misc":{"Escrito por":"Reda\u00e7\u00e3o","Est. tempo de leitura":"3 minutos"},"schema":{"@context":"https:\/\/schema.org","@graph":[{"@type":"NewsArticle","@id":"https:\/\/www.gaveanews.com\/index.php\/2025\/09\/01\/ex-flamengo-e-anunciado-em-clube-do-exterior\/#article","isPartOf":{"@id":"https:\/\/www.gaveanews.com\/index.php\/2025\/09\/01\/ex-flamengo-e-anunciado-em-clube-do-exterior\/"},"author":{"name":"Reda\u00e7\u00e3o","@id":"https:\/\/www.gaveanews.com\/#\/schema\/person\/c88645e3d550d0b6574305e67dd5a716"},"headline":"Ex-Flamengo \u00e9 anunciado em clube do exterior","datePublished":"2025-09-01T20:00:00+00:00","mainEntityOfPage":{"@id":"https:\/\/www.gaveanews.com\/index.php\/2025\/09\/01\/ex-flamengo-e-anunciado-em-clube-do-exterior\/"},"wordCount":350,"commentCount":0,"image":{"@id":"https:\/\/www.gaveanews.com\/index.php\/2025\/09\/01\/ex-flamengo-e-anunciado-em-clube-do-exterior\/#primaryimage"},"thumbnailUrl":"https:\/\/www.gaveanews.com\/wp-content\/uploads\/escudoDoFlamengo.webp","articleSection":["Flamengo"],"inLanguage":"pt-BR","potentialAction":[{"@type":"CommentAction","name":"Comment","target":["https:\/\/www.gaveanews.com\/index.php\/2025\/09\/01\/ex-flamengo-e-anunciado-em-clube-do-exterior\/#respond"]}],"copyrightYear":"2025","copyrightHolder":{"@id":"https:\/\/www.gaveanews.com\/#organization"}},{"@type":"WebPage","@id":"https:\/\/www.gaveanews.com\/index.php\/2025\/09\/01\/ex-flamengo-e-anunciado-em-clube-do-exterior\/","url":"https:\/\/www.gaveanews.com\/index.php\/2025\/09\/01\/ex-flamengo-e-anunciado-em-clube-do-exterior\/","name":"Ex-Flamengo \u00e9 anunciado em clube do exterior","isPartOf":{"@id":"https:\/\/www.gaveanews.com\/#website"},"primaryImageOfPage":{"@id":"https:\/\/www.gaveanews.com\/index.php\/2025\/09\/01\/ex-flamengo-e-anunciado-em-clube-do-exterior\/#primaryimage"},"image":{"@id":"https:\/\/www.gaveanews.com\/index.php\/2025\/09\/01\/ex-flamengo-e-anunciado-em-clube-do-exterior\/#primaryimage"},"thumbnailUrl":"https:\/\/www.gaveanews.com\/wp-content\/uploads\/escudoDoFlamengo.webp","datePublished":"2025-09-01T20:00:00+00:00","author":{"@id":"https:\/\/www.gaveanews.com\/#\/schema\/person\/c88645e3d550d0b6574305e67dd5a716"},"description":"O contrato foi firmado at\u00e9 2027. O brasileiro chega por 8 milh\u00f5es de euros, cerca de R$ 50 milh\u00f5es na cota\u00e7\u00e3o atual.","breadcrumb":{"@id":"https:\/\/www.gaveanews.com\/index.php\/2025\/09\/01\/ex-flamengo-e-anunciado-em-clube-do-exterior\/#breadcrumb"},"inLanguage":"pt-BR","potentialAction":[{"@type":"ReadAction","target":["https:\/\/www.gaveanews.com\/index.php\/2025\/09\/01\/ex-flamengo-e-anunciado-em-clube-do-exterior\/"]}]},{"@type":"ImageObject","inLanguage":"pt-BR","@id":"https:\/\/www.gaveanews.com\/index.php\/2025\/09\/01\/ex-flamengo-e-anunciado-em-clube-do-exterior\/#primaryimage","url":"https:\/\/www.gaveanews.com\/wp-content\/uploads\/escudoDoFlamengo.webp","contentUrl":"https:\/\/www.gaveanews.com\/wp-content\/uploads\/escudoDoFlamengo.webp","width":1095,"height":730,"caption":"Centro de treinamento do Flamengo (Foto: Reprodu\u00e7\u00e3o)"},{"@type":"BreadcrumbList","@id":"https:\/\/www.gaveanews.com\/index.php\/2025\/09\/01\/ex-flamengo-e-anunciado-em-clube-do-exterior\/#breadcrumb","itemListElement":[{"@type":"ListItem","position":1,"name":"Home","item":"https:\/\/www.gaveanews.com\/"},{"@type":"ListItem","position":2,"name":"Ex-Flamengo \u00e9 anunciado em clube do exterior"}]},{"@type":"WebSite","@id":"https:\/\/www.gaveanews.com\/#website","url":"https:\/\/www.gaveanews.com\/","name":"G\u00e1vea News","description":"Veja todas as not\u00edcias sobre o Flamengo: Contrata\u00e7\u00f5es, categorias de base, resultados das partidas, tabela de classifica\u00e7\u00e3o, pr\u00f3ximos jogos!","potentialAction":[{"@type":"SearchAction","target":{"@type":"EntryPoint","urlTemplate":"https:\/\/www.gaveanews.com\/?s={search_term_string}"},"query-input":{"@type":"PropertyValueSpecification","valueRequired":true,"valueName":"search_term_string"}}],"inLanguage":"pt-BR"},{"@type":"Person","@id":"https:\/\/www.gaveanews.com\/#\/schema\/person\/c88645e3d550d0b6574305e67dd5a716","name":"Reda\u00e7\u00e3o","image":{"@type":"ImageObject","inLanguage":"pt-BR","@id":"https:\/\/www.gaveanews.com\/#\/schema\/person\/image\/","url":"https:\/\/secure.gravatar.com\/avatar\/434098fd823f0dc1b062d14ca22bacaa6e38de28d8c816bbef6fc2f8c44d8ba3?s=96&d=mm&r=g","contentUrl":"https:\/\/secure.gravatar.com\/avatar\/434098fd823f0dc1b062d14ca22bacaa6e38de28d8c816bbef6fc2f8c44d8ba3?s=96&d=mm&r=g","caption":"Reda\u00e7\u00e3o"}}]}},"_links":{"self":[{"href":"https:\/\/www.gaveanews.com\/index.php\/wp-json\/wp\/v2\/posts\/275434","targetHints":{"allow":["GET"]}}],"collection":[{"href":"https:\/\/www.gaveanews.com\/index.php\/wp-json\/wp\/v2\/posts"}],"about":[{"href":"https:\/\/www.gaveanews.com\/index.php\/wp-json\/wp\/v2\/types\/post"}],"author":[{"embeddable":true,"href":"https:\/\/www.gaveanews.com\/index.php\/wp-json\/wp\/v2\/users\/39"}],"replies":[{"embeddable":true,"href":"https:\/\/www.gaveanews.com\/index.php\/wp-json\/wp\/v2\/comments?post=275434"}],"version-history":[{"count":1,"href":"https:\/\/www.gaveanews.com\/index.php\/wp-json\/wp\/v2\/posts\/275434\/revisions"}],"predecessor-version":[{"id":275443,"href":"https:\/\/www.gaveanews.com\/index.php\/wp-json\/wp\/v2\/posts\/275434\/revisions\/275443"}],"wp:featuredmedia":[{"embeddable":true,"href":"https:\/\/www.gaveanews.com\/index.php\/wp-json\/wp\/v2\/media\/124684"}],"wp:attachment":[{"href":"https:\/\/www.gaveanews.com\/index.php\/wp-json\/wp\/v2\/media?parent=275434"}],"wp:term":[{"taxonomy":"category","embeddable":true,"href":"https:\/\/www.gaveanews.com\/index.php\/wp-json\/wp\/v2\/categories?post=275434"},{"taxonomy":"post_tag","embeddable":true,"href":"https:\/\/www.gaveanews.com\/index.php\/wp-json\/wp\/v2\/tags?post=275434"}],"curies":[{"name":"wp","href":"https:\/\/api.w.org\/{rel}","templated":true}]}}