{"id":275435,"date":"2025-09-01T16:05:53","date_gmt":"2025-09-01T19:05:53","guid":{"rendered":"https:\/\/www.gaveanews.com\/?p=275435"},"modified":"2025-09-01T16:20:41","modified_gmt":"2025-09-01T19:20:41","slug":"flamengo-emite-nota-oficial-e-confirma-saida-de-jogador","status":"publish","type":"post","link":"https:\/\/www.gaveanews.com\/index.php\/2025\/09\/01\/flamengo-emite-nota-oficial-e-confirma-saida-de-jogador\/","title":{"rendered":"Flamengo emite nota oficial e confirma sa\u00edda de jogador"},"content":{"rendered":"\n<p>O Flamengo confirmou nesta segunda-feira (01 de setembro) a sa\u00edda de um de seus jovens jogadores para o futebol internacional. A transfer\u00eancia encerra um ciclo iniciado nas categorias de base e marca o fim da trajet\u00f3ria do meia Matheus Gon\u00e7alves no clube carioca, onde atuava desde 2019.<\/p>\n\n\n\n<p>Segundo nota divulgada, o atleta de 20 anos foi negociado com o Al-Ahli, da Ar\u00e1bia Saudita. O meia havia participado de 57 jogos pela equipe profissional do Flamengo, com seis gols marcados. O clube informou que manteve 20% dos direitos econ\u00f4micos do jogador, o que garante participa\u00e7\u00e3o em futuras transa\u00e7\u00f5es envolvendo o atleta.<\/p>\n\n\n\n<p>\u201cO Clube de Regatas do Flamengo informa que concluiu a negocia\u00e7\u00e3o do atleta Matheus Gon\u00e7alves com o Al Ahli, da Ar\u00e1bia Saudita\u201d, comunicou a dire\u00e7\u00e3o.<\/p>\n\n\n\n<p>O texto acrescentou agradecimento pelo per\u00edodo em que o jogador esteve \u00e0 disposi\u00e7\u00e3o do elenco rubro-negro. \u201cO Clube agradece a dedica\u00e7\u00e3o do atleta ao longo de sua trajet\u00f3ria no Meng\u00e3o e deseja sucesso na sequ\u00eancia de sua carreira\u201d, completou o comunicado.<\/p>\n\n\n\n<figure class=\"wp-block-image size-large\"><img loading=\"lazy\" decoding=\"async\" width=\"1024\" height=\"682\" src=\"http:\/\/www.gaveanews.com\/wp-content\/uploads\/Matheus-Goncalves-com-a-camisa-do-Flamengo-em-2024-1024x682.webp\" alt=\"\" class=\"wp-image-151956\" srcset=\"https:\/\/www.gaveanews.com\/wp-content\/uploads\/Matheus-Goncalves-com-a-camisa-do-Flamengo-em-2024-1024x682.webp 1024w, https:\/\/www.gaveanews.com\/wp-content\/uploads\/Matheus-Goncalves-com-a-camisa-do-Flamengo-em-2024-300x200.webp 300w, https:\/\/www.gaveanews.com\/wp-content\/uploads\/Matheus-Goncalves-com-a-camisa-do-Flamengo-em-2024-768x512.webp 768w, https:\/\/www.gaveanews.com\/wp-content\/uploads\/Matheus-Goncalves-com-a-camisa-do-Flamengo-em-2024-630x420.webp 630w, https:\/\/www.gaveanews.com\/wp-content\/uploads\/Matheus-Goncalves-com-a-camisa-do-Flamengo-em-2024-640x426.webp 640w, https:\/\/www.gaveanews.com\/wp-content\/uploads\/Matheus-Goncalves-com-a-camisa-do-Flamengo-em-2024-681x454.webp 681w, https:\/\/www.gaveanews.com\/wp-content\/uploads\/Matheus-Goncalves-com-a-camisa-do-Flamengo-em-2024-100x67.webp 100w, https:\/\/www.gaveanews.com\/wp-content\/uploads\/Matheus-Goncalves-com-a-camisa-do-Flamengo-em-2024.webp 1100w\" sizes=\"auto, (max-width: 1024px) 100vw, 1024px\" \/><figcaption class=\"wp-element-caption\">Matheus Gon\u00e7alves com a camisa do Flamengo em 2024 (Foto: Reprodu\u00e7\u00e3o\/Instagram)<\/figcaption><\/figure>\n\n\n\n<p>A sa\u00edda de Matheus ocorreu ap\u00f3s meses de indefini\u00e7\u00e3o sobre seu espa\u00e7o na equipe. O jogador alternou entre o time profissional e o sub-20 ao longo da temporada. Em busca de mais minutos, ele chegou a pedir retorno \u00e0 base, onde ajudou o Flamengo a conquistar o t\u00edtulo do Intercontinental Sub-20 contra o Barcelona.<\/p>\n\n\n\n<p>Antes do acerto com os sauditas, outros clubes demonstraram interesse. Cruzeiro e CSKA, da R\u00fassia, chegaram a apresentar propostas, mas as tratativas n\u00e3o avan\u00e7aram. Na semana anterior ao an\u00fancio, o Flamengo aceitou a oferta do Al-Ahli, considerada financeiramente mais vantajosa. Os valores variam entre 8 milh\u00f5es e 9 milh\u00f5es de euros, o equivalente a R$ 50 milh\u00f5es a R$ 57 milh\u00f5es.<\/p>\n\n\n\n<p>O novo clube confirmou a contrata\u00e7\u00e3o em suas redes sociais, com contrato v\u00e1lido at\u00e9 2027. No material de apresenta\u00e7\u00e3o, Matheus comentou sobre a oportunidade de integrar um elenco com atletas de renome.<\/p>\n\n\n\n<p>\u201cUm elenco que eu j\u00e1 conhecia bastante. Jogava com alguns no videogame. Mahrez sou muito f\u00e3. Galeno eu j\u00e1 vi na sele\u00e7\u00e3o brasileira quando jogou pelo nosso Brasil. Ibanez tamb\u00e9m acompanho desde que ele jogava na sele\u00e7\u00e3o pr\u00e9-ol\u00edmpica. Ent\u00e3o, \u00e9 muito maneiro e muito especial estar aqui no clube com esses atletas de alto n\u00edvel\u201d, disse.<\/p>\n\n\n\n<p>Matheus Gon\u00e7alves chegou ao Flamengo em 2019 para o time sub-15 e estreou no profissional em 2022. Na temporada seguinte, atuou em 13 jogos antes de ser emprestado ao Red Bull Bragantino, onde teve mais 13 partidas. Em 2024, somou 23 atua\u00e7\u00f5es e dois gols pelo Flamengo. Neste ano, disputou 15 jogos e marcou outros dois, al\u00e9m de participar da decis\u00e3o do torneio intercontinental sub-20, em que deu uma assist\u00eancia. Sua \u00faltima partida pelo time principal foi em 31 de julho, contra o Atl\u00e9tico-MG, pela Copa do Brasil.<\/p>\n","protected":false},"excerpt":{"rendered":"<p>O Flamengo confirmou nesta segunda-feira (01 de setembro) a sa\u00edda de um de seus jovens jogadores para o futebol internacional. A transfer\u00eancia encerra um ciclo iniciado nas categorias de base e marca o fim da trajet\u00f3ria do meia Matheus Gon\u00e7alves no clube carioca, onde atuava desde 2019. Segundo nota divulgada, o atleta de 20 anos [&hellip;]<\/p>\n","protected":false},"author":39,"featured_media":123691,"comment_status":"open","ping_status":"closed","sticky":false,"template":"","format":"standard","meta":{"footnotes":""},"categories":[1],"tags":[],"class_list":["post-275435","post","type-post","status-publish","format-standard","has-post-thumbnail","hentry","category-flamengo"],"yoast_head":"<!-- This site is optimized with the Yoast SEO Premium plugin v24.2 (Yoast SEO v26.9) - https:\/\/yoast.com\/product\/yoast-seo-premium-wordpress\/ -->\n<title>Flamengo emite nota oficial e confirma sa\u00edda de jogador<\/title>\n<meta name=\"robots\" content=\"index, follow, max-snippet:-1, max-image-preview:large, max-video-preview:-1\" \/>\n<link rel=\"canonical\" href=\"https:\/\/www.gaveanews.com\/index.php\/2025\/09\/01\/flamengo-emite-nota-oficial-e-confirma-saida-de-jogador\/\" \/>\n<meta property=\"og:locale\" content=\"pt_BR\" \/>\n<meta property=\"og:type\" content=\"article\" \/>\n<meta property=\"og:title\" content=\"Flamengo emite nota oficial e confirma sa\u00edda de jogador\" \/>\n<meta property=\"og:description\" content=\"O Flamengo confirmou nesta segunda-feira (01 de setembro) a sa\u00edda de um de seus jovens jogadores para o futebol internacional. A transfer\u00eancia encerra um ciclo iniciado nas categorias de base e marca o fim da trajet\u00f3ria do meia Matheus Gon\u00e7alves no clube carioca, onde atuava desde 2019. Segundo nota divulgada, o atleta de 20 anos [&hellip;]\" \/>\n<meta property=\"og:url\" content=\"https:\/\/www.gaveanews.com\/index.php\/2025\/09\/01\/flamengo-emite-nota-oficial-e-confirma-saida-de-jogador\/\" \/>\n<meta property=\"og:site_name\" content=\"G\u00e1vea News\" \/>\n<meta property=\"article:publisher\" content=\"https:\/\/facebook.com\/gaveaNews\/\" \/>\n<meta property=\"article:published_time\" content=\"2025-09-01T19:05:53+00:00\" \/>\n<meta property=\"article:modified_time\" content=\"2025-09-01T19:20:41+00:00\" \/>\n<meta property=\"og:image\" content=\"http:\/\/www.gaveanews.com\/wp-content\/uploads\/flamengo.webp\" \/>\n\t<meta property=\"og:image:width\" content=\"799\" \/>\n\t<meta property=\"og:image:height\" content=\"532\" \/>\n\t<meta property=\"og:image:type\" content=\"image\/webp\" \/>\n<meta name=\"author\" content=\"Reda\u00e7\u00e3o\" \/>\n<meta name=\"twitter:card\" content=\"summary_large_image\" \/>\n<meta name=\"twitter:label1\" content=\"Escrito por\" \/>\n\t<meta name=\"twitter:data1\" content=\"Reda\u00e7\u00e3o\" \/>\n\t<meta name=\"twitter:label2\" content=\"Est. tempo de leitura\" \/>\n\t<meta name=\"twitter:data2\" content=\"3 minutos\" \/>\n<script type=\"application\/ld+json\" class=\"yoast-schema-graph\">{\"@context\":\"https:\/\/schema.org\",\"@graph\":[{\"@type\":\"NewsArticle\",\"@id\":\"https:\/\/www.gaveanews.com\/index.php\/2025\/09\/01\/flamengo-emite-nota-oficial-e-confirma-saida-de-jogador\/#article\",\"isPartOf\":{\"@id\":\"https:\/\/www.gaveanews.com\/index.php\/2025\/09\/01\/flamengo-emite-nota-oficial-e-confirma-saida-de-jogador\/\"},\"author\":{\"name\":\"Reda\u00e7\u00e3o\",\"@id\":\"https:\/\/www.gaveanews.com\/#\/schema\/person\/c88645e3d550d0b6574305e67dd5a716\"},\"headline\":\"Flamengo emite nota oficial e confirma sa\u00edda de jogador\",\"datePublished\":\"2025-09-01T19:05:53+00:00\",\"dateModified\":\"2025-09-01T19:20:41+00:00\",\"mainEntityOfPage\":{\"@id\":\"https:\/\/www.gaveanews.com\/index.php\/2025\/09\/01\/flamengo-emite-nota-oficial-e-confirma-saida-de-jogador\/\"},\"wordCount\":506,\"commentCount\":0,\"image\":{\"@id\":\"https:\/\/www.gaveanews.com\/index.php\/2025\/09\/01\/flamengo-emite-nota-oficial-e-confirma-saida-de-jogador\/#primaryimage\"},\"thumbnailUrl\":\"https:\/\/www.gaveanews.com\/wp-content\/uploads\/flamengo.webp\",\"articleSection\":[\"Flamengo\"],\"inLanguage\":\"pt-BR\",\"potentialAction\":[{\"@type\":\"CommentAction\",\"name\":\"Comment\",\"target\":[\"https:\/\/www.gaveanews.com\/index.php\/2025\/09\/01\/flamengo-emite-nota-oficial-e-confirma-saida-de-jogador\/#respond\"]}],\"copyrightYear\":\"2025\",\"copyrightHolder\":{\"@id\":\"https:\/\/www.gaveanews.com\/#organization\"}},{\"@type\":\"WebPage\",\"@id\":\"https:\/\/www.gaveanews.com\/index.php\/2025\/09\/01\/flamengo-emite-nota-oficial-e-confirma-saida-de-jogador\/\",\"url\":\"https:\/\/www.gaveanews.com\/index.php\/2025\/09\/01\/flamengo-emite-nota-oficial-e-confirma-saida-de-jogador\/\",\"name\":\"Flamengo emite nota oficial e confirma sa\u00edda de jogador\",\"isPartOf\":{\"@id\":\"https:\/\/www.gaveanews.com\/#website\"},\"primaryImageOfPage\":{\"@id\":\"https:\/\/www.gaveanews.com\/index.php\/2025\/09\/01\/flamengo-emite-nota-oficial-e-confirma-saida-de-jogador\/#primaryimage\"},\"image\":{\"@id\":\"https:\/\/www.gaveanews.com\/index.php\/2025\/09\/01\/flamengo-emite-nota-oficial-e-confirma-saida-de-jogador\/#primaryimage\"},\"thumbnailUrl\":\"https:\/\/www.gaveanews.com\/wp-content\/uploads\/flamengo.webp\",\"datePublished\":\"2025-09-01T19:05:53+00:00\",\"dateModified\":\"2025-09-01T19:20:41+00:00\",\"author\":{\"@id\":\"https:\/\/www.gaveanews.com\/#\/schema\/person\/c88645e3d550d0b6574305e67dd5a716\"},\"breadcrumb\":{\"@id\":\"https:\/\/www.gaveanews.com\/index.php\/2025\/09\/01\/flamengo-emite-nota-oficial-e-confirma-saida-de-jogador\/#breadcrumb\"},\"inLanguage\":\"pt-BR\",\"potentialAction\":[{\"@type\":\"ReadAction\",\"target\":[\"https:\/\/www.gaveanews.com\/index.php\/2025\/09\/01\/flamengo-emite-nota-oficial-e-confirma-saida-de-jogador\/\"]}]},{\"@type\":\"ImageObject\",\"inLanguage\":\"pt-BR\",\"@id\":\"https:\/\/www.gaveanews.com\/index.php\/2025\/09\/01\/flamengo-emite-nota-oficial-e-confirma-saida-de-jogador\/#primaryimage\",\"url\":\"https:\/\/www.gaveanews.com\/wp-content\/uploads\/flamengo.webp\",\"contentUrl\":\"https:\/\/www.gaveanews.com\/wp-content\/uploads\/flamengo.webp\",\"width\":799,\"height\":532,\"caption\":\"Centro de treinamento do Flamengo (Foto: Reprodu\u00e7\u00e3o)\"},{\"@type\":\"BreadcrumbList\",\"@id\":\"https:\/\/www.gaveanews.com\/index.php\/2025\/09\/01\/flamengo-emite-nota-oficial-e-confirma-saida-de-jogador\/#breadcrumb\",\"itemListElement\":[{\"@type\":\"ListItem\",\"position\":1,\"name\":\"Home\",\"item\":\"https:\/\/www.gaveanews.com\/\"},{\"@type\":\"ListItem\",\"position\":2,\"name\":\"Flamengo emite nota oficial e confirma sa\u00edda de jogador\"}]},{\"@type\":\"WebSite\",\"@id\":\"https:\/\/www.gaveanews.com\/#website\",\"url\":\"https:\/\/www.gaveanews.com\/\",\"name\":\"G\u00e1vea News\",\"description\":\"Veja todas as not\u00edcias sobre o Flamengo: Contrata\u00e7\u00f5es, categorias de base, resultados das partidas, tabela de classifica\u00e7\u00e3o, pr\u00f3ximos jogos!\",\"potentialAction\":[{\"@type\":\"SearchAction\",\"target\":{\"@type\":\"EntryPoint\",\"urlTemplate\":\"https:\/\/www.gaveanews.com\/?s={search_term_string}\"},\"query-input\":{\"@type\":\"PropertyValueSpecification\",\"valueRequired\":true,\"valueName\":\"search_term_string\"}}],\"inLanguage\":\"pt-BR\"},{\"@type\":\"Person\",\"@id\":\"https:\/\/www.gaveanews.com\/#\/schema\/person\/c88645e3d550d0b6574305e67dd5a716\",\"name\":\"Reda\u00e7\u00e3o\",\"image\":{\"@type\":\"ImageObject\",\"inLanguage\":\"pt-BR\",\"@id\":\"https:\/\/www.gaveanews.com\/#\/schema\/person\/image\/\",\"url\":\"https:\/\/secure.gravatar.com\/avatar\/434098fd823f0dc1b062d14ca22bacaa6e38de28d8c816bbef6fc2f8c44d8ba3?s=96&d=mm&r=g\",\"contentUrl\":\"https:\/\/secure.gravatar.com\/avatar\/434098fd823f0dc1b062d14ca22bacaa6e38de28d8c816bbef6fc2f8c44d8ba3?s=96&d=mm&r=g\",\"caption\":\"Reda\u00e7\u00e3o\"}}]}<\/script>\n<!-- \/ Yoast SEO Premium plugin. -->","yoast_head_json":{"title":"Flamengo emite nota oficial e confirma sa\u00edda de jogador","robots":{"index":"index","follow":"follow","max-snippet":"max-snippet:-1","max-image-preview":"max-image-preview:large","max-video-preview":"max-video-preview:-1"},"canonical":"https:\/\/www.gaveanews.com\/index.php\/2025\/09\/01\/flamengo-emite-nota-oficial-e-confirma-saida-de-jogador\/","og_locale":"pt_BR","og_type":"article","og_title":"Flamengo emite nota oficial e confirma sa\u00edda de jogador","og_description":"O Flamengo confirmou nesta segunda-feira (01 de setembro) a sa\u00edda de um de seus jovens jogadores para o futebol internacional. A transfer\u00eancia encerra um ciclo iniciado nas categorias de base e marca o fim da trajet\u00f3ria do meia Matheus Gon\u00e7alves no clube carioca, onde atuava desde 2019. Segundo nota divulgada, o atleta de 20 anos [&hellip;]","og_url":"https:\/\/www.gaveanews.com\/index.php\/2025\/09\/01\/flamengo-emite-nota-oficial-e-confirma-saida-de-jogador\/","og_site_name":"G\u00e1vea News","article_publisher":"https:\/\/facebook.com\/gaveaNews\/","article_published_time":"2025-09-01T19:05:53+00:00","article_modified_time":"2025-09-01T19:20:41+00:00","og_image":[{"width":799,"height":532,"url":"http:\/\/www.gaveanews.com\/wp-content\/uploads\/flamengo.webp","type":"image\/webp"}],"author":"Reda\u00e7\u00e3o","twitter_card":"summary_large_image","twitter_misc":{"Escrito por":"Reda\u00e7\u00e3o","Est. tempo de leitura":"3 minutos"},"schema":{"@context":"https:\/\/schema.org","@graph":[{"@type":"NewsArticle","@id":"https:\/\/www.gaveanews.com\/index.php\/2025\/09\/01\/flamengo-emite-nota-oficial-e-confirma-saida-de-jogador\/#article","isPartOf":{"@id":"https:\/\/www.gaveanews.com\/index.php\/2025\/09\/01\/flamengo-emite-nota-oficial-e-confirma-saida-de-jogador\/"},"author":{"name":"Reda\u00e7\u00e3o","@id":"https:\/\/www.gaveanews.com\/#\/schema\/person\/c88645e3d550d0b6574305e67dd5a716"},"headline":"Flamengo emite nota oficial e confirma sa\u00edda de jogador","datePublished":"2025-09-01T19:05:53+00:00","dateModified":"2025-09-01T19:20:41+00:00","mainEntityOfPage":{"@id":"https:\/\/www.gaveanews.com\/index.php\/2025\/09\/01\/flamengo-emite-nota-oficial-e-confirma-saida-de-jogador\/"},"wordCount":506,"commentCount":0,"image":{"@id":"https:\/\/www.gaveanews.com\/index.php\/2025\/09\/01\/flamengo-emite-nota-oficial-e-confirma-saida-de-jogador\/#primaryimage"},"thumbnailUrl":"https:\/\/www.gaveanews.com\/wp-content\/uploads\/flamengo.webp","articleSection":["Flamengo"],"inLanguage":"pt-BR","potentialAction":[{"@type":"CommentAction","name":"Comment","target":["https:\/\/www.gaveanews.com\/index.php\/2025\/09\/01\/flamengo-emite-nota-oficial-e-confirma-saida-de-jogador\/#respond"]}],"copyrightYear":"2025","copyrightHolder":{"@id":"https:\/\/www.gaveanews.com\/#organization"}},{"@type":"WebPage","@id":"https:\/\/www.gaveanews.com\/index.php\/2025\/09\/01\/flamengo-emite-nota-oficial-e-confirma-saida-de-jogador\/","url":"https:\/\/www.gaveanews.com\/index.php\/2025\/09\/01\/flamengo-emite-nota-oficial-e-confirma-saida-de-jogador\/","name":"Flamengo emite nota oficial e confirma sa\u00edda de jogador","isPartOf":{"@id":"https:\/\/www.gaveanews.com\/#website"},"primaryImageOfPage":{"@id":"https:\/\/www.gaveanews.com\/index.php\/2025\/09\/01\/flamengo-emite-nota-oficial-e-confirma-saida-de-jogador\/#primaryimage"},"image":{"@id":"https:\/\/www.gaveanews.com\/index.php\/2025\/09\/01\/flamengo-emite-nota-oficial-e-confirma-saida-de-jogador\/#primaryimage"},"thumbnailUrl":"https:\/\/www.gaveanews.com\/wp-content\/uploads\/flamengo.webp","datePublished":"2025-09-01T19:05:53+00:00","dateModified":"2025-09-01T19:20:41+00:00","author":{"@id":"https:\/\/www.gaveanews.com\/#\/schema\/person\/c88645e3d550d0b6574305e67dd5a716"},"breadcrumb":{"@id":"https:\/\/www.gaveanews.com\/index.php\/2025\/09\/01\/flamengo-emite-nota-oficial-e-confirma-saida-de-jogador\/#breadcrumb"},"inLanguage":"pt-BR","potentialAction":[{"@type":"ReadAction","target":["https:\/\/www.gaveanews.com\/index.php\/2025\/09\/01\/flamengo-emite-nota-oficial-e-confirma-saida-de-jogador\/"]}]},{"@type":"ImageObject","inLanguage":"pt-BR","@id":"https:\/\/www.gaveanews.com\/index.php\/2025\/09\/01\/flamengo-emite-nota-oficial-e-confirma-saida-de-jogador\/#primaryimage","url":"https:\/\/www.gaveanews.com\/wp-content\/uploads\/flamengo.webp","contentUrl":"https:\/\/www.gaveanews.com\/wp-content\/uploads\/flamengo.webp","width":799,"height":532,"caption":"Centro de treinamento do Flamengo (Foto: Reprodu\u00e7\u00e3o)"},{"@type":"BreadcrumbList","@id":"https:\/\/www.gaveanews.com\/index.php\/2025\/09\/01\/flamengo-emite-nota-oficial-e-confirma-saida-de-jogador\/#breadcrumb","itemListElement":[{"@type":"ListItem","position":1,"name":"Home","item":"https:\/\/www.gaveanews.com\/"},{"@type":"ListItem","position":2,"name":"Flamengo emite nota oficial e confirma sa\u00edda de jogador"}]},{"@type":"WebSite","@id":"https:\/\/www.gaveanews.com\/#website","url":"https:\/\/www.gaveanews.com\/","name":"G\u00e1vea News","description":"Veja todas as not\u00edcias sobre o Flamengo: Contrata\u00e7\u00f5es, categorias de base, resultados das partidas, tabela de classifica\u00e7\u00e3o, pr\u00f3ximos jogos!","potentialAction":[{"@type":"SearchAction","target":{"@type":"EntryPoint","urlTemplate":"https:\/\/www.gaveanews.com\/?s={search_term_string}"},"query-input":{"@type":"PropertyValueSpecification","valueRequired":true,"valueName":"search_term_string"}}],"inLanguage":"pt-BR"},{"@type":"Person","@id":"https:\/\/www.gaveanews.com\/#\/schema\/person\/c88645e3d550d0b6574305e67dd5a716","name":"Reda\u00e7\u00e3o","image":{"@type":"ImageObject","inLanguage":"pt-BR","@id":"https:\/\/www.gaveanews.com\/#\/schema\/person\/image\/","url":"https:\/\/secure.gravatar.com\/avatar\/434098fd823f0dc1b062d14ca22bacaa6e38de28d8c816bbef6fc2f8c44d8ba3?s=96&d=mm&r=g","contentUrl":"https:\/\/secure.gravatar.com\/avatar\/434098fd823f0dc1b062d14ca22bacaa6e38de28d8c816bbef6fc2f8c44d8ba3?s=96&d=mm&r=g","caption":"Reda\u00e7\u00e3o"}}]}},"_links":{"self":[{"href":"https:\/\/www.gaveanews.com\/index.php\/wp-json\/wp\/v2\/posts\/275435","targetHints":{"allow":["GET"]}}],"collection":[{"href":"https:\/\/www.gaveanews.com\/index.php\/wp-json\/wp\/v2\/posts"}],"about":[{"href":"https:\/\/www.gaveanews.com\/index.php\/wp-json\/wp\/v2\/types\/post"}],"author":[{"embeddable":true,"href":"https:\/\/www.gaveanews.com\/index.php\/wp-json\/wp\/v2\/users\/39"}],"replies":[{"embeddable":true,"href":"https:\/\/www.gaveanews.com\/index.php\/wp-json\/wp\/v2\/comments?post=275435"}],"version-history":[{"count":2,"href":"https:\/\/www.gaveanews.com\/index.php\/wp-json\/wp\/v2\/posts\/275435\/revisions"}],"predecessor-version":[{"id":275440,"href":"https:\/\/www.gaveanews.com\/index.php\/wp-json\/wp\/v2\/posts\/275435\/revisions\/275440"}],"wp:featuredmedia":[{"embeddable":true,"href":"https:\/\/www.gaveanews.com\/index.php\/wp-json\/wp\/v2\/media\/123691"}],"wp:attachment":[{"href":"https:\/\/www.gaveanews.com\/index.php\/wp-json\/wp\/v2\/media?parent=275435"}],"wp:term":[{"taxonomy":"category","embeddable":true,"href":"https:\/\/www.gaveanews.com\/index.php\/wp-json\/wp\/v2\/categories?post=275435"},{"taxonomy":"post_tag","embeddable":true,"href":"https:\/\/www.gaveanews.com\/index.php\/wp-json\/wp\/v2\/tags?post=275435"}],"curies":[{"name":"wp","href":"https:\/\/api.w.org\/{rel}","templated":true}]}}