{"id":275719,"date":"2025-09-03T16:30:00","date_gmt":"2025-09-03T19:30:00","guid":{"rendered":"https:\/\/www.gaveanews.com\/?p=275719"},"modified":"2025-09-03T15:35:21","modified_gmt":"2025-09-03T18:35:21","slug":"a-declaracao-de-ancelotti-envolvendo-o-flamengo-durante-coletiva-da-selecao","status":"publish","type":"post","link":"https:\/\/www.gaveanews.com\/index.php\/2025\/09\/03\/a-declaracao-de-ancelotti-envolvendo-o-flamengo-durante-coletiva-da-selecao\/","title":{"rendered":"A declara\u00e7\u00e3o de Ancelotti envolvendo o Flamengo durante coletiva da Sele\u00e7\u00e3o"},"content":{"rendered":"\n<p>Carlo Ancelotti concedeu entrevista coletiva nesta quarta-feira (03 de setembro), \u00e0s v\u00e9speras do duelo entre Brasil e Chile pelas Eliminat\u00f3rias da Copa. O treinador aproveitou para comentar o cen\u00e1rio do futebol nacional, ressaltando pontos positivos e tamb\u00e9m limita\u00e7\u00f5es que observou em competi\u00e7\u00f5es como Libertadores, Copa do Brasil e Brasileir\u00e3o.<\/p>\n\n\n\n<p>Segundo o italiano, a principal impress\u00e3o foi a intensidade da torcida nos est\u00e1dios e a forma como as equipes t\u00eam mantido organiza\u00e7\u00e3o defensiva. Ele ponderou, entretanto, que a qualidade t\u00e9cnica ainda carece de nomes de destaque, j\u00e1 que grande parte dos atletas mais valorizados est\u00e1 no futebol europeu.<\/p>\n\n\n\n<p>Durante a coletiva, Ancelotti destacou o desempenho recente de clubes brasileiros em torneios internacionais. O treinador mencionou especificamente Fluminense, Botafogo, Flamengo e Palmeiras, citando a participa\u00e7\u00e3o de cada um no \u00faltimo Mundial de Clubes e elogiando o n\u00edvel competitivo apresentado.<\/p>\n\n\n\n<p>\u201cO que eu mais gostei no futebol brasileiro foi a paix\u00e3o do torcedor nos est\u00e1dios, o est\u00e1dio sente. \u00c9 bem organizado, sobretudo a n\u00edvel defensivo. Todos os times defendem bem, obviamente falta um pouco de qualidade, porque os melhores jogadores est\u00e3o na Europa. \u00c9 um futebol que compete. Vimos times como Fluminense, Botafogo, Flamengo e Palmeiras fazerem muito bom Mundial\u201d, afirmou Ancelotti.<\/p>\n\n\n\n<p>O treinador recordou que o Fluminense alcan\u00e7ou as semifinais do torneio, eliminado pelo Chelsea. J\u00e1 Flamengo, Palmeiras e Botafogo tamb\u00e9m representaram o pa\u00eds com atua\u00e7\u00f5es que chamaram sua aten\u00e7\u00e3o pelo equil\u00edbrio coletivo, ainda que sem resultados expressivos em t\u00edtulos.<\/p>\n\n\n\n<p>Al\u00e9m das refer\u00eancias aos clubes, Ancelotti comentou sobre sua primeira oportunidade de comandar a Sele\u00e7\u00e3o Brasileira no est\u00e1dio do Maracan\u00e3. O jogo contra o Chile ser\u00e1 especial para o treinador, que descreveu o momento como simb\u00f3lico em sua trajet\u00f3ria no comando da equipe nacional.<\/p>\n\n\n\n<p>\u201cPara mim, \u00e9 uma nova experi\u00eancia muito bonita a primeira vez no Maracan\u00e3, no templo do futebol mundial. Uma nova experi\u00eancia que sempre terei nas minhas recorda\u00e7\u00f5es. O jogo\u2026 eu espero o m\u00e1ximo, que a equipe jogue bem, que tome confian\u00e7a, que tenha uma boa atitude, intensidade no jogo\u201d, disse.<\/p>\n","protected":false},"excerpt":{"rendered":"<p>Carlo Ancelotti concedeu entrevista coletiva nesta quarta-feira (03 de setembro), \u00e0s v\u00e9speras do duelo entre Brasil e Chile pelas Eliminat\u00f3rias da Copa. O treinador aproveitou para comentar o cen\u00e1rio do futebol nacional, ressaltando pontos positivos e tamb\u00e9m limita\u00e7\u00f5es que observou em competi\u00e7\u00f5es como Libertadores, Copa do Brasil e Brasileir\u00e3o. Segundo o italiano, a principal impress\u00e3o [&hellip;]<\/p>\n","protected":false},"author":15,"featured_media":266849,"comment_status":"open","ping_status":"closed","sticky":false,"template":"","format":"standard","meta":{"footnotes":""},"categories":[478,1],"tags":[],"class_list":["post-275719","post","type-post","status-publish","format-standard","has-post-thumbnail","hentry","category-brasil","category-flamengo"],"yoast_head":"<!-- This site is optimized with the Yoast SEO Premium plugin v24.2 (Yoast SEO v26.9) - https:\/\/yoast.com\/product\/yoast-seo-premium-wordpress\/ -->\n<title>A declara\u00e7\u00e3o de Ancelotti envolvendo o Flamengo durante coletiva da Sele\u00e7\u00e3o<\/title>\n<meta name=\"robots\" content=\"index, follow, max-snippet:-1, max-image-preview:large, max-video-preview:-1\" \/>\n<link rel=\"canonical\" href=\"https:\/\/www.gaveanews.com\/index.php\/2025\/09\/03\/a-declaracao-de-ancelotti-envolvendo-o-flamengo-durante-coletiva-da-selecao\/\" \/>\n<meta property=\"og:locale\" content=\"pt_BR\" \/>\n<meta property=\"og:type\" content=\"article\" \/>\n<meta property=\"og:title\" content=\"A declara\u00e7\u00e3o de Ancelotti envolvendo o Flamengo durante coletiva da Sele\u00e7\u00e3o\" \/>\n<meta property=\"og:description\" content=\"Carlo Ancelotti concedeu entrevista coletiva nesta quarta-feira (03 de setembro), \u00e0s v\u00e9speras do duelo entre Brasil e Chile pelas Eliminat\u00f3rias da Copa. O treinador aproveitou para comentar o cen\u00e1rio do futebol nacional, ressaltando pontos positivos e tamb\u00e9m limita\u00e7\u00f5es que observou em competi\u00e7\u00f5es como Libertadores, Copa do Brasil e Brasileir\u00e3o. Segundo o italiano, a principal impress\u00e3o [&hellip;]\" \/>\n<meta property=\"og:url\" content=\"https:\/\/www.gaveanews.com\/index.php\/2025\/09\/03\/a-declaracao-de-ancelotti-envolvendo-o-flamengo-durante-coletiva-da-selecao\/\" \/>\n<meta property=\"og:site_name\" content=\"G\u00e1vea News\" \/>\n<meta property=\"article:publisher\" content=\"https:\/\/facebook.com\/gaveaNews\/\" \/>\n<meta property=\"article:published_time\" content=\"2025-09-03T19:30:00+00:00\" \/>\n<meta property=\"og:image\" content=\"https:\/\/www.gaveanews.com\/wp-content\/uploads\/Carlo-Ancelotti-como-tecnico-da-Selecao-Brasileira-de-Futebol.webp\" \/>\n\t<meta property=\"og:image:width\" content=\"1200\" \/>\n\t<meta property=\"og:image:height\" content=\"800\" \/>\n\t<meta property=\"og:image:type\" content=\"image\/webp\" \/>\n<meta name=\"author\" content=\"Henrique Machado\" \/>\n<meta name=\"twitter:card\" content=\"summary_large_image\" \/>\n<meta name=\"twitter:label1\" content=\"Escrito por\" \/>\n\t<meta name=\"twitter:data1\" content=\"Henrique Machado\" \/>\n\t<meta name=\"twitter:label2\" content=\"Est. tempo de leitura\" \/>\n\t<meta name=\"twitter:data2\" content=\"3 minutos\" \/>\n<script type=\"application\/ld+json\" class=\"yoast-schema-graph\">{\"@context\":\"https:\/\/schema.org\",\"@graph\":[{\"@type\":\"NewsArticle\",\"@id\":\"https:\/\/www.gaveanews.com\/index.php\/2025\/09\/03\/a-declaracao-de-ancelotti-envolvendo-o-flamengo-durante-coletiva-da-selecao\/#article\",\"isPartOf\":{\"@id\":\"https:\/\/www.gaveanews.com\/index.php\/2025\/09\/03\/a-declaracao-de-ancelotti-envolvendo-o-flamengo-durante-coletiva-da-selecao\/\"},\"author\":{\"name\":\"Henrique Machado\",\"@id\":\"https:\/\/www.gaveanews.com\/#\/schema\/person\/fd07635ec039ec3ba74ad18ec8a6dbd6\"},\"headline\":\"A declara\u00e7\u00e3o de Ancelotti envolvendo o Flamengo durante coletiva da Sele\u00e7\u00e3o\",\"datePublished\":\"2025-09-03T19:30:00+00:00\",\"mainEntityOfPage\":{\"@id\":\"https:\/\/www.gaveanews.com\/index.php\/2025\/09\/03\/a-declaracao-de-ancelotti-envolvendo-o-flamengo-durante-coletiva-da-selecao\/\"},\"wordCount\":378,\"commentCount\":0,\"image\":{\"@id\":\"https:\/\/www.gaveanews.com\/index.php\/2025\/09\/03\/a-declaracao-de-ancelotti-envolvendo-o-flamengo-durante-coletiva-da-selecao\/#primaryimage\"},\"thumbnailUrl\":\"https:\/\/www.gaveanews.com\/wp-content\/uploads\/Carlo-Ancelotti-como-tecnico-da-Selecao-Brasileira-de-Futebol.webp\",\"articleSection\":[\"Brasil\",\"Flamengo\"],\"inLanguage\":\"pt-BR\",\"potentialAction\":[{\"@type\":\"CommentAction\",\"name\":\"Comment\",\"target\":[\"https:\/\/www.gaveanews.com\/index.php\/2025\/09\/03\/a-declaracao-de-ancelotti-envolvendo-o-flamengo-durante-coletiva-da-selecao\/#respond\"]}],\"copyrightYear\":\"2025\",\"copyrightHolder\":{\"@id\":\"https:\/\/www.gaveanews.com\/#organization\"}},{\"@type\":\"WebPage\",\"@id\":\"https:\/\/www.gaveanews.com\/index.php\/2025\/09\/03\/a-declaracao-de-ancelotti-envolvendo-o-flamengo-durante-coletiva-da-selecao\/\",\"url\":\"https:\/\/www.gaveanews.com\/index.php\/2025\/09\/03\/a-declaracao-de-ancelotti-envolvendo-o-flamengo-durante-coletiva-da-selecao\/\",\"name\":\"A declara\u00e7\u00e3o de Ancelotti envolvendo o Flamengo durante coletiva da Sele\u00e7\u00e3o\",\"isPartOf\":{\"@id\":\"https:\/\/www.gaveanews.com\/#website\"},\"primaryImageOfPage\":{\"@id\":\"https:\/\/www.gaveanews.com\/index.php\/2025\/09\/03\/a-declaracao-de-ancelotti-envolvendo-o-flamengo-durante-coletiva-da-selecao\/#primaryimage\"},\"image\":{\"@id\":\"https:\/\/www.gaveanews.com\/index.php\/2025\/09\/03\/a-declaracao-de-ancelotti-envolvendo-o-flamengo-durante-coletiva-da-selecao\/#primaryimage\"},\"thumbnailUrl\":\"https:\/\/www.gaveanews.com\/wp-content\/uploads\/Carlo-Ancelotti-como-tecnico-da-Selecao-Brasileira-de-Futebol.webp\",\"datePublished\":\"2025-09-03T19:30:00+00:00\",\"author\":{\"@id\":\"https:\/\/www.gaveanews.com\/#\/schema\/person\/fd07635ec039ec3ba74ad18ec8a6dbd6\"},\"breadcrumb\":{\"@id\":\"https:\/\/www.gaveanews.com\/index.php\/2025\/09\/03\/a-declaracao-de-ancelotti-envolvendo-o-flamengo-durante-coletiva-da-selecao\/#breadcrumb\"},\"inLanguage\":\"pt-BR\",\"potentialAction\":[{\"@type\":\"ReadAction\",\"target\":[\"https:\/\/www.gaveanews.com\/index.php\/2025\/09\/03\/a-declaracao-de-ancelotti-envolvendo-o-flamengo-durante-coletiva-da-selecao\/\"]}]},{\"@type\":\"ImageObject\",\"inLanguage\":\"pt-BR\",\"@id\":\"https:\/\/www.gaveanews.com\/index.php\/2025\/09\/03\/a-declaracao-de-ancelotti-envolvendo-o-flamengo-durante-coletiva-da-selecao\/#primaryimage\",\"url\":\"https:\/\/www.gaveanews.com\/wp-content\/uploads\/Carlo-Ancelotti-como-tecnico-da-Selecao-Brasileira-de-Futebol.webp\",\"contentUrl\":\"https:\/\/www.gaveanews.com\/wp-content\/uploads\/Carlo-Ancelotti-como-tecnico-da-Selecao-Brasileira-de-Futebol.webp\",\"width\":1200,\"height\":800,\"caption\":\"Carlo Ancelotti como t\u00e9cnico da Sele\u00e7\u00e3o Brasileira de Futebol (Foto: CBF\/Rafael Ribeiro)\"},{\"@type\":\"BreadcrumbList\",\"@id\":\"https:\/\/www.gaveanews.com\/index.php\/2025\/09\/03\/a-declaracao-de-ancelotti-envolvendo-o-flamengo-durante-coletiva-da-selecao\/#breadcrumb\",\"itemListElement\":[{\"@type\":\"ListItem\",\"position\":1,\"name\":\"Home\",\"item\":\"https:\/\/www.gaveanews.com\/\"},{\"@type\":\"ListItem\",\"position\":2,\"name\":\"A declara\u00e7\u00e3o de Ancelotti envolvendo o Flamengo durante coletiva da Sele\u00e7\u00e3o\"}]},{\"@type\":\"WebSite\",\"@id\":\"https:\/\/www.gaveanews.com\/#website\",\"url\":\"https:\/\/www.gaveanews.com\/\",\"name\":\"G\u00e1vea News\",\"description\":\"Veja todas as not\u00edcias sobre o Flamengo: Contrata\u00e7\u00f5es, categorias de base, resultados das partidas, tabela de classifica\u00e7\u00e3o, pr\u00f3ximos jogos!\",\"potentialAction\":[{\"@type\":\"SearchAction\",\"target\":{\"@type\":\"EntryPoint\",\"urlTemplate\":\"https:\/\/www.gaveanews.com\/?s={search_term_string}\"},\"query-input\":{\"@type\":\"PropertyValueSpecification\",\"valueRequired\":true,\"valueName\":\"search_term_string\"}}],\"inLanguage\":\"pt-BR\"},{\"@type\":\"Person\",\"@id\":\"https:\/\/www.gaveanews.com\/#\/schema\/person\/fd07635ec039ec3ba74ad18ec8a6dbd6\",\"name\":\"Henrique Machado\",\"image\":{\"@type\":\"ImageObject\",\"inLanguage\":\"pt-BR\",\"@id\":\"https:\/\/www.gaveanews.com\/#\/schema\/person\/image\/\",\"url\":\"https:\/\/secure.gravatar.com\/avatar\/b95e35997e01d9800c1b6184bd79d4d898d370a3fce2584f5c77b907d5c7d9e9?s=96&d=mm&r=g\",\"contentUrl\":\"https:\/\/secure.gravatar.com\/avatar\/b95e35997e01d9800c1b6184bd79d4d898d370a3fce2584f5c77b907d5c7d9e9?s=96&d=mm&r=g\",\"caption\":\"Henrique Machado\"}}]}<\/script>\n<!-- \/ Yoast SEO Premium plugin. -->","yoast_head_json":{"title":"A declara\u00e7\u00e3o de Ancelotti envolvendo o Flamengo durante coletiva da Sele\u00e7\u00e3o","robots":{"index":"index","follow":"follow","max-snippet":"max-snippet:-1","max-image-preview":"max-image-preview:large","max-video-preview":"max-video-preview:-1"},"canonical":"https:\/\/www.gaveanews.com\/index.php\/2025\/09\/03\/a-declaracao-de-ancelotti-envolvendo-o-flamengo-durante-coletiva-da-selecao\/","og_locale":"pt_BR","og_type":"article","og_title":"A declara\u00e7\u00e3o de Ancelotti envolvendo o Flamengo durante coletiva da Sele\u00e7\u00e3o","og_description":"Carlo Ancelotti concedeu entrevista coletiva nesta quarta-feira (03 de setembro), \u00e0s v\u00e9speras do duelo entre Brasil e Chile pelas Eliminat\u00f3rias da Copa. O treinador aproveitou para comentar o cen\u00e1rio do futebol nacional, ressaltando pontos positivos e tamb\u00e9m limita\u00e7\u00f5es que observou em competi\u00e7\u00f5es como Libertadores, Copa do Brasil e Brasileir\u00e3o. Segundo o italiano, a principal impress\u00e3o [&hellip;]","og_url":"https:\/\/www.gaveanews.com\/index.php\/2025\/09\/03\/a-declaracao-de-ancelotti-envolvendo-o-flamengo-durante-coletiva-da-selecao\/","og_site_name":"G\u00e1vea News","article_publisher":"https:\/\/facebook.com\/gaveaNews\/","article_published_time":"2025-09-03T19:30:00+00:00","og_image":[{"width":1200,"height":800,"url":"https:\/\/www.gaveanews.com\/wp-content\/uploads\/Carlo-Ancelotti-como-tecnico-da-Selecao-Brasileira-de-Futebol.webp","type":"image\/webp"}],"author":"Henrique Machado","twitter_card":"summary_large_image","twitter_misc":{"Escrito por":"Henrique Machado","Est. tempo de leitura":"3 minutos"},"schema":{"@context":"https:\/\/schema.org","@graph":[{"@type":"NewsArticle","@id":"https:\/\/www.gaveanews.com\/index.php\/2025\/09\/03\/a-declaracao-de-ancelotti-envolvendo-o-flamengo-durante-coletiva-da-selecao\/#article","isPartOf":{"@id":"https:\/\/www.gaveanews.com\/index.php\/2025\/09\/03\/a-declaracao-de-ancelotti-envolvendo-o-flamengo-durante-coletiva-da-selecao\/"},"author":{"name":"Henrique Machado","@id":"https:\/\/www.gaveanews.com\/#\/schema\/person\/fd07635ec039ec3ba74ad18ec8a6dbd6"},"headline":"A declara\u00e7\u00e3o de Ancelotti envolvendo o Flamengo durante coletiva da Sele\u00e7\u00e3o","datePublished":"2025-09-03T19:30:00+00:00","mainEntityOfPage":{"@id":"https:\/\/www.gaveanews.com\/index.php\/2025\/09\/03\/a-declaracao-de-ancelotti-envolvendo-o-flamengo-durante-coletiva-da-selecao\/"},"wordCount":378,"commentCount":0,"image":{"@id":"https:\/\/www.gaveanews.com\/index.php\/2025\/09\/03\/a-declaracao-de-ancelotti-envolvendo-o-flamengo-durante-coletiva-da-selecao\/#primaryimage"},"thumbnailUrl":"https:\/\/www.gaveanews.com\/wp-content\/uploads\/Carlo-Ancelotti-como-tecnico-da-Selecao-Brasileira-de-Futebol.webp","articleSection":["Brasil","Flamengo"],"inLanguage":"pt-BR","potentialAction":[{"@type":"CommentAction","name":"Comment","target":["https:\/\/www.gaveanews.com\/index.php\/2025\/09\/03\/a-declaracao-de-ancelotti-envolvendo-o-flamengo-durante-coletiva-da-selecao\/#respond"]}],"copyrightYear":"2025","copyrightHolder":{"@id":"https:\/\/www.gaveanews.com\/#organization"}},{"@type":"WebPage","@id":"https:\/\/www.gaveanews.com\/index.php\/2025\/09\/03\/a-declaracao-de-ancelotti-envolvendo-o-flamengo-durante-coletiva-da-selecao\/","url":"https:\/\/www.gaveanews.com\/index.php\/2025\/09\/03\/a-declaracao-de-ancelotti-envolvendo-o-flamengo-durante-coletiva-da-selecao\/","name":"A declara\u00e7\u00e3o de Ancelotti envolvendo o Flamengo durante coletiva da Sele\u00e7\u00e3o","isPartOf":{"@id":"https:\/\/www.gaveanews.com\/#website"},"primaryImageOfPage":{"@id":"https:\/\/www.gaveanews.com\/index.php\/2025\/09\/03\/a-declaracao-de-ancelotti-envolvendo-o-flamengo-durante-coletiva-da-selecao\/#primaryimage"},"image":{"@id":"https:\/\/www.gaveanews.com\/index.php\/2025\/09\/03\/a-declaracao-de-ancelotti-envolvendo-o-flamengo-durante-coletiva-da-selecao\/#primaryimage"},"thumbnailUrl":"https:\/\/www.gaveanews.com\/wp-content\/uploads\/Carlo-Ancelotti-como-tecnico-da-Selecao-Brasileira-de-Futebol.webp","datePublished":"2025-09-03T19:30:00+00:00","author":{"@id":"https:\/\/www.gaveanews.com\/#\/schema\/person\/fd07635ec039ec3ba74ad18ec8a6dbd6"},"breadcrumb":{"@id":"https:\/\/www.gaveanews.com\/index.php\/2025\/09\/03\/a-declaracao-de-ancelotti-envolvendo-o-flamengo-durante-coletiva-da-selecao\/#breadcrumb"},"inLanguage":"pt-BR","potentialAction":[{"@type":"ReadAction","target":["https:\/\/www.gaveanews.com\/index.php\/2025\/09\/03\/a-declaracao-de-ancelotti-envolvendo-o-flamengo-durante-coletiva-da-selecao\/"]}]},{"@type":"ImageObject","inLanguage":"pt-BR","@id":"https:\/\/www.gaveanews.com\/index.php\/2025\/09\/03\/a-declaracao-de-ancelotti-envolvendo-o-flamengo-durante-coletiva-da-selecao\/#primaryimage","url":"https:\/\/www.gaveanews.com\/wp-content\/uploads\/Carlo-Ancelotti-como-tecnico-da-Selecao-Brasileira-de-Futebol.webp","contentUrl":"https:\/\/www.gaveanews.com\/wp-content\/uploads\/Carlo-Ancelotti-como-tecnico-da-Selecao-Brasileira-de-Futebol.webp","width":1200,"height":800,"caption":"Carlo Ancelotti como t\u00e9cnico da Sele\u00e7\u00e3o Brasileira de Futebol (Foto: CBF\/Rafael Ribeiro)"},{"@type":"BreadcrumbList","@id":"https:\/\/www.gaveanews.com\/index.php\/2025\/09\/03\/a-declaracao-de-ancelotti-envolvendo-o-flamengo-durante-coletiva-da-selecao\/#breadcrumb","itemListElement":[{"@type":"ListItem","position":1,"name":"Home","item":"https:\/\/www.gaveanews.com\/"},{"@type":"ListItem","position":2,"name":"A declara\u00e7\u00e3o de Ancelotti envolvendo o Flamengo durante coletiva da Sele\u00e7\u00e3o"}]},{"@type":"WebSite","@id":"https:\/\/www.gaveanews.com\/#website","url":"https:\/\/www.gaveanews.com\/","name":"G\u00e1vea News","description":"Veja todas as not\u00edcias sobre o Flamengo: Contrata\u00e7\u00f5es, categorias de base, resultados das partidas, tabela de classifica\u00e7\u00e3o, pr\u00f3ximos jogos!","potentialAction":[{"@type":"SearchAction","target":{"@type":"EntryPoint","urlTemplate":"https:\/\/www.gaveanews.com\/?s={search_term_string}"},"query-input":{"@type":"PropertyValueSpecification","valueRequired":true,"valueName":"search_term_string"}}],"inLanguage":"pt-BR"},{"@type":"Person","@id":"https:\/\/www.gaveanews.com\/#\/schema\/person\/fd07635ec039ec3ba74ad18ec8a6dbd6","name":"Henrique Machado","image":{"@type":"ImageObject","inLanguage":"pt-BR","@id":"https:\/\/www.gaveanews.com\/#\/schema\/person\/image\/","url":"https:\/\/secure.gravatar.com\/avatar\/b95e35997e01d9800c1b6184bd79d4d898d370a3fce2584f5c77b907d5c7d9e9?s=96&d=mm&r=g","contentUrl":"https:\/\/secure.gravatar.com\/avatar\/b95e35997e01d9800c1b6184bd79d4d898d370a3fce2584f5c77b907d5c7d9e9?s=96&d=mm&r=g","caption":"Henrique Machado"}}]}},"_links":{"self":[{"href":"https:\/\/www.gaveanews.com\/index.php\/wp-json\/wp\/v2\/posts\/275719","targetHints":{"allow":["GET"]}}],"collection":[{"href":"https:\/\/www.gaveanews.com\/index.php\/wp-json\/wp\/v2\/posts"}],"about":[{"href":"https:\/\/www.gaveanews.com\/index.php\/wp-json\/wp\/v2\/types\/post"}],"author":[{"embeddable":true,"href":"https:\/\/www.gaveanews.com\/index.php\/wp-json\/wp\/v2\/users\/15"}],"replies":[{"embeddable":true,"href":"https:\/\/www.gaveanews.com\/index.php\/wp-json\/wp\/v2\/comments?post=275719"}],"version-history":[{"count":1,"href":"https:\/\/www.gaveanews.com\/index.php\/wp-json\/wp\/v2\/posts\/275719\/revisions"}],"predecessor-version":[{"id":275720,"href":"https:\/\/www.gaveanews.com\/index.php\/wp-json\/wp\/v2\/posts\/275719\/revisions\/275720"}],"wp:featuredmedia":[{"embeddable":true,"href":"https:\/\/www.gaveanews.com\/index.php\/wp-json\/wp\/v2\/media\/266849"}],"wp:attachment":[{"href":"https:\/\/www.gaveanews.com\/index.php\/wp-json\/wp\/v2\/media?parent=275719"}],"wp:term":[{"taxonomy":"category","embeddable":true,"href":"https:\/\/www.gaveanews.com\/index.php\/wp-json\/wp\/v2\/categories?post=275719"},{"taxonomy":"post_tag","embeddable":true,"href":"https:\/\/www.gaveanews.com\/index.php\/wp-json\/wp\/v2\/tags?post=275719"}],"curies":[{"name":"wp","href":"https:\/\/api.w.org\/{rel}","templated":true}]}}