{"id":275732,"date":"2025-09-03T16:25:47","date_gmt":"2025-09-03T19:25:47","guid":{"rendered":"https:\/\/www.gaveanews.com\/?p=275732"},"modified":"2025-09-03T16:27:10","modified_gmt":"2025-09-03T19:27:10","slug":"queridinho-de-filipe-luis-tenta-recuperar-espaco-no-flamengo","status":"publish","type":"post","link":"https:\/\/www.gaveanews.com\/index.php\/2025\/09\/03\/queridinho-de-filipe-luis-tenta-recuperar-espaco-no-flamengo\/","title":{"rendered":"Queridinho de Filipe Lu\u00eds tenta recuperar espa\u00e7o no Flamengo"},"content":{"rendered":"\n<p>Ap\u00f3s o empate contra o Gr\u00eamio, o <a href=\"https:\/\/www.gaveanews.com\/index.php\/category\/brasileirao\/flamengo\/\" target=\"_blank\" rel=\"noopener noreferrer\">Flamengo<\/a> iniciar\u00e1 um ciclo de nove dias de treinos antes do pr\u00f3ximo compromisso, com reapresenta\u00e7\u00e3o no Ninho do Urubu marcado para a pr\u00f3xima sexta-feira. O time volta a campo no dia 14 de setembro (domingo), contra o Juventude, em Caxias do Sul.<\/p>\n\n\n\n<p>Nesse cen\u00e1rio, Wallace Yan reaparece como tema. Xod\u00f3 de Filipe Lu\u00eds, o atacante de 20 anos viveu destaque na Copa do Mundo de Clubes. As atua\u00e7\u00f5es, inclusive, renderam sondagens de times da Europa. Ele n\u00e3o era titular absoluto, por\u00e9m virou substitui\u00e7\u00e3o quase certa no decorrer dos jogos de Filipe Lu\u00eds.<\/p>\n\n\n\n<p>Na competi\u00e7\u00e3o internacional, entrou em tr\u00eas de quatro partidas e marcou contra o Chelsea. Depois, foi relacionado para 13 jogos e entrou em nove. Em julho, saiu do banco contra o S\u00e3o Paulo e precisou de sete minutos para fazer um gol. Foi titular diante do Fluminense e deu assist\u00eancia. Entretanto, a trajet\u00f3ria virou no m\u00eas seguinte.<\/p>\n\n\n\n<p>A \u00faltima titularidade ocorreu na elimina\u00e7\u00e3o para o Atl\u00e9tico-MG na Copa do Brasil, quando perdeu um dos p\u00eanaltis que decidiram a vaga. A partir dali, perdeu espa\u00e7o. Foi relacionado para seis partidas e s\u00f3 entrou em duas, somando menos de 20 minutos em campo.<\/p>\n\n\n\n<p>A falta de espa\u00e7o coincide com a consolida\u00e7\u00e3o de Samuel Lino, a contrata\u00e7\u00e3o mais cara da hist\u00f3ria do Flamengo, como pe\u00e7a-chave do ataque. O ponta-esquerda j\u00e1 atuou em nove jogos e soma seis participa\u00e7\u00f5es diretas em gol: dois gols e quatro assist\u00eancias. Por outro lado, esse ganho de protagonismo reduziu as oportunidades para os jovens da linha de frente.<\/p>\n\n\n\n<p>No mesmo per\u00edodo, Pedro se recuperou e retomou o destaque. O camisa 9 fez seis gols e deu duas assist\u00eancias nas \u00faltimas quatro partidas. No m\u00eas de agosto, ele s\u00f3 n\u00e3o foi titular contra o Internacional nas duas partidas da Libertadores. Assim, a disputa por minutos na \u00e1rea ficou ainda mais dura para as alternativas do elenco.<\/p>\n","protected":false},"excerpt":{"rendered":"<p>Ap\u00f3s o empate contra o Gr\u00eamio, o Flamengo iniciar\u00e1 um ciclo de nove dias de treinos antes do pr\u00f3ximo compromisso, com reapresenta\u00e7\u00e3o no Ninho do Urubu marcado para a pr\u00f3xima sexta-feira. O time volta a campo no dia 14 de setembro (domingo), contra o Juventude, em Caxias do Sul. Nesse cen\u00e1rio, Wallace Yan reaparece como [&hellip;]<\/p>\n","protected":false},"author":39,"featured_media":256399,"comment_status":"open","ping_status":"closed","sticky":false,"template":"","format":"standard","meta":{"footnotes":""},"categories":[1],"tags":[],"class_list":["post-275732","post","type-post","status-publish","format-standard","has-post-thumbnail","hentry","category-flamengo"],"yoast_head":"<!-- This site is optimized with the Yoast SEO Premium plugin v24.2 (Yoast SEO v26.9) - https:\/\/yoast.com\/product\/yoast-seo-premium-wordpress\/ -->\n<title>Queridinho de Filipe Lu\u00eds tenta recuperar espa\u00e7o no Flamengo<\/title>\n<meta name=\"robots\" content=\"index, follow, max-snippet:-1, max-image-preview:large, max-video-preview:-1\" \/>\n<link rel=\"canonical\" href=\"https:\/\/www.gaveanews.com\/index.php\/2025\/09\/03\/queridinho-de-filipe-luis-tenta-recuperar-espaco-no-flamengo\/\" \/>\n<meta property=\"og:locale\" content=\"pt_BR\" \/>\n<meta property=\"og:type\" content=\"article\" \/>\n<meta property=\"og:title\" content=\"Queridinho de Filipe Lu\u00eds tenta recuperar espa\u00e7o no Flamengo\" \/>\n<meta property=\"og:description\" content=\"Ap\u00f3s o empate contra o Gr\u00eamio, o Flamengo iniciar\u00e1 um ciclo de nove dias de treinos antes do pr\u00f3ximo compromisso, com reapresenta\u00e7\u00e3o no Ninho do Urubu marcado para a pr\u00f3xima sexta-feira. O time volta a campo no dia 14 de setembro (domingo), contra o Juventude, em Caxias do Sul. Nesse cen\u00e1rio, Wallace Yan reaparece como [&hellip;]\" \/>\n<meta property=\"og:url\" content=\"https:\/\/www.gaveanews.com\/index.php\/2025\/09\/03\/queridinho-de-filipe-luis-tenta-recuperar-espaco-no-flamengo\/\" \/>\n<meta property=\"og:site_name\" content=\"G\u00e1vea News\" \/>\n<meta property=\"article:publisher\" content=\"https:\/\/facebook.com\/gaveaNews\/\" \/>\n<meta property=\"article:published_time\" content=\"2025-09-03T19:25:47+00:00\" \/>\n<meta property=\"article:modified_time\" content=\"2025-09-03T19:27:10+00:00\" \/>\n<meta property=\"og:image\" content=\"http:\/\/www.gaveanews.com\/wp-content\/uploads\/Design-sem-nome-5.webp\" \/>\n\t<meta property=\"og:image:width\" content=\"1200\" \/>\n\t<meta property=\"og:image:height\" content=\"800\" \/>\n\t<meta property=\"og:image:type\" content=\"image\/webp\" \/>\n<meta name=\"author\" content=\"Reda\u00e7\u00e3o\" \/>\n<meta name=\"twitter:card\" content=\"summary_large_image\" \/>\n<meta name=\"twitter:label1\" content=\"Escrito por\" \/>\n\t<meta name=\"twitter:data1\" content=\"Reda\u00e7\u00e3o\" \/>\n\t<meta name=\"twitter:label2\" content=\"Est. tempo de leitura\" \/>\n\t<meta name=\"twitter:data2\" content=\"2 minutos\" \/>\n<script type=\"application\/ld+json\" class=\"yoast-schema-graph\">{\"@context\":\"https:\/\/schema.org\",\"@graph\":[{\"@type\":\"NewsArticle\",\"@id\":\"https:\/\/www.gaveanews.com\/index.php\/2025\/09\/03\/queridinho-de-filipe-luis-tenta-recuperar-espaco-no-flamengo\/#article\",\"isPartOf\":{\"@id\":\"https:\/\/www.gaveanews.com\/index.php\/2025\/09\/03\/queridinho-de-filipe-luis-tenta-recuperar-espaco-no-flamengo\/\"},\"author\":{\"name\":\"Reda\u00e7\u00e3o\",\"@id\":\"https:\/\/www.gaveanews.com\/#\/schema\/person\/c88645e3d550d0b6574305e67dd5a716\"},\"headline\":\"Queridinho de Filipe Lu\u00eds tenta recuperar espa\u00e7o no Flamengo\",\"datePublished\":\"2025-09-03T19:25:47+00:00\",\"dateModified\":\"2025-09-03T19:27:10+00:00\",\"mainEntityOfPage\":{\"@id\":\"https:\/\/www.gaveanews.com\/index.php\/2025\/09\/03\/queridinho-de-filipe-luis-tenta-recuperar-espaco-no-flamengo\/\"},\"wordCount\":355,\"commentCount\":0,\"image\":{\"@id\":\"https:\/\/www.gaveanews.com\/index.php\/2025\/09\/03\/queridinho-de-filipe-luis-tenta-recuperar-espaco-no-flamengo\/#primaryimage\"},\"thumbnailUrl\":\"https:\/\/www.gaveanews.com\/wp-content\/uploads\/Design-sem-nome-5.webp\",\"articleSection\":[\"Flamengo\"],\"inLanguage\":\"pt-BR\",\"potentialAction\":[{\"@type\":\"CommentAction\",\"name\":\"Comment\",\"target\":[\"https:\/\/www.gaveanews.com\/index.php\/2025\/09\/03\/queridinho-de-filipe-luis-tenta-recuperar-espaco-no-flamengo\/#respond\"]}],\"copyrightYear\":\"2025\",\"copyrightHolder\":{\"@id\":\"https:\/\/www.gaveanews.com\/#organization\"}},{\"@type\":\"WebPage\",\"@id\":\"https:\/\/www.gaveanews.com\/index.php\/2025\/09\/03\/queridinho-de-filipe-luis-tenta-recuperar-espaco-no-flamengo\/\",\"url\":\"https:\/\/www.gaveanews.com\/index.php\/2025\/09\/03\/queridinho-de-filipe-luis-tenta-recuperar-espaco-no-flamengo\/\",\"name\":\"Queridinho de Filipe Lu\u00eds tenta recuperar espa\u00e7o no Flamengo\",\"isPartOf\":{\"@id\":\"https:\/\/www.gaveanews.com\/#website\"},\"primaryImageOfPage\":{\"@id\":\"https:\/\/www.gaveanews.com\/index.php\/2025\/09\/03\/queridinho-de-filipe-luis-tenta-recuperar-espaco-no-flamengo\/#primaryimage\"},\"image\":{\"@id\":\"https:\/\/www.gaveanews.com\/index.php\/2025\/09\/03\/queridinho-de-filipe-luis-tenta-recuperar-espaco-no-flamengo\/#primaryimage\"},\"thumbnailUrl\":\"https:\/\/www.gaveanews.com\/wp-content\/uploads\/Design-sem-nome-5.webp\",\"datePublished\":\"2025-09-03T19:25:47+00:00\",\"dateModified\":\"2025-09-03T19:27:10+00:00\",\"author\":{\"@id\":\"https:\/\/www.gaveanews.com\/#\/schema\/person\/c88645e3d550d0b6574305e67dd5a716\"},\"breadcrumb\":{\"@id\":\"https:\/\/www.gaveanews.com\/index.php\/2025\/09\/03\/queridinho-de-filipe-luis-tenta-recuperar-espaco-no-flamengo\/#breadcrumb\"},\"inLanguage\":\"pt-BR\",\"potentialAction\":[{\"@type\":\"ReadAction\",\"target\":[\"https:\/\/www.gaveanews.com\/index.php\/2025\/09\/03\/queridinho-de-filipe-luis-tenta-recuperar-espaco-no-flamengo\/\"]}]},{\"@type\":\"ImageObject\",\"inLanguage\":\"pt-BR\",\"@id\":\"https:\/\/www.gaveanews.com\/index.php\/2025\/09\/03\/queridinho-de-filipe-luis-tenta-recuperar-espaco-no-flamengo\/#primaryimage\",\"url\":\"https:\/\/www.gaveanews.com\/wp-content\/uploads\/Design-sem-nome-5.webp\",\"contentUrl\":\"https:\/\/www.gaveanews.com\/wp-content\/uploads\/Design-sem-nome-5.webp\",\"width\":1200,\"height\":800,\"caption\":\"Filipe Lu\u00eds desembarcando com a delega\u00e7\u00e3o do Flamengo - Foto: Gilvan de Souza\/CRF\"},{\"@type\":\"BreadcrumbList\",\"@id\":\"https:\/\/www.gaveanews.com\/index.php\/2025\/09\/03\/queridinho-de-filipe-luis-tenta-recuperar-espaco-no-flamengo\/#breadcrumb\",\"itemListElement\":[{\"@type\":\"ListItem\",\"position\":1,\"name\":\"Home\",\"item\":\"https:\/\/www.gaveanews.com\/\"},{\"@type\":\"ListItem\",\"position\":2,\"name\":\"Queridinho de Filipe Lu\u00eds tenta recuperar espa\u00e7o no Flamengo\"}]},{\"@type\":\"WebSite\",\"@id\":\"https:\/\/www.gaveanews.com\/#website\",\"url\":\"https:\/\/www.gaveanews.com\/\",\"name\":\"G\u00e1vea News\",\"description\":\"Veja todas as not\u00edcias sobre o Flamengo: Contrata\u00e7\u00f5es, categorias de base, resultados das partidas, tabela de classifica\u00e7\u00e3o, pr\u00f3ximos jogos!\",\"potentialAction\":[{\"@type\":\"SearchAction\",\"target\":{\"@type\":\"EntryPoint\",\"urlTemplate\":\"https:\/\/www.gaveanews.com\/?s={search_term_string}\"},\"query-input\":{\"@type\":\"PropertyValueSpecification\",\"valueRequired\":true,\"valueName\":\"search_term_string\"}}],\"inLanguage\":\"pt-BR\"},{\"@type\":\"Person\",\"@id\":\"https:\/\/www.gaveanews.com\/#\/schema\/person\/c88645e3d550d0b6574305e67dd5a716\",\"name\":\"Reda\u00e7\u00e3o\",\"image\":{\"@type\":\"ImageObject\",\"inLanguage\":\"pt-BR\",\"@id\":\"https:\/\/www.gaveanews.com\/#\/schema\/person\/image\/\",\"url\":\"https:\/\/secure.gravatar.com\/avatar\/434098fd823f0dc1b062d14ca22bacaa6e38de28d8c816bbef6fc2f8c44d8ba3?s=96&d=mm&r=g\",\"contentUrl\":\"https:\/\/secure.gravatar.com\/avatar\/434098fd823f0dc1b062d14ca22bacaa6e38de28d8c816bbef6fc2f8c44d8ba3?s=96&d=mm&r=g\",\"caption\":\"Reda\u00e7\u00e3o\"}}]}<\/script>\n<!-- \/ Yoast SEO Premium plugin. -->","yoast_head_json":{"title":"Queridinho de Filipe Lu\u00eds tenta recuperar espa\u00e7o no Flamengo","robots":{"index":"index","follow":"follow","max-snippet":"max-snippet:-1","max-image-preview":"max-image-preview:large","max-video-preview":"max-video-preview:-1"},"canonical":"https:\/\/www.gaveanews.com\/index.php\/2025\/09\/03\/queridinho-de-filipe-luis-tenta-recuperar-espaco-no-flamengo\/","og_locale":"pt_BR","og_type":"article","og_title":"Queridinho de Filipe Lu\u00eds tenta recuperar espa\u00e7o no Flamengo","og_description":"Ap\u00f3s o empate contra o Gr\u00eamio, o Flamengo iniciar\u00e1 um ciclo de nove dias de treinos antes do pr\u00f3ximo compromisso, com reapresenta\u00e7\u00e3o no Ninho do Urubu marcado para a pr\u00f3xima sexta-feira. O time volta a campo no dia 14 de setembro (domingo), contra o Juventude, em Caxias do Sul. Nesse cen\u00e1rio, Wallace Yan reaparece como [&hellip;]","og_url":"https:\/\/www.gaveanews.com\/index.php\/2025\/09\/03\/queridinho-de-filipe-luis-tenta-recuperar-espaco-no-flamengo\/","og_site_name":"G\u00e1vea News","article_publisher":"https:\/\/facebook.com\/gaveaNews\/","article_published_time":"2025-09-03T19:25:47+00:00","article_modified_time":"2025-09-03T19:27:10+00:00","og_image":[{"width":1200,"height":800,"url":"http:\/\/www.gaveanews.com\/wp-content\/uploads\/Design-sem-nome-5.webp","type":"image\/webp"}],"author":"Reda\u00e7\u00e3o","twitter_card":"summary_large_image","twitter_misc":{"Escrito por":"Reda\u00e7\u00e3o","Est. tempo de leitura":"2 minutos"},"schema":{"@context":"https:\/\/schema.org","@graph":[{"@type":"NewsArticle","@id":"https:\/\/www.gaveanews.com\/index.php\/2025\/09\/03\/queridinho-de-filipe-luis-tenta-recuperar-espaco-no-flamengo\/#article","isPartOf":{"@id":"https:\/\/www.gaveanews.com\/index.php\/2025\/09\/03\/queridinho-de-filipe-luis-tenta-recuperar-espaco-no-flamengo\/"},"author":{"name":"Reda\u00e7\u00e3o","@id":"https:\/\/www.gaveanews.com\/#\/schema\/person\/c88645e3d550d0b6574305e67dd5a716"},"headline":"Queridinho de Filipe Lu\u00eds tenta recuperar espa\u00e7o no Flamengo","datePublished":"2025-09-03T19:25:47+00:00","dateModified":"2025-09-03T19:27:10+00:00","mainEntityOfPage":{"@id":"https:\/\/www.gaveanews.com\/index.php\/2025\/09\/03\/queridinho-de-filipe-luis-tenta-recuperar-espaco-no-flamengo\/"},"wordCount":355,"commentCount":0,"image":{"@id":"https:\/\/www.gaveanews.com\/index.php\/2025\/09\/03\/queridinho-de-filipe-luis-tenta-recuperar-espaco-no-flamengo\/#primaryimage"},"thumbnailUrl":"https:\/\/www.gaveanews.com\/wp-content\/uploads\/Design-sem-nome-5.webp","articleSection":["Flamengo"],"inLanguage":"pt-BR","potentialAction":[{"@type":"CommentAction","name":"Comment","target":["https:\/\/www.gaveanews.com\/index.php\/2025\/09\/03\/queridinho-de-filipe-luis-tenta-recuperar-espaco-no-flamengo\/#respond"]}],"copyrightYear":"2025","copyrightHolder":{"@id":"https:\/\/www.gaveanews.com\/#organization"}},{"@type":"WebPage","@id":"https:\/\/www.gaveanews.com\/index.php\/2025\/09\/03\/queridinho-de-filipe-luis-tenta-recuperar-espaco-no-flamengo\/","url":"https:\/\/www.gaveanews.com\/index.php\/2025\/09\/03\/queridinho-de-filipe-luis-tenta-recuperar-espaco-no-flamengo\/","name":"Queridinho de Filipe Lu\u00eds tenta recuperar espa\u00e7o no Flamengo","isPartOf":{"@id":"https:\/\/www.gaveanews.com\/#website"},"primaryImageOfPage":{"@id":"https:\/\/www.gaveanews.com\/index.php\/2025\/09\/03\/queridinho-de-filipe-luis-tenta-recuperar-espaco-no-flamengo\/#primaryimage"},"image":{"@id":"https:\/\/www.gaveanews.com\/index.php\/2025\/09\/03\/queridinho-de-filipe-luis-tenta-recuperar-espaco-no-flamengo\/#primaryimage"},"thumbnailUrl":"https:\/\/www.gaveanews.com\/wp-content\/uploads\/Design-sem-nome-5.webp","datePublished":"2025-09-03T19:25:47+00:00","dateModified":"2025-09-03T19:27:10+00:00","author":{"@id":"https:\/\/www.gaveanews.com\/#\/schema\/person\/c88645e3d550d0b6574305e67dd5a716"},"breadcrumb":{"@id":"https:\/\/www.gaveanews.com\/index.php\/2025\/09\/03\/queridinho-de-filipe-luis-tenta-recuperar-espaco-no-flamengo\/#breadcrumb"},"inLanguage":"pt-BR","potentialAction":[{"@type":"ReadAction","target":["https:\/\/www.gaveanews.com\/index.php\/2025\/09\/03\/queridinho-de-filipe-luis-tenta-recuperar-espaco-no-flamengo\/"]}]},{"@type":"ImageObject","inLanguage":"pt-BR","@id":"https:\/\/www.gaveanews.com\/index.php\/2025\/09\/03\/queridinho-de-filipe-luis-tenta-recuperar-espaco-no-flamengo\/#primaryimage","url":"https:\/\/www.gaveanews.com\/wp-content\/uploads\/Design-sem-nome-5.webp","contentUrl":"https:\/\/www.gaveanews.com\/wp-content\/uploads\/Design-sem-nome-5.webp","width":1200,"height":800,"caption":"Filipe Lu\u00eds desembarcando com a delega\u00e7\u00e3o do Flamengo - Foto: Gilvan de Souza\/CRF"},{"@type":"BreadcrumbList","@id":"https:\/\/www.gaveanews.com\/index.php\/2025\/09\/03\/queridinho-de-filipe-luis-tenta-recuperar-espaco-no-flamengo\/#breadcrumb","itemListElement":[{"@type":"ListItem","position":1,"name":"Home","item":"https:\/\/www.gaveanews.com\/"},{"@type":"ListItem","position":2,"name":"Queridinho de Filipe Lu\u00eds tenta recuperar espa\u00e7o no Flamengo"}]},{"@type":"WebSite","@id":"https:\/\/www.gaveanews.com\/#website","url":"https:\/\/www.gaveanews.com\/","name":"G\u00e1vea News","description":"Veja todas as not\u00edcias sobre o Flamengo: Contrata\u00e7\u00f5es, categorias de base, resultados das partidas, tabela de classifica\u00e7\u00e3o, pr\u00f3ximos jogos!","potentialAction":[{"@type":"SearchAction","target":{"@type":"EntryPoint","urlTemplate":"https:\/\/www.gaveanews.com\/?s={search_term_string}"},"query-input":{"@type":"PropertyValueSpecification","valueRequired":true,"valueName":"search_term_string"}}],"inLanguage":"pt-BR"},{"@type":"Person","@id":"https:\/\/www.gaveanews.com\/#\/schema\/person\/c88645e3d550d0b6574305e67dd5a716","name":"Reda\u00e7\u00e3o","image":{"@type":"ImageObject","inLanguage":"pt-BR","@id":"https:\/\/www.gaveanews.com\/#\/schema\/person\/image\/","url":"https:\/\/secure.gravatar.com\/avatar\/434098fd823f0dc1b062d14ca22bacaa6e38de28d8c816bbef6fc2f8c44d8ba3?s=96&d=mm&r=g","contentUrl":"https:\/\/secure.gravatar.com\/avatar\/434098fd823f0dc1b062d14ca22bacaa6e38de28d8c816bbef6fc2f8c44d8ba3?s=96&d=mm&r=g","caption":"Reda\u00e7\u00e3o"}}]}},"_links":{"self":[{"href":"https:\/\/www.gaveanews.com\/index.php\/wp-json\/wp\/v2\/posts\/275732","targetHints":{"allow":["GET"]}}],"collection":[{"href":"https:\/\/www.gaveanews.com\/index.php\/wp-json\/wp\/v2\/posts"}],"about":[{"href":"https:\/\/www.gaveanews.com\/index.php\/wp-json\/wp\/v2\/types\/post"}],"author":[{"embeddable":true,"href":"https:\/\/www.gaveanews.com\/index.php\/wp-json\/wp\/v2\/users\/39"}],"replies":[{"embeddable":true,"href":"https:\/\/www.gaveanews.com\/index.php\/wp-json\/wp\/v2\/comments?post=275732"}],"version-history":[{"count":2,"href":"https:\/\/www.gaveanews.com\/index.php\/wp-json\/wp\/v2\/posts\/275732\/revisions"}],"predecessor-version":[{"id":275735,"href":"https:\/\/www.gaveanews.com\/index.php\/wp-json\/wp\/v2\/posts\/275732\/revisions\/275735"}],"wp:featuredmedia":[{"embeddable":true,"href":"https:\/\/www.gaveanews.com\/index.php\/wp-json\/wp\/v2\/media\/256399"}],"wp:attachment":[{"href":"https:\/\/www.gaveanews.com\/index.php\/wp-json\/wp\/v2\/media?parent=275732"}],"wp:term":[{"taxonomy":"category","embeddable":true,"href":"https:\/\/www.gaveanews.com\/index.php\/wp-json\/wp\/v2\/categories?post=275732"},{"taxonomy":"post_tag","embeddable":true,"href":"https:\/\/www.gaveanews.com\/index.php\/wp-json\/wp\/v2\/tags?post=275732"}],"curies":[{"name":"wp","href":"https:\/\/api.w.org\/{rel}","templated":true}]}}