{"id":275736,"date":"2025-09-03T17:30:08","date_gmt":"2025-09-03T20:30:08","guid":{"rendered":"https:\/\/www.gaveanews.com\/?p=275736"},"modified":"2025-09-03T17:05:43","modified_gmt":"2025-09-03T20:05:43","slug":"flamengo-toma-decisao-envolvendo-atacante-com-multa-de-318-milhoes","status":"publish","type":"post","link":"https:\/\/www.gaveanews.com\/index.php\/2025\/09\/03\/flamengo-toma-decisao-envolvendo-atacante-com-multa-de-318-milhoes\/","title":{"rendered":"Flamengo toma decis\u00e3o envolvendo atacante com multa de 318 milh\u00f5es"},"content":{"rendered":"\n<p>Aos 18 anos, Joshua desponta na base do <a href=\"https:\/\/www.gaveanews.com\/index.php\/category\/brasileirao\/flamengo\/\" target=\"_blank\" rel=\"noopener noreferrer\">Flamengo<\/a> e j\u00e1 transita entre o sub-20 e atividades com o profissional. Participou da campanha da Libertadores Sub-20 que levou o clube ao Mundial da categoria e foi titular no jogo \u00fanico da final contra o Barcelona. Desde essa sequ\u00eancia, passou a ser monitorado por equipes europeias, enquanto a comiss\u00e3o rubro-negra acompanha sua evolu\u00e7\u00e3o t\u00e9cnica e f\u00edsica com crit\u00e9rios internos.<\/p>\n\n\n\n<p>Segundo o jornalista Ven\u00ea Casagrande, o interesse europeu se explica pela qualidade t\u00e9cnica, vis\u00e3o de jogo e disciplina do meia-atacante. Al\u00e9m disso, o Flamengo tem utilizado o jogador em treinamentos do profissional e o incluiu no planejamento esportivo. Diante do ass\u00e9dio, a diretoria informou que n\u00e3o pretende negociar Joshua neste momento, priorizando a continuidade do desenvolvimento do atleta no Brasil.<\/p>\n\n\n\n<p>O v\u00ednculo atual vai at\u00e9 2029 e inclui multa rescis\u00f3ria de 50 milh\u00f5es de euros, cerca de R$ 318 milh\u00f5es na cota\u00e7\u00e3o citada. Ali\u00e1s, a cifra funciona como prote\u00e7\u00e3o ao projeto esportivo, no qual o clube demonstra confian\u00e7a no potencial do jovem. Entretanto, internamente, h\u00e1 cautela para n\u00e3o apressar a transi\u00e7\u00e3o definitiva ao time principal.<\/p>\n\n\n\n<figure class=\"wp-block-image size-large\"><img loading=\"lazy\" decoding=\"async\" width=\"1024\" height=\"768\" src=\"http:\/\/www.gaveanews.com\/wp-content\/uploads\/Joshua-Flamengo-1024x768.webp\" alt=\"\" class=\"wp-image-260100\" srcset=\"https:\/\/www.gaveanews.com\/wp-content\/uploads\/Joshua-Flamengo-1024x768.webp 1024w, https:\/\/www.gaveanews.com\/wp-content\/uploads\/Joshua-Flamengo-300x225.webp 300w, https:\/\/www.gaveanews.com\/wp-content\/uploads\/Joshua-Flamengo-768x576.webp 768w, https:\/\/www.gaveanews.com\/wp-content\/uploads\/Joshua-Flamengo-560x420.webp 560w, https:\/\/www.gaveanews.com\/wp-content\/uploads\/Joshua-Flamengo-1120x840.webp 1120w, https:\/\/www.gaveanews.com\/wp-content\/uploads\/Joshua-Flamengo-80x60.webp 80w, https:\/\/www.gaveanews.com\/wp-content\/uploads\/Joshua-Flamengo-160x120.webp 160w, https:\/\/www.gaveanews.com\/wp-content\/uploads\/Joshua-Flamengo-100x75.webp 100w, https:\/\/www.gaveanews.com\/wp-content\/uploads\/Joshua-Flamengo-200x150.webp 200w, https:\/\/www.gaveanews.com\/wp-content\/uploads\/Joshua-Flamengo-180x135.webp 180w, https:\/\/www.gaveanews.com\/wp-content\/uploads\/Joshua-Flamengo-360x270.webp 360w, https:\/\/www.gaveanews.com\/wp-content\/uploads\/Joshua-Flamengo-238x178.webp 238w, https:\/\/www.gaveanews.com\/wp-content\/uploads\/Joshua-Flamengo-476x356.webp 476w, https:\/\/www.gaveanews.com\/wp-content\/uploads\/Joshua-Flamengo-640x480.webp 640w, https:\/\/www.gaveanews.com\/wp-content\/uploads\/Joshua-Flamengo-681x511.webp 681w, https:\/\/www.gaveanews.com\/wp-content\/uploads\/Joshua-Flamengo.webp 1200w\" sizes=\"auto, (max-width: 1024px) 100vw, 1024px\" \/><figcaption class=\"wp-element-caption\">Joshua Flamengo (Foto: Gilvan de Souza\/Flamengo)\n<\/figcaption><\/figure>\n\n\n\n<p>At\u00e9 agora, Joshua atuou apenas uma vez pelo profissional: entrou nos minutos finais contra o Botafogo-PB, pela Copa do Brasil, e jogou por 11 minutos. Por outro lado, no sub-20, disputou 16 partidas e foi titular em 12. Na base, acumula mais de 100 gols. Sua estreia no profissional rendeu o gol da vit\u00f3ria por 1 a 0 sobre o Botafogo-PB.<\/p>\n\n\n\n<p>O t\u00e9cnico Filipe Lu\u00eds refor\u00e7ou a avalia\u00e7\u00e3o positiva sobre o garoto ao destacar frieza, leitura e tomada de decis\u00e3o. Segundo o treinador, Joshua atua no setor de Arrascaeta e entrega seguran\u00e7a com a bola. Assim, o comandante ressaltou aspectos que, na vis\u00e3o dele, sustentam a utiliza\u00e7\u00e3o gradual do meia no elenco principal.<\/p>\n\n\n\n<p>\u201cEle joga na mesma posi\u00e7\u00e3o do Arrascaeta e tem qualidade para tomar decis\u00f5es assertivas na \u00e1rea. \u00c9 um jogador que perde pouco a bola e sempre agrega energia positiva \u00e0 equipe\u201d<\/p>\n\n\n\n<p>Enquanto o interesse de fora cresce, o clube mant\u00e9m Joshua em foco no cotidiano da G\u00e1vea e nas convoca\u00e7\u00f5es quando o profissional precisa. Al\u00e9m disso, a lideran\u00e7a no Brasileir\u00e3o Betano convive com a ideia de integra\u00e7\u00e3o gradual do jovem. A diretoria entende ser fundamental dar sequ\u00eancia ao desenvolvimento antes de avaliar propostas.<\/p>\n","protected":false},"excerpt":{"rendered":"<p>Aos 18 anos, Joshua desponta na base do Flamengo e j\u00e1 transita entre o sub-20 e atividades com o profissional. Participou da campanha da Libertadores Sub-20 que levou o clube ao Mundial da categoria e foi titular no jogo \u00fanico da final contra o Barcelona. Desde essa sequ\u00eancia, passou a ser monitorado por equipes europeias, [&hellip;]<\/p>\n","protected":false},"author":39,"featured_media":275129,"comment_status":"open","ping_status":"closed","sticky":false,"template":"","format":"standard","meta":{"footnotes":""},"categories":[1],"tags":[],"class_list":["post-275736","post","type-post","status-publish","format-standard","has-post-thumbnail","hentry","category-flamengo"],"yoast_head":"<!-- This site is optimized with the Yoast SEO Premium plugin v24.2 (Yoast SEO v26.9) - https:\/\/yoast.com\/product\/yoast-seo-premium-wordpress\/ -->\n<title>Flamengo toma decis\u00e3o envolvendo atacante com multa de 318 milh\u00f5es<\/title>\n<meta name=\"description\" content=\"O v\u00ednculo atual vai at\u00e9 2029 e inclui multa rescis\u00f3ria de 50 milh\u00f5es de euros, cerca de R$ 318 milh\u00f5es na cota\u00e7\u00e3o citada.\" \/>\n<meta name=\"robots\" content=\"index, follow, max-snippet:-1, max-image-preview:large, max-video-preview:-1\" \/>\n<link rel=\"canonical\" href=\"https:\/\/www.gaveanews.com\/index.php\/2025\/09\/03\/flamengo-toma-decisao-envolvendo-atacante-com-multa-de-318-milhoes\/\" \/>\n<meta property=\"og:locale\" content=\"pt_BR\" \/>\n<meta property=\"og:type\" content=\"article\" \/>\n<meta property=\"og:title\" content=\"Flamengo toma decis\u00e3o envolvendo atacante com multa de 318 milh\u00f5es\" \/>\n<meta property=\"og:description\" content=\"O v\u00ednculo atual vai at\u00e9 2029 e inclui multa rescis\u00f3ria de 50 milh\u00f5es de euros, cerca de R$ 318 milh\u00f5es na cota\u00e7\u00e3o citada.\" \/>\n<meta property=\"og:url\" content=\"https:\/\/www.gaveanews.com\/index.php\/2025\/09\/03\/flamengo-toma-decisao-envolvendo-atacante-com-multa-de-318-milhoes\/\" \/>\n<meta property=\"og:site_name\" content=\"G\u00e1vea News\" \/>\n<meta property=\"article:publisher\" content=\"https:\/\/facebook.com\/gaveaNews\/\" \/>\n<meta property=\"article:published_time\" content=\"2025-09-03T20:30:08+00:00\" \/>\n<meta property=\"og:image\" content=\"https:\/\/www.gaveanews.com\/wp-content\/uploads\/Camisa-do-Flamengo-com-patrocinio-da-Betano.webp\" \/>\n\t<meta property=\"og:image:width\" content=\"969\" \/>\n\t<meta property=\"og:image:height\" content=\"726\" \/>\n\t<meta property=\"og:image:type\" content=\"image\/webp\" \/>\n<meta name=\"author\" content=\"Reda\u00e7\u00e3o\" \/>\n<meta name=\"twitter:card\" content=\"summary_large_image\" \/>\n<meta name=\"twitter:label1\" content=\"Escrito por\" \/>\n\t<meta name=\"twitter:data1\" content=\"Reda\u00e7\u00e3o\" \/>\n\t<meta name=\"twitter:label2\" content=\"Est. tempo de leitura\" \/>\n\t<meta name=\"twitter:data2\" content=\"3 minutos\" \/>\n<script type=\"application\/ld+json\" class=\"yoast-schema-graph\">{\"@context\":\"https:\/\/schema.org\",\"@graph\":[{\"@type\":\"NewsArticle\",\"@id\":\"https:\/\/www.gaveanews.com\/index.php\/2025\/09\/03\/flamengo-toma-decisao-envolvendo-atacante-com-multa-de-318-milhoes\/#article\",\"isPartOf\":{\"@id\":\"https:\/\/www.gaveanews.com\/index.php\/2025\/09\/03\/flamengo-toma-decisao-envolvendo-atacante-com-multa-de-318-milhoes\/\"},\"author\":{\"name\":\"Reda\u00e7\u00e3o\",\"@id\":\"https:\/\/www.gaveanews.com\/#\/schema\/person\/c88645e3d550d0b6574305e67dd5a716\"},\"headline\":\"Flamengo toma decis\u00e3o envolvendo atacante com multa de 318 milh\u00f5es\",\"datePublished\":\"2025-09-03T20:30:08+00:00\",\"mainEntityOfPage\":{\"@id\":\"https:\/\/www.gaveanews.com\/index.php\/2025\/09\/03\/flamengo-toma-decisao-envolvendo-atacante-com-multa-de-318-milhoes\/\"},\"wordCount\":425,\"commentCount\":0,\"image\":{\"@id\":\"https:\/\/www.gaveanews.com\/index.php\/2025\/09\/03\/flamengo-toma-decisao-envolvendo-atacante-com-multa-de-318-milhoes\/#primaryimage\"},\"thumbnailUrl\":\"https:\/\/www.gaveanews.com\/wp-content\/uploads\/Camisa-do-Flamengo-com-patrocinio-da-Betano.webp\",\"articleSection\":[\"Flamengo\"],\"inLanguage\":\"pt-BR\",\"potentialAction\":[{\"@type\":\"CommentAction\",\"name\":\"Comment\",\"target\":[\"https:\/\/www.gaveanews.com\/index.php\/2025\/09\/03\/flamengo-toma-decisao-envolvendo-atacante-com-multa-de-318-milhoes\/#respond\"]}],\"copyrightYear\":\"2025\",\"copyrightHolder\":{\"@id\":\"https:\/\/www.gaveanews.com\/#organization\"}},{\"@type\":\"WebPage\",\"@id\":\"https:\/\/www.gaveanews.com\/index.php\/2025\/09\/03\/flamengo-toma-decisao-envolvendo-atacante-com-multa-de-318-milhoes\/\",\"url\":\"https:\/\/www.gaveanews.com\/index.php\/2025\/09\/03\/flamengo-toma-decisao-envolvendo-atacante-com-multa-de-318-milhoes\/\",\"name\":\"Flamengo toma decis\u00e3o envolvendo atacante com multa de 318 milh\u00f5es\",\"isPartOf\":{\"@id\":\"https:\/\/www.gaveanews.com\/#website\"},\"primaryImageOfPage\":{\"@id\":\"https:\/\/www.gaveanews.com\/index.php\/2025\/09\/03\/flamengo-toma-decisao-envolvendo-atacante-com-multa-de-318-milhoes\/#primaryimage\"},\"image\":{\"@id\":\"https:\/\/www.gaveanews.com\/index.php\/2025\/09\/03\/flamengo-toma-decisao-envolvendo-atacante-com-multa-de-318-milhoes\/#primaryimage\"},\"thumbnailUrl\":\"https:\/\/www.gaveanews.com\/wp-content\/uploads\/Camisa-do-Flamengo-com-patrocinio-da-Betano.webp\",\"datePublished\":\"2025-09-03T20:30:08+00:00\",\"author\":{\"@id\":\"https:\/\/www.gaveanews.com\/#\/schema\/person\/c88645e3d550d0b6574305e67dd5a716\"},\"description\":\"O v\u00ednculo atual vai at\u00e9 2029 e inclui multa rescis\u00f3ria de 50 milh\u00f5es de euros, cerca de R$ 318 milh\u00f5es na cota\u00e7\u00e3o citada.\",\"breadcrumb\":{\"@id\":\"https:\/\/www.gaveanews.com\/index.php\/2025\/09\/03\/flamengo-toma-decisao-envolvendo-atacante-com-multa-de-318-milhoes\/#breadcrumb\"},\"inLanguage\":\"pt-BR\",\"potentialAction\":[{\"@type\":\"ReadAction\",\"target\":[\"https:\/\/www.gaveanews.com\/index.php\/2025\/09\/03\/flamengo-toma-decisao-envolvendo-atacante-com-multa-de-318-milhoes\/\"]}]},{\"@type\":\"ImageObject\",\"inLanguage\":\"pt-BR\",\"@id\":\"https:\/\/www.gaveanews.com\/index.php\/2025\/09\/03\/flamengo-toma-decisao-envolvendo-atacante-com-multa-de-318-milhoes\/#primaryimage\",\"url\":\"https:\/\/www.gaveanews.com\/wp-content\/uploads\/Camisa-do-Flamengo-com-patrocinio-da-Betano.webp\",\"contentUrl\":\"https:\/\/www.gaveanews.com\/wp-content\/uploads\/Camisa-do-Flamengo-com-patrocinio-da-Betano.webp\",\"width\":969,\"height\":726,\"caption\":\"Camisa do Flamengo com patroc\u00ednio da Betano (Foto: Divulga\u00e7\u00e3o)\"},{\"@type\":\"BreadcrumbList\",\"@id\":\"https:\/\/www.gaveanews.com\/index.php\/2025\/09\/03\/flamengo-toma-decisao-envolvendo-atacante-com-multa-de-318-milhoes\/#breadcrumb\",\"itemListElement\":[{\"@type\":\"ListItem\",\"position\":1,\"name\":\"Home\",\"item\":\"https:\/\/www.gaveanews.com\/\"},{\"@type\":\"ListItem\",\"position\":2,\"name\":\"Flamengo toma decis\u00e3o envolvendo atacante com multa de 318 milh\u00f5es\"}]},{\"@type\":\"WebSite\",\"@id\":\"https:\/\/www.gaveanews.com\/#website\",\"url\":\"https:\/\/www.gaveanews.com\/\",\"name\":\"G\u00e1vea News\",\"description\":\"Veja todas as not\u00edcias sobre o Flamengo: Contrata\u00e7\u00f5es, categorias de base, resultados das partidas, tabela de classifica\u00e7\u00e3o, pr\u00f3ximos jogos!\",\"potentialAction\":[{\"@type\":\"SearchAction\",\"target\":{\"@type\":\"EntryPoint\",\"urlTemplate\":\"https:\/\/www.gaveanews.com\/?s={search_term_string}\"},\"query-input\":{\"@type\":\"PropertyValueSpecification\",\"valueRequired\":true,\"valueName\":\"search_term_string\"}}],\"inLanguage\":\"pt-BR\"},{\"@type\":\"Person\",\"@id\":\"https:\/\/www.gaveanews.com\/#\/schema\/person\/c88645e3d550d0b6574305e67dd5a716\",\"name\":\"Reda\u00e7\u00e3o\",\"image\":{\"@type\":\"ImageObject\",\"inLanguage\":\"pt-BR\",\"@id\":\"https:\/\/www.gaveanews.com\/#\/schema\/person\/image\/\",\"url\":\"https:\/\/secure.gravatar.com\/avatar\/434098fd823f0dc1b062d14ca22bacaa6e38de28d8c816bbef6fc2f8c44d8ba3?s=96&d=mm&r=g\",\"contentUrl\":\"https:\/\/secure.gravatar.com\/avatar\/434098fd823f0dc1b062d14ca22bacaa6e38de28d8c816bbef6fc2f8c44d8ba3?s=96&d=mm&r=g\",\"caption\":\"Reda\u00e7\u00e3o\"}}]}<\/script>\n<!-- \/ Yoast SEO Premium plugin. -->","yoast_head_json":{"title":"Flamengo toma decis\u00e3o envolvendo atacante com multa de 318 milh\u00f5es","description":"O v\u00ednculo atual vai at\u00e9 2029 e inclui multa rescis\u00f3ria de 50 milh\u00f5es de euros, cerca de R$ 318 milh\u00f5es na cota\u00e7\u00e3o citada.","robots":{"index":"index","follow":"follow","max-snippet":"max-snippet:-1","max-image-preview":"max-image-preview:large","max-video-preview":"max-video-preview:-1"},"canonical":"https:\/\/www.gaveanews.com\/index.php\/2025\/09\/03\/flamengo-toma-decisao-envolvendo-atacante-com-multa-de-318-milhoes\/","og_locale":"pt_BR","og_type":"article","og_title":"Flamengo toma decis\u00e3o envolvendo atacante com multa de 318 milh\u00f5es","og_description":"O v\u00ednculo atual vai at\u00e9 2029 e inclui multa rescis\u00f3ria de 50 milh\u00f5es de euros, cerca de R$ 318 milh\u00f5es na cota\u00e7\u00e3o citada.","og_url":"https:\/\/www.gaveanews.com\/index.php\/2025\/09\/03\/flamengo-toma-decisao-envolvendo-atacante-com-multa-de-318-milhoes\/","og_site_name":"G\u00e1vea News","article_publisher":"https:\/\/facebook.com\/gaveaNews\/","article_published_time":"2025-09-03T20:30:08+00:00","og_image":[{"width":969,"height":726,"url":"https:\/\/www.gaveanews.com\/wp-content\/uploads\/Camisa-do-Flamengo-com-patrocinio-da-Betano.webp","type":"image\/webp"}],"author":"Reda\u00e7\u00e3o","twitter_card":"summary_large_image","twitter_misc":{"Escrito por":"Reda\u00e7\u00e3o","Est. tempo de leitura":"3 minutos"},"schema":{"@context":"https:\/\/schema.org","@graph":[{"@type":"NewsArticle","@id":"https:\/\/www.gaveanews.com\/index.php\/2025\/09\/03\/flamengo-toma-decisao-envolvendo-atacante-com-multa-de-318-milhoes\/#article","isPartOf":{"@id":"https:\/\/www.gaveanews.com\/index.php\/2025\/09\/03\/flamengo-toma-decisao-envolvendo-atacante-com-multa-de-318-milhoes\/"},"author":{"name":"Reda\u00e7\u00e3o","@id":"https:\/\/www.gaveanews.com\/#\/schema\/person\/c88645e3d550d0b6574305e67dd5a716"},"headline":"Flamengo toma decis\u00e3o envolvendo atacante com multa de 318 milh\u00f5es","datePublished":"2025-09-03T20:30:08+00:00","mainEntityOfPage":{"@id":"https:\/\/www.gaveanews.com\/index.php\/2025\/09\/03\/flamengo-toma-decisao-envolvendo-atacante-com-multa-de-318-milhoes\/"},"wordCount":425,"commentCount":0,"image":{"@id":"https:\/\/www.gaveanews.com\/index.php\/2025\/09\/03\/flamengo-toma-decisao-envolvendo-atacante-com-multa-de-318-milhoes\/#primaryimage"},"thumbnailUrl":"https:\/\/www.gaveanews.com\/wp-content\/uploads\/Camisa-do-Flamengo-com-patrocinio-da-Betano.webp","articleSection":["Flamengo"],"inLanguage":"pt-BR","potentialAction":[{"@type":"CommentAction","name":"Comment","target":["https:\/\/www.gaveanews.com\/index.php\/2025\/09\/03\/flamengo-toma-decisao-envolvendo-atacante-com-multa-de-318-milhoes\/#respond"]}],"copyrightYear":"2025","copyrightHolder":{"@id":"https:\/\/www.gaveanews.com\/#organization"}},{"@type":"WebPage","@id":"https:\/\/www.gaveanews.com\/index.php\/2025\/09\/03\/flamengo-toma-decisao-envolvendo-atacante-com-multa-de-318-milhoes\/","url":"https:\/\/www.gaveanews.com\/index.php\/2025\/09\/03\/flamengo-toma-decisao-envolvendo-atacante-com-multa-de-318-milhoes\/","name":"Flamengo toma decis\u00e3o envolvendo atacante com multa de 318 milh\u00f5es","isPartOf":{"@id":"https:\/\/www.gaveanews.com\/#website"},"primaryImageOfPage":{"@id":"https:\/\/www.gaveanews.com\/index.php\/2025\/09\/03\/flamengo-toma-decisao-envolvendo-atacante-com-multa-de-318-milhoes\/#primaryimage"},"image":{"@id":"https:\/\/www.gaveanews.com\/index.php\/2025\/09\/03\/flamengo-toma-decisao-envolvendo-atacante-com-multa-de-318-milhoes\/#primaryimage"},"thumbnailUrl":"https:\/\/www.gaveanews.com\/wp-content\/uploads\/Camisa-do-Flamengo-com-patrocinio-da-Betano.webp","datePublished":"2025-09-03T20:30:08+00:00","author":{"@id":"https:\/\/www.gaveanews.com\/#\/schema\/person\/c88645e3d550d0b6574305e67dd5a716"},"description":"O v\u00ednculo atual vai at\u00e9 2029 e inclui multa rescis\u00f3ria de 50 milh\u00f5es de euros, cerca de R$ 318 milh\u00f5es na cota\u00e7\u00e3o citada.","breadcrumb":{"@id":"https:\/\/www.gaveanews.com\/index.php\/2025\/09\/03\/flamengo-toma-decisao-envolvendo-atacante-com-multa-de-318-milhoes\/#breadcrumb"},"inLanguage":"pt-BR","potentialAction":[{"@type":"ReadAction","target":["https:\/\/www.gaveanews.com\/index.php\/2025\/09\/03\/flamengo-toma-decisao-envolvendo-atacante-com-multa-de-318-milhoes\/"]}]},{"@type":"ImageObject","inLanguage":"pt-BR","@id":"https:\/\/www.gaveanews.com\/index.php\/2025\/09\/03\/flamengo-toma-decisao-envolvendo-atacante-com-multa-de-318-milhoes\/#primaryimage","url":"https:\/\/www.gaveanews.com\/wp-content\/uploads\/Camisa-do-Flamengo-com-patrocinio-da-Betano.webp","contentUrl":"https:\/\/www.gaveanews.com\/wp-content\/uploads\/Camisa-do-Flamengo-com-patrocinio-da-Betano.webp","width":969,"height":726,"caption":"Camisa do Flamengo com patroc\u00ednio da Betano (Foto: Divulga\u00e7\u00e3o)"},{"@type":"BreadcrumbList","@id":"https:\/\/www.gaveanews.com\/index.php\/2025\/09\/03\/flamengo-toma-decisao-envolvendo-atacante-com-multa-de-318-milhoes\/#breadcrumb","itemListElement":[{"@type":"ListItem","position":1,"name":"Home","item":"https:\/\/www.gaveanews.com\/"},{"@type":"ListItem","position":2,"name":"Flamengo toma decis\u00e3o envolvendo atacante com multa de 318 milh\u00f5es"}]},{"@type":"WebSite","@id":"https:\/\/www.gaveanews.com\/#website","url":"https:\/\/www.gaveanews.com\/","name":"G\u00e1vea News","description":"Veja todas as not\u00edcias sobre o Flamengo: Contrata\u00e7\u00f5es, categorias de base, resultados das partidas, tabela de classifica\u00e7\u00e3o, pr\u00f3ximos jogos!","potentialAction":[{"@type":"SearchAction","target":{"@type":"EntryPoint","urlTemplate":"https:\/\/www.gaveanews.com\/?s={search_term_string}"},"query-input":{"@type":"PropertyValueSpecification","valueRequired":true,"valueName":"search_term_string"}}],"inLanguage":"pt-BR"},{"@type":"Person","@id":"https:\/\/www.gaveanews.com\/#\/schema\/person\/c88645e3d550d0b6574305e67dd5a716","name":"Reda\u00e7\u00e3o","image":{"@type":"ImageObject","inLanguage":"pt-BR","@id":"https:\/\/www.gaveanews.com\/#\/schema\/person\/image\/","url":"https:\/\/secure.gravatar.com\/avatar\/434098fd823f0dc1b062d14ca22bacaa6e38de28d8c816bbef6fc2f8c44d8ba3?s=96&d=mm&r=g","contentUrl":"https:\/\/secure.gravatar.com\/avatar\/434098fd823f0dc1b062d14ca22bacaa6e38de28d8c816bbef6fc2f8c44d8ba3?s=96&d=mm&r=g","caption":"Reda\u00e7\u00e3o"}}]}},"_links":{"self":[{"href":"https:\/\/www.gaveanews.com\/index.php\/wp-json\/wp\/v2\/posts\/275736","targetHints":{"allow":["GET"]}}],"collection":[{"href":"https:\/\/www.gaveanews.com\/index.php\/wp-json\/wp\/v2\/posts"}],"about":[{"href":"https:\/\/www.gaveanews.com\/index.php\/wp-json\/wp\/v2\/types\/post"}],"author":[{"embeddable":true,"href":"https:\/\/www.gaveanews.com\/index.php\/wp-json\/wp\/v2\/users\/39"}],"replies":[{"embeddable":true,"href":"https:\/\/www.gaveanews.com\/index.php\/wp-json\/wp\/v2\/comments?post=275736"}],"version-history":[{"count":1,"href":"https:\/\/www.gaveanews.com\/index.php\/wp-json\/wp\/v2\/posts\/275736\/revisions"}],"predecessor-version":[{"id":275739,"href":"https:\/\/www.gaveanews.com\/index.php\/wp-json\/wp\/v2\/posts\/275736\/revisions\/275739"}],"wp:featuredmedia":[{"embeddable":true,"href":"https:\/\/www.gaveanews.com\/index.php\/wp-json\/wp\/v2\/media\/275129"}],"wp:attachment":[{"href":"https:\/\/www.gaveanews.com\/index.php\/wp-json\/wp\/v2\/media?parent=275736"}],"wp:term":[{"taxonomy":"category","embeddable":true,"href":"https:\/\/www.gaveanews.com\/index.php\/wp-json\/wp\/v2\/categories?post=275736"},{"taxonomy":"post_tag","embeddable":true,"href":"https:\/\/www.gaveanews.com\/index.php\/wp-json\/wp\/v2\/tags?post=275736"}],"curies":[{"name":"wp","href":"https:\/\/api.w.org\/{rel}","templated":true}]}}