{"id":275737,"date":"2025-09-03T18:00:00","date_gmt":"2025-09-03T21:00:00","guid":{"rendered":"https:\/\/www.gaveanews.com\/?p=275737"},"modified":"2025-09-03T17:16:15","modified_gmt":"2025-09-03T20:16:15","slug":"preparador-que-agrediu-pedro-do-flamengo-assina-com-clube-do-brasileirao","status":"publish","type":"post","link":"https:\/\/www.gaveanews.com\/index.php\/2025\/09\/03\/preparador-que-agrediu-pedro-do-flamengo-assina-com-clube-do-brasileirao\/","title":{"rendered":"Preparador que agrediu Pedro, do Flamengo, assina com clube do Brasileir\u00e3o"},"content":{"rendered":"\n<p>Ap\u00f3s quatro anos, Jorge Sampaoli voltou ao Atl\u00e9tico-MG para sua segunda passagem. O clube confirmou o argentino como t\u00e9cnico, com contrato v\u00e1lido at\u00e9 o fim de 2027. A chegada marca reestrutura\u00e7\u00e3o na comiss\u00e3o t\u00e9cnica do time alvinegro. A equipe de apoio refor\u00e7a a estrutura do clube para um estilo de jogo mais exigente e disciplinado. Desta vez, ele desembarcou em Belo Horizonte com quatro profissionais de confian\u00e7a para compor a opera\u00e7\u00e3o di\u00e1ria no CT.<\/p>\n\n\n\n<p>Entre os nomes confirmados, est\u00e1 o preparador f\u00edsico Pablo Fern\u00e1ndez. A equipe tamb\u00e9m ter\u00e1 Marcos Fern\u00e1ndez, analista e filho do preparador f\u00edsico, al\u00e9m do auxiliar t\u00e9cnico Diogo Meschine e do gerente Gabriel Andreata. Entretanto, Sampaoli traz tamb\u00e9m a mem\u00f3ria de sua passagem pelo <a href=\"https:\/\/www.gaveanews.com\/index.php\/category\/brasileirao\/flamengo\/\" target=\"_blank\" rel=\"noopener noreferrer\">Flamengo<\/a> em 2023. O argentino deixou o clube carioca ap\u00f3s resultados insatisfat\u00f3rios e desgaste interno significativo, contexto que antecede seu retorno ao comando do time alvinegro.<\/p>\n\n\n\n<p>Fern\u00e1ndez ganhou notoriedade ap\u00f3s agress\u00e3o ao atacante Pedro no est\u00e1dio Independ\u00eancia, em julho de 2023, durante o Campeonato Brasileiro. O epis\u00f3dio ocorreu depois da vit\u00f3ria do Flamengo por 2 a 1 sobre o Atl\u00e9tico-MG. Segundo os relatos, o preparador chamou a aten\u00e7\u00e3o do jogador por n\u00e3o participar do aquecimento, deu tr\u00eas tapas no rosto e, ap\u00f3s ser afastado, acertou um soco. O caso envolveu ambos quando Sampaoli treinava o clube carioca.<\/p>\n\n\n\n<figure class=\"wp-block-embed is-type-photo is-provider-flickr wp-block-embed-flickr\"><div class=\"wp-block-embed__wrapper\">\n<a href=\"https:\/\/www.flickr.com\/photos\/201155970@N03\/54763961095\/in\/dateposted-public\/\"><img loading=\"lazy\" decoding=\"async\" src=\"https:\/\/live.staticflickr.com\/65535\/54763961095_2cfdd3f66c_z.jpg\" alt=\"imagem_2025-09-03_171512760\" width=\"640\" height=\"427\" \/><\/a>\n<\/div><\/figure>\n\n\n\n<p>Depois do epis\u00f3dio, o Flamengo demitiu Fern\u00e1ndez imediatamente. Pedro registrou boletim de ocorr\u00eancia na 1\u00aa Delegacia de Pol\u00edcia Civil de Belo Horizonte relatando as agress\u00f5es. Al\u00e9m disso, Sampaoli foi demitido do Flamengo cerca de dois meses depois.<\/p>\n\n\n\n<p>Os acontecimentos marcaram aquela passagem e antecederam o encerramento do trabalho no clube carioca, contexto que agora volta \u00e0 pauta com a confirma\u00e7\u00e3o do preparador f\u00edsico na comiss\u00e3o do Atl\u00e9tico-MG.<\/p>\n\n\n\n<p>Gabriel Andreata, gerente da nova comiss\u00e3o, tamb\u00e9m esteve ligado a uma pol\u00eamica na primeira passagem pelo Galo. Em novembro de 2020, ele organizou um jantar de anivers\u00e1rio que contou com Sampaoli e outros membros da comiss\u00e3o t\u00e9cnica.<\/p>\n\n\n\n<p>Pouco tempo depois, todos testaram positivo para Covid-19. Na mesma \u00e9poca, o clube enfrentava um surto da doen\u00e7a. A diretoria afirmou que trataria o assunto internamente. Por sua vez, Andreata negou rela\u00e7\u00e3o do evento com o surto.<\/p>\n","protected":false},"excerpt":{"rendered":"<p>Ap\u00f3s quatro anos, Jorge Sampaoli voltou ao Atl\u00e9tico-MG para sua segunda passagem. O clube confirmou o argentino como t\u00e9cnico, com contrato v\u00e1lido at\u00e9 o fim de 2027. A chegada marca reestrutura\u00e7\u00e3o na comiss\u00e3o t\u00e9cnica do time alvinegro. A equipe de apoio refor\u00e7a a estrutura do clube para um estilo de jogo mais exigente e disciplinado. [&hellip;]<\/p>\n","protected":false},"author":39,"featured_media":96447,"comment_status":"open","ping_status":"closed","sticky":false,"template":"","format":"standard","meta":{"footnotes":""},"categories":[1],"tags":[],"class_list":["post-275737","post","type-post","status-publish","format-standard","has-post-thumbnail","hentry","category-flamengo"],"yoast_head":"<!-- This site is optimized with the Yoast SEO Premium plugin v24.2 (Yoast SEO v26.9) - https:\/\/yoast.com\/product\/yoast-seo-premium-wordpress\/ -->\n<title>Preparador que agrediu Pedro, do Flamengo, assina com clube do Brasileir\u00e3o<\/title>\n<meta name=\"description\" content=\"Fern\u00e1ndez ganhou notoriedade ap\u00f3s agress\u00e3o ao atacante Pedro no est\u00e1dio Independ\u00eancia, em julho de 2023, durante o Campeonato Brasileiro.\" \/>\n<meta name=\"robots\" content=\"index, follow, max-snippet:-1, max-image-preview:large, max-video-preview:-1\" \/>\n<link rel=\"canonical\" href=\"https:\/\/www.gaveanews.com\/index.php\/2025\/09\/03\/preparador-que-agrediu-pedro-do-flamengo-assina-com-clube-do-brasileirao\/\" \/>\n<meta property=\"og:locale\" content=\"pt_BR\" \/>\n<meta property=\"og:type\" content=\"article\" \/>\n<meta property=\"og:title\" content=\"Preparador que agrediu Pedro, do Flamengo, assina com clube do Brasileir\u00e3o\" \/>\n<meta property=\"og:description\" content=\"Fern\u00e1ndez ganhou notoriedade ap\u00f3s agress\u00e3o ao atacante Pedro no est\u00e1dio Independ\u00eancia, em julho de 2023, durante o Campeonato Brasileiro.\" \/>\n<meta property=\"og:url\" content=\"https:\/\/www.gaveanews.com\/index.php\/2025\/09\/03\/preparador-que-agrediu-pedro-do-flamengo-assina-com-clube-do-brasileirao\/\" \/>\n<meta property=\"og:site_name\" content=\"G\u00e1vea News\" \/>\n<meta property=\"article:publisher\" content=\"https:\/\/facebook.com\/gaveaNews\/\" \/>\n<meta property=\"article:published_time\" content=\"2025-09-03T21:00:00+00:00\" \/>\n<meta property=\"og:image\" content=\"https:\/\/www.gaveanews.com\/wp-content\/uploads\/Pedro-exibe-o-escudo-do-Flamengo-apos-marcar-um-gol-pelo-time-carioca.webp\" \/>\n\t<meta property=\"og:image:width\" content=\"1080\" \/>\n\t<meta property=\"og:image:height\" content=\"1350\" \/>\n\t<meta property=\"og:image:type\" content=\"image\/jpeg\" \/>\n<meta name=\"author\" content=\"Reda\u00e7\u00e3o\" \/>\n<meta name=\"twitter:card\" content=\"summary_large_image\" \/>\n<meta name=\"twitter:label1\" content=\"Escrito por\" \/>\n\t<meta name=\"twitter:data1\" content=\"Reda\u00e7\u00e3o\" \/>\n\t<meta name=\"twitter:label2\" content=\"Est. tempo de leitura\" \/>\n\t<meta name=\"twitter:data2\" content=\"3 minutos\" \/>\n<script type=\"application\/ld+json\" class=\"yoast-schema-graph\">{\"@context\":\"https:\/\/schema.org\",\"@graph\":[{\"@type\":\"NewsArticle\",\"@id\":\"https:\/\/www.gaveanews.com\/index.php\/2025\/09\/03\/preparador-que-agrediu-pedro-do-flamengo-assina-com-clube-do-brasileirao\/#article\",\"isPartOf\":{\"@id\":\"https:\/\/www.gaveanews.com\/index.php\/2025\/09\/03\/preparador-que-agrediu-pedro-do-flamengo-assina-com-clube-do-brasileirao\/\"},\"author\":{\"name\":\"Reda\u00e7\u00e3o\",\"@id\":\"https:\/\/www.gaveanews.com\/#\/schema\/person\/c88645e3d550d0b6574305e67dd5a716\"},\"headline\":\"Preparador que agrediu Pedro, do Flamengo, assina com clube do Brasileir\u00e3o\",\"datePublished\":\"2025-09-03T21:00:00+00:00\",\"mainEntityOfPage\":{\"@id\":\"https:\/\/www.gaveanews.com\/index.php\/2025\/09\/03\/preparador-que-agrediu-pedro-do-flamengo-assina-com-clube-do-brasileirao\/\"},\"wordCount\":419,\"commentCount\":0,\"image\":{\"@id\":\"https:\/\/www.gaveanews.com\/index.php\/2025\/09\/03\/preparador-que-agrediu-pedro-do-flamengo-assina-com-clube-do-brasileirao\/#primaryimage\"},\"thumbnailUrl\":\"https:\/\/www.gaveanews.com\/wp-content\/uploads\/Pedro-exibe-o-escudo-do-Flamengo-apos-marcar-um-gol-pelo-time-carioca.webp\",\"articleSection\":[\"Flamengo\"],\"inLanguage\":\"pt-BR\",\"potentialAction\":[{\"@type\":\"CommentAction\",\"name\":\"Comment\",\"target\":[\"https:\/\/www.gaveanews.com\/index.php\/2025\/09\/03\/preparador-que-agrediu-pedro-do-flamengo-assina-com-clube-do-brasileirao\/#respond\"]}],\"copyrightYear\":\"2025\",\"copyrightHolder\":{\"@id\":\"https:\/\/www.gaveanews.com\/#organization\"}},{\"@type\":\"WebPage\",\"@id\":\"https:\/\/www.gaveanews.com\/index.php\/2025\/09\/03\/preparador-que-agrediu-pedro-do-flamengo-assina-com-clube-do-brasileirao\/\",\"url\":\"https:\/\/www.gaveanews.com\/index.php\/2025\/09\/03\/preparador-que-agrediu-pedro-do-flamengo-assina-com-clube-do-brasileirao\/\",\"name\":\"Preparador que agrediu Pedro, do Flamengo, assina com clube do Brasileir\u00e3o\",\"isPartOf\":{\"@id\":\"https:\/\/www.gaveanews.com\/#website\"},\"primaryImageOfPage\":{\"@id\":\"https:\/\/www.gaveanews.com\/index.php\/2025\/09\/03\/preparador-que-agrediu-pedro-do-flamengo-assina-com-clube-do-brasileirao\/#primaryimage\"},\"image\":{\"@id\":\"https:\/\/www.gaveanews.com\/index.php\/2025\/09\/03\/preparador-que-agrediu-pedro-do-flamengo-assina-com-clube-do-brasileirao\/#primaryimage\"},\"thumbnailUrl\":\"https:\/\/www.gaveanews.com\/wp-content\/uploads\/Pedro-exibe-o-escudo-do-Flamengo-apos-marcar-um-gol-pelo-time-carioca.webp\",\"datePublished\":\"2025-09-03T21:00:00+00:00\",\"author\":{\"@id\":\"https:\/\/www.gaveanews.com\/#\/schema\/person\/c88645e3d550d0b6574305e67dd5a716\"},\"description\":\"Fern\u00e1ndez ganhou notoriedade ap\u00f3s agress\u00e3o ao atacante Pedro no est\u00e1dio Independ\u00eancia, em julho de 2023, durante o Campeonato Brasileiro.\",\"breadcrumb\":{\"@id\":\"https:\/\/www.gaveanews.com\/index.php\/2025\/09\/03\/preparador-que-agrediu-pedro-do-flamengo-assina-com-clube-do-brasileirao\/#breadcrumb\"},\"inLanguage\":\"pt-BR\",\"potentialAction\":[{\"@type\":\"ReadAction\",\"target\":[\"https:\/\/www.gaveanews.com\/index.php\/2025\/09\/03\/preparador-que-agrediu-pedro-do-flamengo-assina-com-clube-do-brasileirao\/\"]}]},{\"@type\":\"ImageObject\",\"inLanguage\":\"pt-BR\",\"@id\":\"https:\/\/www.gaveanews.com\/index.php\/2025\/09\/03\/preparador-que-agrediu-pedro-do-flamengo-assina-com-clube-do-brasileirao\/#primaryimage\",\"url\":\"https:\/\/www.gaveanews.com\/wp-content\/uploads\/Pedro-exibe-o-escudo-do-Flamengo-apos-marcar-um-gol-pelo-time-carioca.webp\",\"contentUrl\":\"https:\/\/www.gaveanews.com\/wp-content\/uploads\/Pedro-exibe-o-escudo-do-Flamengo-apos-marcar-um-gol-pelo-time-carioca.webp\",\"width\":1080,\"height\":1350,\"caption\":\"Pedro exibe o escudo do Flamengo ap\u00f3s marcar um gol pelo time carioca (Foto: Reprodu\u00e7\u00e3o\/Instagram)\"},{\"@type\":\"BreadcrumbList\",\"@id\":\"https:\/\/www.gaveanews.com\/index.php\/2025\/09\/03\/preparador-que-agrediu-pedro-do-flamengo-assina-com-clube-do-brasileirao\/#breadcrumb\",\"itemListElement\":[{\"@type\":\"ListItem\",\"position\":1,\"name\":\"Home\",\"item\":\"https:\/\/www.gaveanews.com\/\"},{\"@type\":\"ListItem\",\"position\":2,\"name\":\"Preparador que agrediu Pedro, do Flamengo, assina com clube do Brasileir\u00e3o\"}]},{\"@type\":\"WebSite\",\"@id\":\"https:\/\/www.gaveanews.com\/#website\",\"url\":\"https:\/\/www.gaveanews.com\/\",\"name\":\"G\u00e1vea News\",\"description\":\"Veja todas as not\u00edcias sobre o Flamengo: Contrata\u00e7\u00f5es, categorias de base, resultados das partidas, tabela de classifica\u00e7\u00e3o, pr\u00f3ximos jogos!\",\"potentialAction\":[{\"@type\":\"SearchAction\",\"target\":{\"@type\":\"EntryPoint\",\"urlTemplate\":\"https:\/\/www.gaveanews.com\/?s={search_term_string}\"},\"query-input\":{\"@type\":\"PropertyValueSpecification\",\"valueRequired\":true,\"valueName\":\"search_term_string\"}}],\"inLanguage\":\"pt-BR\"},{\"@type\":\"Person\",\"@id\":\"https:\/\/www.gaveanews.com\/#\/schema\/person\/c88645e3d550d0b6574305e67dd5a716\",\"name\":\"Reda\u00e7\u00e3o\",\"image\":{\"@type\":\"ImageObject\",\"inLanguage\":\"pt-BR\",\"@id\":\"https:\/\/www.gaveanews.com\/#\/schema\/person\/image\/\",\"url\":\"https:\/\/secure.gravatar.com\/avatar\/434098fd823f0dc1b062d14ca22bacaa6e38de28d8c816bbef6fc2f8c44d8ba3?s=96&d=mm&r=g\",\"contentUrl\":\"https:\/\/secure.gravatar.com\/avatar\/434098fd823f0dc1b062d14ca22bacaa6e38de28d8c816bbef6fc2f8c44d8ba3?s=96&d=mm&r=g\",\"caption\":\"Reda\u00e7\u00e3o\"}}]}<\/script>\n<!-- \/ Yoast SEO Premium plugin. -->","yoast_head_json":{"title":"Preparador que agrediu Pedro, do Flamengo, assina com clube do Brasileir\u00e3o","description":"Fern\u00e1ndez ganhou notoriedade ap\u00f3s agress\u00e3o ao atacante Pedro no est\u00e1dio Independ\u00eancia, em julho de 2023, durante o Campeonato Brasileiro.","robots":{"index":"index","follow":"follow","max-snippet":"max-snippet:-1","max-image-preview":"max-image-preview:large","max-video-preview":"max-video-preview:-1"},"canonical":"https:\/\/www.gaveanews.com\/index.php\/2025\/09\/03\/preparador-que-agrediu-pedro-do-flamengo-assina-com-clube-do-brasileirao\/","og_locale":"pt_BR","og_type":"article","og_title":"Preparador que agrediu Pedro, do Flamengo, assina com clube do Brasileir\u00e3o","og_description":"Fern\u00e1ndez ganhou notoriedade ap\u00f3s agress\u00e3o ao atacante Pedro no est\u00e1dio Independ\u00eancia, em julho de 2023, durante o Campeonato Brasileiro.","og_url":"https:\/\/www.gaveanews.com\/index.php\/2025\/09\/03\/preparador-que-agrediu-pedro-do-flamengo-assina-com-clube-do-brasileirao\/","og_site_name":"G\u00e1vea News","article_publisher":"https:\/\/facebook.com\/gaveaNews\/","article_published_time":"2025-09-03T21:00:00+00:00","og_image":[{"width":1080,"height":1350,"url":"https:\/\/www.gaveanews.com\/wp-content\/uploads\/Pedro-exibe-o-escudo-do-Flamengo-apos-marcar-um-gol-pelo-time-carioca.webp","type":"image\/jpeg"}],"author":"Reda\u00e7\u00e3o","twitter_card":"summary_large_image","twitter_misc":{"Escrito por":"Reda\u00e7\u00e3o","Est. tempo de leitura":"3 minutos"},"schema":{"@context":"https:\/\/schema.org","@graph":[{"@type":"NewsArticle","@id":"https:\/\/www.gaveanews.com\/index.php\/2025\/09\/03\/preparador-que-agrediu-pedro-do-flamengo-assina-com-clube-do-brasileirao\/#article","isPartOf":{"@id":"https:\/\/www.gaveanews.com\/index.php\/2025\/09\/03\/preparador-que-agrediu-pedro-do-flamengo-assina-com-clube-do-brasileirao\/"},"author":{"name":"Reda\u00e7\u00e3o","@id":"https:\/\/www.gaveanews.com\/#\/schema\/person\/c88645e3d550d0b6574305e67dd5a716"},"headline":"Preparador que agrediu Pedro, do Flamengo, assina com clube do Brasileir\u00e3o","datePublished":"2025-09-03T21:00:00+00:00","mainEntityOfPage":{"@id":"https:\/\/www.gaveanews.com\/index.php\/2025\/09\/03\/preparador-que-agrediu-pedro-do-flamengo-assina-com-clube-do-brasileirao\/"},"wordCount":419,"commentCount":0,"image":{"@id":"https:\/\/www.gaveanews.com\/index.php\/2025\/09\/03\/preparador-que-agrediu-pedro-do-flamengo-assina-com-clube-do-brasileirao\/#primaryimage"},"thumbnailUrl":"https:\/\/www.gaveanews.com\/wp-content\/uploads\/Pedro-exibe-o-escudo-do-Flamengo-apos-marcar-um-gol-pelo-time-carioca.webp","articleSection":["Flamengo"],"inLanguage":"pt-BR","potentialAction":[{"@type":"CommentAction","name":"Comment","target":["https:\/\/www.gaveanews.com\/index.php\/2025\/09\/03\/preparador-que-agrediu-pedro-do-flamengo-assina-com-clube-do-brasileirao\/#respond"]}],"copyrightYear":"2025","copyrightHolder":{"@id":"https:\/\/www.gaveanews.com\/#organization"}},{"@type":"WebPage","@id":"https:\/\/www.gaveanews.com\/index.php\/2025\/09\/03\/preparador-que-agrediu-pedro-do-flamengo-assina-com-clube-do-brasileirao\/","url":"https:\/\/www.gaveanews.com\/index.php\/2025\/09\/03\/preparador-que-agrediu-pedro-do-flamengo-assina-com-clube-do-brasileirao\/","name":"Preparador que agrediu Pedro, do Flamengo, assina com clube do Brasileir\u00e3o","isPartOf":{"@id":"https:\/\/www.gaveanews.com\/#website"},"primaryImageOfPage":{"@id":"https:\/\/www.gaveanews.com\/index.php\/2025\/09\/03\/preparador-que-agrediu-pedro-do-flamengo-assina-com-clube-do-brasileirao\/#primaryimage"},"image":{"@id":"https:\/\/www.gaveanews.com\/index.php\/2025\/09\/03\/preparador-que-agrediu-pedro-do-flamengo-assina-com-clube-do-brasileirao\/#primaryimage"},"thumbnailUrl":"https:\/\/www.gaveanews.com\/wp-content\/uploads\/Pedro-exibe-o-escudo-do-Flamengo-apos-marcar-um-gol-pelo-time-carioca.webp","datePublished":"2025-09-03T21:00:00+00:00","author":{"@id":"https:\/\/www.gaveanews.com\/#\/schema\/person\/c88645e3d550d0b6574305e67dd5a716"},"description":"Fern\u00e1ndez ganhou notoriedade ap\u00f3s agress\u00e3o ao atacante Pedro no est\u00e1dio Independ\u00eancia, em julho de 2023, durante o Campeonato Brasileiro.","breadcrumb":{"@id":"https:\/\/www.gaveanews.com\/index.php\/2025\/09\/03\/preparador-que-agrediu-pedro-do-flamengo-assina-com-clube-do-brasileirao\/#breadcrumb"},"inLanguage":"pt-BR","potentialAction":[{"@type":"ReadAction","target":["https:\/\/www.gaveanews.com\/index.php\/2025\/09\/03\/preparador-que-agrediu-pedro-do-flamengo-assina-com-clube-do-brasileirao\/"]}]},{"@type":"ImageObject","inLanguage":"pt-BR","@id":"https:\/\/www.gaveanews.com\/index.php\/2025\/09\/03\/preparador-que-agrediu-pedro-do-flamengo-assina-com-clube-do-brasileirao\/#primaryimage","url":"https:\/\/www.gaveanews.com\/wp-content\/uploads\/Pedro-exibe-o-escudo-do-Flamengo-apos-marcar-um-gol-pelo-time-carioca.webp","contentUrl":"https:\/\/www.gaveanews.com\/wp-content\/uploads\/Pedro-exibe-o-escudo-do-Flamengo-apos-marcar-um-gol-pelo-time-carioca.webp","width":1080,"height":1350,"caption":"Pedro exibe o escudo do Flamengo ap\u00f3s marcar um gol pelo time carioca (Foto: Reprodu\u00e7\u00e3o\/Instagram)"},{"@type":"BreadcrumbList","@id":"https:\/\/www.gaveanews.com\/index.php\/2025\/09\/03\/preparador-que-agrediu-pedro-do-flamengo-assina-com-clube-do-brasileirao\/#breadcrumb","itemListElement":[{"@type":"ListItem","position":1,"name":"Home","item":"https:\/\/www.gaveanews.com\/"},{"@type":"ListItem","position":2,"name":"Preparador que agrediu Pedro, do Flamengo, assina com clube do Brasileir\u00e3o"}]},{"@type":"WebSite","@id":"https:\/\/www.gaveanews.com\/#website","url":"https:\/\/www.gaveanews.com\/","name":"G\u00e1vea News","description":"Veja todas as not\u00edcias sobre o Flamengo: Contrata\u00e7\u00f5es, categorias de base, resultados das partidas, tabela de classifica\u00e7\u00e3o, pr\u00f3ximos jogos!","potentialAction":[{"@type":"SearchAction","target":{"@type":"EntryPoint","urlTemplate":"https:\/\/www.gaveanews.com\/?s={search_term_string}"},"query-input":{"@type":"PropertyValueSpecification","valueRequired":true,"valueName":"search_term_string"}}],"inLanguage":"pt-BR"},{"@type":"Person","@id":"https:\/\/www.gaveanews.com\/#\/schema\/person\/c88645e3d550d0b6574305e67dd5a716","name":"Reda\u00e7\u00e3o","image":{"@type":"ImageObject","inLanguage":"pt-BR","@id":"https:\/\/www.gaveanews.com\/#\/schema\/person\/image\/","url":"https:\/\/secure.gravatar.com\/avatar\/434098fd823f0dc1b062d14ca22bacaa6e38de28d8c816bbef6fc2f8c44d8ba3?s=96&d=mm&r=g","contentUrl":"https:\/\/secure.gravatar.com\/avatar\/434098fd823f0dc1b062d14ca22bacaa6e38de28d8c816bbef6fc2f8c44d8ba3?s=96&d=mm&r=g","caption":"Reda\u00e7\u00e3o"}}]}},"_links":{"self":[{"href":"https:\/\/www.gaveanews.com\/index.php\/wp-json\/wp\/v2\/posts\/275737","targetHints":{"allow":["GET"]}}],"collection":[{"href":"https:\/\/www.gaveanews.com\/index.php\/wp-json\/wp\/v2\/posts"}],"about":[{"href":"https:\/\/www.gaveanews.com\/index.php\/wp-json\/wp\/v2\/types\/post"}],"author":[{"embeddable":true,"href":"https:\/\/www.gaveanews.com\/index.php\/wp-json\/wp\/v2\/users\/39"}],"replies":[{"embeddable":true,"href":"https:\/\/www.gaveanews.com\/index.php\/wp-json\/wp\/v2\/comments?post=275737"}],"version-history":[{"count":1,"href":"https:\/\/www.gaveanews.com\/index.php\/wp-json\/wp\/v2\/posts\/275737\/revisions"}],"predecessor-version":[{"id":275741,"href":"https:\/\/www.gaveanews.com\/index.php\/wp-json\/wp\/v2\/posts\/275737\/revisions\/275741"}],"wp:featuredmedia":[{"embeddable":true,"href":"https:\/\/www.gaveanews.com\/index.php\/wp-json\/wp\/v2\/media\/96447"}],"wp:attachment":[{"href":"https:\/\/www.gaveanews.com\/index.php\/wp-json\/wp\/v2\/media?parent=275737"}],"wp:term":[{"taxonomy":"category","embeddable":true,"href":"https:\/\/www.gaveanews.com\/index.php\/wp-json\/wp\/v2\/categories?post=275737"},{"taxonomy":"post_tag","embeddable":true,"href":"https:\/\/www.gaveanews.com\/index.php\/wp-json\/wp\/v2\/tags?post=275737"}],"curies":[{"name":"wp","href":"https:\/\/api.w.org\/{rel}","templated":true}]}}