{"id":275742,"date":"2025-09-03T18:30:00","date_gmt":"2025-09-03T21:30:00","guid":{"rendered":"https:\/\/www.gaveanews.com\/?p=275742"},"modified":"2025-09-03T17:23:02","modified_gmt":"2025-09-03T20:23:02","slug":"ex-flamengo-faz-revelacao-envolvendo-saida-de-cuellar","status":"publish","type":"post","link":"https:\/\/www.gaveanews.com\/index.php\/2025\/09\/03\/ex-flamengo-faz-revelacao-envolvendo-saida-de-cuellar\/","title":{"rendered":"Ex-Flamengo faz revela\u00e7\u00e3o envolvendo sa\u00edda de Cu\u00e9llar"},"content":{"rendered":"\n<p>Uma entrevista recente de Gustavo Cu\u00e9llar reaqueceu o debate sobre sua sa\u00edda do <a href=\"https:\/\/www.gaveanews.com\/index.php\/category\/brasileirao\/flamengo\/\" target=\"_blank\" rel=\"noopener noreferrer\">Flamengo<\/a>, em 2019, rumo ao Al Hilal. As declara\u00e7\u00f5es do volante ganharam repercuss\u00e3o e suscitaram rea\u00e7\u00f5es p\u00fablicas. O epis\u00f3dio voltou \u00e0 pauta justamente pelo contraste entre a vers\u00e3o do colombiano e relatos de um ex-dirigente rubro-negro e de um jornalista que acompanharam o caso.<\/p>\n\n\n\n<p>Na conversa com Duda Garbi, Cu\u00e9llar descreveu press\u00f5es para aceitar a transfer\u00eancia e relatou que a libera\u00e7\u00e3o dependia de sua participa\u00e7\u00e3o contra o Internacional, pelas quartas de final da Libertadores. Segundo o jogador, a prefer\u00eancia era por uma proposta da It\u00e1lia, mas o clube teria priorizado a oferta saudita.<\/p>\n\n\n\n<p>&#8220;Os caras me falaram, se voc\u00ea n\u00e3o vai para a Ar\u00e1bia, n\u00e3o vai para nenhum lugar. Voc\u00ea vai ficar aqui. Al\u00e9m disso, eles n\u00e3o queriam que eu sa\u00edsse. No momento, eu senti que os caras meio que abriram o cora\u00e7\u00e3o e deixaram que eu decidisse. Ent\u00e3o, eu falei, cara, eu quero ir para a It\u00e1lia. E os caras falaram, Gustavo, se voc\u00ea continuar desse jeito assim, a gente vai te afastar, a gente vai tomar uma decis\u00e3o. Voc\u00ea n\u00e3o vai para l\u00e1. E eu falei para eles, tomem a decis\u00e3o que voc\u00eas queiram, mas eu quero sair. Os \u00e1rabes aumentaram a proposta para mim e para o clube. A\u00ed falei, ent\u00e3o deixa a It\u00e1lia e vamos aceitar a proposta. Porque acho que o ambiente para mim ficou muito ruim&#8221;.<\/p>\n\n\n\n<p>As falas foram contestadas por um ex-dirigente ouvido pelo portal &#8216;MundoBola&#8217;. Ele afirmou que havia inten\u00e7\u00e3o de sa\u00edda por parte do atleta e que o pr\u00f3prio volante condicionou sua atua\u00e7\u00e3o a uma negocia\u00e7\u00e3o. Al\u00e9m disso, pontuou que o clube cobrou comprometimento no per\u00edodo decisivo da temporada.<\/p>\n\n\n\n<p>&#8220;Cu\u00e9llar mentiu, est\u00e1 se fazendo de v\u00edtima a\u00ed. Na verdade, ele quis sair do Flamengo por dinheiro tamb\u00e9m, mas principalmente por um problema pessoal. E a\u00ed ele for\u00e7ou a sa\u00edda, falou que n\u00e3o ia jogar e tal&#8221;.<\/p>\n\n\n\n<p>O jornalista T\u00falio Rodrigues tamb\u00e9m rebateu pontos centrais do relato do colombiano. De acordo com ele, o Bologna ofereceu \u20ac 8 milh\u00f5es, \u20ac 500 mil a mais que o Al Hilal. Al\u00e9m disso, o afastamento ocorreu em 23 de agosto, a pedido do pr\u00f3prio atleta. Ainda conforme seus dados, Cu\u00e9llar jogou contra o Vasco e no duelo de ida diante do Inter.<\/p>\n\n\n\n<p>Na sequ\u00eancia da transfer\u00eancia, o desempenho esportivo do Flamengo n\u00e3o foi afetado, conforme os registros da campanha de 2019. O time eliminou o Internacional e o Gr\u00eamio, este por 5 a 0 na semifinal, e conquistou a Libertadores diante do River Plate. No Brasileir\u00e3o, sob Jorge Jesus, levantou a ta\u00e7a com a melhor campanha da hist\u00f3ria.<\/p>\n\n\n\n<p>Cu\u00e9llar tamb\u00e9m relatou inc\u00f4modo por n\u00e3o ter recebido medalha da Libertadores e citou o ent\u00e3o vice de futebol Marcos Braz. No depoimento, ele comparou o tratamento recebido no Al Hilal ao ser campe\u00e3o continental na \u00c1sia no mesmo dia do t\u00edtulo rubro-negro.<\/p>\n\n\n\n<p>&#8220;Dos 14 jogos da Libertadores e joguei 10, pelas estat\u00edsticas da Libertadores eu tamb\u00e9m fui campe\u00e3o, mas o Braz n\u00e3o me mandou a medalha porque estava com birra. Lembro que mandaram para outros jogadores que jogaram menos que eu, mas n\u00e3o mandaram para mim&#8221;.<\/p>\n","protected":false},"excerpt":{"rendered":"<p>Uma entrevista recente de Gustavo Cu\u00e9llar reaqueceu o debate sobre sua sa\u00edda do Flamengo, em 2019, rumo ao Al Hilal. As declara\u00e7\u00f5es do volante ganharam repercuss\u00e3o e suscitaram rea\u00e7\u00f5es p\u00fablicas. O epis\u00f3dio voltou \u00e0 pauta justamente pelo contraste entre a vers\u00e3o do colombiano e relatos de um ex-dirigente rubro-negro e de um jornalista que acompanharam [&hellip;]<\/p>\n","protected":false},"author":39,"featured_media":253102,"comment_status":"open","ping_status":"closed","sticky":false,"template":"","format":"standard","meta":{"footnotes":""},"categories":[1],"tags":[],"class_list":["post-275742","post","type-post","status-publish","format-standard","has-post-thumbnail","hentry","category-flamengo"],"yoast_head":"<!-- This site is optimized with the Yoast SEO Premium plugin v24.2 (Yoast SEO v26.9) - https:\/\/yoast.com\/product\/yoast-seo-premium-wordpress\/ -->\n<title>Ex-Flamengo faz revela\u00e7\u00e3o envolvendo sa\u00edda de Cu\u00e9llar<\/title>\n<meta name=\"robots\" content=\"index, follow, max-snippet:-1, max-image-preview:large, max-video-preview:-1\" \/>\n<link rel=\"canonical\" href=\"https:\/\/www.gaveanews.com\/index.php\/2025\/09\/03\/ex-flamengo-faz-revelacao-envolvendo-saida-de-cuellar\/\" \/>\n<meta property=\"og:locale\" content=\"pt_BR\" \/>\n<meta property=\"og:type\" content=\"article\" \/>\n<meta property=\"og:title\" content=\"Ex-Flamengo faz revela\u00e7\u00e3o envolvendo sa\u00edda de Cu\u00e9llar\" \/>\n<meta property=\"og:description\" content=\"Uma entrevista recente de Gustavo Cu\u00e9llar reaqueceu o debate sobre sua sa\u00edda do Flamengo, em 2019, rumo ao Al Hilal. As declara\u00e7\u00f5es do volante ganharam repercuss\u00e3o e suscitaram rea\u00e7\u00f5es p\u00fablicas. O epis\u00f3dio voltou \u00e0 pauta justamente pelo contraste entre a vers\u00e3o do colombiano e relatos de um ex-dirigente rubro-negro e de um jornalista que acompanharam [&hellip;]\" \/>\n<meta property=\"og:url\" content=\"https:\/\/www.gaveanews.com\/index.php\/2025\/09\/03\/ex-flamengo-faz-revelacao-envolvendo-saida-de-cuellar\/\" \/>\n<meta property=\"og:site_name\" content=\"G\u00e1vea News\" \/>\n<meta property=\"article:publisher\" content=\"https:\/\/facebook.com\/gaveaNews\/\" \/>\n<meta property=\"article:published_time\" content=\"2025-09-03T21:30:00+00:00\" \/>\n<meta property=\"og:image\" content=\"https:\/\/www.gaveanews.com\/wp-content\/uploads\/Gustavo-Cuellar-pelo-Gremio.webp\" \/>\n\t<meta property=\"og:image:width\" content=\"1448\" \/>\n\t<meta property=\"og:image:height\" content=\"1002\" \/>\n\t<meta property=\"og:image:type\" content=\"image\/jpeg\" \/>\n<meta name=\"author\" content=\"Reda\u00e7\u00e3o\" \/>\n<meta name=\"twitter:card\" content=\"summary_large_image\" \/>\n<meta name=\"twitter:label1\" content=\"Escrito por\" \/>\n\t<meta name=\"twitter:data1\" content=\"Reda\u00e7\u00e3o\" \/>\n\t<meta name=\"twitter:label2\" content=\"Est. tempo de leitura\" \/>\n\t<meta name=\"twitter:data2\" content=\"4 minutos\" \/>\n<script type=\"application\/ld+json\" class=\"yoast-schema-graph\">{\"@context\":\"https:\/\/schema.org\",\"@graph\":[{\"@type\":\"NewsArticle\",\"@id\":\"https:\/\/www.gaveanews.com\/index.php\/2025\/09\/03\/ex-flamengo-faz-revelacao-envolvendo-saida-de-cuellar\/#article\",\"isPartOf\":{\"@id\":\"https:\/\/www.gaveanews.com\/index.php\/2025\/09\/03\/ex-flamengo-faz-revelacao-envolvendo-saida-de-cuellar\/\"},\"author\":{\"name\":\"Reda\u00e7\u00e3o\",\"@id\":\"https:\/\/www.gaveanews.com\/#\/schema\/person\/c88645e3d550d0b6574305e67dd5a716\"},\"headline\":\"Ex-Flamengo faz revela\u00e7\u00e3o envolvendo sa\u00edda de Cu\u00e9llar\",\"datePublished\":\"2025-09-03T21:30:00+00:00\",\"mainEntityOfPage\":{\"@id\":\"https:\/\/www.gaveanews.com\/index.php\/2025\/09\/03\/ex-flamengo-faz-revelacao-envolvendo-saida-de-cuellar\/\"},\"wordCount\":588,\"commentCount\":0,\"image\":{\"@id\":\"https:\/\/www.gaveanews.com\/index.php\/2025\/09\/03\/ex-flamengo-faz-revelacao-envolvendo-saida-de-cuellar\/#primaryimage\"},\"thumbnailUrl\":\"https:\/\/www.gaveanews.com\/wp-content\/uploads\/Gustavo-Cuellar-pelo-Gremio.webp\",\"articleSection\":[\"Flamengo\"],\"inLanguage\":\"pt-BR\",\"potentialAction\":[{\"@type\":\"CommentAction\",\"name\":\"Comment\",\"target\":[\"https:\/\/www.gaveanews.com\/index.php\/2025\/09\/03\/ex-flamengo-faz-revelacao-envolvendo-saida-de-cuellar\/#respond\"]}],\"copyrightYear\":\"2025\",\"copyrightHolder\":{\"@id\":\"https:\/\/www.gaveanews.com\/#organization\"}},{\"@type\":\"WebPage\",\"@id\":\"https:\/\/www.gaveanews.com\/index.php\/2025\/09\/03\/ex-flamengo-faz-revelacao-envolvendo-saida-de-cuellar\/\",\"url\":\"https:\/\/www.gaveanews.com\/index.php\/2025\/09\/03\/ex-flamengo-faz-revelacao-envolvendo-saida-de-cuellar\/\",\"name\":\"Ex-Flamengo faz revela\u00e7\u00e3o envolvendo sa\u00edda de Cu\u00e9llar\",\"isPartOf\":{\"@id\":\"https:\/\/www.gaveanews.com\/#website\"},\"primaryImageOfPage\":{\"@id\":\"https:\/\/www.gaveanews.com\/index.php\/2025\/09\/03\/ex-flamengo-faz-revelacao-envolvendo-saida-de-cuellar\/#primaryimage\"},\"image\":{\"@id\":\"https:\/\/www.gaveanews.com\/index.php\/2025\/09\/03\/ex-flamengo-faz-revelacao-envolvendo-saida-de-cuellar\/#primaryimage\"},\"thumbnailUrl\":\"https:\/\/www.gaveanews.com\/wp-content\/uploads\/Gustavo-Cuellar-pelo-Gremio.webp\",\"datePublished\":\"2025-09-03T21:30:00+00:00\",\"author\":{\"@id\":\"https:\/\/www.gaveanews.com\/#\/schema\/person\/c88645e3d550d0b6574305e67dd5a716\"},\"breadcrumb\":{\"@id\":\"https:\/\/www.gaveanews.com\/index.php\/2025\/09\/03\/ex-flamengo-faz-revelacao-envolvendo-saida-de-cuellar\/#breadcrumb\"},\"inLanguage\":\"pt-BR\",\"potentialAction\":[{\"@type\":\"ReadAction\",\"target\":[\"https:\/\/www.gaveanews.com\/index.php\/2025\/09\/03\/ex-flamengo-faz-revelacao-envolvendo-saida-de-cuellar\/\"]}]},{\"@type\":\"ImageObject\",\"inLanguage\":\"pt-BR\",\"@id\":\"https:\/\/www.gaveanews.com\/index.php\/2025\/09\/03\/ex-flamengo-faz-revelacao-envolvendo-saida-de-cuellar\/#primaryimage\",\"url\":\"https:\/\/www.gaveanews.com\/wp-content\/uploads\/Gustavo-Cuellar-pelo-Gremio.webp\",\"contentUrl\":\"https:\/\/www.gaveanews.com\/wp-content\/uploads\/Gustavo-Cuellar-pelo-Gremio.webp\",\"width\":1448,\"height\":1002,\"caption\":\"Gustavo Cu\u00e9llar pelo Gr\u00eamio (Foto: Lucas Uebel\/Gr\u00eamio)\"},{\"@type\":\"BreadcrumbList\",\"@id\":\"https:\/\/www.gaveanews.com\/index.php\/2025\/09\/03\/ex-flamengo-faz-revelacao-envolvendo-saida-de-cuellar\/#breadcrumb\",\"itemListElement\":[{\"@type\":\"ListItem\",\"position\":1,\"name\":\"Home\",\"item\":\"https:\/\/www.gaveanews.com\/\"},{\"@type\":\"ListItem\",\"position\":2,\"name\":\"Ex-Flamengo faz revela\u00e7\u00e3o envolvendo sa\u00edda de Cu\u00e9llar\"}]},{\"@type\":\"WebSite\",\"@id\":\"https:\/\/www.gaveanews.com\/#website\",\"url\":\"https:\/\/www.gaveanews.com\/\",\"name\":\"G\u00e1vea News\",\"description\":\"Veja todas as not\u00edcias sobre o Flamengo: Contrata\u00e7\u00f5es, categorias de base, resultados das partidas, tabela de classifica\u00e7\u00e3o, pr\u00f3ximos jogos!\",\"potentialAction\":[{\"@type\":\"SearchAction\",\"target\":{\"@type\":\"EntryPoint\",\"urlTemplate\":\"https:\/\/www.gaveanews.com\/?s={search_term_string}\"},\"query-input\":{\"@type\":\"PropertyValueSpecification\",\"valueRequired\":true,\"valueName\":\"search_term_string\"}}],\"inLanguage\":\"pt-BR\"},{\"@type\":\"Person\",\"@id\":\"https:\/\/www.gaveanews.com\/#\/schema\/person\/c88645e3d550d0b6574305e67dd5a716\",\"name\":\"Reda\u00e7\u00e3o\",\"image\":{\"@type\":\"ImageObject\",\"inLanguage\":\"pt-BR\",\"@id\":\"https:\/\/www.gaveanews.com\/#\/schema\/person\/image\/\",\"url\":\"https:\/\/secure.gravatar.com\/avatar\/434098fd823f0dc1b062d14ca22bacaa6e38de28d8c816bbef6fc2f8c44d8ba3?s=96&d=mm&r=g\",\"contentUrl\":\"https:\/\/secure.gravatar.com\/avatar\/434098fd823f0dc1b062d14ca22bacaa6e38de28d8c816bbef6fc2f8c44d8ba3?s=96&d=mm&r=g\",\"caption\":\"Reda\u00e7\u00e3o\"}}]}<\/script>\n<!-- \/ Yoast SEO Premium plugin. -->","yoast_head_json":{"title":"Ex-Flamengo faz revela\u00e7\u00e3o envolvendo sa\u00edda de Cu\u00e9llar","robots":{"index":"index","follow":"follow","max-snippet":"max-snippet:-1","max-image-preview":"max-image-preview:large","max-video-preview":"max-video-preview:-1"},"canonical":"https:\/\/www.gaveanews.com\/index.php\/2025\/09\/03\/ex-flamengo-faz-revelacao-envolvendo-saida-de-cuellar\/","og_locale":"pt_BR","og_type":"article","og_title":"Ex-Flamengo faz revela\u00e7\u00e3o envolvendo sa\u00edda de Cu\u00e9llar","og_description":"Uma entrevista recente de Gustavo Cu\u00e9llar reaqueceu o debate sobre sua sa\u00edda do Flamengo, em 2019, rumo ao Al Hilal. As declara\u00e7\u00f5es do volante ganharam repercuss\u00e3o e suscitaram rea\u00e7\u00f5es p\u00fablicas. O epis\u00f3dio voltou \u00e0 pauta justamente pelo contraste entre a vers\u00e3o do colombiano e relatos de um ex-dirigente rubro-negro e de um jornalista que acompanharam [&hellip;]","og_url":"https:\/\/www.gaveanews.com\/index.php\/2025\/09\/03\/ex-flamengo-faz-revelacao-envolvendo-saida-de-cuellar\/","og_site_name":"G\u00e1vea News","article_publisher":"https:\/\/facebook.com\/gaveaNews\/","article_published_time":"2025-09-03T21:30:00+00:00","og_image":[{"width":1448,"height":1002,"url":"https:\/\/www.gaveanews.com\/wp-content\/uploads\/Gustavo-Cuellar-pelo-Gremio.webp","type":"image\/jpeg"}],"author":"Reda\u00e7\u00e3o","twitter_card":"summary_large_image","twitter_misc":{"Escrito por":"Reda\u00e7\u00e3o","Est. tempo de leitura":"4 minutos"},"schema":{"@context":"https:\/\/schema.org","@graph":[{"@type":"NewsArticle","@id":"https:\/\/www.gaveanews.com\/index.php\/2025\/09\/03\/ex-flamengo-faz-revelacao-envolvendo-saida-de-cuellar\/#article","isPartOf":{"@id":"https:\/\/www.gaveanews.com\/index.php\/2025\/09\/03\/ex-flamengo-faz-revelacao-envolvendo-saida-de-cuellar\/"},"author":{"name":"Reda\u00e7\u00e3o","@id":"https:\/\/www.gaveanews.com\/#\/schema\/person\/c88645e3d550d0b6574305e67dd5a716"},"headline":"Ex-Flamengo faz revela\u00e7\u00e3o envolvendo sa\u00edda de Cu\u00e9llar","datePublished":"2025-09-03T21:30:00+00:00","mainEntityOfPage":{"@id":"https:\/\/www.gaveanews.com\/index.php\/2025\/09\/03\/ex-flamengo-faz-revelacao-envolvendo-saida-de-cuellar\/"},"wordCount":588,"commentCount":0,"image":{"@id":"https:\/\/www.gaveanews.com\/index.php\/2025\/09\/03\/ex-flamengo-faz-revelacao-envolvendo-saida-de-cuellar\/#primaryimage"},"thumbnailUrl":"https:\/\/www.gaveanews.com\/wp-content\/uploads\/Gustavo-Cuellar-pelo-Gremio.webp","articleSection":["Flamengo"],"inLanguage":"pt-BR","potentialAction":[{"@type":"CommentAction","name":"Comment","target":["https:\/\/www.gaveanews.com\/index.php\/2025\/09\/03\/ex-flamengo-faz-revelacao-envolvendo-saida-de-cuellar\/#respond"]}],"copyrightYear":"2025","copyrightHolder":{"@id":"https:\/\/www.gaveanews.com\/#organization"}},{"@type":"WebPage","@id":"https:\/\/www.gaveanews.com\/index.php\/2025\/09\/03\/ex-flamengo-faz-revelacao-envolvendo-saida-de-cuellar\/","url":"https:\/\/www.gaveanews.com\/index.php\/2025\/09\/03\/ex-flamengo-faz-revelacao-envolvendo-saida-de-cuellar\/","name":"Ex-Flamengo faz revela\u00e7\u00e3o envolvendo sa\u00edda de Cu\u00e9llar","isPartOf":{"@id":"https:\/\/www.gaveanews.com\/#website"},"primaryImageOfPage":{"@id":"https:\/\/www.gaveanews.com\/index.php\/2025\/09\/03\/ex-flamengo-faz-revelacao-envolvendo-saida-de-cuellar\/#primaryimage"},"image":{"@id":"https:\/\/www.gaveanews.com\/index.php\/2025\/09\/03\/ex-flamengo-faz-revelacao-envolvendo-saida-de-cuellar\/#primaryimage"},"thumbnailUrl":"https:\/\/www.gaveanews.com\/wp-content\/uploads\/Gustavo-Cuellar-pelo-Gremio.webp","datePublished":"2025-09-03T21:30:00+00:00","author":{"@id":"https:\/\/www.gaveanews.com\/#\/schema\/person\/c88645e3d550d0b6574305e67dd5a716"},"breadcrumb":{"@id":"https:\/\/www.gaveanews.com\/index.php\/2025\/09\/03\/ex-flamengo-faz-revelacao-envolvendo-saida-de-cuellar\/#breadcrumb"},"inLanguage":"pt-BR","potentialAction":[{"@type":"ReadAction","target":["https:\/\/www.gaveanews.com\/index.php\/2025\/09\/03\/ex-flamengo-faz-revelacao-envolvendo-saida-de-cuellar\/"]}]},{"@type":"ImageObject","inLanguage":"pt-BR","@id":"https:\/\/www.gaveanews.com\/index.php\/2025\/09\/03\/ex-flamengo-faz-revelacao-envolvendo-saida-de-cuellar\/#primaryimage","url":"https:\/\/www.gaveanews.com\/wp-content\/uploads\/Gustavo-Cuellar-pelo-Gremio.webp","contentUrl":"https:\/\/www.gaveanews.com\/wp-content\/uploads\/Gustavo-Cuellar-pelo-Gremio.webp","width":1448,"height":1002,"caption":"Gustavo Cu\u00e9llar pelo Gr\u00eamio (Foto: Lucas Uebel\/Gr\u00eamio)"},{"@type":"BreadcrumbList","@id":"https:\/\/www.gaveanews.com\/index.php\/2025\/09\/03\/ex-flamengo-faz-revelacao-envolvendo-saida-de-cuellar\/#breadcrumb","itemListElement":[{"@type":"ListItem","position":1,"name":"Home","item":"https:\/\/www.gaveanews.com\/"},{"@type":"ListItem","position":2,"name":"Ex-Flamengo faz revela\u00e7\u00e3o envolvendo sa\u00edda de Cu\u00e9llar"}]},{"@type":"WebSite","@id":"https:\/\/www.gaveanews.com\/#website","url":"https:\/\/www.gaveanews.com\/","name":"G\u00e1vea News","description":"Veja todas as not\u00edcias sobre o Flamengo: Contrata\u00e7\u00f5es, categorias de base, resultados das partidas, tabela de classifica\u00e7\u00e3o, pr\u00f3ximos jogos!","potentialAction":[{"@type":"SearchAction","target":{"@type":"EntryPoint","urlTemplate":"https:\/\/www.gaveanews.com\/?s={search_term_string}"},"query-input":{"@type":"PropertyValueSpecification","valueRequired":true,"valueName":"search_term_string"}}],"inLanguage":"pt-BR"},{"@type":"Person","@id":"https:\/\/www.gaveanews.com\/#\/schema\/person\/c88645e3d550d0b6574305e67dd5a716","name":"Reda\u00e7\u00e3o","image":{"@type":"ImageObject","inLanguage":"pt-BR","@id":"https:\/\/www.gaveanews.com\/#\/schema\/person\/image\/","url":"https:\/\/secure.gravatar.com\/avatar\/434098fd823f0dc1b062d14ca22bacaa6e38de28d8c816bbef6fc2f8c44d8ba3?s=96&d=mm&r=g","contentUrl":"https:\/\/secure.gravatar.com\/avatar\/434098fd823f0dc1b062d14ca22bacaa6e38de28d8c816bbef6fc2f8c44d8ba3?s=96&d=mm&r=g","caption":"Reda\u00e7\u00e3o"}}]}},"_links":{"self":[{"href":"https:\/\/www.gaveanews.com\/index.php\/wp-json\/wp\/v2\/posts\/275742","targetHints":{"allow":["GET"]}}],"collection":[{"href":"https:\/\/www.gaveanews.com\/index.php\/wp-json\/wp\/v2\/posts"}],"about":[{"href":"https:\/\/www.gaveanews.com\/index.php\/wp-json\/wp\/v2\/types\/post"}],"author":[{"embeddable":true,"href":"https:\/\/www.gaveanews.com\/index.php\/wp-json\/wp\/v2\/users\/39"}],"replies":[{"embeddable":true,"href":"https:\/\/www.gaveanews.com\/index.php\/wp-json\/wp\/v2\/comments?post=275742"}],"version-history":[{"count":1,"href":"https:\/\/www.gaveanews.com\/index.php\/wp-json\/wp\/v2\/posts\/275742\/revisions"}],"predecessor-version":[{"id":275744,"href":"https:\/\/www.gaveanews.com\/index.php\/wp-json\/wp\/v2\/posts\/275742\/revisions\/275744"}],"wp:featuredmedia":[{"embeddable":true,"href":"https:\/\/www.gaveanews.com\/index.php\/wp-json\/wp\/v2\/media\/253102"}],"wp:attachment":[{"href":"https:\/\/www.gaveanews.com\/index.php\/wp-json\/wp\/v2\/media?parent=275742"}],"wp:term":[{"taxonomy":"category","embeddable":true,"href":"https:\/\/www.gaveanews.com\/index.php\/wp-json\/wp\/v2\/categories?post=275742"},{"taxonomy":"post_tag","embeddable":true,"href":"https:\/\/www.gaveanews.com\/index.php\/wp-json\/wp\/v2\/tags?post=275742"}],"curies":[{"name":"wp","href":"https:\/\/api.w.org\/{rel}","templated":true}]}}