{"id":275750,"date":"2025-09-03T22:57:17","date_gmt":"2025-09-04T01:57:17","guid":{"rendered":"https:\/\/www.gaveanews.com\/?p=275750"},"modified":"2025-09-03T22:57:21","modified_gmt":"2025-09-04T01:57:21","slug":"gonzalo-plata-podera-voltar-ao-flamengo-de-forma-antecipada","status":"publish","type":"post","link":"https:\/\/www.gaveanews.com\/index.php\/2025\/09\/03\/gonzalo-plata-podera-voltar-ao-flamengo-de-forma-antecipada\/","title":{"rendered":"Gonzalo Plata poder\u00e1 voltar ao Flamengo de forma antecipada"},"content":{"rendered":"\n<p>Gonzalo Plata deixou o <a href=\"https:\/\/www.gaveanews.com\/index.php\/category\/brasileirao\/flamengo\/\" target=\"_blank\" rel=\"noopener noreferrer\">Flamengo<\/a> para servir \u00e0 sele\u00e7\u00e3o do Equador na Data Fifa, com jogos marcados para quinta-feira (04) e ter\u00e7a-feira (09). O primeiro compromisso ser\u00e1 contra o Paraguai, \u00e0s 20h30 (hor\u00e1rio de Bras\u00edlia), no Defensores del Chaco. Depois, a equipe equatoriana volta a campo pelas Eliminat\u00f3rias em partida que envolve a Argentina.<\/p>\n\n\n\n<p>O atacante est\u00e1 pendurado. Ele recebeu cart\u00e3o amarelo no duelo contra o Chile e entra em campo contra o Paraguai sob risco de suspens\u00e3o. Caso seja advertido novamente, cumprir\u00e1 puni\u00e7\u00e3o e ficar\u00e1 fora do confronto seguinte.<\/p>\n\n\n\n<p>Esse cen\u00e1rio \u00e9 visto como potencialmente positivo para o Flamengo, pois reduziria desgaste e risco de les\u00f5es do jogador durante a Data Fifa. No clube, Plata \u00e9 pe\u00e7a fundamental. Ele foi titular em 31 dos 38 jogos da temporada, com 4 gols e 8 assist\u00eancias, e mant\u00e9m o lado direito do ataque din\u00e2mico.<\/p>\n\n\n\n<p>Tudo indica que o equatoriano ser\u00e1 titular pelo lado direito do ataque. O t\u00e9cnico Sebasti\u00e1n Beccacece tem elogiado o atleta e o considera pe\u00e7a-chave. A prov\u00e1vel escala\u00e7\u00e3o do Equador \u00e9 a seguinte. Gal\u00edndez; Joel Ord\u00f3\u00f1ez (Preciado), Willian Pacho, Piero Hincapi\u00e9 e Estupi\u00f1\u00e1n. Mois\u00e9s Caicedo, Pedro Vite, Gonzalo Plata e Nilson Angulo (Jordy Alc\u00edvar). Alan Minda e Enner Valencia.<\/p>\n\n\n\n<p>Como t\u00e9cnico do Flamengo, Filipe Lu\u00eds j\u00e1 se posicionou contra convoca\u00e7\u00f5es de atletas do clube durante a Data Fifa. Ele disse preferir que os jogadores permane\u00e7am para treinar e descansar, declara\u00e7\u00e3o dada minutos antes da goleada por 8 a 0 sobre o Vit\u00f3ria, pela 21\u00aa rodada do Campeonato Brasileiro.<\/p>\n\n\n\n<p>\u201cEu particularmente tenho que pensar na nossa equipe, no que \u00e9 melhor para o Flamengo. E quanto menos convocados, melhor\u201d, disse Filipe.<\/p>\n\n\n\n<p>Ap\u00f3s a pausa, o Flamengo tem compromissos relevantes. A equipe enfrenta o Juventude no dia 14, no Alfredo Jaconi, \u00e0s 16 horas (hor\u00e1rio de Bras\u00edlia), pela 23\u00aa rodada do Campeonato Brasileiro. Poucos dias depois, recebe o Estudiantes no Maracan\u00e3 para o primeiro jogo das quartas de final da Libertadores, segundo as informa\u00e7\u00f5es publicadas.<\/p>\n\n\n\n<p>Al\u00e9m de Plata, o clube tem mais cinco convocados. Vi\u00f1a, Varela e Arrascaeta foram chamados pelo Uruguai, Samu Lino integra a sele\u00e7\u00e3o do Brasil e Carrascal est\u00e1 na lista da Col\u00f4mbia. J\u00e1 a sele\u00e7\u00e3o brasileira enfrenta o Chile, no Maracan\u00e3, e depois viaja para jogar na altitude contra a Bol\u00edvia. Todas as partidas ocorrem nos mesmos dias.<\/p>\n","protected":false},"excerpt":{"rendered":"<p>Gonzalo Plata deixou o Flamengo para servir \u00e0 sele\u00e7\u00e3o do Equador na Data Fifa, com jogos marcados para quinta-feira (04) e ter\u00e7a-feira (09). O primeiro compromisso ser\u00e1 contra o Paraguai, \u00e0s 20h30 (hor\u00e1rio de Bras\u00edlia), no Defensores del Chaco. Depois, a equipe equatoriana volta a campo pelas Eliminat\u00f3rias em partida que envolve a Argentina. O [&hellip;]<\/p>\n","protected":false},"author":39,"featured_media":273110,"comment_status":"open","ping_status":"closed","sticky":false,"template":"","format":"standard","meta":{"footnotes":""},"categories":[1],"tags":[],"class_list":["post-275750","post","type-post","status-publish","format-standard","has-post-thumbnail","hentry","category-flamengo"],"yoast_head":"<!-- This site is optimized with the Yoast SEO Premium plugin v24.2 (Yoast SEO v26.9) - https:\/\/yoast.com\/product\/yoast-seo-premium-wordpress\/ -->\n<title>Gonzalo Plata poder\u00e1 voltar ao Flamengo de forma antecipada<\/title>\n<meta name=\"robots\" content=\"index, follow, max-snippet:-1, max-image-preview:large, max-video-preview:-1\" \/>\n<link rel=\"canonical\" href=\"https:\/\/www.gaveanews.com\/index.php\/2025\/09\/03\/gonzalo-plata-podera-voltar-ao-flamengo-de-forma-antecipada\/\" \/>\n<meta property=\"og:locale\" content=\"pt_BR\" \/>\n<meta property=\"og:type\" content=\"article\" \/>\n<meta property=\"og:title\" content=\"Gonzalo Plata poder\u00e1 voltar ao Flamengo de forma antecipada\" \/>\n<meta property=\"og:description\" content=\"Gonzalo Plata deixou o Flamengo para servir \u00e0 sele\u00e7\u00e3o do Equador na Data Fifa, com jogos marcados para quinta-feira (04) e ter\u00e7a-feira (09). O primeiro compromisso ser\u00e1 contra o Paraguai, \u00e0s 20h30 (hor\u00e1rio de Bras\u00edlia), no Defensores del Chaco. Depois, a equipe equatoriana volta a campo pelas Eliminat\u00f3rias em partida que envolve a Argentina. O [&hellip;]\" \/>\n<meta property=\"og:url\" content=\"https:\/\/www.gaveanews.com\/index.php\/2025\/09\/03\/gonzalo-plata-podera-voltar-ao-flamengo-de-forma-antecipada\/\" \/>\n<meta property=\"og:site_name\" content=\"G\u00e1vea News\" \/>\n<meta property=\"article:publisher\" content=\"https:\/\/facebook.com\/gaveaNews\/\" \/>\n<meta property=\"article:published_time\" content=\"2025-09-04T01:57:17+00:00\" \/>\n<meta property=\"article:modified_time\" content=\"2025-09-04T01:57:21+00:00\" \/>\n<meta property=\"og:image\" content=\"http:\/\/www.gaveanews.com\/wp-content\/uploads\/Gonzalo-Plata-x-Hulk-Flamengo-x-Atletico-MG.png\" \/>\n\t<meta property=\"og:image:width\" content=\"1200\" \/>\n\t<meta property=\"og:image:height\" content=\"900\" \/>\n\t<meta property=\"og:image:type\" content=\"image\/png\" \/>\n<meta name=\"author\" content=\"Reda\u00e7\u00e3o\" \/>\n<meta name=\"twitter:card\" content=\"summary_large_image\" \/>\n<meta name=\"twitter:label1\" content=\"Escrito por\" \/>\n\t<meta name=\"twitter:data1\" content=\"Reda\u00e7\u00e3o\" \/>\n\t<meta name=\"twitter:label2\" content=\"Est. tempo de leitura\" \/>\n\t<meta name=\"twitter:data2\" content=\"3 minutos\" \/>\n<script type=\"application\/ld+json\" class=\"yoast-schema-graph\">{\"@context\":\"https:\/\/schema.org\",\"@graph\":[{\"@type\":\"NewsArticle\",\"@id\":\"https:\/\/www.gaveanews.com\/index.php\/2025\/09\/03\/gonzalo-plata-podera-voltar-ao-flamengo-de-forma-antecipada\/#article\",\"isPartOf\":{\"@id\":\"https:\/\/www.gaveanews.com\/index.php\/2025\/09\/03\/gonzalo-plata-podera-voltar-ao-flamengo-de-forma-antecipada\/\"},\"author\":{\"name\":\"Reda\u00e7\u00e3o\",\"@id\":\"https:\/\/www.gaveanews.com\/#\/schema\/person\/c88645e3d550d0b6574305e67dd5a716\"},\"headline\":\"Gonzalo Plata poder\u00e1 voltar ao Flamengo de forma antecipada\",\"datePublished\":\"2025-09-04T01:57:17+00:00\",\"dateModified\":\"2025-09-04T01:57:21+00:00\",\"mainEntityOfPage\":{\"@id\":\"https:\/\/www.gaveanews.com\/index.php\/2025\/09\/03\/gonzalo-plata-podera-voltar-ao-flamengo-de-forma-antecipada\/\"},\"wordCount\":414,\"commentCount\":0,\"image\":{\"@id\":\"https:\/\/www.gaveanews.com\/index.php\/2025\/09\/03\/gonzalo-plata-podera-voltar-ao-flamengo-de-forma-antecipada\/#primaryimage\"},\"thumbnailUrl\":\"https:\/\/www.gaveanews.com\/wp-content\/uploads\/Gonzalo-Plata-x-Hulk-Flamengo-x-Atletico-MG.png\",\"articleSection\":[\"Flamengo\"],\"inLanguage\":\"pt-BR\",\"potentialAction\":[{\"@type\":\"CommentAction\",\"name\":\"Comment\",\"target\":[\"https:\/\/www.gaveanews.com\/index.php\/2025\/09\/03\/gonzalo-plata-podera-voltar-ao-flamengo-de-forma-antecipada\/#respond\"]}],\"copyrightYear\":\"2025\",\"copyrightHolder\":{\"@id\":\"https:\/\/www.gaveanews.com\/#organization\"}},{\"@type\":\"WebPage\",\"@id\":\"https:\/\/www.gaveanews.com\/index.php\/2025\/09\/03\/gonzalo-plata-podera-voltar-ao-flamengo-de-forma-antecipada\/\",\"url\":\"https:\/\/www.gaveanews.com\/index.php\/2025\/09\/03\/gonzalo-plata-podera-voltar-ao-flamengo-de-forma-antecipada\/\",\"name\":\"Gonzalo Plata poder\u00e1 voltar ao Flamengo de forma antecipada\",\"isPartOf\":{\"@id\":\"https:\/\/www.gaveanews.com\/#website\"},\"primaryImageOfPage\":{\"@id\":\"https:\/\/www.gaveanews.com\/index.php\/2025\/09\/03\/gonzalo-plata-podera-voltar-ao-flamengo-de-forma-antecipada\/#primaryimage\"},\"image\":{\"@id\":\"https:\/\/www.gaveanews.com\/index.php\/2025\/09\/03\/gonzalo-plata-podera-voltar-ao-flamengo-de-forma-antecipada\/#primaryimage\"},\"thumbnailUrl\":\"https:\/\/www.gaveanews.com\/wp-content\/uploads\/Gonzalo-Plata-x-Hulk-Flamengo-x-Atletico-MG.png\",\"datePublished\":\"2025-09-04T01:57:17+00:00\",\"dateModified\":\"2025-09-04T01:57:21+00:00\",\"author\":{\"@id\":\"https:\/\/www.gaveanews.com\/#\/schema\/person\/c88645e3d550d0b6574305e67dd5a716\"},\"breadcrumb\":{\"@id\":\"https:\/\/www.gaveanews.com\/index.php\/2025\/09\/03\/gonzalo-plata-podera-voltar-ao-flamengo-de-forma-antecipada\/#breadcrumb\"},\"inLanguage\":\"pt-BR\",\"potentialAction\":[{\"@type\":\"ReadAction\",\"target\":[\"https:\/\/www.gaveanews.com\/index.php\/2025\/09\/03\/gonzalo-plata-podera-voltar-ao-flamengo-de-forma-antecipada\/\"]}]},{\"@type\":\"ImageObject\",\"inLanguage\":\"pt-BR\",\"@id\":\"https:\/\/www.gaveanews.com\/index.php\/2025\/09\/03\/gonzalo-plata-podera-voltar-ao-flamengo-de-forma-antecipada\/#primaryimage\",\"url\":\"https:\/\/www.gaveanews.com\/wp-content\/uploads\/Gonzalo-Plata-x-Hulk-Flamengo-x-Atletico-MG.png\",\"contentUrl\":\"https:\/\/www.gaveanews.com\/wp-content\/uploads\/Gonzalo-Plata-x-Hulk-Flamengo-x-Atletico-MG.png\",\"width\":1200,\"height\":900,\"caption\":\"Gonzalo Plata x Hulk - Flamengo x Atletico-MG (Foto: Adriano Fontes\/Flamengo)\"},{\"@type\":\"BreadcrumbList\",\"@id\":\"https:\/\/www.gaveanews.com\/index.php\/2025\/09\/03\/gonzalo-plata-podera-voltar-ao-flamengo-de-forma-antecipada\/#breadcrumb\",\"itemListElement\":[{\"@type\":\"ListItem\",\"position\":1,\"name\":\"Home\",\"item\":\"https:\/\/www.gaveanews.com\/\"},{\"@type\":\"ListItem\",\"position\":2,\"name\":\"Gonzalo Plata poder\u00e1 voltar ao Flamengo de forma antecipada\"}]},{\"@type\":\"WebSite\",\"@id\":\"https:\/\/www.gaveanews.com\/#website\",\"url\":\"https:\/\/www.gaveanews.com\/\",\"name\":\"G\u00e1vea News\",\"description\":\"Veja todas as not\u00edcias sobre o Flamengo: Contrata\u00e7\u00f5es, categorias de base, resultados das partidas, tabela de classifica\u00e7\u00e3o, pr\u00f3ximos jogos!\",\"potentialAction\":[{\"@type\":\"SearchAction\",\"target\":{\"@type\":\"EntryPoint\",\"urlTemplate\":\"https:\/\/www.gaveanews.com\/?s={search_term_string}\"},\"query-input\":{\"@type\":\"PropertyValueSpecification\",\"valueRequired\":true,\"valueName\":\"search_term_string\"}}],\"inLanguage\":\"pt-BR\"},{\"@type\":\"Person\",\"@id\":\"https:\/\/www.gaveanews.com\/#\/schema\/person\/c88645e3d550d0b6574305e67dd5a716\",\"name\":\"Reda\u00e7\u00e3o\",\"image\":{\"@type\":\"ImageObject\",\"inLanguage\":\"pt-BR\",\"@id\":\"https:\/\/www.gaveanews.com\/#\/schema\/person\/image\/\",\"url\":\"https:\/\/secure.gravatar.com\/avatar\/434098fd823f0dc1b062d14ca22bacaa6e38de28d8c816bbef6fc2f8c44d8ba3?s=96&d=mm&r=g\",\"contentUrl\":\"https:\/\/secure.gravatar.com\/avatar\/434098fd823f0dc1b062d14ca22bacaa6e38de28d8c816bbef6fc2f8c44d8ba3?s=96&d=mm&r=g\",\"caption\":\"Reda\u00e7\u00e3o\"}}]}<\/script>\n<!-- \/ Yoast SEO Premium plugin. -->","yoast_head_json":{"title":"Gonzalo Plata poder\u00e1 voltar ao Flamengo de forma antecipada","robots":{"index":"index","follow":"follow","max-snippet":"max-snippet:-1","max-image-preview":"max-image-preview:large","max-video-preview":"max-video-preview:-1"},"canonical":"https:\/\/www.gaveanews.com\/index.php\/2025\/09\/03\/gonzalo-plata-podera-voltar-ao-flamengo-de-forma-antecipada\/","og_locale":"pt_BR","og_type":"article","og_title":"Gonzalo Plata poder\u00e1 voltar ao Flamengo de forma antecipada","og_description":"Gonzalo Plata deixou o Flamengo para servir \u00e0 sele\u00e7\u00e3o do Equador na Data Fifa, com jogos marcados para quinta-feira (04) e ter\u00e7a-feira (09). O primeiro compromisso ser\u00e1 contra o Paraguai, \u00e0s 20h30 (hor\u00e1rio de Bras\u00edlia), no Defensores del Chaco. Depois, a equipe equatoriana volta a campo pelas Eliminat\u00f3rias em partida que envolve a Argentina. O [&hellip;]","og_url":"https:\/\/www.gaveanews.com\/index.php\/2025\/09\/03\/gonzalo-plata-podera-voltar-ao-flamengo-de-forma-antecipada\/","og_site_name":"G\u00e1vea News","article_publisher":"https:\/\/facebook.com\/gaveaNews\/","article_published_time":"2025-09-04T01:57:17+00:00","article_modified_time":"2025-09-04T01:57:21+00:00","og_image":[{"width":1200,"height":900,"url":"http:\/\/www.gaveanews.com\/wp-content\/uploads\/Gonzalo-Plata-x-Hulk-Flamengo-x-Atletico-MG.png","type":"image\/png"}],"author":"Reda\u00e7\u00e3o","twitter_card":"summary_large_image","twitter_misc":{"Escrito por":"Reda\u00e7\u00e3o","Est. tempo de leitura":"3 minutos"},"schema":{"@context":"https:\/\/schema.org","@graph":[{"@type":"NewsArticle","@id":"https:\/\/www.gaveanews.com\/index.php\/2025\/09\/03\/gonzalo-plata-podera-voltar-ao-flamengo-de-forma-antecipada\/#article","isPartOf":{"@id":"https:\/\/www.gaveanews.com\/index.php\/2025\/09\/03\/gonzalo-plata-podera-voltar-ao-flamengo-de-forma-antecipada\/"},"author":{"name":"Reda\u00e7\u00e3o","@id":"https:\/\/www.gaveanews.com\/#\/schema\/person\/c88645e3d550d0b6574305e67dd5a716"},"headline":"Gonzalo Plata poder\u00e1 voltar ao Flamengo de forma antecipada","datePublished":"2025-09-04T01:57:17+00:00","dateModified":"2025-09-04T01:57:21+00:00","mainEntityOfPage":{"@id":"https:\/\/www.gaveanews.com\/index.php\/2025\/09\/03\/gonzalo-plata-podera-voltar-ao-flamengo-de-forma-antecipada\/"},"wordCount":414,"commentCount":0,"image":{"@id":"https:\/\/www.gaveanews.com\/index.php\/2025\/09\/03\/gonzalo-plata-podera-voltar-ao-flamengo-de-forma-antecipada\/#primaryimage"},"thumbnailUrl":"https:\/\/www.gaveanews.com\/wp-content\/uploads\/Gonzalo-Plata-x-Hulk-Flamengo-x-Atletico-MG.png","articleSection":["Flamengo"],"inLanguage":"pt-BR","potentialAction":[{"@type":"CommentAction","name":"Comment","target":["https:\/\/www.gaveanews.com\/index.php\/2025\/09\/03\/gonzalo-plata-podera-voltar-ao-flamengo-de-forma-antecipada\/#respond"]}],"copyrightYear":"2025","copyrightHolder":{"@id":"https:\/\/www.gaveanews.com\/#organization"}},{"@type":"WebPage","@id":"https:\/\/www.gaveanews.com\/index.php\/2025\/09\/03\/gonzalo-plata-podera-voltar-ao-flamengo-de-forma-antecipada\/","url":"https:\/\/www.gaveanews.com\/index.php\/2025\/09\/03\/gonzalo-plata-podera-voltar-ao-flamengo-de-forma-antecipada\/","name":"Gonzalo Plata poder\u00e1 voltar ao Flamengo de forma antecipada","isPartOf":{"@id":"https:\/\/www.gaveanews.com\/#website"},"primaryImageOfPage":{"@id":"https:\/\/www.gaveanews.com\/index.php\/2025\/09\/03\/gonzalo-plata-podera-voltar-ao-flamengo-de-forma-antecipada\/#primaryimage"},"image":{"@id":"https:\/\/www.gaveanews.com\/index.php\/2025\/09\/03\/gonzalo-plata-podera-voltar-ao-flamengo-de-forma-antecipada\/#primaryimage"},"thumbnailUrl":"https:\/\/www.gaveanews.com\/wp-content\/uploads\/Gonzalo-Plata-x-Hulk-Flamengo-x-Atletico-MG.png","datePublished":"2025-09-04T01:57:17+00:00","dateModified":"2025-09-04T01:57:21+00:00","author":{"@id":"https:\/\/www.gaveanews.com\/#\/schema\/person\/c88645e3d550d0b6574305e67dd5a716"},"breadcrumb":{"@id":"https:\/\/www.gaveanews.com\/index.php\/2025\/09\/03\/gonzalo-plata-podera-voltar-ao-flamengo-de-forma-antecipada\/#breadcrumb"},"inLanguage":"pt-BR","potentialAction":[{"@type":"ReadAction","target":["https:\/\/www.gaveanews.com\/index.php\/2025\/09\/03\/gonzalo-plata-podera-voltar-ao-flamengo-de-forma-antecipada\/"]}]},{"@type":"ImageObject","inLanguage":"pt-BR","@id":"https:\/\/www.gaveanews.com\/index.php\/2025\/09\/03\/gonzalo-plata-podera-voltar-ao-flamengo-de-forma-antecipada\/#primaryimage","url":"https:\/\/www.gaveanews.com\/wp-content\/uploads\/Gonzalo-Plata-x-Hulk-Flamengo-x-Atletico-MG.png","contentUrl":"https:\/\/www.gaveanews.com\/wp-content\/uploads\/Gonzalo-Plata-x-Hulk-Flamengo-x-Atletico-MG.png","width":1200,"height":900,"caption":"Gonzalo Plata x Hulk - Flamengo x Atletico-MG (Foto: Adriano Fontes\/Flamengo)"},{"@type":"BreadcrumbList","@id":"https:\/\/www.gaveanews.com\/index.php\/2025\/09\/03\/gonzalo-plata-podera-voltar-ao-flamengo-de-forma-antecipada\/#breadcrumb","itemListElement":[{"@type":"ListItem","position":1,"name":"Home","item":"https:\/\/www.gaveanews.com\/"},{"@type":"ListItem","position":2,"name":"Gonzalo Plata poder\u00e1 voltar ao Flamengo de forma antecipada"}]},{"@type":"WebSite","@id":"https:\/\/www.gaveanews.com\/#website","url":"https:\/\/www.gaveanews.com\/","name":"G\u00e1vea News","description":"Veja todas as not\u00edcias sobre o Flamengo: Contrata\u00e7\u00f5es, categorias de base, resultados das partidas, tabela de classifica\u00e7\u00e3o, pr\u00f3ximos jogos!","potentialAction":[{"@type":"SearchAction","target":{"@type":"EntryPoint","urlTemplate":"https:\/\/www.gaveanews.com\/?s={search_term_string}"},"query-input":{"@type":"PropertyValueSpecification","valueRequired":true,"valueName":"search_term_string"}}],"inLanguage":"pt-BR"},{"@type":"Person","@id":"https:\/\/www.gaveanews.com\/#\/schema\/person\/c88645e3d550d0b6574305e67dd5a716","name":"Reda\u00e7\u00e3o","image":{"@type":"ImageObject","inLanguage":"pt-BR","@id":"https:\/\/www.gaveanews.com\/#\/schema\/person\/image\/","url":"https:\/\/secure.gravatar.com\/avatar\/434098fd823f0dc1b062d14ca22bacaa6e38de28d8c816bbef6fc2f8c44d8ba3?s=96&d=mm&r=g","contentUrl":"https:\/\/secure.gravatar.com\/avatar\/434098fd823f0dc1b062d14ca22bacaa6e38de28d8c816bbef6fc2f8c44d8ba3?s=96&d=mm&r=g","caption":"Reda\u00e7\u00e3o"}}]}},"_links":{"self":[{"href":"https:\/\/www.gaveanews.com\/index.php\/wp-json\/wp\/v2\/posts\/275750","targetHints":{"allow":["GET"]}}],"collection":[{"href":"https:\/\/www.gaveanews.com\/index.php\/wp-json\/wp\/v2\/posts"}],"about":[{"href":"https:\/\/www.gaveanews.com\/index.php\/wp-json\/wp\/v2\/types\/post"}],"author":[{"embeddable":true,"href":"https:\/\/www.gaveanews.com\/index.php\/wp-json\/wp\/v2\/users\/39"}],"replies":[{"embeddable":true,"href":"https:\/\/www.gaveanews.com\/index.php\/wp-json\/wp\/v2\/comments?post=275750"}],"version-history":[{"count":1,"href":"https:\/\/www.gaveanews.com\/index.php\/wp-json\/wp\/v2\/posts\/275750\/revisions"}],"predecessor-version":[{"id":275752,"href":"https:\/\/www.gaveanews.com\/index.php\/wp-json\/wp\/v2\/posts\/275750\/revisions\/275752"}],"wp:featuredmedia":[{"embeddable":true,"href":"https:\/\/www.gaveanews.com\/index.php\/wp-json\/wp\/v2\/media\/273110"}],"wp:attachment":[{"href":"https:\/\/www.gaveanews.com\/index.php\/wp-json\/wp\/v2\/media?parent=275750"}],"wp:term":[{"taxonomy":"category","embeddable":true,"href":"https:\/\/www.gaveanews.com\/index.php\/wp-json\/wp\/v2\/categories?post=275750"},{"taxonomy":"post_tag","embeddable":true,"href":"https:\/\/www.gaveanews.com\/index.php\/wp-json\/wp\/v2\/tags?post=275750"}],"curies":[{"name":"wp","href":"https:\/\/api.w.org\/{rel}","templated":true}]}}