{"id":275754,"date":"2025-09-03T23:13:59","date_gmt":"2025-09-04T02:13:59","guid":{"rendered":"https:\/\/www.gaveanews.com\/?p=275754"},"modified":"2025-09-03T23:14:04","modified_gmt":"2025-09-04T02:14:04","slug":"filipe-luis-no-bayer-imprensa-da-europa-esclarece-cenario","status":"publish","type":"post","link":"https:\/\/www.gaveanews.com\/index.php\/2025\/09\/03\/filipe-luis-no-bayer-imprensa-da-europa-esclarece-cenario\/","title":{"rendered":"Filipe Lu\u00eds no Bayer? Imprensa da Europa esclarece cen\u00e1rio"},"content":{"rendered":"\n<p>O Bayer Leverkusen procura um novo treinador ap\u00f3s a demiss\u00e3o do holand\u00eas Erik ten Hag. Nesse contexto, alternativas passaram a ser debatidas na Europa para conduzir o atual elenco do clube alem\u00e3o. J\u00e1 no Brasil, o t\u00e9cnico Filipe Lu\u00eds comanda o <a href=\"https:\/\/www.gaveanews.com\/index.php\/category\/brasileirao\/flamengo\/\" target=\"_blank\" rel=\"noopener noreferrer\">Flamengo<\/a> e tem v\u00ednculo vigente at\u00e9 dezembro deste ano.<\/p>\n\n\n\n<p>Al\u00e9m disso, o que chama aten\u00e7\u00e3o \u00e9 que em julho, durante a pr\u00e9-temporada do Leverkusen no Rio de Janeiro, o diretor esportivo Simon Rolfes elogiou publicamente Filipe Lu\u00eds. A declara\u00e7\u00e3o ocorreu ap\u00f3s um amistoso contra a equipe sub-20 do Flamengo e refor\u00e7ou a rela\u00e7\u00e3o entre ambos, iniciada quando o dirigente tentou contratar o ent\u00e3o lateral em 2019.<\/p>\n\n\n\n<p>Segundo o jornalista Patrick Scherer, especializado no clube, o trabalho de Filipe Lu\u00eds entrou no radar da diretoria do Bayer Leverkusen. Entretanto, o contexto da equipe levaria os dirigentes a buscar uma solu\u00e7\u00e3o considerada menos arriscada do que apostar em um t\u00e9cnico em in\u00edcio de carreira no Brasil.<\/p>\n\n\n\n<p>&#8220;Filipe Lu\u00eds, do Flamengo, \u00e9 um candidato empolgante &#8211; ele se d\u00e1 muito bem com Simon (Rolfes) [diretor esportivo do Bayer Leverkusen], que j\u00e1 queria contrat\u00e1-lo quando ele ainda era jogador. (\u2026) Entretanto, considerando a situa\u00e7\u00e3o em que est\u00e1 (o Bayer Leverkusen), acho que eles v\u00e3o optar por uma solu\u00e7\u00e3o menos arriscada&#8221;.<\/p>\n\n\n\n<p>Enquanto isso, Filipe Lu\u00eds tem refor\u00e7ado publicamente a inten\u00e7\u00e3o de seguir no Flamengo. Em entrevista recente, o treinador indicou que uma renova\u00e7\u00e3o \u00e9 a decis\u00e3o mais prov\u00e1vel e destacou que prefere conduzir as conversas com calma.<\/p>\n\n\n\n<p>\u201cMuito f\u00e1cil. Eu quero ficar e o clube quer que eu fique. N\u00e3o tem outro caminho, n\u00e9? Ent\u00e3o, assim, eu n\u00e3o tenho pressa. Tivemos o Mundial pela frente e foram noites e noites a\u00ed, n\u00e3o sem dormir, sen\u00e3o acordando no meio da noite com preocupa\u00e7\u00f5es. Ent\u00e3o eu gosto de fazer algumas coisas com calma. Sempre deixei muito claro ao presidente o que eu penso, como eu acredito, como eu enxergo o jogo e os princ\u00edpios e valores que eu tenho. Muito feliz de o clube acreditar tamb\u00e9m na ideia e n\u00e3o tenho d\u00favida que vai se resolver o antes poss\u00edvel&#8221;, afirmou o t\u00e9cnico.<\/p>\n\n\n\n<p>Al\u00e9m do brasileiro, o Bayer Leverkusen avalia outros nomes para o cargo. Entre os citados est\u00e3o Ra\u00fal Gonz\u00e1lez, que est\u00e1 sem clube desde que deixou o Real Madrid Castilla, e Ange Postecoglou, livre ap\u00f3s o Tottenham. <\/p>\n","protected":false},"excerpt":{"rendered":"<p>O Bayer Leverkusen procura um novo treinador ap\u00f3s a demiss\u00e3o do holand\u00eas Erik ten Hag. Nesse contexto, alternativas passaram a ser debatidas na Europa para conduzir o atual elenco do clube alem\u00e3o. J\u00e1 no Brasil, o t\u00e9cnico Filipe Lu\u00eds comanda o Flamengo e tem v\u00ednculo vigente at\u00e9 dezembro deste ano. Al\u00e9m disso, o que chama [&hellip;]<\/p>\n","protected":false},"author":39,"featured_media":171095,"comment_status":"open","ping_status":"closed","sticky":false,"template":"","format":"standard","meta":{"footnotes":""},"categories":[1],"tags":[],"class_list":["post-275754","post","type-post","status-publish","format-standard","has-post-thumbnail","hentry","category-flamengo"],"yoast_head":"<!-- This site is optimized with the Yoast SEO Premium plugin v24.2 (Yoast SEO v26.9) - https:\/\/yoast.com\/product\/yoast-seo-premium-wordpress\/ -->\n<title>Filipe Lu\u00eds no Bayer? Imprensa da Europa esclarece cen\u00e1rio<\/title>\n<meta name=\"robots\" content=\"index, follow, max-snippet:-1, max-image-preview:large, max-video-preview:-1\" \/>\n<link rel=\"canonical\" href=\"https:\/\/www.gaveanews.com\/index.php\/2025\/09\/03\/filipe-luis-no-bayer-imprensa-da-europa-esclarece-cenario\/\" \/>\n<meta property=\"og:locale\" content=\"pt_BR\" \/>\n<meta property=\"og:type\" content=\"article\" \/>\n<meta property=\"og:title\" content=\"Filipe Lu\u00eds no Bayer? Imprensa da Europa esclarece cen\u00e1rio\" \/>\n<meta property=\"og:description\" content=\"O Bayer Leverkusen procura um novo treinador ap\u00f3s a demiss\u00e3o do holand\u00eas Erik ten Hag. Nesse contexto, alternativas passaram a ser debatidas na Europa para conduzir o atual elenco do clube alem\u00e3o. J\u00e1 no Brasil, o t\u00e9cnico Filipe Lu\u00eds comanda o Flamengo e tem v\u00ednculo vigente at\u00e9 dezembro deste ano. Al\u00e9m disso, o que chama [&hellip;]\" \/>\n<meta property=\"og:url\" content=\"https:\/\/www.gaveanews.com\/index.php\/2025\/09\/03\/filipe-luis-no-bayer-imprensa-da-europa-esclarece-cenario\/\" \/>\n<meta property=\"og:site_name\" content=\"G\u00e1vea News\" \/>\n<meta property=\"article:publisher\" content=\"https:\/\/facebook.com\/gaveaNews\/\" \/>\n<meta property=\"article:published_time\" content=\"2025-09-04T02:13:59+00:00\" \/>\n<meta property=\"article:modified_time\" content=\"2025-09-04T02:14:04+00:00\" \/>\n<meta property=\"og:image\" content=\"http:\/\/www.gaveanews.com\/wp-content\/uploads\/Filipe-Luis-estreia-como-tecnico-do-Flamengo-em-jogo-contra-o-Corinthians-pela-Copa-do-Brasil-no-Maracana.webp\" \/>\n\t<meta property=\"og:image:width\" content=\"753\" \/>\n\t<meta property=\"og:image:height\" content=\"504\" \/>\n\t<meta property=\"og:image:type\" content=\"image\/jpeg\" \/>\n<meta name=\"author\" content=\"Reda\u00e7\u00e3o\" \/>\n<meta name=\"twitter:card\" content=\"summary_large_image\" \/>\n<meta name=\"twitter:label1\" content=\"Escrito por\" \/>\n\t<meta name=\"twitter:data1\" content=\"Reda\u00e7\u00e3o\" \/>\n\t<meta name=\"twitter:label2\" content=\"Est. tempo de leitura\" \/>\n\t<meta name=\"twitter:data2\" content=\"3 minutos\" \/>\n<script type=\"application\/ld+json\" class=\"yoast-schema-graph\">{\"@context\":\"https:\/\/schema.org\",\"@graph\":[{\"@type\":\"NewsArticle\",\"@id\":\"https:\/\/www.gaveanews.com\/index.php\/2025\/09\/03\/filipe-luis-no-bayer-imprensa-da-europa-esclarece-cenario\/#article\",\"isPartOf\":{\"@id\":\"https:\/\/www.gaveanews.com\/index.php\/2025\/09\/03\/filipe-luis-no-bayer-imprensa-da-europa-esclarece-cenario\/\"},\"author\":{\"name\":\"Reda\u00e7\u00e3o\",\"@id\":\"https:\/\/www.gaveanews.com\/#\/schema\/person\/c88645e3d550d0b6574305e67dd5a716\"},\"headline\":\"Filipe Lu\u00eds no Bayer? Imprensa da Europa esclarece cen\u00e1rio\",\"datePublished\":\"2025-09-04T02:13:59+00:00\",\"dateModified\":\"2025-09-04T02:14:04+00:00\",\"mainEntityOfPage\":{\"@id\":\"https:\/\/www.gaveanews.com\/index.php\/2025\/09\/03\/filipe-luis-no-bayer-imprensa-da-europa-esclarece-cenario\/\"},\"wordCount\":438,\"commentCount\":0,\"image\":{\"@id\":\"https:\/\/www.gaveanews.com\/index.php\/2025\/09\/03\/filipe-luis-no-bayer-imprensa-da-europa-esclarece-cenario\/#primaryimage\"},\"thumbnailUrl\":\"https:\/\/www.gaveanews.com\/wp-content\/uploads\/Filipe-Luis-estreia-como-tecnico-do-Flamengo-em-jogo-contra-o-Corinthians-pela-Copa-do-Brasil-no-Maracana.webp\",\"articleSection\":[\"Flamengo\"],\"inLanguage\":\"pt-BR\",\"potentialAction\":[{\"@type\":\"CommentAction\",\"name\":\"Comment\",\"target\":[\"https:\/\/www.gaveanews.com\/index.php\/2025\/09\/03\/filipe-luis-no-bayer-imprensa-da-europa-esclarece-cenario\/#respond\"]}],\"copyrightYear\":\"2025\",\"copyrightHolder\":{\"@id\":\"https:\/\/www.gaveanews.com\/#organization\"}},{\"@type\":\"WebPage\",\"@id\":\"https:\/\/www.gaveanews.com\/index.php\/2025\/09\/03\/filipe-luis-no-bayer-imprensa-da-europa-esclarece-cenario\/\",\"url\":\"https:\/\/www.gaveanews.com\/index.php\/2025\/09\/03\/filipe-luis-no-bayer-imprensa-da-europa-esclarece-cenario\/\",\"name\":\"Filipe Lu\u00eds no Bayer? Imprensa da Europa esclarece cen\u00e1rio\",\"isPartOf\":{\"@id\":\"https:\/\/www.gaveanews.com\/#website\"},\"primaryImageOfPage\":{\"@id\":\"https:\/\/www.gaveanews.com\/index.php\/2025\/09\/03\/filipe-luis-no-bayer-imprensa-da-europa-esclarece-cenario\/#primaryimage\"},\"image\":{\"@id\":\"https:\/\/www.gaveanews.com\/index.php\/2025\/09\/03\/filipe-luis-no-bayer-imprensa-da-europa-esclarece-cenario\/#primaryimage\"},\"thumbnailUrl\":\"https:\/\/www.gaveanews.com\/wp-content\/uploads\/Filipe-Luis-estreia-como-tecnico-do-Flamengo-em-jogo-contra-o-Corinthians-pela-Copa-do-Brasil-no-Maracana.webp\",\"datePublished\":\"2025-09-04T02:13:59+00:00\",\"dateModified\":\"2025-09-04T02:14:04+00:00\",\"author\":{\"@id\":\"https:\/\/www.gaveanews.com\/#\/schema\/person\/c88645e3d550d0b6574305e67dd5a716\"},\"breadcrumb\":{\"@id\":\"https:\/\/www.gaveanews.com\/index.php\/2025\/09\/03\/filipe-luis-no-bayer-imprensa-da-europa-esclarece-cenario\/#breadcrumb\"},\"inLanguage\":\"pt-BR\",\"potentialAction\":[{\"@type\":\"ReadAction\",\"target\":[\"https:\/\/www.gaveanews.com\/index.php\/2025\/09\/03\/filipe-luis-no-bayer-imprensa-da-europa-esclarece-cenario\/\"]}]},{\"@type\":\"ImageObject\",\"inLanguage\":\"pt-BR\",\"@id\":\"https:\/\/www.gaveanews.com\/index.php\/2025\/09\/03\/filipe-luis-no-bayer-imprensa-da-europa-esclarece-cenario\/#primaryimage\",\"url\":\"https:\/\/www.gaveanews.com\/wp-content\/uploads\/Filipe-Luis-estreia-como-tecnico-do-Flamengo-em-jogo-contra-o-Corinthians-pela-Copa-do-Brasil-no-Maracana.webp\",\"contentUrl\":\"https:\/\/www.gaveanews.com\/wp-content\/uploads\/Filipe-Luis-estreia-como-tecnico-do-Flamengo-em-jogo-contra-o-Corinthians-pela-Copa-do-Brasil-no-Maracana.webp\",\"width\":753,\"height\":504,\"caption\":\"Filipe Lu\u00eds estreia como t\u00e9cnico do Flamengo em jogo contra o Corinthians, pela Copa do Brasil, no Maracan\u00e3 (Foto: Gilvan de Souza\/Flamengo)\"},{\"@type\":\"BreadcrumbList\",\"@id\":\"https:\/\/www.gaveanews.com\/index.php\/2025\/09\/03\/filipe-luis-no-bayer-imprensa-da-europa-esclarece-cenario\/#breadcrumb\",\"itemListElement\":[{\"@type\":\"ListItem\",\"position\":1,\"name\":\"Home\",\"item\":\"https:\/\/www.gaveanews.com\/\"},{\"@type\":\"ListItem\",\"position\":2,\"name\":\"Filipe Lu\u00eds no Bayer? Imprensa da Europa esclarece cen\u00e1rio\"}]},{\"@type\":\"WebSite\",\"@id\":\"https:\/\/www.gaveanews.com\/#website\",\"url\":\"https:\/\/www.gaveanews.com\/\",\"name\":\"G\u00e1vea News\",\"description\":\"Veja todas as not\u00edcias sobre o Flamengo: Contrata\u00e7\u00f5es, categorias de base, resultados das partidas, tabela de classifica\u00e7\u00e3o, pr\u00f3ximos jogos!\",\"potentialAction\":[{\"@type\":\"SearchAction\",\"target\":{\"@type\":\"EntryPoint\",\"urlTemplate\":\"https:\/\/www.gaveanews.com\/?s={search_term_string}\"},\"query-input\":{\"@type\":\"PropertyValueSpecification\",\"valueRequired\":true,\"valueName\":\"search_term_string\"}}],\"inLanguage\":\"pt-BR\"},{\"@type\":\"Person\",\"@id\":\"https:\/\/www.gaveanews.com\/#\/schema\/person\/c88645e3d550d0b6574305e67dd5a716\",\"name\":\"Reda\u00e7\u00e3o\",\"image\":{\"@type\":\"ImageObject\",\"inLanguage\":\"pt-BR\",\"@id\":\"https:\/\/www.gaveanews.com\/#\/schema\/person\/image\/\",\"url\":\"https:\/\/secure.gravatar.com\/avatar\/434098fd823f0dc1b062d14ca22bacaa6e38de28d8c816bbef6fc2f8c44d8ba3?s=96&d=mm&r=g\",\"contentUrl\":\"https:\/\/secure.gravatar.com\/avatar\/434098fd823f0dc1b062d14ca22bacaa6e38de28d8c816bbef6fc2f8c44d8ba3?s=96&d=mm&r=g\",\"caption\":\"Reda\u00e7\u00e3o\"}}]}<\/script>\n<!-- \/ Yoast SEO Premium plugin. -->","yoast_head_json":{"title":"Filipe Lu\u00eds no Bayer? Imprensa da Europa esclarece cen\u00e1rio","robots":{"index":"index","follow":"follow","max-snippet":"max-snippet:-1","max-image-preview":"max-image-preview:large","max-video-preview":"max-video-preview:-1"},"canonical":"https:\/\/www.gaveanews.com\/index.php\/2025\/09\/03\/filipe-luis-no-bayer-imprensa-da-europa-esclarece-cenario\/","og_locale":"pt_BR","og_type":"article","og_title":"Filipe Lu\u00eds no Bayer? Imprensa da Europa esclarece cen\u00e1rio","og_description":"O Bayer Leverkusen procura um novo treinador ap\u00f3s a demiss\u00e3o do holand\u00eas Erik ten Hag. Nesse contexto, alternativas passaram a ser debatidas na Europa para conduzir o atual elenco do clube alem\u00e3o. J\u00e1 no Brasil, o t\u00e9cnico Filipe Lu\u00eds comanda o Flamengo e tem v\u00ednculo vigente at\u00e9 dezembro deste ano. Al\u00e9m disso, o que chama [&hellip;]","og_url":"https:\/\/www.gaveanews.com\/index.php\/2025\/09\/03\/filipe-luis-no-bayer-imprensa-da-europa-esclarece-cenario\/","og_site_name":"G\u00e1vea News","article_publisher":"https:\/\/facebook.com\/gaveaNews\/","article_published_time":"2025-09-04T02:13:59+00:00","article_modified_time":"2025-09-04T02:14:04+00:00","og_image":[{"width":753,"height":504,"url":"http:\/\/www.gaveanews.com\/wp-content\/uploads\/Filipe-Luis-estreia-como-tecnico-do-Flamengo-em-jogo-contra-o-Corinthians-pela-Copa-do-Brasil-no-Maracana.webp","type":"image\/jpeg"}],"author":"Reda\u00e7\u00e3o","twitter_card":"summary_large_image","twitter_misc":{"Escrito por":"Reda\u00e7\u00e3o","Est. tempo de leitura":"3 minutos"},"schema":{"@context":"https:\/\/schema.org","@graph":[{"@type":"NewsArticle","@id":"https:\/\/www.gaveanews.com\/index.php\/2025\/09\/03\/filipe-luis-no-bayer-imprensa-da-europa-esclarece-cenario\/#article","isPartOf":{"@id":"https:\/\/www.gaveanews.com\/index.php\/2025\/09\/03\/filipe-luis-no-bayer-imprensa-da-europa-esclarece-cenario\/"},"author":{"name":"Reda\u00e7\u00e3o","@id":"https:\/\/www.gaveanews.com\/#\/schema\/person\/c88645e3d550d0b6574305e67dd5a716"},"headline":"Filipe Lu\u00eds no Bayer? Imprensa da Europa esclarece cen\u00e1rio","datePublished":"2025-09-04T02:13:59+00:00","dateModified":"2025-09-04T02:14:04+00:00","mainEntityOfPage":{"@id":"https:\/\/www.gaveanews.com\/index.php\/2025\/09\/03\/filipe-luis-no-bayer-imprensa-da-europa-esclarece-cenario\/"},"wordCount":438,"commentCount":0,"image":{"@id":"https:\/\/www.gaveanews.com\/index.php\/2025\/09\/03\/filipe-luis-no-bayer-imprensa-da-europa-esclarece-cenario\/#primaryimage"},"thumbnailUrl":"https:\/\/www.gaveanews.com\/wp-content\/uploads\/Filipe-Luis-estreia-como-tecnico-do-Flamengo-em-jogo-contra-o-Corinthians-pela-Copa-do-Brasil-no-Maracana.webp","articleSection":["Flamengo"],"inLanguage":"pt-BR","potentialAction":[{"@type":"CommentAction","name":"Comment","target":["https:\/\/www.gaveanews.com\/index.php\/2025\/09\/03\/filipe-luis-no-bayer-imprensa-da-europa-esclarece-cenario\/#respond"]}],"copyrightYear":"2025","copyrightHolder":{"@id":"https:\/\/www.gaveanews.com\/#organization"}},{"@type":"WebPage","@id":"https:\/\/www.gaveanews.com\/index.php\/2025\/09\/03\/filipe-luis-no-bayer-imprensa-da-europa-esclarece-cenario\/","url":"https:\/\/www.gaveanews.com\/index.php\/2025\/09\/03\/filipe-luis-no-bayer-imprensa-da-europa-esclarece-cenario\/","name":"Filipe Lu\u00eds no Bayer? Imprensa da Europa esclarece cen\u00e1rio","isPartOf":{"@id":"https:\/\/www.gaveanews.com\/#website"},"primaryImageOfPage":{"@id":"https:\/\/www.gaveanews.com\/index.php\/2025\/09\/03\/filipe-luis-no-bayer-imprensa-da-europa-esclarece-cenario\/#primaryimage"},"image":{"@id":"https:\/\/www.gaveanews.com\/index.php\/2025\/09\/03\/filipe-luis-no-bayer-imprensa-da-europa-esclarece-cenario\/#primaryimage"},"thumbnailUrl":"https:\/\/www.gaveanews.com\/wp-content\/uploads\/Filipe-Luis-estreia-como-tecnico-do-Flamengo-em-jogo-contra-o-Corinthians-pela-Copa-do-Brasil-no-Maracana.webp","datePublished":"2025-09-04T02:13:59+00:00","dateModified":"2025-09-04T02:14:04+00:00","author":{"@id":"https:\/\/www.gaveanews.com\/#\/schema\/person\/c88645e3d550d0b6574305e67dd5a716"},"breadcrumb":{"@id":"https:\/\/www.gaveanews.com\/index.php\/2025\/09\/03\/filipe-luis-no-bayer-imprensa-da-europa-esclarece-cenario\/#breadcrumb"},"inLanguage":"pt-BR","potentialAction":[{"@type":"ReadAction","target":["https:\/\/www.gaveanews.com\/index.php\/2025\/09\/03\/filipe-luis-no-bayer-imprensa-da-europa-esclarece-cenario\/"]}]},{"@type":"ImageObject","inLanguage":"pt-BR","@id":"https:\/\/www.gaveanews.com\/index.php\/2025\/09\/03\/filipe-luis-no-bayer-imprensa-da-europa-esclarece-cenario\/#primaryimage","url":"https:\/\/www.gaveanews.com\/wp-content\/uploads\/Filipe-Luis-estreia-como-tecnico-do-Flamengo-em-jogo-contra-o-Corinthians-pela-Copa-do-Brasil-no-Maracana.webp","contentUrl":"https:\/\/www.gaveanews.com\/wp-content\/uploads\/Filipe-Luis-estreia-como-tecnico-do-Flamengo-em-jogo-contra-o-Corinthians-pela-Copa-do-Brasil-no-Maracana.webp","width":753,"height":504,"caption":"Filipe Lu\u00eds estreia como t\u00e9cnico do Flamengo em jogo contra o Corinthians, pela Copa do Brasil, no Maracan\u00e3 (Foto: Gilvan de Souza\/Flamengo)"},{"@type":"BreadcrumbList","@id":"https:\/\/www.gaveanews.com\/index.php\/2025\/09\/03\/filipe-luis-no-bayer-imprensa-da-europa-esclarece-cenario\/#breadcrumb","itemListElement":[{"@type":"ListItem","position":1,"name":"Home","item":"https:\/\/www.gaveanews.com\/"},{"@type":"ListItem","position":2,"name":"Filipe Lu\u00eds no Bayer? Imprensa da Europa esclarece cen\u00e1rio"}]},{"@type":"WebSite","@id":"https:\/\/www.gaveanews.com\/#website","url":"https:\/\/www.gaveanews.com\/","name":"G\u00e1vea News","description":"Veja todas as not\u00edcias sobre o Flamengo: Contrata\u00e7\u00f5es, categorias de base, resultados das partidas, tabela de classifica\u00e7\u00e3o, pr\u00f3ximos jogos!","potentialAction":[{"@type":"SearchAction","target":{"@type":"EntryPoint","urlTemplate":"https:\/\/www.gaveanews.com\/?s={search_term_string}"},"query-input":{"@type":"PropertyValueSpecification","valueRequired":true,"valueName":"search_term_string"}}],"inLanguage":"pt-BR"},{"@type":"Person","@id":"https:\/\/www.gaveanews.com\/#\/schema\/person\/c88645e3d550d0b6574305e67dd5a716","name":"Reda\u00e7\u00e3o","image":{"@type":"ImageObject","inLanguage":"pt-BR","@id":"https:\/\/www.gaveanews.com\/#\/schema\/person\/image\/","url":"https:\/\/secure.gravatar.com\/avatar\/434098fd823f0dc1b062d14ca22bacaa6e38de28d8c816bbef6fc2f8c44d8ba3?s=96&d=mm&r=g","contentUrl":"https:\/\/secure.gravatar.com\/avatar\/434098fd823f0dc1b062d14ca22bacaa6e38de28d8c816bbef6fc2f8c44d8ba3?s=96&d=mm&r=g","caption":"Reda\u00e7\u00e3o"}}]}},"_links":{"self":[{"href":"https:\/\/www.gaveanews.com\/index.php\/wp-json\/wp\/v2\/posts\/275754","targetHints":{"allow":["GET"]}}],"collection":[{"href":"https:\/\/www.gaveanews.com\/index.php\/wp-json\/wp\/v2\/posts"}],"about":[{"href":"https:\/\/www.gaveanews.com\/index.php\/wp-json\/wp\/v2\/types\/post"}],"author":[{"embeddable":true,"href":"https:\/\/www.gaveanews.com\/index.php\/wp-json\/wp\/v2\/users\/39"}],"replies":[{"embeddable":true,"href":"https:\/\/www.gaveanews.com\/index.php\/wp-json\/wp\/v2\/comments?post=275754"}],"version-history":[{"count":1,"href":"https:\/\/www.gaveanews.com\/index.php\/wp-json\/wp\/v2\/posts\/275754\/revisions"}],"predecessor-version":[{"id":275762,"href":"https:\/\/www.gaveanews.com\/index.php\/wp-json\/wp\/v2\/posts\/275754\/revisions\/275762"}],"wp:featuredmedia":[{"embeddable":true,"href":"https:\/\/www.gaveanews.com\/index.php\/wp-json\/wp\/v2\/media\/171095"}],"wp:attachment":[{"href":"https:\/\/www.gaveanews.com\/index.php\/wp-json\/wp\/v2\/media?parent=275754"}],"wp:term":[{"taxonomy":"category","embeddable":true,"href":"https:\/\/www.gaveanews.com\/index.php\/wp-json\/wp\/v2\/categories?post=275754"},{"taxonomy":"post_tag","embeddable":true,"href":"https:\/\/www.gaveanews.com\/index.php\/wp-json\/wp\/v2\/tags?post=275754"}],"curies":[{"name":"wp","href":"https:\/\/api.w.org\/{rel}","templated":true}]}}