{"id":275765,"date":"2025-09-03T23:29:46","date_gmt":"2025-09-04T02:29:46","guid":{"rendered":"https:\/\/www.gaveanews.com\/?p=275765"},"modified":"2025-09-03T23:29:51","modified_gmt":"2025-09-04T02:29:51","slug":"a-declaracao-do-tecnico-da-colombia-envolvendo-o-flamengo","status":"publish","type":"post","link":"https:\/\/www.gaveanews.com\/index.php\/2025\/09\/03\/a-declaracao-do-tecnico-da-colombia-envolvendo-o-flamengo\/","title":{"rendered":"A declara\u00e7\u00e3o do t\u00e9cnico da Col\u00f4mbia envolvendo o Flamengo"},"content":{"rendered":"\n<p>Convocado para as duas \u00faltimas rodadas das Eliminat\u00f3rias, Jorge Carrascal se apresentou \u00e0 Sele\u00e7\u00e3o Colombiana j\u00e1 como jogador do <a href=\"https:\/\/www.gaveanews.com\/index.php\/category\/brasileirao\/flamengo\/\" target=\"_blank\" rel=\"noopener noreferrer\">Flamengo<\/a>. A equipe, que ocupa a sexta posi\u00e7\u00e3o, com 22 pontos, enfrenta a Bol\u00edvia na quinta-feira (04 de setembro), \u00e0s 20h30 (hor\u00e1rio de Bras\u00edlia), em Barranquilla. Depois encara a Venezuela na ter\u00e7a-feira (09 de setembro), em Monagas.<\/p>\n\n\n\n<p>Vale relembrar que o meia chegou ao clube carioca ap\u00f3s passagem pelo D\u00ednamo Moscou, em negocia\u00e7\u00e3o de 12 milh\u00f5es de euros (aproximadamente R$ 77 milh\u00f5es). Pelo Flamengo, ele soma apenas 68 minutos, com entradas no segundo tempo contra o Internacional, pela Libertadores e pelo Brasileir\u00e3o, e diante do Vit\u00f3ria. <\/p>\n\n\n\n<p>Questionado sobre a mudan\u00e7a, o t\u00e9cnico N\u00e9stor Lorenzo afirmou em coletiva que a ida ao Flamengo deve favorecer o desenvolvimento do jogador. Ele citou que o estilo da equipe pode potencializar caracter\u00edsticas do meio-campista, com foco em posse e progress\u00e3o. Tamb\u00e9m mencionou a import\u00e2ncia do controle emocional e da paci\u00eancia para criar espa\u00e7os.<\/p>\n\n\n\n<p>\u201cCada mudan\u00e7a tem um motivo. Carrascal vai se beneficiar do estilo do Flamengo, que prioriza toque curto, posse de bola e progress\u00e3o com qualidade. Todos esses fatores v\u00e3o ajud\u00e1-lo a se preparar melhor para os desafios internacionais\u201d.<\/p>\n\n\n\n<p>J\u00e1 a situa\u00e7\u00e3o da tabela ganha peso para o grupo colombiano. Afinal, a Col\u00f4mbia garante vaga direta na Copa do Mundo se vencer um de seus dois \u00faltimos jogos. <\/p>\n\n\n\n<p>Enquanto isso, Filipe Lu\u00eds destacou publicamente a habilidade do jogador: \u201c\u00c9 um jogador com qualidade extrema. Se tiver minutos em campo, todos poder\u00e3o ver o qu\u00e3o refinado ele \u00e9 tecnicamente. Tenho muita esperan\u00e7a de que ele se torne um \u00eddolo, porque \u00e9 o tipo de jogador que a torcida gosta de acompanhar. A forma como conduz a bola e cria oportunidades \u00e9 algo que pode marcar a hist\u00f3ria do clube nos pr\u00f3ximos anos\u201d.<\/p>\n","protected":false},"excerpt":{"rendered":"<p>Convocado para as duas \u00faltimas rodadas das Eliminat\u00f3rias, Jorge Carrascal se apresentou \u00e0 Sele\u00e7\u00e3o Colombiana j\u00e1 como jogador do Flamengo. A equipe, que ocupa a sexta posi\u00e7\u00e3o, com 22 pontos, enfrenta a Bol\u00edvia na quinta-feira (04 de setembro), \u00e0s 20h30 (hor\u00e1rio de Bras\u00edlia), em Barranquilla. Depois encara a Venezuela na ter\u00e7a-feira (09 de setembro), em [&hellip;]<\/p>\n","protected":false},"author":39,"featured_media":273528,"comment_status":"open","ping_status":"closed","sticky":false,"template":"","format":"standard","meta":{"footnotes":""},"categories":[1],"tags":[],"class_list":["post-275765","post","type-post","status-publish","format-standard","has-post-thumbnail","hentry","category-flamengo"],"yoast_head":"<!-- This site is optimized with the Yoast SEO Premium plugin v24.2 (Yoast SEO v26.9) - https:\/\/yoast.com\/product\/yoast-seo-premium-wordpress\/ -->\n<title>A declara\u00e7\u00e3o do t\u00e9cnico da Col\u00f4mbia envolvendo o Flamengo<\/title>\n<meta name=\"robots\" content=\"index, follow, max-snippet:-1, max-image-preview:large, max-video-preview:-1\" \/>\n<link rel=\"canonical\" href=\"https:\/\/www.gaveanews.com\/index.php\/2025\/09\/03\/a-declaracao-do-tecnico-da-colombia-envolvendo-o-flamengo\/\" \/>\n<meta property=\"og:locale\" content=\"pt_BR\" \/>\n<meta property=\"og:type\" content=\"article\" \/>\n<meta property=\"og:title\" content=\"A declara\u00e7\u00e3o do t\u00e9cnico da Col\u00f4mbia envolvendo o Flamengo\" \/>\n<meta property=\"og:description\" content=\"Convocado para as duas \u00faltimas rodadas das Eliminat\u00f3rias, Jorge Carrascal se apresentou \u00e0 Sele\u00e7\u00e3o Colombiana j\u00e1 como jogador do Flamengo. A equipe, que ocupa a sexta posi\u00e7\u00e3o, com 22 pontos, enfrenta a Bol\u00edvia na quinta-feira (04 de setembro), \u00e0s 20h30 (hor\u00e1rio de Bras\u00edlia), em Barranquilla. Depois encara a Venezuela na ter\u00e7a-feira (09 de setembro), em [&hellip;]\" \/>\n<meta property=\"og:url\" content=\"https:\/\/www.gaveanews.com\/index.php\/2025\/09\/03\/a-declaracao-do-tecnico-da-colombia-envolvendo-o-flamengo\/\" \/>\n<meta property=\"og:site_name\" content=\"G\u00e1vea News\" \/>\n<meta property=\"article:publisher\" content=\"https:\/\/facebook.com\/gaveaNews\/\" \/>\n<meta property=\"article:published_time\" content=\"2025-09-04T02:29:46+00:00\" \/>\n<meta property=\"article:modified_time\" content=\"2025-09-04T02:29:51+00:00\" \/>\n<meta property=\"og:image\" content=\"http:\/\/www.gaveanews.com\/wp-content\/uploads\/Carrascal-durante-apresentacao-no-Flamengo-scaled.webp\" \/>\n\t<meta property=\"og:image:width\" content=\"2560\" \/>\n\t<meta property=\"og:image:height\" content=\"1771\" \/>\n\t<meta property=\"og:image:type\" content=\"image\/webp\" \/>\n<meta name=\"author\" content=\"Reda\u00e7\u00e3o\" \/>\n<meta name=\"twitter:card\" content=\"summary_large_image\" \/>\n<meta name=\"twitter:label1\" content=\"Escrito por\" \/>\n\t<meta name=\"twitter:data1\" content=\"Reda\u00e7\u00e3o\" \/>\n\t<meta name=\"twitter:label2\" content=\"Est. tempo de leitura\" \/>\n\t<meta name=\"twitter:data2\" content=\"2 minutos\" \/>\n<script type=\"application\/ld+json\" class=\"yoast-schema-graph\">{\"@context\":\"https:\/\/schema.org\",\"@graph\":[{\"@type\":\"NewsArticle\",\"@id\":\"https:\/\/www.gaveanews.com\/index.php\/2025\/09\/03\/a-declaracao-do-tecnico-da-colombia-envolvendo-o-flamengo\/#article\",\"isPartOf\":{\"@id\":\"https:\/\/www.gaveanews.com\/index.php\/2025\/09\/03\/a-declaracao-do-tecnico-da-colombia-envolvendo-o-flamengo\/\"},\"author\":{\"name\":\"Reda\u00e7\u00e3o\",\"@id\":\"https:\/\/www.gaveanews.com\/#\/schema\/person\/c88645e3d550d0b6574305e67dd5a716\"},\"headline\":\"A declara\u00e7\u00e3o do t\u00e9cnico da Col\u00f4mbia envolvendo o Flamengo\",\"datePublished\":\"2025-09-04T02:29:46+00:00\",\"dateModified\":\"2025-09-04T02:29:51+00:00\",\"mainEntityOfPage\":{\"@id\":\"https:\/\/www.gaveanews.com\/index.php\/2025\/09\/03\/a-declaracao-do-tecnico-da-colombia-envolvendo-o-flamengo\/\"},\"wordCount\":333,\"commentCount\":0,\"image\":{\"@id\":\"https:\/\/www.gaveanews.com\/index.php\/2025\/09\/03\/a-declaracao-do-tecnico-da-colombia-envolvendo-o-flamengo\/#primaryimage\"},\"thumbnailUrl\":\"https:\/\/www.gaveanews.com\/wp-content\/uploads\/Carrascal-durante-apresentacao-no-Flamengo-scaled.webp\",\"articleSection\":[\"Flamengo\"],\"inLanguage\":\"pt-BR\",\"potentialAction\":[{\"@type\":\"CommentAction\",\"name\":\"Comment\",\"target\":[\"https:\/\/www.gaveanews.com\/index.php\/2025\/09\/03\/a-declaracao-do-tecnico-da-colombia-envolvendo-o-flamengo\/#respond\"]}],\"copyrightYear\":\"2025\",\"copyrightHolder\":{\"@id\":\"https:\/\/www.gaveanews.com\/#organization\"}},{\"@type\":\"WebPage\",\"@id\":\"https:\/\/www.gaveanews.com\/index.php\/2025\/09\/03\/a-declaracao-do-tecnico-da-colombia-envolvendo-o-flamengo\/\",\"url\":\"https:\/\/www.gaveanews.com\/index.php\/2025\/09\/03\/a-declaracao-do-tecnico-da-colombia-envolvendo-o-flamengo\/\",\"name\":\"A declara\u00e7\u00e3o do t\u00e9cnico da Col\u00f4mbia envolvendo o Flamengo\",\"isPartOf\":{\"@id\":\"https:\/\/www.gaveanews.com\/#website\"},\"primaryImageOfPage\":{\"@id\":\"https:\/\/www.gaveanews.com\/index.php\/2025\/09\/03\/a-declaracao-do-tecnico-da-colombia-envolvendo-o-flamengo\/#primaryimage\"},\"image\":{\"@id\":\"https:\/\/www.gaveanews.com\/index.php\/2025\/09\/03\/a-declaracao-do-tecnico-da-colombia-envolvendo-o-flamengo\/#primaryimage\"},\"thumbnailUrl\":\"https:\/\/www.gaveanews.com\/wp-content\/uploads\/Carrascal-durante-apresentacao-no-Flamengo-scaled.webp\",\"datePublished\":\"2025-09-04T02:29:46+00:00\",\"dateModified\":\"2025-09-04T02:29:51+00:00\",\"author\":{\"@id\":\"https:\/\/www.gaveanews.com\/#\/schema\/person\/c88645e3d550d0b6574305e67dd5a716\"},\"breadcrumb\":{\"@id\":\"https:\/\/www.gaveanews.com\/index.php\/2025\/09\/03\/a-declaracao-do-tecnico-da-colombia-envolvendo-o-flamengo\/#breadcrumb\"},\"inLanguage\":\"pt-BR\",\"potentialAction\":[{\"@type\":\"ReadAction\",\"target\":[\"https:\/\/www.gaveanews.com\/index.php\/2025\/09\/03\/a-declaracao-do-tecnico-da-colombia-envolvendo-o-flamengo\/\"]}]},{\"@type\":\"ImageObject\",\"inLanguage\":\"pt-BR\",\"@id\":\"https:\/\/www.gaveanews.com\/index.php\/2025\/09\/03\/a-declaracao-do-tecnico-da-colombia-envolvendo-o-flamengo\/#primaryimage\",\"url\":\"https:\/\/www.gaveanews.com\/wp-content\/uploads\/Carrascal-durante-apresentacao-no-Flamengo-scaled.webp\",\"contentUrl\":\"https:\/\/www.gaveanews.com\/wp-content\/uploads\/Carrascal-durante-apresentacao-no-Flamengo-scaled.webp\",\"width\":2560,\"height\":1771,\"caption\":\"Carrascal durante apresenta\u00e7\u00e3o no Flamengo (Foto: Adriano Fontes\/Flamengo)\"},{\"@type\":\"BreadcrumbList\",\"@id\":\"https:\/\/www.gaveanews.com\/index.php\/2025\/09\/03\/a-declaracao-do-tecnico-da-colombia-envolvendo-o-flamengo\/#breadcrumb\",\"itemListElement\":[{\"@type\":\"ListItem\",\"position\":1,\"name\":\"Home\",\"item\":\"https:\/\/www.gaveanews.com\/\"},{\"@type\":\"ListItem\",\"position\":2,\"name\":\"A declara\u00e7\u00e3o do t\u00e9cnico da Col\u00f4mbia envolvendo o Flamengo\"}]},{\"@type\":\"WebSite\",\"@id\":\"https:\/\/www.gaveanews.com\/#website\",\"url\":\"https:\/\/www.gaveanews.com\/\",\"name\":\"G\u00e1vea News\",\"description\":\"Veja todas as not\u00edcias sobre o Flamengo: Contrata\u00e7\u00f5es, categorias de base, resultados das partidas, tabela de classifica\u00e7\u00e3o, pr\u00f3ximos jogos!\",\"potentialAction\":[{\"@type\":\"SearchAction\",\"target\":{\"@type\":\"EntryPoint\",\"urlTemplate\":\"https:\/\/www.gaveanews.com\/?s={search_term_string}\"},\"query-input\":{\"@type\":\"PropertyValueSpecification\",\"valueRequired\":true,\"valueName\":\"search_term_string\"}}],\"inLanguage\":\"pt-BR\"},{\"@type\":\"Person\",\"@id\":\"https:\/\/www.gaveanews.com\/#\/schema\/person\/c88645e3d550d0b6574305e67dd5a716\",\"name\":\"Reda\u00e7\u00e3o\",\"image\":{\"@type\":\"ImageObject\",\"inLanguage\":\"pt-BR\",\"@id\":\"https:\/\/www.gaveanews.com\/#\/schema\/person\/image\/\",\"url\":\"https:\/\/secure.gravatar.com\/avatar\/434098fd823f0dc1b062d14ca22bacaa6e38de28d8c816bbef6fc2f8c44d8ba3?s=96&d=mm&r=g\",\"contentUrl\":\"https:\/\/secure.gravatar.com\/avatar\/434098fd823f0dc1b062d14ca22bacaa6e38de28d8c816bbef6fc2f8c44d8ba3?s=96&d=mm&r=g\",\"caption\":\"Reda\u00e7\u00e3o\"}}]}<\/script>\n<!-- \/ Yoast SEO Premium plugin. -->","yoast_head_json":{"title":"A declara\u00e7\u00e3o do t\u00e9cnico da Col\u00f4mbia envolvendo o Flamengo","robots":{"index":"index","follow":"follow","max-snippet":"max-snippet:-1","max-image-preview":"max-image-preview:large","max-video-preview":"max-video-preview:-1"},"canonical":"https:\/\/www.gaveanews.com\/index.php\/2025\/09\/03\/a-declaracao-do-tecnico-da-colombia-envolvendo-o-flamengo\/","og_locale":"pt_BR","og_type":"article","og_title":"A declara\u00e7\u00e3o do t\u00e9cnico da Col\u00f4mbia envolvendo o Flamengo","og_description":"Convocado para as duas \u00faltimas rodadas das Eliminat\u00f3rias, Jorge Carrascal se apresentou \u00e0 Sele\u00e7\u00e3o Colombiana j\u00e1 como jogador do Flamengo. A equipe, que ocupa a sexta posi\u00e7\u00e3o, com 22 pontos, enfrenta a Bol\u00edvia na quinta-feira (04 de setembro), \u00e0s 20h30 (hor\u00e1rio de Bras\u00edlia), em Barranquilla. Depois encara a Venezuela na ter\u00e7a-feira (09 de setembro), em [&hellip;]","og_url":"https:\/\/www.gaveanews.com\/index.php\/2025\/09\/03\/a-declaracao-do-tecnico-da-colombia-envolvendo-o-flamengo\/","og_site_name":"G\u00e1vea News","article_publisher":"https:\/\/facebook.com\/gaveaNews\/","article_published_time":"2025-09-04T02:29:46+00:00","article_modified_time":"2025-09-04T02:29:51+00:00","og_image":[{"width":2560,"height":1771,"url":"http:\/\/www.gaveanews.com\/wp-content\/uploads\/Carrascal-durante-apresentacao-no-Flamengo-scaled.webp","type":"image\/webp"}],"author":"Reda\u00e7\u00e3o","twitter_card":"summary_large_image","twitter_misc":{"Escrito por":"Reda\u00e7\u00e3o","Est. tempo de leitura":"2 minutos"},"schema":{"@context":"https:\/\/schema.org","@graph":[{"@type":"NewsArticle","@id":"https:\/\/www.gaveanews.com\/index.php\/2025\/09\/03\/a-declaracao-do-tecnico-da-colombia-envolvendo-o-flamengo\/#article","isPartOf":{"@id":"https:\/\/www.gaveanews.com\/index.php\/2025\/09\/03\/a-declaracao-do-tecnico-da-colombia-envolvendo-o-flamengo\/"},"author":{"name":"Reda\u00e7\u00e3o","@id":"https:\/\/www.gaveanews.com\/#\/schema\/person\/c88645e3d550d0b6574305e67dd5a716"},"headline":"A declara\u00e7\u00e3o do t\u00e9cnico da Col\u00f4mbia envolvendo o Flamengo","datePublished":"2025-09-04T02:29:46+00:00","dateModified":"2025-09-04T02:29:51+00:00","mainEntityOfPage":{"@id":"https:\/\/www.gaveanews.com\/index.php\/2025\/09\/03\/a-declaracao-do-tecnico-da-colombia-envolvendo-o-flamengo\/"},"wordCount":333,"commentCount":0,"image":{"@id":"https:\/\/www.gaveanews.com\/index.php\/2025\/09\/03\/a-declaracao-do-tecnico-da-colombia-envolvendo-o-flamengo\/#primaryimage"},"thumbnailUrl":"https:\/\/www.gaveanews.com\/wp-content\/uploads\/Carrascal-durante-apresentacao-no-Flamengo-scaled.webp","articleSection":["Flamengo"],"inLanguage":"pt-BR","potentialAction":[{"@type":"CommentAction","name":"Comment","target":["https:\/\/www.gaveanews.com\/index.php\/2025\/09\/03\/a-declaracao-do-tecnico-da-colombia-envolvendo-o-flamengo\/#respond"]}],"copyrightYear":"2025","copyrightHolder":{"@id":"https:\/\/www.gaveanews.com\/#organization"}},{"@type":"WebPage","@id":"https:\/\/www.gaveanews.com\/index.php\/2025\/09\/03\/a-declaracao-do-tecnico-da-colombia-envolvendo-o-flamengo\/","url":"https:\/\/www.gaveanews.com\/index.php\/2025\/09\/03\/a-declaracao-do-tecnico-da-colombia-envolvendo-o-flamengo\/","name":"A declara\u00e7\u00e3o do t\u00e9cnico da Col\u00f4mbia envolvendo o Flamengo","isPartOf":{"@id":"https:\/\/www.gaveanews.com\/#website"},"primaryImageOfPage":{"@id":"https:\/\/www.gaveanews.com\/index.php\/2025\/09\/03\/a-declaracao-do-tecnico-da-colombia-envolvendo-o-flamengo\/#primaryimage"},"image":{"@id":"https:\/\/www.gaveanews.com\/index.php\/2025\/09\/03\/a-declaracao-do-tecnico-da-colombia-envolvendo-o-flamengo\/#primaryimage"},"thumbnailUrl":"https:\/\/www.gaveanews.com\/wp-content\/uploads\/Carrascal-durante-apresentacao-no-Flamengo-scaled.webp","datePublished":"2025-09-04T02:29:46+00:00","dateModified":"2025-09-04T02:29:51+00:00","author":{"@id":"https:\/\/www.gaveanews.com\/#\/schema\/person\/c88645e3d550d0b6574305e67dd5a716"},"breadcrumb":{"@id":"https:\/\/www.gaveanews.com\/index.php\/2025\/09\/03\/a-declaracao-do-tecnico-da-colombia-envolvendo-o-flamengo\/#breadcrumb"},"inLanguage":"pt-BR","potentialAction":[{"@type":"ReadAction","target":["https:\/\/www.gaveanews.com\/index.php\/2025\/09\/03\/a-declaracao-do-tecnico-da-colombia-envolvendo-o-flamengo\/"]}]},{"@type":"ImageObject","inLanguage":"pt-BR","@id":"https:\/\/www.gaveanews.com\/index.php\/2025\/09\/03\/a-declaracao-do-tecnico-da-colombia-envolvendo-o-flamengo\/#primaryimage","url":"https:\/\/www.gaveanews.com\/wp-content\/uploads\/Carrascal-durante-apresentacao-no-Flamengo-scaled.webp","contentUrl":"https:\/\/www.gaveanews.com\/wp-content\/uploads\/Carrascal-durante-apresentacao-no-Flamengo-scaled.webp","width":2560,"height":1771,"caption":"Carrascal durante apresenta\u00e7\u00e3o no Flamengo (Foto: Adriano Fontes\/Flamengo)"},{"@type":"BreadcrumbList","@id":"https:\/\/www.gaveanews.com\/index.php\/2025\/09\/03\/a-declaracao-do-tecnico-da-colombia-envolvendo-o-flamengo\/#breadcrumb","itemListElement":[{"@type":"ListItem","position":1,"name":"Home","item":"https:\/\/www.gaveanews.com\/"},{"@type":"ListItem","position":2,"name":"A declara\u00e7\u00e3o do t\u00e9cnico da Col\u00f4mbia envolvendo o Flamengo"}]},{"@type":"WebSite","@id":"https:\/\/www.gaveanews.com\/#website","url":"https:\/\/www.gaveanews.com\/","name":"G\u00e1vea News","description":"Veja todas as not\u00edcias sobre o Flamengo: Contrata\u00e7\u00f5es, categorias de base, resultados das partidas, tabela de classifica\u00e7\u00e3o, pr\u00f3ximos jogos!","potentialAction":[{"@type":"SearchAction","target":{"@type":"EntryPoint","urlTemplate":"https:\/\/www.gaveanews.com\/?s={search_term_string}"},"query-input":{"@type":"PropertyValueSpecification","valueRequired":true,"valueName":"search_term_string"}}],"inLanguage":"pt-BR"},{"@type":"Person","@id":"https:\/\/www.gaveanews.com\/#\/schema\/person\/c88645e3d550d0b6574305e67dd5a716","name":"Reda\u00e7\u00e3o","image":{"@type":"ImageObject","inLanguage":"pt-BR","@id":"https:\/\/www.gaveanews.com\/#\/schema\/person\/image\/","url":"https:\/\/secure.gravatar.com\/avatar\/434098fd823f0dc1b062d14ca22bacaa6e38de28d8c816bbef6fc2f8c44d8ba3?s=96&d=mm&r=g","contentUrl":"https:\/\/secure.gravatar.com\/avatar\/434098fd823f0dc1b062d14ca22bacaa6e38de28d8c816bbef6fc2f8c44d8ba3?s=96&d=mm&r=g","caption":"Reda\u00e7\u00e3o"}}]}},"_links":{"self":[{"href":"https:\/\/www.gaveanews.com\/index.php\/wp-json\/wp\/v2\/posts\/275765","targetHints":{"allow":["GET"]}}],"collection":[{"href":"https:\/\/www.gaveanews.com\/index.php\/wp-json\/wp\/v2\/posts"}],"about":[{"href":"https:\/\/www.gaveanews.com\/index.php\/wp-json\/wp\/v2\/types\/post"}],"author":[{"embeddable":true,"href":"https:\/\/www.gaveanews.com\/index.php\/wp-json\/wp\/v2\/users\/39"}],"replies":[{"embeddable":true,"href":"https:\/\/www.gaveanews.com\/index.php\/wp-json\/wp\/v2\/comments?post=275765"}],"version-history":[{"count":1,"href":"https:\/\/www.gaveanews.com\/index.php\/wp-json\/wp\/v2\/posts\/275765\/revisions"}],"predecessor-version":[{"id":275767,"href":"https:\/\/www.gaveanews.com\/index.php\/wp-json\/wp\/v2\/posts\/275765\/revisions\/275767"}],"wp:featuredmedia":[{"embeddable":true,"href":"https:\/\/www.gaveanews.com\/index.php\/wp-json\/wp\/v2\/media\/273528"}],"wp:attachment":[{"href":"https:\/\/www.gaveanews.com\/index.php\/wp-json\/wp\/v2\/media?parent=275765"}],"wp:term":[{"taxonomy":"category","embeddable":true,"href":"https:\/\/www.gaveanews.com\/index.php\/wp-json\/wp\/v2\/categories?post=275765"},{"taxonomy":"post_tag","embeddable":true,"href":"https:\/\/www.gaveanews.com\/index.php\/wp-json\/wp\/v2\/tags?post=275765"}],"curies":[{"name":"wp","href":"https:\/\/api.w.org\/{rel}","templated":true}]}}