{"id":275769,"date":"2025-09-04T05:01:11","date_gmt":"2025-09-04T08:01:11","guid":{"rendered":"https:\/\/www.gaveanews.com\/?p=275769"},"modified":"2025-09-04T05:01:15","modified_gmt":"2025-09-04T08:01:15","slug":"especulacoes-sobre-filipe-luis-no-bayer-reencontro-com-o-agressor-de-pedro-e-recorde-batido-as-ultimas-noticias-do-flamengo","status":"publish","type":"post","link":"https:\/\/www.gaveanews.com\/index.php\/2025\/09\/04\/especulacoes-sobre-filipe-luis-no-bayer-reencontro-com-o-agressor-de-pedro-e-recorde-batido-as-ultimas-noticias-do-flamengo\/","title":{"rendered":"Especula\u00e7\u00f5es sobre Filipe Lu\u00eds no Bayer, reencontro com o agressor de Pedro e recorde batido: as \u00faltimas not\u00edcias do Flamengo"},"content":{"rendered":"\n<p>No giro do dia: o Bayer Leverkusen busca um novo treinador e observa o trabalho de Filipe Lu\u00eds, que indica prefer\u00eancia por seguir no <a href=\"https:\/\/www.gaveanews.com\/index.php\/category\/brasileirao\/flamengo\/\" target=\"_blank\" rel=\"noopener noreferrer\">Flamengo<\/a>; Jorge Sampaoli retorna ao Atl\u00e9tico-MG com contrato at\u00e9 2027 e uma comiss\u00e3o t\u00e9cnica repleta de nomes conhecidos e pol\u00eamicos; e a Flamengo TV alcan\u00e7a um recorde hist\u00f3rico de audi\u00eancia no YouTube ap\u00f3s uma reestrutura\u00e7\u00e3o que ampliou formatos e engajamento da torcida.<\/p>\n\n\n\n<h2 class=\"wp-block-heading\" id=\"h-filipe-luis-no-radar-do-bayer-leverkusen-mas-tendencia-e-permanencia-no-flamengo\">Filipe Lu\u00eds no radar do Bayer Leverkusen, mas tend\u00eancia \u00e9 perman\u00eancia no Flamengo<\/h2>\n\n\n\n<p>A sa\u00edda de Erik ten Hag abriu uma frente de discuss\u00f5es no Bayer Leverkusen, e o nome de Filipe Lu\u00eds, atualmente no comando do Flamengo com contrato at\u00e9 dezembro, passou a circular nos bastidores do clube alem\u00e3o. O v\u00ednculo entre o treinador e Simon Rolfes, diretor esportivo do Leverkusen, foi refor\u00e7ado na pr\u00e9-temporada no Rio, quando o dirigente o elogiou publicamente.<\/p>\n\n\n\n<p>Apesar da boa rela\u00e7\u00e3o e da avalia\u00e7\u00e3o positiva do trabalho no Brasil, o contexto do Leverkusen pesa por uma alternativa considerada menos arriscada. No Brasil, Filipe Lu\u00eds tem reiterado a inten\u00e7\u00e3o de renovar com o Flamengo, enquanto na Europa surgem outras possibilidades na mesa do clube alem\u00e3o, como Ra\u00fal Gonz\u00e1lez e Ange Postecoglou.<\/p>\n\n\n\n<p>\u201cFilipe Lu\u00eds, do Flamengo, \u00e9 um candidato empolgante \u2013 ele se d\u00e1 muito bem com Simon (Rolfes) [diretor esportivo do Bayer Leverkusen], que j\u00e1 queria contrat\u00e1-lo quando ele ainda era jogador. (\u2026) Entretanto, considerando a situa\u00e7\u00e3o em que est\u00e1 (o Bayer Leverkusen), acho que eles v\u00e3o optar por uma solu\u00e7\u00e3o menos arriscada\u201d, destacou Patrick Scherer do jornal &#8220;K\u00f6lner Stadt Anzeiger&#8221;. <\/p>\n\n\n\n<p>Vale destacar que recentemente, Filipe Lu\u00eds falou sobre a sua renova\u00e7\u00e3o: \u201cMuito f\u00e1cil. Eu quero ficar e o clube quer que eu fique. N\u00e3o tem outro caminho, n\u00e9? Ent\u00e3o, assim, eu n\u00e3o tenho pressa. Tivemos o Mundial pela frente e foram noites e noites a\u00ed, n\u00e3o sem dormir, sen\u00e3o acordando no meio da noite com preocupa\u00e7\u00f5es. Ent\u00e3o eu gosto de fazer algumas coisas com calma. Sempre deixei muito claro ao presidente o que eu penso, como eu acredito, como eu enxergo o jogo e os princ\u00edpios e valores que eu tenho. Muito feliz de o clube acreditar tamb\u00e9m na ideia e n\u00e3o tenho d\u00favida que vai se resolver o antes poss\u00edvel\u201d.<\/p>\n\n\n\n<h2 class=\"wp-block-heading\" id=\"h-jorge-sampaoli-retorna-ao-atletico-mg-com-contrato-ate-2027-e-comissao-reformulada\">Jorge Sampaoli retorna ao Atl\u00e9tico-MG com contrato at\u00e9 2027 e comiss\u00e3o reformulada<\/h2>\n\n\n\n<p>Quatro anos depois, Jorge Sampaoli est\u00e1 de volta ao Atl\u00e9tico-MG. O clube confirmou o argentino com v\u00ednculo at\u00e9 o fim de 2027, num movimento que marca a reestrutura\u00e7\u00e3o da comiss\u00e3o t\u00e9cnica e refor\u00e7a a ideia de um time com alta exig\u00eancia f\u00edsica, disciplina t\u00e1tica e processos di\u00e1rios mais robustos no CT.<\/p>\n\n\n\n<p>Sampaoli chega acompanhado de quatro profissionais de confian\u00e7a: o preparador f\u00edsico Pablo Fern\u00e1ndez, o analista Marcos Fern\u00e1ndez, o auxiliar t\u00e9cnico Diogo Meschine e o gerente Gabriel Andreata. O retorno tamb\u00e9m traz \u00e0 mem\u00f3ria sua passagem pelo Flamengo em 2023, encerrada ap\u00f3s resultados abaixo do esperado e desgaste interno.<\/p>\n\n\n\n<p>A presen\u00e7a de Pablo Fern\u00e1ndez reacende um epis\u00f3dio marcante: em julho de 2023, no Independ\u00eancia, ap\u00f3s a vit\u00f3ria do Flamengo por 2 a 1 sobre o Atl\u00e9tico-MG, o preparador se envolveu em agress\u00f5es ao atacante Pedro. O clube carioca demitiu Fern\u00e1ndez imediatamente, o jogador registrou boletim de ocorr\u00eancia em Belo Horizonte e, dois meses depois, Sampaoli foi desligado do Flamengo.<\/p>\n\n\n\n<p>Outro nome que volta ao notici\u00e1rio \u00e9 Gabriel Andreata. Em novembro de 2020, durante a primeira passagem da comiss\u00e3o por Belo Horizonte, ele organizou um jantar de anivers\u00e1rio que antecedeu uma sequ\u00eancia de testes positivos para Covid-19, num per\u00edodo em que o clube enfrentava um surto. \u00c0 \u00e9poca, a diretoria tratou o tema internamente, e Andreata negou qualquer rela\u00e7\u00e3o do evento com o aumento de casos.<\/p>\n\n\n\n<h2 class=\"wp-block-heading\" id=\"h-flamengo-tv-bate-recorde-historico-e-consolida-nova-fase-na-comunicacao-do-clube\">Flamengo TV bate recorde hist\u00f3rico e consolida nova fase na comunica\u00e7\u00e3o do clube<\/h2>\n\n\n\n<p>A Flamengo TV vive seu melhor momento no ambiente digital. O canal oficial do clube no YouTube colhe os frutos de uma estrat\u00e9gia renovada a partir da elei\u00e7\u00e3o de Luiz Eduardo Baptista (Bap), com a implementa\u00e7\u00e3o de formatos como podcasts, bastidores, transmiss\u00f5es de coletivas, imagens de treinos e at\u00e9 um talk show com Zico, ampliando o alcance e a fidelidade da audi\u00eancia.<\/p>\n\n\n\n<p>Os n\u00fameros corroboram a virada: em agosto, a plataforma registrou 26,2 milh\u00f5es de visualiza\u00e7\u00f5es, o maior volume em 19 anos de exist\u00eancia, superando a marca de junho, quando somou 22,6 milh\u00f5es. O desempenho refor\u00e7a o posicionamento do Flamengo como refer\u00eancia de m\u00eddia pr\u00f3pria entre clubes, com impacto que transcende fronteiras.<\/p>\n\n\n\n<p>\u201cObrigado, Na\u00e7\u00e3o, Flamengo e toda a equipe da Flamengo TV. Estamos construindo uma ponte, com fortes alicerces, que nos leva para novos e belos caminhos. Uma vez Flamengo, sempre Flamengo, um fen\u00f4meno que mais uma vez est\u00e1 na vanguarda ditando a tend\u00eancia\u201d, publicou Jo\u00e3o Guilherme atrav\u00e9s das redes sociais.<\/p>\n","protected":false},"excerpt":{"rendered":"<p>No giro do dia: o Bayer Leverkusen busca um novo treinador e observa o trabalho de Filipe Lu\u00eds, que indica prefer\u00eancia por seguir no Flamengo; Jorge Sampaoli retorna ao Atl\u00e9tico-MG com contrato at\u00e9 2027 e uma comiss\u00e3o t\u00e9cnica repleta de nomes conhecidos e pol\u00eamicos; e a Flamengo TV alcan\u00e7a um recorde hist\u00f3rico de audi\u00eancia no [&hellip;]<\/p>\n","protected":false},"author":39,"featured_media":255027,"comment_status":"open","ping_status":"closed","sticky":false,"template":"","format":"standard","meta":{"footnotes":""},"categories":[1],"tags":[],"class_list":["post-275769","post","type-post","status-publish","format-standard","has-post-thumbnail","hentry","category-flamengo"],"yoast_head":"<!-- This site is optimized with the Yoast SEO Premium plugin v24.2 (Yoast SEO v26.9) - https:\/\/yoast.com\/product\/yoast-seo-premium-wordpress\/ -->\n<title>Especula\u00e7\u00f5es sobre Filipe Lu\u00eds no Bayer, reencontro com o agressor de Pedro e recorde batido: as \u00faltimas not\u00edcias do Flamengo<\/title>\n<meta name=\"robots\" content=\"index, follow, max-snippet:-1, max-image-preview:large, max-video-preview:-1\" \/>\n<link rel=\"canonical\" href=\"https:\/\/www.gaveanews.com\/index.php\/2025\/09\/04\/especulacoes-sobre-filipe-luis-no-bayer-reencontro-com-o-agressor-de-pedro-e-recorde-batido-as-ultimas-noticias-do-flamengo\/\" \/>\n<meta property=\"og:locale\" content=\"pt_BR\" \/>\n<meta property=\"og:type\" content=\"article\" \/>\n<meta property=\"og:title\" content=\"Especula\u00e7\u00f5es sobre Filipe Lu\u00eds no Bayer, reencontro com o agressor de Pedro e recorde batido: as \u00faltimas not\u00edcias do Flamengo\" \/>\n<meta property=\"og:description\" content=\"No giro do dia: o Bayer Leverkusen busca um novo treinador e observa o trabalho de Filipe Lu\u00eds, que indica prefer\u00eancia por seguir no Flamengo; Jorge Sampaoli retorna ao Atl\u00e9tico-MG com contrato at\u00e9 2027 e uma comiss\u00e3o t\u00e9cnica repleta de nomes conhecidos e pol\u00eamicos; e a Flamengo TV alcan\u00e7a um recorde hist\u00f3rico de audi\u00eancia no [&hellip;]\" \/>\n<meta property=\"og:url\" content=\"https:\/\/www.gaveanews.com\/index.php\/2025\/09\/04\/especulacoes-sobre-filipe-luis-no-bayer-reencontro-com-o-agressor-de-pedro-e-recorde-batido-as-ultimas-noticias-do-flamengo\/\" \/>\n<meta property=\"og:site_name\" content=\"G\u00e1vea News\" \/>\n<meta property=\"article:publisher\" content=\"https:\/\/facebook.com\/gaveaNews\/\" \/>\n<meta property=\"article:published_time\" content=\"2025-09-04T08:01:11+00:00\" \/>\n<meta property=\"article:modified_time\" content=\"2025-09-04T08:01:15+00:00\" \/>\n<meta property=\"og:image\" content=\"http:\/\/www.gaveanews.com\/wp-content\/uploads\/Filipe-Luis-dando-treinamento-no-CT-Ninho-do-Urubu.webp\" \/>\n\t<meta property=\"og:image:width\" content=\"1200\" \/>\n\t<meta property=\"og:image:height\" content=\"800\" \/>\n\t<meta property=\"og:image:type\" content=\"image\/png\" \/>\n<meta name=\"author\" content=\"Reda\u00e7\u00e3o\" \/>\n<meta name=\"twitter:card\" content=\"summary_large_image\" \/>\n<meta name=\"twitter:label1\" content=\"Escrito por\" \/>\n\t<meta name=\"twitter:data1\" content=\"Reda\u00e7\u00e3o\" \/>\n\t<meta name=\"twitter:label2\" content=\"Est. tempo de leitura\" \/>\n\t<meta name=\"twitter:data2\" content=\"5 minutos\" \/>\n<script type=\"application\/ld+json\" class=\"yoast-schema-graph\">{\"@context\":\"https:\/\/schema.org\",\"@graph\":[{\"@type\":\"NewsArticle\",\"@id\":\"https:\/\/www.gaveanews.com\/index.php\/2025\/09\/04\/especulacoes-sobre-filipe-luis-no-bayer-reencontro-com-o-agressor-de-pedro-e-recorde-batido-as-ultimas-noticias-do-flamengo\/#article\",\"isPartOf\":{\"@id\":\"https:\/\/www.gaveanews.com\/index.php\/2025\/09\/04\/especulacoes-sobre-filipe-luis-no-bayer-reencontro-com-o-agressor-de-pedro-e-recorde-batido-as-ultimas-noticias-do-flamengo\/\"},\"author\":{\"name\":\"Reda\u00e7\u00e3o\",\"@id\":\"https:\/\/www.gaveanews.com\/#\/schema\/person\/c88645e3d550d0b6574305e67dd5a716\"},\"headline\":\"Especula\u00e7\u00f5es sobre Filipe Lu\u00eds no Bayer, reencontro com o agressor de Pedro e recorde batido: as \u00faltimas not\u00edcias do Flamengo\",\"datePublished\":\"2025-09-04T08:01:11+00:00\",\"dateModified\":\"2025-09-04T08:01:15+00:00\",\"mainEntityOfPage\":{\"@id\":\"https:\/\/www.gaveanews.com\/index.php\/2025\/09\/04\/especulacoes-sobre-filipe-luis-no-bayer-reencontro-com-o-agressor-de-pedro-e-recorde-batido-as-ultimas-noticias-do-flamengo\/\"},\"wordCount\":886,\"commentCount\":0,\"image\":{\"@id\":\"https:\/\/www.gaveanews.com\/index.php\/2025\/09\/04\/especulacoes-sobre-filipe-luis-no-bayer-reencontro-com-o-agressor-de-pedro-e-recorde-batido-as-ultimas-noticias-do-flamengo\/#primaryimage\"},\"thumbnailUrl\":\"https:\/\/www.gaveanews.com\/wp-content\/uploads\/Filipe-Luis-dando-treinamento-no-CT-Ninho-do-Urubu.webp\",\"articleSection\":[\"Flamengo\"],\"inLanguage\":\"pt-BR\",\"potentialAction\":[{\"@type\":\"CommentAction\",\"name\":\"Comment\",\"target\":[\"https:\/\/www.gaveanews.com\/index.php\/2025\/09\/04\/especulacoes-sobre-filipe-luis-no-bayer-reencontro-com-o-agressor-de-pedro-e-recorde-batido-as-ultimas-noticias-do-flamengo\/#respond\"]}],\"copyrightYear\":\"2025\",\"copyrightHolder\":{\"@id\":\"https:\/\/www.gaveanews.com\/#organization\"}},{\"@type\":\"WebPage\",\"@id\":\"https:\/\/www.gaveanews.com\/index.php\/2025\/09\/04\/especulacoes-sobre-filipe-luis-no-bayer-reencontro-com-o-agressor-de-pedro-e-recorde-batido-as-ultimas-noticias-do-flamengo\/\",\"url\":\"https:\/\/www.gaveanews.com\/index.php\/2025\/09\/04\/especulacoes-sobre-filipe-luis-no-bayer-reencontro-com-o-agressor-de-pedro-e-recorde-batido-as-ultimas-noticias-do-flamengo\/\",\"name\":\"Especula\u00e7\u00f5es sobre Filipe Lu\u00eds no Bayer, reencontro com o agressor de Pedro e recorde batido: as \u00faltimas not\u00edcias do Flamengo\",\"isPartOf\":{\"@id\":\"https:\/\/www.gaveanews.com\/#website\"},\"primaryImageOfPage\":{\"@id\":\"https:\/\/www.gaveanews.com\/index.php\/2025\/09\/04\/especulacoes-sobre-filipe-luis-no-bayer-reencontro-com-o-agressor-de-pedro-e-recorde-batido-as-ultimas-noticias-do-flamengo\/#primaryimage\"},\"image\":{\"@id\":\"https:\/\/www.gaveanews.com\/index.php\/2025\/09\/04\/especulacoes-sobre-filipe-luis-no-bayer-reencontro-com-o-agressor-de-pedro-e-recorde-batido-as-ultimas-noticias-do-flamengo\/#primaryimage\"},\"thumbnailUrl\":\"https:\/\/www.gaveanews.com\/wp-content\/uploads\/Filipe-Luis-dando-treinamento-no-CT-Ninho-do-Urubu.webp\",\"datePublished\":\"2025-09-04T08:01:11+00:00\",\"dateModified\":\"2025-09-04T08:01:15+00:00\",\"author\":{\"@id\":\"https:\/\/www.gaveanews.com\/#\/schema\/person\/c88645e3d550d0b6574305e67dd5a716\"},\"breadcrumb\":{\"@id\":\"https:\/\/www.gaveanews.com\/index.php\/2025\/09\/04\/especulacoes-sobre-filipe-luis-no-bayer-reencontro-com-o-agressor-de-pedro-e-recorde-batido-as-ultimas-noticias-do-flamengo\/#breadcrumb\"},\"inLanguage\":\"pt-BR\",\"potentialAction\":[{\"@type\":\"ReadAction\",\"target\":[\"https:\/\/www.gaveanews.com\/index.php\/2025\/09\/04\/especulacoes-sobre-filipe-luis-no-bayer-reencontro-com-o-agressor-de-pedro-e-recorde-batido-as-ultimas-noticias-do-flamengo\/\"]}]},{\"@type\":\"ImageObject\",\"inLanguage\":\"pt-BR\",\"@id\":\"https:\/\/www.gaveanews.com\/index.php\/2025\/09\/04\/especulacoes-sobre-filipe-luis-no-bayer-reencontro-com-o-agressor-de-pedro-e-recorde-batido-as-ultimas-noticias-do-flamengo\/#primaryimage\",\"url\":\"https:\/\/www.gaveanews.com\/wp-content\/uploads\/Filipe-Luis-dando-treinamento-no-CT-Ninho-do-Urubu.webp\",\"contentUrl\":\"https:\/\/www.gaveanews.com\/wp-content\/uploads\/Filipe-Luis-dando-treinamento-no-CT-Ninho-do-Urubu.webp\",\"width\":1200,\"height\":800,\"caption\":\"Filipe Lu\u00eds dando treinamento no CT Ninho do Urubu - Foto: Gilvan de Souza\/CRF\"},{\"@type\":\"BreadcrumbList\",\"@id\":\"https:\/\/www.gaveanews.com\/index.php\/2025\/09\/04\/especulacoes-sobre-filipe-luis-no-bayer-reencontro-com-o-agressor-de-pedro-e-recorde-batido-as-ultimas-noticias-do-flamengo\/#breadcrumb\",\"itemListElement\":[{\"@type\":\"ListItem\",\"position\":1,\"name\":\"Home\",\"item\":\"https:\/\/www.gaveanews.com\/\"},{\"@type\":\"ListItem\",\"position\":2,\"name\":\"Especula\u00e7\u00f5es sobre Filipe Lu\u00eds no Bayer, reencontro com o agressor de Pedro e recorde batido: as \u00faltimas not\u00edcias do Flamengo\"}]},{\"@type\":\"WebSite\",\"@id\":\"https:\/\/www.gaveanews.com\/#website\",\"url\":\"https:\/\/www.gaveanews.com\/\",\"name\":\"G\u00e1vea News\",\"description\":\"Veja todas as not\u00edcias sobre o Flamengo: Contrata\u00e7\u00f5es, categorias de base, resultados das partidas, tabela de classifica\u00e7\u00e3o, pr\u00f3ximos jogos!\",\"potentialAction\":[{\"@type\":\"SearchAction\",\"target\":{\"@type\":\"EntryPoint\",\"urlTemplate\":\"https:\/\/www.gaveanews.com\/?s={search_term_string}\"},\"query-input\":{\"@type\":\"PropertyValueSpecification\",\"valueRequired\":true,\"valueName\":\"search_term_string\"}}],\"inLanguage\":\"pt-BR\"},{\"@type\":\"Person\",\"@id\":\"https:\/\/www.gaveanews.com\/#\/schema\/person\/c88645e3d550d0b6574305e67dd5a716\",\"name\":\"Reda\u00e7\u00e3o\",\"image\":{\"@type\":\"ImageObject\",\"inLanguage\":\"pt-BR\",\"@id\":\"https:\/\/www.gaveanews.com\/#\/schema\/person\/image\/\",\"url\":\"https:\/\/secure.gravatar.com\/avatar\/434098fd823f0dc1b062d14ca22bacaa6e38de28d8c816bbef6fc2f8c44d8ba3?s=96&d=mm&r=g\",\"contentUrl\":\"https:\/\/secure.gravatar.com\/avatar\/434098fd823f0dc1b062d14ca22bacaa6e38de28d8c816bbef6fc2f8c44d8ba3?s=96&d=mm&r=g\",\"caption\":\"Reda\u00e7\u00e3o\"}}]}<\/script>\n<!-- \/ Yoast SEO Premium plugin. -->","yoast_head_json":{"title":"Especula\u00e7\u00f5es sobre Filipe Lu\u00eds no Bayer, reencontro com o agressor de Pedro e recorde batido: as \u00faltimas not\u00edcias do Flamengo","robots":{"index":"index","follow":"follow","max-snippet":"max-snippet:-1","max-image-preview":"max-image-preview:large","max-video-preview":"max-video-preview:-1"},"canonical":"https:\/\/www.gaveanews.com\/index.php\/2025\/09\/04\/especulacoes-sobre-filipe-luis-no-bayer-reencontro-com-o-agressor-de-pedro-e-recorde-batido-as-ultimas-noticias-do-flamengo\/","og_locale":"pt_BR","og_type":"article","og_title":"Especula\u00e7\u00f5es sobre Filipe Lu\u00eds no Bayer, reencontro com o agressor de Pedro e recorde batido: as \u00faltimas not\u00edcias do Flamengo","og_description":"No giro do dia: o Bayer Leverkusen busca um novo treinador e observa o trabalho de Filipe Lu\u00eds, que indica prefer\u00eancia por seguir no Flamengo; Jorge Sampaoli retorna ao Atl\u00e9tico-MG com contrato at\u00e9 2027 e uma comiss\u00e3o t\u00e9cnica repleta de nomes conhecidos e pol\u00eamicos; e a Flamengo TV alcan\u00e7a um recorde hist\u00f3rico de audi\u00eancia no [&hellip;]","og_url":"https:\/\/www.gaveanews.com\/index.php\/2025\/09\/04\/especulacoes-sobre-filipe-luis-no-bayer-reencontro-com-o-agressor-de-pedro-e-recorde-batido-as-ultimas-noticias-do-flamengo\/","og_site_name":"G\u00e1vea News","article_publisher":"https:\/\/facebook.com\/gaveaNews\/","article_published_time":"2025-09-04T08:01:11+00:00","article_modified_time":"2025-09-04T08:01:15+00:00","og_image":[{"width":1200,"height":800,"url":"http:\/\/www.gaveanews.com\/wp-content\/uploads\/Filipe-Luis-dando-treinamento-no-CT-Ninho-do-Urubu.webp","type":"image\/png"}],"author":"Reda\u00e7\u00e3o","twitter_card":"summary_large_image","twitter_misc":{"Escrito por":"Reda\u00e7\u00e3o","Est. tempo de leitura":"5 minutos"},"schema":{"@context":"https:\/\/schema.org","@graph":[{"@type":"NewsArticle","@id":"https:\/\/www.gaveanews.com\/index.php\/2025\/09\/04\/especulacoes-sobre-filipe-luis-no-bayer-reencontro-com-o-agressor-de-pedro-e-recorde-batido-as-ultimas-noticias-do-flamengo\/#article","isPartOf":{"@id":"https:\/\/www.gaveanews.com\/index.php\/2025\/09\/04\/especulacoes-sobre-filipe-luis-no-bayer-reencontro-com-o-agressor-de-pedro-e-recorde-batido-as-ultimas-noticias-do-flamengo\/"},"author":{"name":"Reda\u00e7\u00e3o","@id":"https:\/\/www.gaveanews.com\/#\/schema\/person\/c88645e3d550d0b6574305e67dd5a716"},"headline":"Especula\u00e7\u00f5es sobre Filipe Lu\u00eds no Bayer, reencontro com o agressor de Pedro e recorde batido: as \u00faltimas not\u00edcias do Flamengo","datePublished":"2025-09-04T08:01:11+00:00","dateModified":"2025-09-04T08:01:15+00:00","mainEntityOfPage":{"@id":"https:\/\/www.gaveanews.com\/index.php\/2025\/09\/04\/especulacoes-sobre-filipe-luis-no-bayer-reencontro-com-o-agressor-de-pedro-e-recorde-batido-as-ultimas-noticias-do-flamengo\/"},"wordCount":886,"commentCount":0,"image":{"@id":"https:\/\/www.gaveanews.com\/index.php\/2025\/09\/04\/especulacoes-sobre-filipe-luis-no-bayer-reencontro-com-o-agressor-de-pedro-e-recorde-batido-as-ultimas-noticias-do-flamengo\/#primaryimage"},"thumbnailUrl":"https:\/\/www.gaveanews.com\/wp-content\/uploads\/Filipe-Luis-dando-treinamento-no-CT-Ninho-do-Urubu.webp","articleSection":["Flamengo"],"inLanguage":"pt-BR","potentialAction":[{"@type":"CommentAction","name":"Comment","target":["https:\/\/www.gaveanews.com\/index.php\/2025\/09\/04\/especulacoes-sobre-filipe-luis-no-bayer-reencontro-com-o-agressor-de-pedro-e-recorde-batido-as-ultimas-noticias-do-flamengo\/#respond"]}],"copyrightYear":"2025","copyrightHolder":{"@id":"https:\/\/www.gaveanews.com\/#organization"}},{"@type":"WebPage","@id":"https:\/\/www.gaveanews.com\/index.php\/2025\/09\/04\/especulacoes-sobre-filipe-luis-no-bayer-reencontro-com-o-agressor-de-pedro-e-recorde-batido-as-ultimas-noticias-do-flamengo\/","url":"https:\/\/www.gaveanews.com\/index.php\/2025\/09\/04\/especulacoes-sobre-filipe-luis-no-bayer-reencontro-com-o-agressor-de-pedro-e-recorde-batido-as-ultimas-noticias-do-flamengo\/","name":"Especula\u00e7\u00f5es sobre Filipe Lu\u00eds no Bayer, reencontro com o agressor de Pedro e recorde batido: as \u00faltimas not\u00edcias do Flamengo","isPartOf":{"@id":"https:\/\/www.gaveanews.com\/#website"},"primaryImageOfPage":{"@id":"https:\/\/www.gaveanews.com\/index.php\/2025\/09\/04\/especulacoes-sobre-filipe-luis-no-bayer-reencontro-com-o-agressor-de-pedro-e-recorde-batido-as-ultimas-noticias-do-flamengo\/#primaryimage"},"image":{"@id":"https:\/\/www.gaveanews.com\/index.php\/2025\/09\/04\/especulacoes-sobre-filipe-luis-no-bayer-reencontro-com-o-agressor-de-pedro-e-recorde-batido-as-ultimas-noticias-do-flamengo\/#primaryimage"},"thumbnailUrl":"https:\/\/www.gaveanews.com\/wp-content\/uploads\/Filipe-Luis-dando-treinamento-no-CT-Ninho-do-Urubu.webp","datePublished":"2025-09-04T08:01:11+00:00","dateModified":"2025-09-04T08:01:15+00:00","author":{"@id":"https:\/\/www.gaveanews.com\/#\/schema\/person\/c88645e3d550d0b6574305e67dd5a716"},"breadcrumb":{"@id":"https:\/\/www.gaveanews.com\/index.php\/2025\/09\/04\/especulacoes-sobre-filipe-luis-no-bayer-reencontro-com-o-agressor-de-pedro-e-recorde-batido-as-ultimas-noticias-do-flamengo\/#breadcrumb"},"inLanguage":"pt-BR","potentialAction":[{"@type":"ReadAction","target":["https:\/\/www.gaveanews.com\/index.php\/2025\/09\/04\/especulacoes-sobre-filipe-luis-no-bayer-reencontro-com-o-agressor-de-pedro-e-recorde-batido-as-ultimas-noticias-do-flamengo\/"]}]},{"@type":"ImageObject","inLanguage":"pt-BR","@id":"https:\/\/www.gaveanews.com\/index.php\/2025\/09\/04\/especulacoes-sobre-filipe-luis-no-bayer-reencontro-com-o-agressor-de-pedro-e-recorde-batido-as-ultimas-noticias-do-flamengo\/#primaryimage","url":"https:\/\/www.gaveanews.com\/wp-content\/uploads\/Filipe-Luis-dando-treinamento-no-CT-Ninho-do-Urubu.webp","contentUrl":"https:\/\/www.gaveanews.com\/wp-content\/uploads\/Filipe-Luis-dando-treinamento-no-CT-Ninho-do-Urubu.webp","width":1200,"height":800,"caption":"Filipe Lu\u00eds dando treinamento no CT Ninho do Urubu - Foto: Gilvan de Souza\/CRF"},{"@type":"BreadcrumbList","@id":"https:\/\/www.gaveanews.com\/index.php\/2025\/09\/04\/especulacoes-sobre-filipe-luis-no-bayer-reencontro-com-o-agressor-de-pedro-e-recorde-batido-as-ultimas-noticias-do-flamengo\/#breadcrumb","itemListElement":[{"@type":"ListItem","position":1,"name":"Home","item":"https:\/\/www.gaveanews.com\/"},{"@type":"ListItem","position":2,"name":"Especula\u00e7\u00f5es sobre Filipe Lu\u00eds no Bayer, reencontro com o agressor de Pedro e recorde batido: as \u00faltimas not\u00edcias do Flamengo"}]},{"@type":"WebSite","@id":"https:\/\/www.gaveanews.com\/#website","url":"https:\/\/www.gaveanews.com\/","name":"G\u00e1vea News","description":"Veja todas as not\u00edcias sobre o Flamengo: Contrata\u00e7\u00f5es, categorias de base, resultados das partidas, tabela de classifica\u00e7\u00e3o, pr\u00f3ximos jogos!","potentialAction":[{"@type":"SearchAction","target":{"@type":"EntryPoint","urlTemplate":"https:\/\/www.gaveanews.com\/?s={search_term_string}"},"query-input":{"@type":"PropertyValueSpecification","valueRequired":true,"valueName":"search_term_string"}}],"inLanguage":"pt-BR"},{"@type":"Person","@id":"https:\/\/www.gaveanews.com\/#\/schema\/person\/c88645e3d550d0b6574305e67dd5a716","name":"Reda\u00e7\u00e3o","image":{"@type":"ImageObject","inLanguage":"pt-BR","@id":"https:\/\/www.gaveanews.com\/#\/schema\/person\/image\/","url":"https:\/\/secure.gravatar.com\/avatar\/434098fd823f0dc1b062d14ca22bacaa6e38de28d8c816bbef6fc2f8c44d8ba3?s=96&d=mm&r=g","contentUrl":"https:\/\/secure.gravatar.com\/avatar\/434098fd823f0dc1b062d14ca22bacaa6e38de28d8c816bbef6fc2f8c44d8ba3?s=96&d=mm&r=g","caption":"Reda\u00e7\u00e3o"}}]}},"_links":{"self":[{"href":"https:\/\/www.gaveanews.com\/index.php\/wp-json\/wp\/v2\/posts\/275769","targetHints":{"allow":["GET"]}}],"collection":[{"href":"https:\/\/www.gaveanews.com\/index.php\/wp-json\/wp\/v2\/posts"}],"about":[{"href":"https:\/\/www.gaveanews.com\/index.php\/wp-json\/wp\/v2\/types\/post"}],"author":[{"embeddable":true,"href":"https:\/\/www.gaveanews.com\/index.php\/wp-json\/wp\/v2\/users\/39"}],"replies":[{"embeddable":true,"href":"https:\/\/www.gaveanews.com\/index.php\/wp-json\/wp\/v2\/comments?post=275769"}],"version-history":[{"count":1,"href":"https:\/\/www.gaveanews.com\/index.php\/wp-json\/wp\/v2\/posts\/275769\/revisions"}],"predecessor-version":[{"id":275791,"href":"https:\/\/www.gaveanews.com\/index.php\/wp-json\/wp\/v2\/posts\/275769\/revisions\/275791"}],"wp:featuredmedia":[{"embeddable":true,"href":"https:\/\/www.gaveanews.com\/index.php\/wp-json\/wp\/v2\/media\/255027"}],"wp:attachment":[{"href":"https:\/\/www.gaveanews.com\/index.php\/wp-json\/wp\/v2\/media?parent=275769"}],"wp:term":[{"taxonomy":"category","embeddable":true,"href":"https:\/\/www.gaveanews.com\/index.php\/wp-json\/wp\/v2\/categories?post=275769"},{"taxonomy":"post_tag","embeddable":true,"href":"https:\/\/www.gaveanews.com\/index.php\/wp-json\/wp\/v2\/tags?post=275769"}],"curies":[{"name":"wp","href":"https:\/\/api.w.org\/{rel}","templated":true}]}}