{"id":275988,"date":"2025-09-08T14:34:13","date_gmt":"2025-09-08T17:34:13","guid":{"rendered":"https:\/\/www.gaveanews.com\/?p=275988"},"modified":"2025-09-08T14:34:18","modified_gmt":"2025-09-08T17:34:18","slug":"brasil-x-bolivia-samuel-lino-do-flamengo-sera-titular","status":"publish","type":"post","link":"https:\/\/www.gaveanews.com\/index.php\/2025\/09\/08\/brasil-x-bolivia-samuel-lino-do-flamengo-sera-titular\/","title":{"rendered":"Brasil x Bol\u00edvia: Samuel Lino, do Flamengo, ser\u00e1 titular?"},"content":{"rendered":"\n<p>A sele\u00e7\u00e3o brasileira encerra sua participa\u00e7\u00e3o nas Eliminat\u00f3rias Sul-Americanas da Copa de 2026 nesta ter\u00e7a-feira (09 de setembro), contra a Bol\u00edvia, em El Alto. O jogo ser\u00e1 \u00e0s 20h30 (hor\u00e1rio de Bras\u00edlia), com transmiss\u00e3o de Globo, sportv e ge tv. O Brasil que est\u00e1 classificado, ocupa o segundo lugar e n\u00e3o pode assumir a lideran\u00e7a. A Bol\u00edvia \u00e9 oitava e busca uma vaga na repescagem.<\/p>\n\n\n\n<p>Segundo o ge, Carlo Ancelotti preparou oito mudan\u00e7as em rela\u00e7\u00e3o ao duelo contra o Chile, na quinta-feira passada. A principal novidade \u00e9 Samuel Lino, do <a href=\"https:\/\/www.gaveanews.com\/index.php\/category\/brasileirao\/flamengo\/\" target=\"_blank\" rel=\"noopener noreferrer\">Flamengo<\/a>, que treinou entre os titulares e deve estrear pela Sele\u00e7\u00e3o. Al\u00e9m disso, o goleiro Alisson e o meio-campista Bruno Guimar\u00e3es foram mantidos. Contra os chilenos, Lino n\u00e3o saiu do banco de reservas.<\/p>\n\n\n\n<p>A escala\u00e7\u00e3o treinada e que deve iniciar o confronto tem: Alisson; Vitinho (Wesley), Fabr\u00edcio Bruno, Alex e Caio Henrique; Andrey Santos, Bruno Guimar\u00e3es e Lucas Paquet\u00e1; Luiz Henrique, Samuel Lino e Richarlison. Entretanto, Wesley sentiu um desconforto muscular na segunda parte do treino, e Ancelotti testou Vitinho no lugar. O t\u00e9cnico tamb\u00e9m experimentou Jean Lucas no meio em substitui\u00e7\u00e3o a Bruno Guimar\u00e3es.<\/p>\n\n\n\n<p>Para esta partida, o Brasil n\u00e3o conta com Casemiro, suspenso pelo segundo cart\u00e3o amarelo. Al\u00e9m disso, o atacante Kaio Jorge foi cortado por les\u00e3o, e o meia Andreas Pereira foi convocado para a vaga. De acordo com o ge, a ideia do t\u00e9cnico italiano \u00e9 dar chance a todos os jogadores de linha convocados nesta data Fifa.<\/p>\n\n\n\n<p>Em entrevista coletiva, Ancelotti citou a altitude de El Alto e o desgaste f\u00edsico como fatores centrais para ajustar a estrat\u00e9gia, indicando mudan\u00e7as no modelo de jogo em compara\u00e7\u00e3o com a partida contra o Chile.<\/p>\n\n\n\n<p>&#8220;Tamb\u00e9m (quero) conhecer jogadores que podem atuar com os outros. Ter em conta o componente importante que \u00e9 a altitude para colocar no campo jogadores com mais frescor. Tamb\u00e9m como estrat\u00e9gia. Temos que jogar diferente do jogo contra o Chile. Foi um jogo com muita intensidade, com muita press\u00e3o. Isso na altitude n\u00e3o se pode fazer&#8221;.<\/p>\n\n\n\n<p>A prepara\u00e7\u00e3o log\u00edstica tamb\u00e9m foi ajustada. A Sele\u00e7\u00e3o embarca para a Bol\u00edvia na tarde de segunda-feira (08 de setembro). A delega\u00e7\u00e3o ficar\u00e1 em Santa Cruz de la Sierra, ao n\u00edvel do mar, e subir\u00e1 para El Alto somente horas antes do jogo, a fim de minimizar os efeitos da altitude, conforme planejou a comiss\u00e3o t\u00e9cnica.<\/p>\n","protected":false},"excerpt":{"rendered":"<p>A sele\u00e7\u00e3o brasileira encerra sua participa\u00e7\u00e3o nas Eliminat\u00f3rias Sul-Americanas da Copa de 2026 nesta ter\u00e7a-feira (09 de setembro), contra a Bol\u00edvia, em El Alto. O jogo ser\u00e1 \u00e0s 20h30 (hor\u00e1rio de Bras\u00edlia), com transmiss\u00e3o de Globo, sportv e ge tv. O Brasil que est\u00e1 classificado, ocupa o segundo lugar e n\u00e3o pode assumir a lideran\u00e7a. [&hellip;]<\/p>\n","protected":false},"author":39,"featured_media":273324,"comment_status":"open","ping_status":"closed","sticky":false,"template":"","format":"standard","meta":{"footnotes":""},"categories":[1],"tags":[],"class_list":["post-275988","post","type-post","status-publish","format-standard","has-post-thumbnail","hentry","category-flamengo"],"yoast_head":"<!-- This site is optimized with the Yoast SEO Premium plugin v24.2 (Yoast SEO v26.9) - https:\/\/yoast.com\/product\/yoast-seo-premium-wordpress\/ -->\n<title>Brasil x Bol\u00edvia: Samuel Lino, do Flamengo, ser\u00e1 titular?<\/title>\n<meta name=\"robots\" content=\"index, follow, max-snippet:-1, max-image-preview:large, max-video-preview:-1\" \/>\n<link rel=\"canonical\" href=\"https:\/\/www.gaveanews.com\/index.php\/2025\/09\/08\/brasil-x-bolivia-samuel-lino-do-flamengo-sera-titular\/\" \/>\n<meta property=\"og:locale\" content=\"pt_BR\" \/>\n<meta property=\"og:type\" content=\"article\" \/>\n<meta property=\"og:title\" content=\"Brasil x Bol\u00edvia: Samuel Lino, do Flamengo, ser\u00e1 titular?\" \/>\n<meta property=\"og:description\" content=\"A sele\u00e7\u00e3o brasileira encerra sua participa\u00e7\u00e3o nas Eliminat\u00f3rias Sul-Americanas da Copa de 2026 nesta ter\u00e7a-feira (09 de setembro), contra a Bol\u00edvia, em El Alto. O jogo ser\u00e1 \u00e0s 20h30 (hor\u00e1rio de Bras\u00edlia), com transmiss\u00e3o de Globo, sportv e ge tv. O Brasil que est\u00e1 classificado, ocupa o segundo lugar e n\u00e3o pode assumir a lideran\u00e7a. [&hellip;]\" \/>\n<meta property=\"og:url\" content=\"https:\/\/www.gaveanews.com\/index.php\/2025\/09\/08\/brasil-x-bolivia-samuel-lino-do-flamengo-sera-titular\/\" \/>\n<meta property=\"og:site_name\" content=\"G\u00e1vea News\" \/>\n<meta property=\"article:publisher\" content=\"https:\/\/facebook.com\/gaveaNews\/\" \/>\n<meta property=\"article:published_time\" content=\"2025-09-08T17:34:13+00:00\" \/>\n<meta property=\"article:modified_time\" content=\"2025-09-08T17:34:18+00:00\" \/>\n<meta property=\"og:image\" content=\"http:\/\/www.gaveanews.com\/wp-content\/uploads\/Samuel-Lino-pelo-Flamengo.png\" \/>\n\t<meta property=\"og:image:width\" content=\"1200\" \/>\n\t<meta property=\"og:image:height\" content=\"900\" \/>\n\t<meta property=\"og:image:type\" content=\"image\/png\" \/>\n<meta name=\"author\" content=\"Reda\u00e7\u00e3o\" \/>\n<meta name=\"twitter:card\" content=\"summary_large_image\" \/>\n<meta name=\"twitter:label1\" content=\"Escrito por\" \/>\n\t<meta name=\"twitter:data1\" content=\"Reda\u00e7\u00e3o\" \/>\n\t<meta name=\"twitter:label2\" content=\"Est. tempo de leitura\" \/>\n\t<meta name=\"twitter:data2\" content=\"3 minutos\" \/>\n<script type=\"application\/ld+json\" class=\"yoast-schema-graph\">{\"@context\":\"https:\/\/schema.org\",\"@graph\":[{\"@type\":\"NewsArticle\",\"@id\":\"https:\/\/www.gaveanews.com\/index.php\/2025\/09\/08\/brasil-x-bolivia-samuel-lino-do-flamengo-sera-titular\/#article\",\"isPartOf\":{\"@id\":\"https:\/\/www.gaveanews.com\/index.php\/2025\/09\/08\/brasil-x-bolivia-samuel-lino-do-flamengo-sera-titular\/\"},\"author\":{\"name\":\"Reda\u00e7\u00e3o\",\"@id\":\"https:\/\/www.gaveanews.com\/#\/schema\/person\/c88645e3d550d0b6574305e67dd5a716\"},\"headline\":\"Brasil x Bol\u00edvia: Samuel Lino, do Flamengo, ser\u00e1 titular?\",\"datePublished\":\"2025-09-08T17:34:13+00:00\",\"dateModified\":\"2025-09-08T17:34:18+00:00\",\"mainEntityOfPage\":{\"@id\":\"https:\/\/www.gaveanews.com\/index.php\/2025\/09\/08\/brasil-x-bolivia-samuel-lino-do-flamengo-sera-titular\/\"},\"wordCount\":438,\"commentCount\":0,\"image\":{\"@id\":\"https:\/\/www.gaveanews.com\/index.php\/2025\/09\/08\/brasil-x-bolivia-samuel-lino-do-flamengo-sera-titular\/#primaryimage\"},\"thumbnailUrl\":\"https:\/\/www.gaveanews.com\/wp-content\/uploads\/Samuel-Lino-pelo-Flamengo.png\",\"articleSection\":[\"Flamengo\"],\"inLanguage\":\"pt-BR\",\"potentialAction\":[{\"@type\":\"CommentAction\",\"name\":\"Comment\",\"target\":[\"https:\/\/www.gaveanews.com\/index.php\/2025\/09\/08\/brasil-x-bolivia-samuel-lino-do-flamengo-sera-titular\/#respond\"]}],\"copyrightYear\":\"2025\",\"copyrightHolder\":{\"@id\":\"https:\/\/www.gaveanews.com\/#organization\"}},{\"@type\":\"WebPage\",\"@id\":\"https:\/\/www.gaveanews.com\/index.php\/2025\/09\/08\/brasil-x-bolivia-samuel-lino-do-flamengo-sera-titular\/\",\"url\":\"https:\/\/www.gaveanews.com\/index.php\/2025\/09\/08\/brasil-x-bolivia-samuel-lino-do-flamengo-sera-titular\/\",\"name\":\"Brasil x Bol\u00edvia: Samuel Lino, do Flamengo, ser\u00e1 titular?\",\"isPartOf\":{\"@id\":\"https:\/\/www.gaveanews.com\/#website\"},\"primaryImageOfPage\":{\"@id\":\"https:\/\/www.gaveanews.com\/index.php\/2025\/09\/08\/brasil-x-bolivia-samuel-lino-do-flamengo-sera-titular\/#primaryimage\"},\"image\":{\"@id\":\"https:\/\/www.gaveanews.com\/index.php\/2025\/09\/08\/brasil-x-bolivia-samuel-lino-do-flamengo-sera-titular\/#primaryimage\"},\"thumbnailUrl\":\"https:\/\/www.gaveanews.com\/wp-content\/uploads\/Samuel-Lino-pelo-Flamengo.png\",\"datePublished\":\"2025-09-08T17:34:13+00:00\",\"dateModified\":\"2025-09-08T17:34:18+00:00\",\"author\":{\"@id\":\"https:\/\/www.gaveanews.com\/#\/schema\/person\/c88645e3d550d0b6574305e67dd5a716\"},\"breadcrumb\":{\"@id\":\"https:\/\/www.gaveanews.com\/index.php\/2025\/09\/08\/brasil-x-bolivia-samuel-lino-do-flamengo-sera-titular\/#breadcrumb\"},\"inLanguage\":\"pt-BR\",\"potentialAction\":[{\"@type\":\"ReadAction\",\"target\":[\"https:\/\/www.gaveanews.com\/index.php\/2025\/09\/08\/brasil-x-bolivia-samuel-lino-do-flamengo-sera-titular\/\"]}]},{\"@type\":\"ImageObject\",\"inLanguage\":\"pt-BR\",\"@id\":\"https:\/\/www.gaveanews.com\/index.php\/2025\/09\/08\/brasil-x-bolivia-samuel-lino-do-flamengo-sera-titular\/#primaryimage\",\"url\":\"https:\/\/www.gaveanews.com\/wp-content\/uploads\/Samuel-Lino-pelo-Flamengo.png\",\"contentUrl\":\"https:\/\/www.gaveanews.com\/wp-content\/uploads\/Samuel-Lino-pelo-Flamengo.png\",\"width\":1200,\"height\":900,\"caption\":\"Samuel Lino pelo Flamengo (Foto: Gilvan de Souza\/Flamengo)\"},{\"@type\":\"BreadcrumbList\",\"@id\":\"https:\/\/www.gaveanews.com\/index.php\/2025\/09\/08\/brasil-x-bolivia-samuel-lino-do-flamengo-sera-titular\/#breadcrumb\",\"itemListElement\":[{\"@type\":\"ListItem\",\"position\":1,\"name\":\"Home\",\"item\":\"https:\/\/www.gaveanews.com\/\"},{\"@type\":\"ListItem\",\"position\":2,\"name\":\"Brasil x Bol\u00edvia: Samuel Lino, do Flamengo, ser\u00e1 titular?\"}]},{\"@type\":\"WebSite\",\"@id\":\"https:\/\/www.gaveanews.com\/#website\",\"url\":\"https:\/\/www.gaveanews.com\/\",\"name\":\"G\u00e1vea News\",\"description\":\"Veja todas as not\u00edcias sobre o Flamengo: Contrata\u00e7\u00f5es, categorias de base, resultados das partidas, tabela de classifica\u00e7\u00e3o, pr\u00f3ximos jogos!\",\"potentialAction\":[{\"@type\":\"SearchAction\",\"target\":{\"@type\":\"EntryPoint\",\"urlTemplate\":\"https:\/\/www.gaveanews.com\/?s={search_term_string}\"},\"query-input\":{\"@type\":\"PropertyValueSpecification\",\"valueRequired\":true,\"valueName\":\"search_term_string\"}}],\"inLanguage\":\"pt-BR\"},{\"@type\":\"Person\",\"@id\":\"https:\/\/www.gaveanews.com\/#\/schema\/person\/c88645e3d550d0b6574305e67dd5a716\",\"name\":\"Reda\u00e7\u00e3o\",\"image\":{\"@type\":\"ImageObject\",\"inLanguage\":\"pt-BR\",\"@id\":\"https:\/\/www.gaveanews.com\/#\/schema\/person\/image\/\",\"url\":\"https:\/\/secure.gravatar.com\/avatar\/434098fd823f0dc1b062d14ca22bacaa6e38de28d8c816bbef6fc2f8c44d8ba3?s=96&d=mm&r=g\",\"contentUrl\":\"https:\/\/secure.gravatar.com\/avatar\/434098fd823f0dc1b062d14ca22bacaa6e38de28d8c816bbef6fc2f8c44d8ba3?s=96&d=mm&r=g\",\"caption\":\"Reda\u00e7\u00e3o\"}}]}<\/script>\n<!-- \/ Yoast SEO Premium plugin. -->","yoast_head_json":{"title":"Brasil x Bol\u00edvia: Samuel Lino, do Flamengo, ser\u00e1 titular?","robots":{"index":"index","follow":"follow","max-snippet":"max-snippet:-1","max-image-preview":"max-image-preview:large","max-video-preview":"max-video-preview:-1"},"canonical":"https:\/\/www.gaveanews.com\/index.php\/2025\/09\/08\/brasil-x-bolivia-samuel-lino-do-flamengo-sera-titular\/","og_locale":"pt_BR","og_type":"article","og_title":"Brasil x Bol\u00edvia: Samuel Lino, do Flamengo, ser\u00e1 titular?","og_description":"A sele\u00e7\u00e3o brasileira encerra sua participa\u00e7\u00e3o nas Eliminat\u00f3rias Sul-Americanas da Copa de 2026 nesta ter\u00e7a-feira (09 de setembro), contra a Bol\u00edvia, em El Alto. O jogo ser\u00e1 \u00e0s 20h30 (hor\u00e1rio de Bras\u00edlia), com transmiss\u00e3o de Globo, sportv e ge tv. O Brasil que est\u00e1 classificado, ocupa o segundo lugar e n\u00e3o pode assumir a lideran\u00e7a. [&hellip;]","og_url":"https:\/\/www.gaveanews.com\/index.php\/2025\/09\/08\/brasil-x-bolivia-samuel-lino-do-flamengo-sera-titular\/","og_site_name":"G\u00e1vea News","article_publisher":"https:\/\/facebook.com\/gaveaNews\/","article_published_time":"2025-09-08T17:34:13+00:00","article_modified_time":"2025-09-08T17:34:18+00:00","og_image":[{"width":1200,"height":900,"url":"http:\/\/www.gaveanews.com\/wp-content\/uploads\/Samuel-Lino-pelo-Flamengo.png","type":"image\/png"}],"author":"Reda\u00e7\u00e3o","twitter_card":"summary_large_image","twitter_misc":{"Escrito por":"Reda\u00e7\u00e3o","Est. tempo de leitura":"3 minutos"},"schema":{"@context":"https:\/\/schema.org","@graph":[{"@type":"NewsArticle","@id":"https:\/\/www.gaveanews.com\/index.php\/2025\/09\/08\/brasil-x-bolivia-samuel-lino-do-flamengo-sera-titular\/#article","isPartOf":{"@id":"https:\/\/www.gaveanews.com\/index.php\/2025\/09\/08\/brasil-x-bolivia-samuel-lino-do-flamengo-sera-titular\/"},"author":{"name":"Reda\u00e7\u00e3o","@id":"https:\/\/www.gaveanews.com\/#\/schema\/person\/c88645e3d550d0b6574305e67dd5a716"},"headline":"Brasil x Bol\u00edvia: Samuel Lino, do Flamengo, ser\u00e1 titular?","datePublished":"2025-09-08T17:34:13+00:00","dateModified":"2025-09-08T17:34:18+00:00","mainEntityOfPage":{"@id":"https:\/\/www.gaveanews.com\/index.php\/2025\/09\/08\/brasil-x-bolivia-samuel-lino-do-flamengo-sera-titular\/"},"wordCount":438,"commentCount":0,"image":{"@id":"https:\/\/www.gaveanews.com\/index.php\/2025\/09\/08\/brasil-x-bolivia-samuel-lino-do-flamengo-sera-titular\/#primaryimage"},"thumbnailUrl":"https:\/\/www.gaveanews.com\/wp-content\/uploads\/Samuel-Lino-pelo-Flamengo.png","articleSection":["Flamengo"],"inLanguage":"pt-BR","potentialAction":[{"@type":"CommentAction","name":"Comment","target":["https:\/\/www.gaveanews.com\/index.php\/2025\/09\/08\/brasil-x-bolivia-samuel-lino-do-flamengo-sera-titular\/#respond"]}],"copyrightYear":"2025","copyrightHolder":{"@id":"https:\/\/www.gaveanews.com\/#organization"}},{"@type":"WebPage","@id":"https:\/\/www.gaveanews.com\/index.php\/2025\/09\/08\/brasil-x-bolivia-samuel-lino-do-flamengo-sera-titular\/","url":"https:\/\/www.gaveanews.com\/index.php\/2025\/09\/08\/brasil-x-bolivia-samuel-lino-do-flamengo-sera-titular\/","name":"Brasil x Bol\u00edvia: Samuel Lino, do Flamengo, ser\u00e1 titular?","isPartOf":{"@id":"https:\/\/www.gaveanews.com\/#website"},"primaryImageOfPage":{"@id":"https:\/\/www.gaveanews.com\/index.php\/2025\/09\/08\/brasil-x-bolivia-samuel-lino-do-flamengo-sera-titular\/#primaryimage"},"image":{"@id":"https:\/\/www.gaveanews.com\/index.php\/2025\/09\/08\/brasil-x-bolivia-samuel-lino-do-flamengo-sera-titular\/#primaryimage"},"thumbnailUrl":"https:\/\/www.gaveanews.com\/wp-content\/uploads\/Samuel-Lino-pelo-Flamengo.png","datePublished":"2025-09-08T17:34:13+00:00","dateModified":"2025-09-08T17:34:18+00:00","author":{"@id":"https:\/\/www.gaveanews.com\/#\/schema\/person\/c88645e3d550d0b6574305e67dd5a716"},"breadcrumb":{"@id":"https:\/\/www.gaveanews.com\/index.php\/2025\/09\/08\/brasil-x-bolivia-samuel-lino-do-flamengo-sera-titular\/#breadcrumb"},"inLanguage":"pt-BR","potentialAction":[{"@type":"ReadAction","target":["https:\/\/www.gaveanews.com\/index.php\/2025\/09\/08\/brasil-x-bolivia-samuel-lino-do-flamengo-sera-titular\/"]}]},{"@type":"ImageObject","inLanguage":"pt-BR","@id":"https:\/\/www.gaveanews.com\/index.php\/2025\/09\/08\/brasil-x-bolivia-samuel-lino-do-flamengo-sera-titular\/#primaryimage","url":"https:\/\/www.gaveanews.com\/wp-content\/uploads\/Samuel-Lino-pelo-Flamengo.png","contentUrl":"https:\/\/www.gaveanews.com\/wp-content\/uploads\/Samuel-Lino-pelo-Flamengo.png","width":1200,"height":900,"caption":"Samuel Lino pelo Flamengo (Foto: Gilvan de Souza\/Flamengo)"},{"@type":"BreadcrumbList","@id":"https:\/\/www.gaveanews.com\/index.php\/2025\/09\/08\/brasil-x-bolivia-samuel-lino-do-flamengo-sera-titular\/#breadcrumb","itemListElement":[{"@type":"ListItem","position":1,"name":"Home","item":"https:\/\/www.gaveanews.com\/"},{"@type":"ListItem","position":2,"name":"Brasil x Bol\u00edvia: Samuel Lino, do Flamengo, ser\u00e1 titular?"}]},{"@type":"WebSite","@id":"https:\/\/www.gaveanews.com\/#website","url":"https:\/\/www.gaveanews.com\/","name":"G\u00e1vea News","description":"Veja todas as not\u00edcias sobre o Flamengo: Contrata\u00e7\u00f5es, categorias de base, resultados das partidas, tabela de classifica\u00e7\u00e3o, pr\u00f3ximos jogos!","potentialAction":[{"@type":"SearchAction","target":{"@type":"EntryPoint","urlTemplate":"https:\/\/www.gaveanews.com\/?s={search_term_string}"},"query-input":{"@type":"PropertyValueSpecification","valueRequired":true,"valueName":"search_term_string"}}],"inLanguage":"pt-BR"},{"@type":"Person","@id":"https:\/\/www.gaveanews.com\/#\/schema\/person\/c88645e3d550d0b6574305e67dd5a716","name":"Reda\u00e7\u00e3o","image":{"@type":"ImageObject","inLanguage":"pt-BR","@id":"https:\/\/www.gaveanews.com\/#\/schema\/person\/image\/","url":"https:\/\/secure.gravatar.com\/avatar\/434098fd823f0dc1b062d14ca22bacaa6e38de28d8c816bbef6fc2f8c44d8ba3?s=96&d=mm&r=g","contentUrl":"https:\/\/secure.gravatar.com\/avatar\/434098fd823f0dc1b062d14ca22bacaa6e38de28d8c816bbef6fc2f8c44d8ba3?s=96&d=mm&r=g","caption":"Reda\u00e7\u00e3o"}}]}},"_links":{"self":[{"href":"https:\/\/www.gaveanews.com\/index.php\/wp-json\/wp\/v2\/posts\/275988","targetHints":{"allow":["GET"]}}],"collection":[{"href":"https:\/\/www.gaveanews.com\/index.php\/wp-json\/wp\/v2\/posts"}],"about":[{"href":"https:\/\/www.gaveanews.com\/index.php\/wp-json\/wp\/v2\/types\/post"}],"author":[{"embeddable":true,"href":"https:\/\/www.gaveanews.com\/index.php\/wp-json\/wp\/v2\/users\/39"}],"replies":[{"embeddable":true,"href":"https:\/\/www.gaveanews.com\/index.php\/wp-json\/wp\/v2\/comments?post=275988"}],"version-history":[{"count":1,"href":"https:\/\/www.gaveanews.com\/index.php\/wp-json\/wp\/v2\/posts\/275988\/revisions"}],"predecessor-version":[{"id":275994,"href":"https:\/\/www.gaveanews.com\/index.php\/wp-json\/wp\/v2\/posts\/275988\/revisions\/275994"}],"wp:featuredmedia":[{"embeddable":true,"href":"https:\/\/www.gaveanews.com\/index.php\/wp-json\/wp\/v2\/media\/273324"}],"wp:attachment":[{"href":"https:\/\/www.gaveanews.com\/index.php\/wp-json\/wp\/v2\/media?parent=275988"}],"wp:term":[{"taxonomy":"category","embeddable":true,"href":"https:\/\/www.gaveanews.com\/index.php\/wp-json\/wp\/v2\/categories?post=275988"},{"taxonomy":"post_tag","embeddable":true,"href":"https:\/\/www.gaveanews.com\/index.php\/wp-json\/wp\/v2\/tags?post=275988"}],"curies":[{"name":"wp","href":"https:\/\/api.w.org\/{rel}","templated":true}]}}