{"id":276004,"date":"2025-09-08T17:00:00","date_gmt":"2025-09-08T20:00:00","guid":{"rendered":"https:\/\/www.gaveanews.com\/?p=276004"},"modified":"2025-09-08T17:41:05","modified_gmt":"2025-09-08T20:41:05","slug":"flamengo-emita-nota-oficial-direcionada-a-arrascaeta-e-varela","status":"publish","type":"post","link":"https:\/\/www.gaveanews.com\/index.php\/2025\/09\/08\/flamengo-emita-nota-oficial-direcionada-a-arrascaeta-e-varela\/","title":{"rendered":"Flamengo emite nota oficial direcionada a Arrascaeta e Varela"},"content":{"rendered":"\n<p>O <a href=\"https:\/\/www.gaveanews.com\/index.php\/category\/brasileirao\/flamengo\/\" target=\"_blank\" rel=\"noopener noreferrer\">Flamengo<\/a> iniciou a semana de prepara\u00e7\u00e3o para enfrentar o Juventude no domingo (14), \u00e0s 16h (de Bras\u00edlia), no Alfredo Jaconi, durante a Data Fifa. A sele\u00e7\u00e3o uruguaia vem de vit\u00f3ria por 3 a 0 sobre o Peru na \u00faltima quinta-feira (4), resultado que assegurou vaga na Copa do Mundo de 2026. Al\u00e9m disso, o Uruguai encara o Chile nesta ter\u00e7a-feira (9), \u00e0s 20h30 (de Bras\u00edlia), em Santiago.<\/p>\n\n\n\n<p>Arrascaeta e Varela foram liberados pela sele\u00e7\u00e3o uruguaia para retornarem ao Flamengo antes do fim da Data Fifa. Destaques na vit\u00f3ria por 3 a 0 sobre o Peru, os dois atletas t\u00eam reapresenta\u00e7\u00e3o marcada para quarta-feira (10). Assim, o clube contar\u00e1 com o retorno antecipado do meia e do lateral-direito ao Ninho do Urubu.<\/p>\n\n\n\n<p>Enquanto Arrascaeta teve o retorno adiantado, Varela apresentou um quadro de pubalgia e voltar\u00e1 para ser avaliado pelo departamento m\u00e9dico rubro-negro. Dos tr\u00eas uruguaios convocados do clube, apenas Vi\u00f1a segue com a sele\u00e7\u00e3o para a partida desta ter\u00e7a-feira (9), \u00e0s 20h30 (de Bras\u00edlia), em Santiago. Com isso, o lateral-direito passa a ser d\u00favida para a partida contra o Juventude.<\/p>\n\n\n\n<p>Em nota oficial, o Flamengo registrou a libera\u00e7\u00e3o dos dois jogadores pela sele\u00e7\u00e3o uruguaia e detalhou a situa\u00e7\u00e3o individual de cada atleta. Na comunica\u00e7\u00e3o, o clube explicou o motivo do retorno do meia durante a Data Fifa e acrescentou um agradecimento \u00e0 interlocu\u00e7\u00e3o com os m\u00e9dicos da sele\u00e7\u00e3o. A fala foi divulgada da seguinte forma:<\/p>\n\n\n\n<p>&#8220;O meia Arrascaeta, que n\u00e3o apresenta nenhuma quest\u00e3o cl\u00ednica, mas seria poupado da segunda partida desta Data FIFA pelo Uruguai, tamb\u00e9m foi liberado. O Flamengo agradece a preciosa intera\u00e7\u00e3o e colabora\u00e7\u00e3o do departamento m\u00e9dico da sele\u00e7\u00e3o uruguaia de futebol com o clube&#8221;.<\/p>\n\n\n\n<p>J\u00e1 com rela\u00e7\u00e3o a Varela, o jogador se tornou d\u00favida para o compromisso diante do Juventude. Al\u00e9m disso, a mesma nota oficial do clube descreveu o procedimento de contato entre os departamentos m\u00e9dicos de Flamengo e Associa\u00e7\u00e3o Uruguaia de Futebol; o texto foi reproduzido abaixo.<\/p>\n\n\n\n<p>&#8220;O lateral-direito Varela apresentou quadro de pubalgia e retorna ao clube para ser avaliado pelo departamento m\u00e9dico rubro-negro. Ao longo dos \u00faltimos dias, o Dr. Fernando Sassaki, do Flamengo, manteve contato constante com a equipe m\u00e9dica da Associa\u00e7\u00e3o Uruguaia de Futebol.&#8221;<\/p>\n\n\n\n<p>Por fim, Arrascaeta e Varela v\u00e3o se reapresentar na quarta-feira (10), enquanto Vi\u00f1a permanece com a sele\u00e7\u00e3o uruguaia para o jogo de ter\u00e7a-feira (9), \u00e0s 20h30 (de Bras\u00edlia). O Flamengo volta a campo no domingo (14), \u00e0s 16h (de Bras\u00edlia), contra o Juventude, e enfrenta o Estudiantes-ARG na quinta-feira (18), \u00e0s 21h30 (de Bras\u00edlia). A equipe lidera o Brasileiro com 47 pontos.<\/p>\n","protected":false},"excerpt":{"rendered":"<p>O Flamengo iniciou a semana de prepara\u00e7\u00e3o para enfrentar o Juventude no domingo (14), \u00e0s 16h (de Bras\u00edlia), no Alfredo Jaconi, durante a Data Fifa. A sele\u00e7\u00e3o uruguaia vem de vit\u00f3ria por 3 a 0 sobre o Peru na \u00faltima quinta-feira (4), resultado que assegurou vaga na Copa do Mundo de 2026. Al\u00e9m disso, o [&hellip;]<\/p>\n","protected":false},"author":39,"featured_media":270117,"comment_status":"open","ping_status":"closed","sticky":false,"template":"","format":"standard","meta":{"footnotes":""},"categories":[1],"tags":[],"class_list":["post-276004","post","type-post","status-publish","format-standard","has-post-thumbnail","hentry","category-flamengo"],"yoast_head":"<!-- This site is optimized with the Yoast SEO Premium plugin v24.2 (Yoast SEO v26.9) - https:\/\/yoast.com\/product\/yoast-seo-premium-wordpress\/ -->\n<title>Flamengo emite nota oficial direcionada a Arrascaeta e Varela<\/title>\n<meta name=\"robots\" content=\"index, follow, max-snippet:-1, max-image-preview:large, max-video-preview:-1\" \/>\n<link rel=\"canonical\" href=\"https:\/\/www.gaveanews.com\/index.php\/2025\/09\/08\/flamengo-emita-nota-oficial-direcionada-a-arrascaeta-e-varela\/\" \/>\n<meta property=\"og:locale\" content=\"pt_BR\" \/>\n<meta property=\"og:type\" content=\"article\" \/>\n<meta property=\"og:title\" content=\"Flamengo emite nota oficial direcionada a Arrascaeta e Varela\" \/>\n<meta property=\"og:description\" content=\"O Flamengo iniciou a semana de prepara\u00e7\u00e3o para enfrentar o Juventude no domingo (14), \u00e0s 16h (de Bras\u00edlia), no Alfredo Jaconi, durante a Data Fifa. A sele\u00e7\u00e3o uruguaia vem de vit\u00f3ria por 3 a 0 sobre o Peru na \u00faltima quinta-feira (4), resultado que assegurou vaga na Copa do Mundo de 2026. Al\u00e9m disso, o [&hellip;]\" \/>\n<meta property=\"og:url\" content=\"https:\/\/www.gaveanews.com\/index.php\/2025\/09\/08\/flamengo-emita-nota-oficial-direcionada-a-arrascaeta-e-varela\/\" \/>\n<meta property=\"og:site_name\" content=\"G\u00e1vea News\" \/>\n<meta property=\"article:publisher\" content=\"https:\/\/facebook.com\/gaveaNews\/\" \/>\n<meta property=\"article:published_time\" content=\"2025-09-08T20:00:00+00:00\" \/>\n<meta property=\"article:modified_time\" content=\"2025-09-08T20:41:05+00:00\" \/>\n<meta property=\"og:image\" content=\"http:\/\/www.gaveanews.com\/wp-content\/uploads\/Arrascaeta-e-Varela-pelo-Flamengo.webp\" \/>\n\t<meta property=\"og:image:width\" content=\"1200\" \/>\n\t<meta property=\"og:image:height\" content=\"900\" \/>\n\t<meta property=\"og:image:type\" content=\"image\/webp\" \/>\n<meta name=\"author\" content=\"Reda\u00e7\u00e3o\" \/>\n<meta name=\"twitter:card\" content=\"summary_large_image\" \/>\n<meta name=\"twitter:label1\" content=\"Escrito por\" \/>\n\t<meta name=\"twitter:data1\" content=\"Reda\u00e7\u00e3o\" \/>\n\t<meta name=\"twitter:label2\" content=\"Est. tempo de leitura\" \/>\n\t<meta name=\"twitter:data2\" content=\"3 minutos\" \/>\n<script type=\"application\/ld+json\" class=\"yoast-schema-graph\">{\"@context\":\"https:\/\/schema.org\",\"@graph\":[{\"@type\":\"NewsArticle\",\"@id\":\"https:\/\/www.gaveanews.com\/index.php\/2025\/09\/08\/flamengo-emita-nota-oficial-direcionada-a-arrascaeta-e-varela\/#article\",\"isPartOf\":{\"@id\":\"https:\/\/www.gaveanews.com\/index.php\/2025\/09\/08\/flamengo-emita-nota-oficial-direcionada-a-arrascaeta-e-varela\/\"},\"author\":{\"name\":\"Reda\u00e7\u00e3o\",\"@id\":\"https:\/\/www.gaveanews.com\/#\/schema\/person\/c88645e3d550d0b6574305e67dd5a716\"},\"headline\":\"Flamengo emite nota oficial direcionada a Arrascaeta e Varela\",\"datePublished\":\"2025-09-08T20:00:00+00:00\",\"dateModified\":\"2025-09-08T20:41:05+00:00\",\"mainEntityOfPage\":{\"@id\":\"https:\/\/www.gaveanews.com\/index.php\/2025\/09\/08\/flamengo-emita-nota-oficial-direcionada-a-arrascaeta-e-varela\/\"},\"wordCount\":467,\"commentCount\":0,\"image\":{\"@id\":\"https:\/\/www.gaveanews.com\/index.php\/2025\/09\/08\/flamengo-emita-nota-oficial-direcionada-a-arrascaeta-e-varela\/#primaryimage\"},\"thumbnailUrl\":\"https:\/\/www.gaveanews.com\/wp-content\/uploads\/Arrascaeta-e-Varela-pelo-Flamengo.webp\",\"articleSection\":[\"Flamengo\"],\"inLanguage\":\"pt-BR\",\"potentialAction\":[{\"@type\":\"CommentAction\",\"name\":\"Comment\",\"target\":[\"https:\/\/www.gaveanews.com\/index.php\/2025\/09\/08\/flamengo-emita-nota-oficial-direcionada-a-arrascaeta-e-varela\/#respond\"]}],\"copyrightYear\":\"2025\",\"copyrightHolder\":{\"@id\":\"https:\/\/www.gaveanews.com\/#organization\"}},{\"@type\":\"WebPage\",\"@id\":\"https:\/\/www.gaveanews.com\/index.php\/2025\/09\/08\/flamengo-emita-nota-oficial-direcionada-a-arrascaeta-e-varela\/\",\"url\":\"https:\/\/www.gaveanews.com\/index.php\/2025\/09\/08\/flamengo-emita-nota-oficial-direcionada-a-arrascaeta-e-varela\/\",\"name\":\"Flamengo emite nota oficial direcionada a Arrascaeta e Varela\",\"isPartOf\":{\"@id\":\"https:\/\/www.gaveanews.com\/#website\"},\"primaryImageOfPage\":{\"@id\":\"https:\/\/www.gaveanews.com\/index.php\/2025\/09\/08\/flamengo-emita-nota-oficial-direcionada-a-arrascaeta-e-varela\/#primaryimage\"},\"image\":{\"@id\":\"https:\/\/www.gaveanews.com\/index.php\/2025\/09\/08\/flamengo-emita-nota-oficial-direcionada-a-arrascaeta-e-varela\/#primaryimage\"},\"thumbnailUrl\":\"https:\/\/www.gaveanews.com\/wp-content\/uploads\/Arrascaeta-e-Varela-pelo-Flamengo.webp\",\"datePublished\":\"2025-09-08T20:00:00+00:00\",\"dateModified\":\"2025-09-08T20:41:05+00:00\",\"author\":{\"@id\":\"https:\/\/www.gaveanews.com\/#\/schema\/person\/c88645e3d550d0b6574305e67dd5a716\"},\"breadcrumb\":{\"@id\":\"https:\/\/www.gaveanews.com\/index.php\/2025\/09\/08\/flamengo-emita-nota-oficial-direcionada-a-arrascaeta-e-varela\/#breadcrumb\"},\"inLanguage\":\"pt-BR\",\"potentialAction\":[{\"@type\":\"ReadAction\",\"target\":[\"https:\/\/www.gaveanews.com\/index.php\/2025\/09\/08\/flamengo-emita-nota-oficial-direcionada-a-arrascaeta-e-varela\/\"]}]},{\"@type\":\"ImageObject\",\"inLanguage\":\"pt-BR\",\"@id\":\"https:\/\/www.gaveanews.com\/index.php\/2025\/09\/08\/flamengo-emita-nota-oficial-direcionada-a-arrascaeta-e-varela\/#primaryimage\",\"url\":\"https:\/\/www.gaveanews.com\/wp-content\/uploads\/Arrascaeta-e-Varela-pelo-Flamengo.webp\",\"contentUrl\":\"https:\/\/www.gaveanews.com\/wp-content\/uploads\/Arrascaeta-e-Varela-pelo-Flamengo.webp\",\"width\":1200,\"height\":900,\"caption\":\"Arrascaeta e Varela pelo Flamengo (Foto:Adriano Fontes\/Flamengo)\"},{\"@type\":\"BreadcrumbList\",\"@id\":\"https:\/\/www.gaveanews.com\/index.php\/2025\/09\/08\/flamengo-emita-nota-oficial-direcionada-a-arrascaeta-e-varela\/#breadcrumb\",\"itemListElement\":[{\"@type\":\"ListItem\",\"position\":1,\"name\":\"Home\",\"item\":\"https:\/\/www.gaveanews.com\/\"},{\"@type\":\"ListItem\",\"position\":2,\"name\":\"Flamengo emite nota oficial direcionada a Arrascaeta e Varela\"}]},{\"@type\":\"WebSite\",\"@id\":\"https:\/\/www.gaveanews.com\/#website\",\"url\":\"https:\/\/www.gaveanews.com\/\",\"name\":\"G\u00e1vea News\",\"description\":\"Veja todas as not\u00edcias sobre o Flamengo: Contrata\u00e7\u00f5es, categorias de base, resultados das partidas, tabela de classifica\u00e7\u00e3o, pr\u00f3ximos jogos!\",\"potentialAction\":[{\"@type\":\"SearchAction\",\"target\":{\"@type\":\"EntryPoint\",\"urlTemplate\":\"https:\/\/www.gaveanews.com\/?s={search_term_string}\"},\"query-input\":{\"@type\":\"PropertyValueSpecification\",\"valueRequired\":true,\"valueName\":\"search_term_string\"}}],\"inLanguage\":\"pt-BR\"},{\"@type\":\"Person\",\"@id\":\"https:\/\/www.gaveanews.com\/#\/schema\/person\/c88645e3d550d0b6574305e67dd5a716\",\"name\":\"Reda\u00e7\u00e3o\",\"image\":{\"@type\":\"ImageObject\",\"inLanguage\":\"pt-BR\",\"@id\":\"https:\/\/www.gaveanews.com\/#\/schema\/person\/image\/\",\"url\":\"https:\/\/secure.gravatar.com\/avatar\/434098fd823f0dc1b062d14ca22bacaa6e38de28d8c816bbef6fc2f8c44d8ba3?s=96&d=mm&r=g\",\"contentUrl\":\"https:\/\/secure.gravatar.com\/avatar\/434098fd823f0dc1b062d14ca22bacaa6e38de28d8c816bbef6fc2f8c44d8ba3?s=96&d=mm&r=g\",\"caption\":\"Reda\u00e7\u00e3o\"}}]}<\/script>\n<!-- \/ Yoast SEO Premium plugin. -->","yoast_head_json":{"title":"Flamengo emite nota oficial direcionada a Arrascaeta e Varela","robots":{"index":"index","follow":"follow","max-snippet":"max-snippet:-1","max-image-preview":"max-image-preview:large","max-video-preview":"max-video-preview:-1"},"canonical":"https:\/\/www.gaveanews.com\/index.php\/2025\/09\/08\/flamengo-emita-nota-oficial-direcionada-a-arrascaeta-e-varela\/","og_locale":"pt_BR","og_type":"article","og_title":"Flamengo emite nota oficial direcionada a Arrascaeta e Varela","og_description":"O Flamengo iniciou a semana de prepara\u00e7\u00e3o para enfrentar o Juventude no domingo (14), \u00e0s 16h (de Bras\u00edlia), no Alfredo Jaconi, durante a Data Fifa. A sele\u00e7\u00e3o uruguaia vem de vit\u00f3ria por 3 a 0 sobre o Peru na \u00faltima quinta-feira (4), resultado que assegurou vaga na Copa do Mundo de 2026. Al\u00e9m disso, o [&hellip;]","og_url":"https:\/\/www.gaveanews.com\/index.php\/2025\/09\/08\/flamengo-emita-nota-oficial-direcionada-a-arrascaeta-e-varela\/","og_site_name":"G\u00e1vea News","article_publisher":"https:\/\/facebook.com\/gaveaNews\/","article_published_time":"2025-09-08T20:00:00+00:00","article_modified_time":"2025-09-08T20:41:05+00:00","og_image":[{"width":1200,"height":900,"url":"http:\/\/www.gaveanews.com\/wp-content\/uploads\/Arrascaeta-e-Varela-pelo-Flamengo.webp","type":"image\/webp"}],"author":"Reda\u00e7\u00e3o","twitter_card":"summary_large_image","twitter_misc":{"Escrito por":"Reda\u00e7\u00e3o","Est. tempo de leitura":"3 minutos"},"schema":{"@context":"https:\/\/schema.org","@graph":[{"@type":"NewsArticle","@id":"https:\/\/www.gaveanews.com\/index.php\/2025\/09\/08\/flamengo-emita-nota-oficial-direcionada-a-arrascaeta-e-varela\/#article","isPartOf":{"@id":"https:\/\/www.gaveanews.com\/index.php\/2025\/09\/08\/flamengo-emita-nota-oficial-direcionada-a-arrascaeta-e-varela\/"},"author":{"name":"Reda\u00e7\u00e3o","@id":"https:\/\/www.gaveanews.com\/#\/schema\/person\/c88645e3d550d0b6574305e67dd5a716"},"headline":"Flamengo emite nota oficial direcionada a Arrascaeta e Varela","datePublished":"2025-09-08T20:00:00+00:00","dateModified":"2025-09-08T20:41:05+00:00","mainEntityOfPage":{"@id":"https:\/\/www.gaveanews.com\/index.php\/2025\/09\/08\/flamengo-emita-nota-oficial-direcionada-a-arrascaeta-e-varela\/"},"wordCount":467,"commentCount":0,"image":{"@id":"https:\/\/www.gaveanews.com\/index.php\/2025\/09\/08\/flamengo-emita-nota-oficial-direcionada-a-arrascaeta-e-varela\/#primaryimage"},"thumbnailUrl":"https:\/\/www.gaveanews.com\/wp-content\/uploads\/Arrascaeta-e-Varela-pelo-Flamengo.webp","articleSection":["Flamengo"],"inLanguage":"pt-BR","potentialAction":[{"@type":"CommentAction","name":"Comment","target":["https:\/\/www.gaveanews.com\/index.php\/2025\/09\/08\/flamengo-emita-nota-oficial-direcionada-a-arrascaeta-e-varela\/#respond"]}],"copyrightYear":"2025","copyrightHolder":{"@id":"https:\/\/www.gaveanews.com\/#organization"}},{"@type":"WebPage","@id":"https:\/\/www.gaveanews.com\/index.php\/2025\/09\/08\/flamengo-emita-nota-oficial-direcionada-a-arrascaeta-e-varela\/","url":"https:\/\/www.gaveanews.com\/index.php\/2025\/09\/08\/flamengo-emita-nota-oficial-direcionada-a-arrascaeta-e-varela\/","name":"Flamengo emite nota oficial direcionada a Arrascaeta e Varela","isPartOf":{"@id":"https:\/\/www.gaveanews.com\/#website"},"primaryImageOfPage":{"@id":"https:\/\/www.gaveanews.com\/index.php\/2025\/09\/08\/flamengo-emita-nota-oficial-direcionada-a-arrascaeta-e-varela\/#primaryimage"},"image":{"@id":"https:\/\/www.gaveanews.com\/index.php\/2025\/09\/08\/flamengo-emita-nota-oficial-direcionada-a-arrascaeta-e-varela\/#primaryimage"},"thumbnailUrl":"https:\/\/www.gaveanews.com\/wp-content\/uploads\/Arrascaeta-e-Varela-pelo-Flamengo.webp","datePublished":"2025-09-08T20:00:00+00:00","dateModified":"2025-09-08T20:41:05+00:00","author":{"@id":"https:\/\/www.gaveanews.com\/#\/schema\/person\/c88645e3d550d0b6574305e67dd5a716"},"breadcrumb":{"@id":"https:\/\/www.gaveanews.com\/index.php\/2025\/09\/08\/flamengo-emita-nota-oficial-direcionada-a-arrascaeta-e-varela\/#breadcrumb"},"inLanguage":"pt-BR","potentialAction":[{"@type":"ReadAction","target":["https:\/\/www.gaveanews.com\/index.php\/2025\/09\/08\/flamengo-emita-nota-oficial-direcionada-a-arrascaeta-e-varela\/"]}]},{"@type":"ImageObject","inLanguage":"pt-BR","@id":"https:\/\/www.gaveanews.com\/index.php\/2025\/09\/08\/flamengo-emita-nota-oficial-direcionada-a-arrascaeta-e-varela\/#primaryimage","url":"https:\/\/www.gaveanews.com\/wp-content\/uploads\/Arrascaeta-e-Varela-pelo-Flamengo.webp","contentUrl":"https:\/\/www.gaveanews.com\/wp-content\/uploads\/Arrascaeta-e-Varela-pelo-Flamengo.webp","width":1200,"height":900,"caption":"Arrascaeta e Varela pelo Flamengo (Foto:Adriano Fontes\/Flamengo)"},{"@type":"BreadcrumbList","@id":"https:\/\/www.gaveanews.com\/index.php\/2025\/09\/08\/flamengo-emita-nota-oficial-direcionada-a-arrascaeta-e-varela\/#breadcrumb","itemListElement":[{"@type":"ListItem","position":1,"name":"Home","item":"https:\/\/www.gaveanews.com\/"},{"@type":"ListItem","position":2,"name":"Flamengo emite nota oficial direcionada a Arrascaeta e Varela"}]},{"@type":"WebSite","@id":"https:\/\/www.gaveanews.com\/#website","url":"https:\/\/www.gaveanews.com\/","name":"G\u00e1vea News","description":"Veja todas as not\u00edcias sobre o Flamengo: Contrata\u00e7\u00f5es, categorias de base, resultados das partidas, tabela de classifica\u00e7\u00e3o, pr\u00f3ximos jogos!","potentialAction":[{"@type":"SearchAction","target":{"@type":"EntryPoint","urlTemplate":"https:\/\/www.gaveanews.com\/?s={search_term_string}"},"query-input":{"@type":"PropertyValueSpecification","valueRequired":true,"valueName":"search_term_string"}}],"inLanguage":"pt-BR"},{"@type":"Person","@id":"https:\/\/www.gaveanews.com\/#\/schema\/person\/c88645e3d550d0b6574305e67dd5a716","name":"Reda\u00e7\u00e3o","image":{"@type":"ImageObject","inLanguage":"pt-BR","@id":"https:\/\/www.gaveanews.com\/#\/schema\/person\/image\/","url":"https:\/\/secure.gravatar.com\/avatar\/434098fd823f0dc1b062d14ca22bacaa6e38de28d8c816bbef6fc2f8c44d8ba3?s=96&d=mm&r=g","contentUrl":"https:\/\/secure.gravatar.com\/avatar\/434098fd823f0dc1b062d14ca22bacaa6e38de28d8c816bbef6fc2f8c44d8ba3?s=96&d=mm&r=g","caption":"Reda\u00e7\u00e3o"}}]}},"_links":{"self":[{"href":"https:\/\/www.gaveanews.com\/index.php\/wp-json\/wp\/v2\/posts\/276004","targetHints":{"allow":["GET"]}}],"collection":[{"href":"https:\/\/www.gaveanews.com\/index.php\/wp-json\/wp\/v2\/posts"}],"about":[{"href":"https:\/\/www.gaveanews.com\/index.php\/wp-json\/wp\/v2\/types\/post"}],"author":[{"embeddable":true,"href":"https:\/\/www.gaveanews.com\/index.php\/wp-json\/wp\/v2\/users\/39"}],"replies":[{"embeddable":true,"href":"https:\/\/www.gaveanews.com\/index.php\/wp-json\/wp\/v2\/comments?post=276004"}],"version-history":[{"count":2,"href":"https:\/\/www.gaveanews.com\/index.php\/wp-json\/wp\/v2\/posts\/276004\/revisions"}],"predecessor-version":[{"id":276037,"href":"https:\/\/www.gaveanews.com\/index.php\/wp-json\/wp\/v2\/posts\/276004\/revisions\/276037"}],"wp:featuredmedia":[{"embeddable":true,"href":"https:\/\/www.gaveanews.com\/index.php\/wp-json\/wp\/v2\/media\/270117"}],"wp:attachment":[{"href":"https:\/\/www.gaveanews.com\/index.php\/wp-json\/wp\/v2\/media?parent=276004"}],"wp:term":[{"taxonomy":"category","embeddable":true,"href":"https:\/\/www.gaveanews.com\/index.php\/wp-json\/wp\/v2\/categories?post=276004"},{"taxonomy":"post_tag","embeddable":true,"href":"https:\/\/www.gaveanews.com\/index.php\/wp-json\/wp\/v2\/tags?post=276004"}],"curies":[{"name":"wp","href":"https:\/\/api.w.org\/{rel}","templated":true}]}}