{"id":276006,"date":"2025-09-08T18:00:00","date_gmt":"2025-09-08T21:00:00","guid":{"rendered":"https:\/\/www.gaveanews.com\/?p=276006"},"modified":"2025-09-08T16:48:44","modified_gmt":"2025-09-08T19:48:44","slug":"tecnico-faz-revelacao-envolvendo-emerson-royal-do-flamengo","status":"publish","type":"post","link":"https:\/\/www.gaveanews.com\/index.php\/2025\/09\/08\/tecnico-faz-revelacao-envolvendo-emerson-royal-do-flamengo\/","title":{"rendered":"T\u00e9cnico faz revela\u00e7\u00e3o envolvendo Emerson Royal, do Flamengo"},"content":{"rendered":"\n<p>Emerson Royal vive um per\u00edodo de adapta\u00e7\u00e3o no <a href=\"https:\/\/www.gaveanews.com\/index.php\/category\/brasileirao\/flamengo\/\" target=\"_blank\" rel=\"noopener noreferrer\">Flamengo<\/a> ap\u00f3s retornar ao pa\u00eds em julho de 2025. O lateral-direito percorreu uma trajet\u00f3ria marcada por dispensas nas categorias de base de S\u00e3o Paulo e Gr\u00eamio, at\u00e9 se recompor na Ponte Preta. A passagem pela equipe campineira foi decisiva para redirecionar a carreira do jogador, que hoje busca se firmar no elenco comandado por Filipe Lu\u00eds.<\/p>\n\n\n\n<p>Na Ponte Preta, Royal encontrou o t\u00e9cnico Elio Sizenando, ent\u00e3o respons\u00e1vel pelo sub-17. O treinador lembra que o in\u00edcio foi desafiador, mas que a confian\u00e7a reconstru\u00edda naquele ambiente mudou o rumo do atleta. Um epis\u00f3dio de les\u00e3o logo no come\u00e7o do trabalho exigiu apoio pr\u00f3ximo e uma garantia de continuidade.<\/p>\n\n\n\n<p>\u201cQuando ele chegou para jogar com a gente, ele quebrou o bra\u00e7o. Ficou muito preocupado, e eu assegurei que ele n\u00e3o seria dispensado. Era para ele continuar trabalhando, que ele seria titular na Ta\u00e7a BH comigo. Ele ganhou confian\u00e7a e ficou muito grato por isso. Deu um up na carreira dele.\u201d<\/p>\n\n\n\n<p>Segundo Sizenando, a evolu\u00e7\u00e3o ficou evidente na temporada seguinte, com ganho f\u00edsico e tomadas de decis\u00e3o maduras. Na Copa Santiago de 2016, um duelo com o Gr\u00eamio consolidou a percep\u00e7\u00e3o de que Royal se destacaria tecnicamente. O desempenho resultou em assist\u00eancias e visibilidade na base da Sele\u00e7\u00e3o.<\/p>\n\n\n\n<p>\u201cEu o vi em alto n\u00edvel na Copa Santiago, em 2016. Nosso primeiro jogo foi contra o Gr\u00eamio, eu disse que se ele atacasse a profundidade do Gr\u00eamio, n\u00f3s ter\u00edamos muitas chances. Ele atacou, deu duas assist\u00eancias e o jogo terminou 2 a 2. Ali eu vi que, por ser inteligente e tomar boas decis\u00f5es, ele subiria de n\u00edvel. Depois desse jogo, ele foi convocado para a base da Sele\u00e7\u00e3o.\u201d<\/p>\n\n\n\n<p>A rela\u00e7\u00e3o entre os dois seguiu pr\u00f3xima ap\u00f3s 2016, quando Sizenando deixou a Ponte Preta. De l\u00e1 para c\u00e1, treinador e atleta mantiveram contato frequente, com orienta\u00e7\u00f5es e elogios p\u00fablicos ao amadurecimento de Royal. Para o t\u00e9cnico, o estilo do lateral combina com o que o Flamengo exige taticamente.<\/p>\n\n\n\n<p>\u201cEle n\u00e3o vinha jogando antes, a les\u00e3o atrapalhou um pouco. O Filipe Lu\u00eds me parece um treinador que gosta de ajudar os atletas tamb\u00e9m. Acho que o Flamengo tem muito a ganhar com as caracter\u00edsticas de jogo do Royal. Cai muito bem no Flamengo. Ele gosta de chegar bastante \u00e0 linha de fundo e cumpre a obriga\u00e7\u00e3o de defender bem. \u00c9 trabalhar todo dia e aprender com a comiss\u00e3o e com os jogadores.\u201d<\/p>\n\n\n\n<p>Ap\u00f3s a Ponte Preta, Royal passou rapidamente pelo Atl\u00e9tico-MG e transferiu-se para o Real Betis em 2018. Na Europa, tamb\u00e9m atuou por Barcelona, Tottenham e Milan. O Flamengo anunciou sua contrata\u00e7\u00e3o em julho, com acordo at\u00e9 o fim de 2028. Segundo o clube, o pagamento ao Milan \u00e9 de cerca de 9 milh\u00f5es de euros (R$ 58 milh\u00f5es).<\/p>\n\n\n\n<p>No curr\u00edculo, constam 79 jogos, cinco gols e 10 assist\u00eancias pelo Betis, al\u00e9m de tr\u00eas partidas pelo Barcelona e 101 jogos pelo Tottenham, com quatro gols e duas assist\u00eancias. Na \u00faltima temporada, ele disputou 26 jogos pelo Milan, sendo 22 como titular. Pelo Flamengo, fez cinco partidas, tr\u00eas delas desde o in\u00edcio.<\/p>\n\n\n\n<p>O elenco rubro-negro voltou aos treinos na sexta-feira, ap\u00f3s alguns dias de folga. Royal viajou a Americana, no interior paulista, e publicou imagens de fisioterapia em suas redes sociais. J\u00e1 na posi\u00e7\u00e3o, Varela retornou da sele\u00e7\u00e3o uruguaia com pubalgia. O pr\u00f3ximo compromisso do Flamengo \u00e9 contra o Juventude, pelo Brasileir\u00e3o.<\/p>\n","protected":false},"excerpt":{"rendered":"<p>Emerson Royal vive um per\u00edodo de adapta\u00e7\u00e3o no Flamengo ap\u00f3s retornar ao pa\u00eds em julho de 2025. O lateral-direito percorreu uma trajet\u00f3ria marcada por dispensas nas categorias de base de S\u00e3o Paulo e Gr\u00eamio, at\u00e9 se recompor na Ponte Preta. A passagem pela equipe campineira foi decisiva para redirecionar a carreira do jogador, que hoje [&hellip;]<\/p>\n","protected":false},"author":39,"featured_media":274249,"comment_status":"open","ping_status":"closed","sticky":false,"template":"","format":"standard","meta":{"footnotes":""},"categories":[1],"tags":[],"class_list":["post-276006","post","type-post","status-publish","format-standard","has-post-thumbnail","hentry","category-flamengo"],"yoast_head":"<!-- This site is optimized with the Yoast SEO Premium plugin v24.2 (Yoast SEO v26.9) - https:\/\/yoast.com\/product\/yoast-seo-premium-wordpress\/ -->\n<title>T\u00e9cnico faz revela\u00e7\u00e3o envolvendo Emerson Royal, do Flamengo<\/title>\n<meta name=\"robots\" content=\"index, follow, max-snippet:-1, max-image-preview:large, max-video-preview:-1\" \/>\n<link rel=\"canonical\" href=\"https:\/\/www.gaveanews.com\/index.php\/2025\/09\/08\/tecnico-faz-revelacao-envolvendo-emerson-royal-do-flamengo\/\" \/>\n<meta property=\"og:locale\" content=\"pt_BR\" \/>\n<meta property=\"og:type\" content=\"article\" \/>\n<meta property=\"og:title\" content=\"T\u00e9cnico faz revela\u00e7\u00e3o envolvendo Emerson Royal, do Flamengo\" \/>\n<meta property=\"og:description\" content=\"Emerson Royal vive um per\u00edodo de adapta\u00e7\u00e3o no Flamengo ap\u00f3s retornar ao pa\u00eds em julho de 2025. O lateral-direito percorreu uma trajet\u00f3ria marcada por dispensas nas categorias de base de S\u00e3o Paulo e Gr\u00eamio, at\u00e9 se recompor na Ponte Preta. A passagem pela equipe campineira foi decisiva para redirecionar a carreira do jogador, que hoje [&hellip;]\" \/>\n<meta property=\"og:url\" content=\"https:\/\/www.gaveanews.com\/index.php\/2025\/09\/08\/tecnico-faz-revelacao-envolvendo-emerson-royal-do-flamengo\/\" \/>\n<meta property=\"og:site_name\" content=\"G\u00e1vea News\" \/>\n<meta property=\"article:publisher\" content=\"https:\/\/facebook.com\/gaveaNews\/\" \/>\n<meta property=\"article:published_time\" content=\"2025-09-08T21:00:00+00:00\" \/>\n<meta property=\"og:image\" content=\"https:\/\/www.gaveanews.com\/wp-content\/uploads\/Emerson-Royal-Flamengo.png\" \/>\n\t<meta property=\"og:image:width\" content=\"1200\" \/>\n\t<meta property=\"og:image:height\" content=\"900\" \/>\n\t<meta property=\"og:image:type\" content=\"image\/png\" \/>\n<meta name=\"author\" content=\"Reda\u00e7\u00e3o\" \/>\n<meta name=\"twitter:card\" content=\"summary_large_image\" \/>\n<meta name=\"twitter:label1\" content=\"Escrito por\" \/>\n\t<meta name=\"twitter:data1\" content=\"Reda\u00e7\u00e3o\" \/>\n\t<meta name=\"twitter:label2\" content=\"Est. tempo de leitura\" \/>\n\t<meta name=\"twitter:data2\" content=\"4 minutos\" \/>\n<script type=\"application\/ld+json\" class=\"yoast-schema-graph\">{\"@context\":\"https:\/\/schema.org\",\"@graph\":[{\"@type\":\"NewsArticle\",\"@id\":\"https:\/\/www.gaveanews.com\/index.php\/2025\/09\/08\/tecnico-faz-revelacao-envolvendo-emerson-royal-do-flamengo\/#article\",\"isPartOf\":{\"@id\":\"https:\/\/www.gaveanews.com\/index.php\/2025\/09\/08\/tecnico-faz-revelacao-envolvendo-emerson-royal-do-flamengo\/\"},\"author\":{\"name\":\"Reda\u00e7\u00e3o\",\"@id\":\"https:\/\/www.gaveanews.com\/#\/schema\/person\/c88645e3d550d0b6574305e67dd5a716\"},\"headline\":\"T\u00e9cnico faz revela\u00e7\u00e3o envolvendo Emerson Royal, do Flamengo\",\"datePublished\":\"2025-09-08T21:00:00+00:00\",\"mainEntityOfPage\":{\"@id\":\"https:\/\/www.gaveanews.com\/index.php\/2025\/09\/08\/tecnico-faz-revelacao-envolvendo-emerson-royal-do-flamengo\/\"},\"wordCount\":624,\"commentCount\":0,\"image\":{\"@id\":\"https:\/\/www.gaveanews.com\/index.php\/2025\/09\/08\/tecnico-faz-revelacao-envolvendo-emerson-royal-do-flamengo\/#primaryimage\"},\"thumbnailUrl\":\"https:\/\/www.gaveanews.com\/wp-content\/uploads\/Emerson-Royal-Flamengo.png\",\"articleSection\":[\"Flamengo\"],\"inLanguage\":\"pt-BR\",\"potentialAction\":[{\"@type\":\"CommentAction\",\"name\":\"Comment\",\"target\":[\"https:\/\/www.gaveanews.com\/index.php\/2025\/09\/08\/tecnico-faz-revelacao-envolvendo-emerson-royal-do-flamengo\/#respond\"]}],\"copyrightYear\":\"2025\",\"copyrightHolder\":{\"@id\":\"https:\/\/www.gaveanews.com\/#organization\"}},{\"@type\":\"WebPage\",\"@id\":\"https:\/\/www.gaveanews.com\/index.php\/2025\/09\/08\/tecnico-faz-revelacao-envolvendo-emerson-royal-do-flamengo\/\",\"url\":\"https:\/\/www.gaveanews.com\/index.php\/2025\/09\/08\/tecnico-faz-revelacao-envolvendo-emerson-royal-do-flamengo\/\",\"name\":\"T\u00e9cnico faz revela\u00e7\u00e3o envolvendo Emerson Royal, do Flamengo\",\"isPartOf\":{\"@id\":\"https:\/\/www.gaveanews.com\/#website\"},\"primaryImageOfPage\":{\"@id\":\"https:\/\/www.gaveanews.com\/index.php\/2025\/09\/08\/tecnico-faz-revelacao-envolvendo-emerson-royal-do-flamengo\/#primaryimage\"},\"image\":{\"@id\":\"https:\/\/www.gaveanews.com\/index.php\/2025\/09\/08\/tecnico-faz-revelacao-envolvendo-emerson-royal-do-flamengo\/#primaryimage\"},\"thumbnailUrl\":\"https:\/\/www.gaveanews.com\/wp-content\/uploads\/Emerson-Royal-Flamengo.png\",\"datePublished\":\"2025-09-08T21:00:00+00:00\",\"author\":{\"@id\":\"https:\/\/www.gaveanews.com\/#\/schema\/person\/c88645e3d550d0b6574305e67dd5a716\"},\"breadcrumb\":{\"@id\":\"https:\/\/www.gaveanews.com\/index.php\/2025\/09\/08\/tecnico-faz-revelacao-envolvendo-emerson-royal-do-flamengo\/#breadcrumb\"},\"inLanguage\":\"pt-BR\",\"potentialAction\":[{\"@type\":\"ReadAction\",\"target\":[\"https:\/\/www.gaveanews.com\/index.php\/2025\/09\/08\/tecnico-faz-revelacao-envolvendo-emerson-royal-do-flamengo\/\"]}]},{\"@type\":\"ImageObject\",\"inLanguage\":\"pt-BR\",\"@id\":\"https:\/\/www.gaveanews.com\/index.php\/2025\/09\/08\/tecnico-faz-revelacao-envolvendo-emerson-royal-do-flamengo\/#primaryimage\",\"url\":\"https:\/\/www.gaveanews.com\/wp-content\/uploads\/Emerson-Royal-Flamengo.png\",\"contentUrl\":\"https:\/\/www.gaveanews.com\/wp-content\/uploads\/Emerson-Royal-Flamengo.png\",\"width\":1200,\"height\":900,\"caption\":\"Emerson Royal Flamengo (Foto: Gilvan de Souza\/Flamengo)\"},{\"@type\":\"BreadcrumbList\",\"@id\":\"https:\/\/www.gaveanews.com\/index.php\/2025\/09\/08\/tecnico-faz-revelacao-envolvendo-emerson-royal-do-flamengo\/#breadcrumb\",\"itemListElement\":[{\"@type\":\"ListItem\",\"position\":1,\"name\":\"Home\",\"item\":\"https:\/\/www.gaveanews.com\/\"},{\"@type\":\"ListItem\",\"position\":2,\"name\":\"T\u00e9cnico faz revela\u00e7\u00e3o envolvendo Emerson Royal, do Flamengo\"}]},{\"@type\":\"WebSite\",\"@id\":\"https:\/\/www.gaveanews.com\/#website\",\"url\":\"https:\/\/www.gaveanews.com\/\",\"name\":\"G\u00e1vea News\",\"description\":\"Veja todas as not\u00edcias sobre o Flamengo: Contrata\u00e7\u00f5es, categorias de base, resultados das partidas, tabela de classifica\u00e7\u00e3o, pr\u00f3ximos jogos!\",\"potentialAction\":[{\"@type\":\"SearchAction\",\"target\":{\"@type\":\"EntryPoint\",\"urlTemplate\":\"https:\/\/www.gaveanews.com\/?s={search_term_string}\"},\"query-input\":{\"@type\":\"PropertyValueSpecification\",\"valueRequired\":true,\"valueName\":\"search_term_string\"}}],\"inLanguage\":\"pt-BR\"},{\"@type\":\"Person\",\"@id\":\"https:\/\/www.gaveanews.com\/#\/schema\/person\/c88645e3d550d0b6574305e67dd5a716\",\"name\":\"Reda\u00e7\u00e3o\",\"image\":{\"@type\":\"ImageObject\",\"inLanguage\":\"pt-BR\",\"@id\":\"https:\/\/www.gaveanews.com\/#\/schema\/person\/image\/\",\"url\":\"https:\/\/secure.gravatar.com\/avatar\/434098fd823f0dc1b062d14ca22bacaa6e38de28d8c816bbef6fc2f8c44d8ba3?s=96&d=mm&r=g\",\"contentUrl\":\"https:\/\/secure.gravatar.com\/avatar\/434098fd823f0dc1b062d14ca22bacaa6e38de28d8c816bbef6fc2f8c44d8ba3?s=96&d=mm&r=g\",\"caption\":\"Reda\u00e7\u00e3o\"}}]}<\/script>\n<!-- \/ Yoast SEO Premium plugin. -->","yoast_head_json":{"title":"T\u00e9cnico faz revela\u00e7\u00e3o envolvendo Emerson Royal, do Flamengo","robots":{"index":"index","follow":"follow","max-snippet":"max-snippet:-1","max-image-preview":"max-image-preview:large","max-video-preview":"max-video-preview:-1"},"canonical":"https:\/\/www.gaveanews.com\/index.php\/2025\/09\/08\/tecnico-faz-revelacao-envolvendo-emerson-royal-do-flamengo\/","og_locale":"pt_BR","og_type":"article","og_title":"T\u00e9cnico faz revela\u00e7\u00e3o envolvendo Emerson Royal, do Flamengo","og_description":"Emerson Royal vive um per\u00edodo de adapta\u00e7\u00e3o no Flamengo ap\u00f3s retornar ao pa\u00eds em julho de 2025. O lateral-direito percorreu uma trajet\u00f3ria marcada por dispensas nas categorias de base de S\u00e3o Paulo e Gr\u00eamio, at\u00e9 se recompor na Ponte Preta. A passagem pela equipe campineira foi decisiva para redirecionar a carreira do jogador, que hoje [&hellip;]","og_url":"https:\/\/www.gaveanews.com\/index.php\/2025\/09\/08\/tecnico-faz-revelacao-envolvendo-emerson-royal-do-flamengo\/","og_site_name":"G\u00e1vea News","article_publisher":"https:\/\/facebook.com\/gaveaNews\/","article_published_time":"2025-09-08T21:00:00+00:00","og_image":[{"width":1200,"height":900,"url":"https:\/\/www.gaveanews.com\/wp-content\/uploads\/Emerson-Royal-Flamengo.png","type":"image\/png"}],"author":"Reda\u00e7\u00e3o","twitter_card":"summary_large_image","twitter_misc":{"Escrito por":"Reda\u00e7\u00e3o","Est. tempo de leitura":"4 minutos"},"schema":{"@context":"https:\/\/schema.org","@graph":[{"@type":"NewsArticle","@id":"https:\/\/www.gaveanews.com\/index.php\/2025\/09\/08\/tecnico-faz-revelacao-envolvendo-emerson-royal-do-flamengo\/#article","isPartOf":{"@id":"https:\/\/www.gaveanews.com\/index.php\/2025\/09\/08\/tecnico-faz-revelacao-envolvendo-emerson-royal-do-flamengo\/"},"author":{"name":"Reda\u00e7\u00e3o","@id":"https:\/\/www.gaveanews.com\/#\/schema\/person\/c88645e3d550d0b6574305e67dd5a716"},"headline":"T\u00e9cnico faz revela\u00e7\u00e3o envolvendo Emerson Royal, do Flamengo","datePublished":"2025-09-08T21:00:00+00:00","mainEntityOfPage":{"@id":"https:\/\/www.gaveanews.com\/index.php\/2025\/09\/08\/tecnico-faz-revelacao-envolvendo-emerson-royal-do-flamengo\/"},"wordCount":624,"commentCount":0,"image":{"@id":"https:\/\/www.gaveanews.com\/index.php\/2025\/09\/08\/tecnico-faz-revelacao-envolvendo-emerson-royal-do-flamengo\/#primaryimage"},"thumbnailUrl":"https:\/\/www.gaveanews.com\/wp-content\/uploads\/Emerson-Royal-Flamengo.png","articleSection":["Flamengo"],"inLanguage":"pt-BR","potentialAction":[{"@type":"CommentAction","name":"Comment","target":["https:\/\/www.gaveanews.com\/index.php\/2025\/09\/08\/tecnico-faz-revelacao-envolvendo-emerson-royal-do-flamengo\/#respond"]}],"copyrightYear":"2025","copyrightHolder":{"@id":"https:\/\/www.gaveanews.com\/#organization"}},{"@type":"WebPage","@id":"https:\/\/www.gaveanews.com\/index.php\/2025\/09\/08\/tecnico-faz-revelacao-envolvendo-emerson-royal-do-flamengo\/","url":"https:\/\/www.gaveanews.com\/index.php\/2025\/09\/08\/tecnico-faz-revelacao-envolvendo-emerson-royal-do-flamengo\/","name":"T\u00e9cnico faz revela\u00e7\u00e3o envolvendo Emerson Royal, do Flamengo","isPartOf":{"@id":"https:\/\/www.gaveanews.com\/#website"},"primaryImageOfPage":{"@id":"https:\/\/www.gaveanews.com\/index.php\/2025\/09\/08\/tecnico-faz-revelacao-envolvendo-emerson-royal-do-flamengo\/#primaryimage"},"image":{"@id":"https:\/\/www.gaveanews.com\/index.php\/2025\/09\/08\/tecnico-faz-revelacao-envolvendo-emerson-royal-do-flamengo\/#primaryimage"},"thumbnailUrl":"https:\/\/www.gaveanews.com\/wp-content\/uploads\/Emerson-Royal-Flamengo.png","datePublished":"2025-09-08T21:00:00+00:00","author":{"@id":"https:\/\/www.gaveanews.com\/#\/schema\/person\/c88645e3d550d0b6574305e67dd5a716"},"breadcrumb":{"@id":"https:\/\/www.gaveanews.com\/index.php\/2025\/09\/08\/tecnico-faz-revelacao-envolvendo-emerson-royal-do-flamengo\/#breadcrumb"},"inLanguage":"pt-BR","potentialAction":[{"@type":"ReadAction","target":["https:\/\/www.gaveanews.com\/index.php\/2025\/09\/08\/tecnico-faz-revelacao-envolvendo-emerson-royal-do-flamengo\/"]}]},{"@type":"ImageObject","inLanguage":"pt-BR","@id":"https:\/\/www.gaveanews.com\/index.php\/2025\/09\/08\/tecnico-faz-revelacao-envolvendo-emerson-royal-do-flamengo\/#primaryimage","url":"https:\/\/www.gaveanews.com\/wp-content\/uploads\/Emerson-Royal-Flamengo.png","contentUrl":"https:\/\/www.gaveanews.com\/wp-content\/uploads\/Emerson-Royal-Flamengo.png","width":1200,"height":900,"caption":"Emerson Royal Flamengo (Foto: Gilvan de Souza\/Flamengo)"},{"@type":"BreadcrumbList","@id":"https:\/\/www.gaveanews.com\/index.php\/2025\/09\/08\/tecnico-faz-revelacao-envolvendo-emerson-royal-do-flamengo\/#breadcrumb","itemListElement":[{"@type":"ListItem","position":1,"name":"Home","item":"https:\/\/www.gaveanews.com\/"},{"@type":"ListItem","position":2,"name":"T\u00e9cnico faz revela\u00e7\u00e3o envolvendo Emerson Royal, do Flamengo"}]},{"@type":"WebSite","@id":"https:\/\/www.gaveanews.com\/#website","url":"https:\/\/www.gaveanews.com\/","name":"G\u00e1vea News","description":"Veja todas as not\u00edcias sobre o Flamengo: Contrata\u00e7\u00f5es, categorias de base, resultados das partidas, tabela de classifica\u00e7\u00e3o, pr\u00f3ximos jogos!","potentialAction":[{"@type":"SearchAction","target":{"@type":"EntryPoint","urlTemplate":"https:\/\/www.gaveanews.com\/?s={search_term_string}"},"query-input":{"@type":"PropertyValueSpecification","valueRequired":true,"valueName":"search_term_string"}}],"inLanguage":"pt-BR"},{"@type":"Person","@id":"https:\/\/www.gaveanews.com\/#\/schema\/person\/c88645e3d550d0b6574305e67dd5a716","name":"Reda\u00e7\u00e3o","image":{"@type":"ImageObject","inLanguage":"pt-BR","@id":"https:\/\/www.gaveanews.com\/#\/schema\/person\/image\/","url":"https:\/\/secure.gravatar.com\/avatar\/434098fd823f0dc1b062d14ca22bacaa6e38de28d8c816bbef6fc2f8c44d8ba3?s=96&d=mm&r=g","contentUrl":"https:\/\/secure.gravatar.com\/avatar\/434098fd823f0dc1b062d14ca22bacaa6e38de28d8c816bbef6fc2f8c44d8ba3?s=96&d=mm&r=g","caption":"Reda\u00e7\u00e3o"}}]}},"_links":{"self":[{"href":"https:\/\/www.gaveanews.com\/index.php\/wp-json\/wp\/v2\/posts\/276006","targetHints":{"allow":["GET"]}}],"collection":[{"href":"https:\/\/www.gaveanews.com\/index.php\/wp-json\/wp\/v2\/posts"}],"about":[{"href":"https:\/\/www.gaveanews.com\/index.php\/wp-json\/wp\/v2\/types\/post"}],"author":[{"embeddable":true,"href":"https:\/\/www.gaveanews.com\/index.php\/wp-json\/wp\/v2\/users\/39"}],"replies":[{"embeddable":true,"href":"https:\/\/www.gaveanews.com\/index.php\/wp-json\/wp\/v2\/comments?post=276006"}],"version-history":[{"count":1,"href":"https:\/\/www.gaveanews.com\/index.php\/wp-json\/wp\/v2\/posts\/276006\/revisions"}],"predecessor-version":[{"id":276015,"href":"https:\/\/www.gaveanews.com\/index.php\/wp-json\/wp\/v2\/posts\/276006\/revisions\/276015"}],"wp:featuredmedia":[{"embeddable":true,"href":"https:\/\/www.gaveanews.com\/index.php\/wp-json\/wp\/v2\/media\/274249"}],"wp:attachment":[{"href":"https:\/\/www.gaveanews.com\/index.php\/wp-json\/wp\/v2\/media?parent=276006"}],"wp:term":[{"taxonomy":"category","embeddable":true,"href":"https:\/\/www.gaveanews.com\/index.php\/wp-json\/wp\/v2\/categories?post=276006"},{"taxonomy":"post_tag","embeddable":true,"href":"https:\/\/www.gaveanews.com\/index.php\/wp-json\/wp\/v2\/tags?post=276006"}],"curies":[{"name":"wp","href":"https:\/\/api.w.org\/{rel}","templated":true}]}}