{"id":276012,"date":"2025-09-08T19:00:00","date_gmt":"2025-09-08T22:00:00","guid":{"rendered":"https:\/\/www.gaveanews.com\/?p=276012"},"modified":"2025-09-08T17:00:27","modified_gmt":"2025-09-08T20:00:27","slug":"a-declaracao-de-emerson-royal-antes-de-flamengo-x-juventude","status":"publish","type":"post","link":"https:\/\/www.gaveanews.com\/index.php\/2025\/09\/08\/a-declaracao-de-emerson-royal-antes-de-flamengo-x-juventude\/","title":{"rendered":"A declara\u00e7\u00e3o de Emerson Royal antes de Flamengo x Juventude"},"content":{"rendered":"\n<p>O <a href=\"https:\/\/www.gaveanews.com\/index.php\/category\/brasileirao\/flamengo\/\" target=\"_blank\" rel=\"noopener noreferrer\">Flamengo<\/a> atravessa rara pausa para treinos em meio \u00e0 Data Fifa, per\u00edodo que interrompeu a sequ\u00eancia de jogos e abriu espa\u00e7o para ajustes. A equipe lidera o Brasileir\u00e3o com 47 pontos, tr\u00eas a mais que o Cruzeiro. O pr\u00f3ximo compromisso ocorre no domingo (14 de setembro), contra o Juventude, no Alfredo Jaconi, \u00e0s 16 horas (hor\u00e1rio de Bras\u00edlia).<\/p>\n\n\n\n<p>Nesse intervalo, o elenco se reapresentou na sexta-feira e, nesta segunda-feira (08 de setembro), completa o quarto dia de treinamento. A ter\u00e7a-feira ser\u00e1 de folga, e o grupo retorna ao Ninho do Urubu na manh\u00e3 de quarta-feira. Ser\u00e3o mais quatro atividades antes da viagem e da partida contra o Juventude. Al\u00e9m disso, o per\u00edodo serve de prepara\u00e7\u00e3o para as quartas de final da Libertadores, contra o Estudiantes, no Maracan\u00e3, na quinta-feira (18 de setembro).<\/p>\n\n\n\n<p>Emerson Royal, contratado na janela do meio do ano, avaliou que a pausa favorece evolu\u00e7\u00f5es t\u00e1ticas, mentais e f\u00edsicas no grupo. Em meio ao calend\u00e1rio mais folgado, o lateral-direito relatou como a semana de trabalho ajudou a corrigir detalhes. Em entrevista \u00e0 Flamengo TV, ele descreveu o impacto do respiro competitivo na rotina do elenco.<\/p>\n\n\n\n<p>&#8220;Essa semana foi muito importante. A rotina de jogos foi apertada, muitos jogos seguidos. Foi importante para a gente dar uma respirada e trabalhar coisas que a gente errou durante as competi\u00e7\u00f5es. Agora \u00e9 voltar firme para seguir na lideran\u00e7a&#8221;.<\/p>\n\n\n\n<p>O defensor tratou tamb\u00e9m da pr\u00f3pria condi\u00e7\u00e3o. Ele sofreu uma pequena les\u00e3o no tornozelo no primeiro jogo contra o Internacional pela Libertadores. Em seguida, foi desfalque em um duelo, ficou duas partidas no banco no retorno e entrou nos minutos finais diante do Gr\u00eamio. Entretanto, Royal admitiu que ainda n\u00e3o estava no ideal e projetou desempenho melhor contra o Juventude.<\/p>\n\n\n\n<p>&#8220;Estou \u00e0 disposi\u00e7\u00e3o do Filipe. Estava no banco, mas n\u00e3o 100% para jogar. Foi um momento complicado, senti uma dor muito forte e era muito inc\u00f4modo. Mas agora me sinto bem, preparado. Acredito que se o Filipe precisar de mim vou poder fazer um grande jogo&#8221;.<\/p>\n\n\n\n<p>Enquanto isso, a situa\u00e7\u00e3o f\u00edsica de outros atletas segue monitorada. Guillermo Varela ser\u00e1 reavaliado pelo departamento m\u00e9dico do Flamengo assim que se apresentar no Ninho do Urubu. Nos \u00faltimos dias, o Dr. Fernando Sassaki, chefe do departamento m\u00e9dico do Rubro-Negro, esteve em contato com os m\u00e9dicos da sele\u00e7\u00e3o uruguaia. Houve conversas tamb\u00e9m com o pr\u00f3prio jogador. J\u00e1 Arrascaeta n\u00e3o tem nenhum problema f\u00edsico e, no cronograma uruguaio, seria poupado na ter\u00e7a-feira (16 de setembro).<\/p>\n","protected":false},"excerpt":{"rendered":"<p>O Flamengo atravessa rara pausa para treinos em meio \u00e0 Data Fifa, per\u00edodo que interrompeu a sequ\u00eancia de jogos e abriu espa\u00e7o para ajustes. A equipe lidera o Brasileir\u00e3o com 47 pontos, tr\u00eas a mais que o Cruzeiro. O pr\u00f3ximo compromisso ocorre no domingo (14 de setembro), contra o Juventude, no Alfredo Jaconi, \u00e0s 16 [&hellip;]<\/p>\n","protected":false},"author":39,"featured_media":274249,"comment_status":"open","ping_status":"closed","sticky":false,"template":"","format":"standard","meta":{"footnotes":""},"categories":[1],"tags":[],"class_list":["post-276012","post","type-post","status-publish","format-standard","has-post-thumbnail","hentry","category-flamengo"],"yoast_head":"<!-- This site is optimized with the Yoast SEO Premium plugin v24.2 (Yoast SEO v26.9) - https:\/\/yoast.com\/product\/yoast-seo-premium-wordpress\/ -->\n<title>A declara\u00e7\u00e3o de Emerson Royal antes de Flamengo x Juventude<\/title>\n<meta name=\"robots\" content=\"index, follow, max-snippet:-1, max-image-preview:large, max-video-preview:-1\" \/>\n<link rel=\"canonical\" href=\"https:\/\/www.gaveanews.com\/index.php\/2025\/09\/08\/a-declaracao-de-emerson-royal-antes-de-flamengo-x-juventude\/\" \/>\n<meta property=\"og:locale\" content=\"pt_BR\" \/>\n<meta property=\"og:type\" content=\"article\" \/>\n<meta property=\"og:title\" content=\"A declara\u00e7\u00e3o de Emerson Royal antes de Flamengo x Juventude\" \/>\n<meta property=\"og:description\" content=\"O Flamengo atravessa rara pausa para treinos em meio \u00e0 Data Fifa, per\u00edodo que interrompeu a sequ\u00eancia de jogos e abriu espa\u00e7o para ajustes. A equipe lidera o Brasileir\u00e3o com 47 pontos, tr\u00eas a mais que o Cruzeiro. O pr\u00f3ximo compromisso ocorre no domingo (14 de setembro), contra o Juventude, no Alfredo Jaconi, \u00e0s 16 [&hellip;]\" \/>\n<meta property=\"og:url\" content=\"https:\/\/www.gaveanews.com\/index.php\/2025\/09\/08\/a-declaracao-de-emerson-royal-antes-de-flamengo-x-juventude\/\" \/>\n<meta property=\"og:site_name\" content=\"G\u00e1vea News\" \/>\n<meta property=\"article:publisher\" content=\"https:\/\/facebook.com\/gaveaNews\/\" \/>\n<meta property=\"article:published_time\" content=\"2025-09-08T22:00:00+00:00\" \/>\n<meta property=\"og:image\" content=\"https:\/\/www.gaveanews.com\/wp-content\/uploads\/Emerson-Royal-Flamengo.png\" \/>\n\t<meta property=\"og:image:width\" content=\"1200\" \/>\n\t<meta property=\"og:image:height\" content=\"900\" \/>\n\t<meta property=\"og:image:type\" content=\"image\/png\" \/>\n<meta name=\"author\" content=\"Reda\u00e7\u00e3o\" \/>\n<meta name=\"twitter:card\" content=\"summary_large_image\" \/>\n<meta name=\"twitter:label1\" content=\"Escrito por\" \/>\n\t<meta name=\"twitter:data1\" content=\"Reda\u00e7\u00e3o\" \/>\n\t<meta name=\"twitter:label2\" content=\"Est. tempo de leitura\" \/>\n\t<meta name=\"twitter:data2\" content=\"3 minutos\" \/>\n<script type=\"application\/ld+json\" class=\"yoast-schema-graph\">{\"@context\":\"https:\/\/schema.org\",\"@graph\":[{\"@type\":\"NewsArticle\",\"@id\":\"https:\/\/www.gaveanews.com\/index.php\/2025\/09\/08\/a-declaracao-de-emerson-royal-antes-de-flamengo-x-juventude\/#article\",\"isPartOf\":{\"@id\":\"https:\/\/www.gaveanews.com\/index.php\/2025\/09\/08\/a-declaracao-de-emerson-royal-antes-de-flamengo-x-juventude\/\"},\"author\":{\"name\":\"Reda\u00e7\u00e3o\",\"@id\":\"https:\/\/www.gaveanews.com\/#\/schema\/person\/c88645e3d550d0b6574305e67dd5a716\"},\"headline\":\"A declara\u00e7\u00e3o de Emerson Royal antes de Flamengo x Juventude\",\"datePublished\":\"2025-09-08T22:00:00+00:00\",\"mainEntityOfPage\":{\"@id\":\"https:\/\/www.gaveanews.com\/index.php\/2025\/09\/08\/a-declaracao-de-emerson-royal-antes-de-flamengo-x-juventude\/\"},\"wordCount\":447,\"commentCount\":0,\"image\":{\"@id\":\"https:\/\/www.gaveanews.com\/index.php\/2025\/09\/08\/a-declaracao-de-emerson-royal-antes-de-flamengo-x-juventude\/#primaryimage\"},\"thumbnailUrl\":\"https:\/\/www.gaveanews.com\/wp-content\/uploads\/Emerson-Royal-Flamengo.png\",\"articleSection\":[\"Flamengo\"],\"inLanguage\":\"pt-BR\",\"potentialAction\":[{\"@type\":\"CommentAction\",\"name\":\"Comment\",\"target\":[\"https:\/\/www.gaveanews.com\/index.php\/2025\/09\/08\/a-declaracao-de-emerson-royal-antes-de-flamengo-x-juventude\/#respond\"]}],\"copyrightYear\":\"2025\",\"copyrightHolder\":{\"@id\":\"https:\/\/www.gaveanews.com\/#organization\"}},{\"@type\":\"WebPage\",\"@id\":\"https:\/\/www.gaveanews.com\/index.php\/2025\/09\/08\/a-declaracao-de-emerson-royal-antes-de-flamengo-x-juventude\/\",\"url\":\"https:\/\/www.gaveanews.com\/index.php\/2025\/09\/08\/a-declaracao-de-emerson-royal-antes-de-flamengo-x-juventude\/\",\"name\":\"A declara\u00e7\u00e3o de Emerson Royal antes de Flamengo x Juventude\",\"isPartOf\":{\"@id\":\"https:\/\/www.gaveanews.com\/#website\"},\"primaryImageOfPage\":{\"@id\":\"https:\/\/www.gaveanews.com\/index.php\/2025\/09\/08\/a-declaracao-de-emerson-royal-antes-de-flamengo-x-juventude\/#primaryimage\"},\"image\":{\"@id\":\"https:\/\/www.gaveanews.com\/index.php\/2025\/09\/08\/a-declaracao-de-emerson-royal-antes-de-flamengo-x-juventude\/#primaryimage\"},\"thumbnailUrl\":\"https:\/\/www.gaveanews.com\/wp-content\/uploads\/Emerson-Royal-Flamengo.png\",\"datePublished\":\"2025-09-08T22:00:00+00:00\",\"author\":{\"@id\":\"https:\/\/www.gaveanews.com\/#\/schema\/person\/c88645e3d550d0b6574305e67dd5a716\"},\"breadcrumb\":{\"@id\":\"https:\/\/www.gaveanews.com\/index.php\/2025\/09\/08\/a-declaracao-de-emerson-royal-antes-de-flamengo-x-juventude\/#breadcrumb\"},\"inLanguage\":\"pt-BR\",\"potentialAction\":[{\"@type\":\"ReadAction\",\"target\":[\"https:\/\/www.gaveanews.com\/index.php\/2025\/09\/08\/a-declaracao-de-emerson-royal-antes-de-flamengo-x-juventude\/\"]}]},{\"@type\":\"ImageObject\",\"inLanguage\":\"pt-BR\",\"@id\":\"https:\/\/www.gaveanews.com\/index.php\/2025\/09\/08\/a-declaracao-de-emerson-royal-antes-de-flamengo-x-juventude\/#primaryimage\",\"url\":\"https:\/\/www.gaveanews.com\/wp-content\/uploads\/Emerson-Royal-Flamengo.png\",\"contentUrl\":\"https:\/\/www.gaveanews.com\/wp-content\/uploads\/Emerson-Royal-Flamengo.png\",\"width\":1200,\"height\":900,\"caption\":\"Emerson Royal Flamengo (Foto: Gilvan de Souza\/Flamengo)\"},{\"@type\":\"BreadcrumbList\",\"@id\":\"https:\/\/www.gaveanews.com\/index.php\/2025\/09\/08\/a-declaracao-de-emerson-royal-antes-de-flamengo-x-juventude\/#breadcrumb\",\"itemListElement\":[{\"@type\":\"ListItem\",\"position\":1,\"name\":\"Home\",\"item\":\"https:\/\/www.gaveanews.com\/\"},{\"@type\":\"ListItem\",\"position\":2,\"name\":\"A declara\u00e7\u00e3o de Emerson Royal antes de Flamengo x Juventude\"}]},{\"@type\":\"WebSite\",\"@id\":\"https:\/\/www.gaveanews.com\/#website\",\"url\":\"https:\/\/www.gaveanews.com\/\",\"name\":\"G\u00e1vea News\",\"description\":\"Veja todas as not\u00edcias sobre o Flamengo: Contrata\u00e7\u00f5es, categorias de base, resultados das partidas, tabela de classifica\u00e7\u00e3o, pr\u00f3ximos jogos!\",\"potentialAction\":[{\"@type\":\"SearchAction\",\"target\":{\"@type\":\"EntryPoint\",\"urlTemplate\":\"https:\/\/www.gaveanews.com\/?s={search_term_string}\"},\"query-input\":{\"@type\":\"PropertyValueSpecification\",\"valueRequired\":true,\"valueName\":\"search_term_string\"}}],\"inLanguage\":\"pt-BR\"},{\"@type\":\"Person\",\"@id\":\"https:\/\/www.gaveanews.com\/#\/schema\/person\/c88645e3d550d0b6574305e67dd5a716\",\"name\":\"Reda\u00e7\u00e3o\",\"image\":{\"@type\":\"ImageObject\",\"inLanguage\":\"pt-BR\",\"@id\":\"https:\/\/www.gaveanews.com\/#\/schema\/person\/image\/\",\"url\":\"https:\/\/secure.gravatar.com\/avatar\/434098fd823f0dc1b062d14ca22bacaa6e38de28d8c816bbef6fc2f8c44d8ba3?s=96&d=mm&r=g\",\"contentUrl\":\"https:\/\/secure.gravatar.com\/avatar\/434098fd823f0dc1b062d14ca22bacaa6e38de28d8c816bbef6fc2f8c44d8ba3?s=96&d=mm&r=g\",\"caption\":\"Reda\u00e7\u00e3o\"}}]}<\/script>\n<!-- \/ Yoast SEO Premium plugin. -->","yoast_head_json":{"title":"A declara\u00e7\u00e3o de Emerson Royal antes de Flamengo x Juventude","robots":{"index":"index","follow":"follow","max-snippet":"max-snippet:-1","max-image-preview":"max-image-preview:large","max-video-preview":"max-video-preview:-1"},"canonical":"https:\/\/www.gaveanews.com\/index.php\/2025\/09\/08\/a-declaracao-de-emerson-royal-antes-de-flamengo-x-juventude\/","og_locale":"pt_BR","og_type":"article","og_title":"A declara\u00e7\u00e3o de Emerson Royal antes de Flamengo x Juventude","og_description":"O Flamengo atravessa rara pausa para treinos em meio \u00e0 Data Fifa, per\u00edodo que interrompeu a sequ\u00eancia de jogos e abriu espa\u00e7o para ajustes. A equipe lidera o Brasileir\u00e3o com 47 pontos, tr\u00eas a mais que o Cruzeiro. O pr\u00f3ximo compromisso ocorre no domingo (14 de setembro), contra o Juventude, no Alfredo Jaconi, \u00e0s 16 [&hellip;]","og_url":"https:\/\/www.gaveanews.com\/index.php\/2025\/09\/08\/a-declaracao-de-emerson-royal-antes-de-flamengo-x-juventude\/","og_site_name":"G\u00e1vea News","article_publisher":"https:\/\/facebook.com\/gaveaNews\/","article_published_time":"2025-09-08T22:00:00+00:00","og_image":[{"width":1200,"height":900,"url":"https:\/\/www.gaveanews.com\/wp-content\/uploads\/Emerson-Royal-Flamengo.png","type":"image\/png"}],"author":"Reda\u00e7\u00e3o","twitter_card":"summary_large_image","twitter_misc":{"Escrito por":"Reda\u00e7\u00e3o","Est. tempo de leitura":"3 minutos"},"schema":{"@context":"https:\/\/schema.org","@graph":[{"@type":"NewsArticle","@id":"https:\/\/www.gaveanews.com\/index.php\/2025\/09\/08\/a-declaracao-de-emerson-royal-antes-de-flamengo-x-juventude\/#article","isPartOf":{"@id":"https:\/\/www.gaveanews.com\/index.php\/2025\/09\/08\/a-declaracao-de-emerson-royal-antes-de-flamengo-x-juventude\/"},"author":{"name":"Reda\u00e7\u00e3o","@id":"https:\/\/www.gaveanews.com\/#\/schema\/person\/c88645e3d550d0b6574305e67dd5a716"},"headline":"A declara\u00e7\u00e3o de Emerson Royal antes de Flamengo x Juventude","datePublished":"2025-09-08T22:00:00+00:00","mainEntityOfPage":{"@id":"https:\/\/www.gaveanews.com\/index.php\/2025\/09\/08\/a-declaracao-de-emerson-royal-antes-de-flamengo-x-juventude\/"},"wordCount":447,"commentCount":0,"image":{"@id":"https:\/\/www.gaveanews.com\/index.php\/2025\/09\/08\/a-declaracao-de-emerson-royal-antes-de-flamengo-x-juventude\/#primaryimage"},"thumbnailUrl":"https:\/\/www.gaveanews.com\/wp-content\/uploads\/Emerson-Royal-Flamengo.png","articleSection":["Flamengo"],"inLanguage":"pt-BR","potentialAction":[{"@type":"CommentAction","name":"Comment","target":["https:\/\/www.gaveanews.com\/index.php\/2025\/09\/08\/a-declaracao-de-emerson-royal-antes-de-flamengo-x-juventude\/#respond"]}],"copyrightYear":"2025","copyrightHolder":{"@id":"https:\/\/www.gaveanews.com\/#organization"}},{"@type":"WebPage","@id":"https:\/\/www.gaveanews.com\/index.php\/2025\/09\/08\/a-declaracao-de-emerson-royal-antes-de-flamengo-x-juventude\/","url":"https:\/\/www.gaveanews.com\/index.php\/2025\/09\/08\/a-declaracao-de-emerson-royal-antes-de-flamengo-x-juventude\/","name":"A declara\u00e7\u00e3o de Emerson Royal antes de Flamengo x Juventude","isPartOf":{"@id":"https:\/\/www.gaveanews.com\/#website"},"primaryImageOfPage":{"@id":"https:\/\/www.gaveanews.com\/index.php\/2025\/09\/08\/a-declaracao-de-emerson-royal-antes-de-flamengo-x-juventude\/#primaryimage"},"image":{"@id":"https:\/\/www.gaveanews.com\/index.php\/2025\/09\/08\/a-declaracao-de-emerson-royal-antes-de-flamengo-x-juventude\/#primaryimage"},"thumbnailUrl":"https:\/\/www.gaveanews.com\/wp-content\/uploads\/Emerson-Royal-Flamengo.png","datePublished":"2025-09-08T22:00:00+00:00","author":{"@id":"https:\/\/www.gaveanews.com\/#\/schema\/person\/c88645e3d550d0b6574305e67dd5a716"},"breadcrumb":{"@id":"https:\/\/www.gaveanews.com\/index.php\/2025\/09\/08\/a-declaracao-de-emerson-royal-antes-de-flamengo-x-juventude\/#breadcrumb"},"inLanguage":"pt-BR","potentialAction":[{"@type":"ReadAction","target":["https:\/\/www.gaveanews.com\/index.php\/2025\/09\/08\/a-declaracao-de-emerson-royal-antes-de-flamengo-x-juventude\/"]}]},{"@type":"ImageObject","inLanguage":"pt-BR","@id":"https:\/\/www.gaveanews.com\/index.php\/2025\/09\/08\/a-declaracao-de-emerson-royal-antes-de-flamengo-x-juventude\/#primaryimage","url":"https:\/\/www.gaveanews.com\/wp-content\/uploads\/Emerson-Royal-Flamengo.png","contentUrl":"https:\/\/www.gaveanews.com\/wp-content\/uploads\/Emerson-Royal-Flamengo.png","width":1200,"height":900,"caption":"Emerson Royal Flamengo (Foto: Gilvan de Souza\/Flamengo)"},{"@type":"BreadcrumbList","@id":"https:\/\/www.gaveanews.com\/index.php\/2025\/09\/08\/a-declaracao-de-emerson-royal-antes-de-flamengo-x-juventude\/#breadcrumb","itemListElement":[{"@type":"ListItem","position":1,"name":"Home","item":"https:\/\/www.gaveanews.com\/"},{"@type":"ListItem","position":2,"name":"A declara\u00e7\u00e3o de Emerson Royal antes de Flamengo x Juventude"}]},{"@type":"WebSite","@id":"https:\/\/www.gaveanews.com\/#website","url":"https:\/\/www.gaveanews.com\/","name":"G\u00e1vea News","description":"Veja todas as not\u00edcias sobre o Flamengo: Contrata\u00e7\u00f5es, categorias de base, resultados das partidas, tabela de classifica\u00e7\u00e3o, pr\u00f3ximos jogos!","potentialAction":[{"@type":"SearchAction","target":{"@type":"EntryPoint","urlTemplate":"https:\/\/www.gaveanews.com\/?s={search_term_string}"},"query-input":{"@type":"PropertyValueSpecification","valueRequired":true,"valueName":"search_term_string"}}],"inLanguage":"pt-BR"},{"@type":"Person","@id":"https:\/\/www.gaveanews.com\/#\/schema\/person\/c88645e3d550d0b6574305e67dd5a716","name":"Reda\u00e7\u00e3o","image":{"@type":"ImageObject","inLanguage":"pt-BR","@id":"https:\/\/www.gaveanews.com\/#\/schema\/person\/image\/","url":"https:\/\/secure.gravatar.com\/avatar\/434098fd823f0dc1b062d14ca22bacaa6e38de28d8c816bbef6fc2f8c44d8ba3?s=96&d=mm&r=g","contentUrl":"https:\/\/secure.gravatar.com\/avatar\/434098fd823f0dc1b062d14ca22bacaa6e38de28d8c816bbef6fc2f8c44d8ba3?s=96&d=mm&r=g","caption":"Reda\u00e7\u00e3o"}}]}},"_links":{"self":[{"href":"https:\/\/www.gaveanews.com\/index.php\/wp-json\/wp\/v2\/posts\/276012","targetHints":{"allow":["GET"]}}],"collection":[{"href":"https:\/\/www.gaveanews.com\/index.php\/wp-json\/wp\/v2\/posts"}],"about":[{"href":"https:\/\/www.gaveanews.com\/index.php\/wp-json\/wp\/v2\/types\/post"}],"author":[{"embeddable":true,"href":"https:\/\/www.gaveanews.com\/index.php\/wp-json\/wp\/v2\/users\/39"}],"replies":[{"embeddable":true,"href":"https:\/\/www.gaveanews.com\/index.php\/wp-json\/wp\/v2\/comments?post=276012"}],"version-history":[{"count":1,"href":"https:\/\/www.gaveanews.com\/index.php\/wp-json\/wp\/v2\/posts\/276012\/revisions"}],"predecessor-version":[{"id":276020,"href":"https:\/\/www.gaveanews.com\/index.php\/wp-json\/wp\/v2\/posts\/276012\/revisions\/276020"}],"wp:featuredmedia":[{"embeddable":true,"href":"https:\/\/www.gaveanews.com\/index.php\/wp-json\/wp\/v2\/media\/274249"}],"wp:attachment":[{"href":"https:\/\/www.gaveanews.com\/index.php\/wp-json\/wp\/v2\/media?parent=276012"}],"wp:term":[{"taxonomy":"category","embeddable":true,"href":"https:\/\/www.gaveanews.com\/index.php\/wp-json\/wp\/v2\/categories?post=276012"},{"taxonomy":"post_tag","embeddable":true,"href":"https:\/\/www.gaveanews.com\/index.php\/wp-json\/wp\/v2\/tags?post=276012"}],"curies":[{"name":"wp","href":"https:\/\/api.w.org\/{rel}","templated":true}]}}