{"id":276013,"date":"2025-09-08T19:30:00","date_gmt":"2025-09-08T22:30:00","guid":{"rendered":"https:\/\/www.gaveanews.com\/?p=276013"},"modified":"2025-09-08T17:06:14","modified_gmt":"2025-09-08T20:06:14","slug":"flamengo-zico-emite-nota-de-pesar","status":"publish","type":"post","link":"https:\/\/www.gaveanews.com\/index.php\/2025\/09\/08\/flamengo-zico-emite-nota-de-pesar\/","title":{"rendered":"Flamengo: Zico emite nota de pesar"},"content":{"rendered":"\n<p>Entre 1980 e 1983, Ant\u00f4nio Augusto Dunshee de Abranches comandou o <a href=\"https:\/\/www.gaveanews.com\/index.php\/category\/brasileirao\/flamengo\/\" target=\"_blank\" rel=\"noopener noreferrer\">Flamengo<\/a> em um ciclo de t\u00edtulos e tens\u00f5es. O clube, liderado por Zico e cia., venceu o Carioca de 1981, a Libertadores e o Mundial do mesmo ano, al\u00e9m dos Brasileiros de 1982 e 1983. Por\u00e9m, a venda do camisa 10 \u00e0 Udinese provocou crise pol\u00edtica e terminou em ren\u00fancia.<\/p>\n\n\n\n<p>O Flamengo comunicou a morte de Dunshee de Abranches neste domingo. O ex-presidente tinha 88 anos. A causa do falecimento n\u00e3o foi informada. Segundo o ge, ele lutava contra a doen\u00e7a de Alzheimer. Al\u00e9m disso, o clube registrou em nota que ele presidiu a institui\u00e7\u00e3o entre 18 de dezembro de 1980 e 14 de agosto de 1983.<\/p>\n\n\n\n<p>Na manifesta\u00e7\u00e3o oficial de pesar, o clube citou as conquistas da Libertadores e do Mundial de 1981, al\u00e9m do bicampeonato brasileiro de 1982 e 1983. A diretoria o descreveu como advogado respeitado e apaixonado pelo Flamengo. Ademais, a nota ressaltou a relev\u00e2ncia institucional do per\u00edodo, que projetou a equipe no cen\u00e1rio nacional e internacional.<\/p>\n\n\n\n<p>Zico lamentou publicamente o falecimento nas redes sociais. O ex-jogador afirmou ter tido problemas pessoais com Dunshee, mas reconheceu a import\u00e2ncia do ex-presidente para a gera\u00e7\u00e3o campe\u00e3. Al\u00e9m disso, publicou uma foto em preto e branco ao homenagear o dirigente, \u00fanico presidente campe\u00e3o mundial na hist\u00f3ria do clube.<\/p>\n\n\n\n<figure class=\"wp-block-embed is-type-photo is-provider-flickr wp-block-embed-flickr\"><div class=\"wp-block-embed__wrapper\">\n<a href=\"https:\/\/www.flickr.com\/photos\/201155970@N03\/54774821730\/in\/dateposted-public\/\"><img loading=\"lazy\" decoding=\"async\" src=\"https:\/\/live.staticflickr.com\/65535\/54774821730_da4c397cdd_c.jpg\" alt=\"imagem_2025-09-08_170436356\" width=\"466\" height=\"800\" \/><\/a>\n<\/div><\/figure>\n\n\n\n<p>A rela\u00e7\u00e3o entre Dunshee e o camisa 10 teve cap\u00edtulos decisivos. Em 1981, o clube renovou com Zico por dois anos ap\u00f3s sondagens do Barcelona. A diretoria buscou receitas com a\u00e7\u00f5es de marketing, incluindo a parceria que fez o craque virar garoto-propaganda da Coca-Cola. Entretanto, partidas deficit\u00e1rias acenderam alertas sobre a f\u00f3rmula do Campeonato Carioca.<\/p>\n\n\n\n<p>Na \u00e9poca, o presidente criticou publicamente o modelo do estadual e relacionou a escalada de custos a uma sequ\u00eancia de jogos sem retorno financeiro adequado. Em entrevista registrada pelo jornal O Globo, ele exp\u00f4s as dificuldades em manter a folha de pagamentos diante de arrecada\u00e7\u00f5es modestas no Maracan\u00e3.<\/p>\n\n\n\n<p>&#8220;O problema n\u00e3o \u00e9 nem o pre\u00e7o dos ingressos &#8211; que est\u00e1 provocando at\u00e9 greve de torcida. O grande problema \u00e9 a f\u00f3rmula do campeonato, totalmente ultrapassada, e que nos obriga a fazer v\u00e1rios jogos deficit\u00e1rios como este. N\u00e3o h\u00e1 mais cabimento um campeonato com 12 clubes. O torcedor n\u00e3o aguenta ficar pagando ingressos toda quarta e todo domingo para ver joguinhos de pouca express\u00e3o&#8221;, disse Dunshee.<\/p>\n\n\n\n<p>Em 1983, a diretoria aceitou a proposta da Udinese por Zico, de US$ 4 milh\u00f5es, e submeteu o acerto ao Conselho Deliberativo, que aprovou por 111 votos a 3. Houve protestos de torcedores na G\u00e1vea. Depois, em 14 de agosto de 1983, sob press\u00e3o por resultados, Dunshee de Abranches renunciou ao cargo no Flamengo.<\/p>\n","protected":false},"excerpt":{"rendered":"<p>Entre 1980 e 1983, Ant\u00f4nio Augusto Dunshee de Abranches comandou o Flamengo em um ciclo de t\u00edtulos e tens\u00f5es. O clube, liderado por Zico e cia., venceu o Carioca de 1981, a Libertadores e o Mundial do mesmo ano, al\u00e9m dos Brasileiros de 1982 e 1983. Por\u00e9m, a venda do camisa 10 \u00e0 Udinese provocou [&hellip;]<\/p>\n","protected":false},"author":39,"featured_media":131937,"comment_status":"open","ping_status":"closed","sticky":false,"template":"","format":"standard","meta":{"footnotes":""},"categories":[1],"tags":[],"class_list":["post-276013","post","type-post","status-publish","format-standard","has-post-thumbnail","hentry","category-flamengo"],"yoast_head":"<!-- This site is optimized with the Yoast SEO Premium plugin v24.2 (Yoast SEO v26.9) - https:\/\/yoast.com\/product\/yoast-seo-premium-wordpress\/ -->\n<title>Flamengo: Zico emite nota de pesar<\/title>\n<meta name=\"description\" content=\"Zico lamentou publicamente o falecimento nas redes sociais. Al\u00e9m disso, publicou uma foto em preto e branco ao homenagear o dirigente.\" \/>\n<meta name=\"robots\" content=\"index, follow, max-snippet:-1, max-image-preview:large, max-video-preview:-1\" \/>\n<link rel=\"canonical\" href=\"https:\/\/www.gaveanews.com\/index.php\/2025\/09\/08\/flamengo-zico-emite-nota-de-pesar\/\" \/>\n<meta property=\"og:locale\" content=\"pt_BR\" \/>\n<meta property=\"og:type\" content=\"article\" \/>\n<meta property=\"og:title\" content=\"Flamengo: Zico emite nota de pesar\" \/>\n<meta property=\"og:description\" content=\"Zico lamentou publicamente o falecimento nas redes sociais. Al\u00e9m disso, publicou uma foto em preto e branco ao homenagear o dirigente.\" \/>\n<meta property=\"og:url\" content=\"https:\/\/www.gaveanews.com\/index.php\/2025\/09\/08\/flamengo-zico-emite-nota-de-pesar\/\" \/>\n<meta property=\"og:site_name\" content=\"G\u00e1vea News\" \/>\n<meta property=\"article:publisher\" content=\"https:\/\/facebook.com\/gaveaNews\/\" \/>\n<meta property=\"article:published_time\" content=\"2025-09-08T22:30:00+00:00\" \/>\n<meta property=\"og:image\" content=\"https:\/\/www.gaveanews.com\/wp-content\/uploads\/Zico-ex-jogador-e-idolo-do-Flamengo.webp\" \/>\n\t<meta property=\"og:image:width\" content=\"620\" \/>\n\t<meta property=\"og:image:height\" content=\"349\" \/>\n\t<meta property=\"og:image:type\" content=\"image\/webp\" \/>\n<meta name=\"author\" content=\"Reda\u00e7\u00e3o\" \/>\n<meta name=\"twitter:card\" content=\"summary_large_image\" \/>\n<meta name=\"twitter:label1\" content=\"Escrito por\" \/>\n\t<meta name=\"twitter:data1\" content=\"Reda\u00e7\u00e3o\" \/>\n\t<meta name=\"twitter:label2\" content=\"Est. tempo de leitura\" \/>\n\t<meta name=\"twitter:data2\" content=\"3 minutos\" \/>\n<script type=\"application\/ld+json\" class=\"yoast-schema-graph\">{\"@context\":\"https:\/\/schema.org\",\"@graph\":[{\"@type\":\"NewsArticle\",\"@id\":\"https:\/\/www.gaveanews.com\/index.php\/2025\/09\/08\/flamengo-zico-emite-nota-de-pesar\/#article\",\"isPartOf\":{\"@id\":\"https:\/\/www.gaveanews.com\/index.php\/2025\/09\/08\/flamengo-zico-emite-nota-de-pesar\/\"},\"author\":{\"name\":\"Reda\u00e7\u00e3o\",\"@id\":\"https:\/\/www.gaveanews.com\/#\/schema\/person\/c88645e3d550d0b6574305e67dd5a716\"},\"headline\":\"Flamengo: Zico emite nota de pesar\",\"datePublished\":\"2025-09-08T22:30:00+00:00\",\"mainEntityOfPage\":{\"@id\":\"https:\/\/www.gaveanews.com\/index.php\/2025\/09\/08\/flamengo-zico-emite-nota-de-pesar\/\"},\"wordCount\":473,\"commentCount\":0,\"image\":{\"@id\":\"https:\/\/www.gaveanews.com\/index.php\/2025\/09\/08\/flamengo-zico-emite-nota-de-pesar\/#primaryimage\"},\"thumbnailUrl\":\"https:\/\/www.gaveanews.com\/wp-content\/uploads\/Zico-ex-jogador-e-idolo-do-Flamengo.webp\",\"articleSection\":[\"Flamengo\"],\"inLanguage\":\"pt-BR\",\"potentialAction\":[{\"@type\":\"CommentAction\",\"name\":\"Comment\",\"target\":[\"https:\/\/www.gaveanews.com\/index.php\/2025\/09\/08\/flamengo-zico-emite-nota-de-pesar\/#respond\"]}],\"copyrightYear\":\"2025\",\"copyrightHolder\":{\"@id\":\"https:\/\/www.gaveanews.com\/#organization\"}},{\"@type\":\"WebPage\",\"@id\":\"https:\/\/www.gaveanews.com\/index.php\/2025\/09\/08\/flamengo-zico-emite-nota-de-pesar\/\",\"url\":\"https:\/\/www.gaveanews.com\/index.php\/2025\/09\/08\/flamengo-zico-emite-nota-de-pesar\/\",\"name\":\"Flamengo: Zico emite nota de pesar\",\"isPartOf\":{\"@id\":\"https:\/\/www.gaveanews.com\/#website\"},\"primaryImageOfPage\":{\"@id\":\"https:\/\/www.gaveanews.com\/index.php\/2025\/09\/08\/flamengo-zico-emite-nota-de-pesar\/#primaryimage\"},\"image\":{\"@id\":\"https:\/\/www.gaveanews.com\/index.php\/2025\/09\/08\/flamengo-zico-emite-nota-de-pesar\/#primaryimage\"},\"thumbnailUrl\":\"https:\/\/www.gaveanews.com\/wp-content\/uploads\/Zico-ex-jogador-e-idolo-do-Flamengo.webp\",\"datePublished\":\"2025-09-08T22:30:00+00:00\",\"author\":{\"@id\":\"https:\/\/www.gaveanews.com\/#\/schema\/person\/c88645e3d550d0b6574305e67dd5a716\"},\"description\":\"Zico lamentou publicamente o falecimento nas redes sociais. Al\u00e9m disso, publicou uma foto em preto e branco ao homenagear o dirigente.\",\"breadcrumb\":{\"@id\":\"https:\/\/www.gaveanews.com\/index.php\/2025\/09\/08\/flamengo-zico-emite-nota-de-pesar\/#breadcrumb\"},\"inLanguage\":\"pt-BR\",\"potentialAction\":[{\"@type\":\"ReadAction\",\"target\":[\"https:\/\/www.gaveanews.com\/index.php\/2025\/09\/08\/flamengo-zico-emite-nota-de-pesar\/\"]}]},{\"@type\":\"ImageObject\",\"inLanguage\":\"pt-BR\",\"@id\":\"https:\/\/www.gaveanews.com\/index.php\/2025\/09\/08\/flamengo-zico-emite-nota-de-pesar\/#primaryimage\",\"url\":\"https:\/\/www.gaveanews.com\/wp-content\/uploads\/Zico-ex-jogador-e-idolo-do-Flamengo.webp\",\"contentUrl\":\"https:\/\/www.gaveanews.com\/wp-content\/uploads\/Zico-ex-jogador-e-idolo-do-Flamengo.webp\",\"width\":620,\"height\":349,\"caption\":\"Zico, ex-jogador do Flamengo (Foto: Andr\u00e9 Dur\u00e3o \/ Globoesporte.com)\"},{\"@type\":\"BreadcrumbList\",\"@id\":\"https:\/\/www.gaveanews.com\/index.php\/2025\/09\/08\/flamengo-zico-emite-nota-de-pesar\/#breadcrumb\",\"itemListElement\":[{\"@type\":\"ListItem\",\"position\":1,\"name\":\"Home\",\"item\":\"https:\/\/www.gaveanews.com\/\"},{\"@type\":\"ListItem\",\"position\":2,\"name\":\"Flamengo: Zico emite nota de pesar\"}]},{\"@type\":\"WebSite\",\"@id\":\"https:\/\/www.gaveanews.com\/#website\",\"url\":\"https:\/\/www.gaveanews.com\/\",\"name\":\"G\u00e1vea News\",\"description\":\"Veja todas as not\u00edcias sobre o Flamengo: Contrata\u00e7\u00f5es, categorias de base, resultados das partidas, tabela de classifica\u00e7\u00e3o, pr\u00f3ximos jogos!\",\"potentialAction\":[{\"@type\":\"SearchAction\",\"target\":{\"@type\":\"EntryPoint\",\"urlTemplate\":\"https:\/\/www.gaveanews.com\/?s={search_term_string}\"},\"query-input\":{\"@type\":\"PropertyValueSpecification\",\"valueRequired\":true,\"valueName\":\"search_term_string\"}}],\"inLanguage\":\"pt-BR\"},{\"@type\":\"Person\",\"@id\":\"https:\/\/www.gaveanews.com\/#\/schema\/person\/c88645e3d550d0b6574305e67dd5a716\",\"name\":\"Reda\u00e7\u00e3o\",\"image\":{\"@type\":\"ImageObject\",\"inLanguage\":\"pt-BR\",\"@id\":\"https:\/\/www.gaveanews.com\/#\/schema\/person\/image\/\",\"url\":\"https:\/\/secure.gravatar.com\/avatar\/434098fd823f0dc1b062d14ca22bacaa6e38de28d8c816bbef6fc2f8c44d8ba3?s=96&d=mm&r=g\",\"contentUrl\":\"https:\/\/secure.gravatar.com\/avatar\/434098fd823f0dc1b062d14ca22bacaa6e38de28d8c816bbef6fc2f8c44d8ba3?s=96&d=mm&r=g\",\"caption\":\"Reda\u00e7\u00e3o\"}}]}<\/script>\n<!-- \/ Yoast SEO Premium plugin. -->","yoast_head_json":{"title":"Flamengo: Zico emite nota de pesar","description":"Zico lamentou publicamente o falecimento nas redes sociais. Al\u00e9m disso, publicou uma foto em preto e branco ao homenagear o dirigente.","robots":{"index":"index","follow":"follow","max-snippet":"max-snippet:-1","max-image-preview":"max-image-preview:large","max-video-preview":"max-video-preview:-1"},"canonical":"https:\/\/www.gaveanews.com\/index.php\/2025\/09\/08\/flamengo-zico-emite-nota-de-pesar\/","og_locale":"pt_BR","og_type":"article","og_title":"Flamengo: Zico emite nota de pesar","og_description":"Zico lamentou publicamente o falecimento nas redes sociais. Al\u00e9m disso, publicou uma foto em preto e branco ao homenagear o dirigente.","og_url":"https:\/\/www.gaveanews.com\/index.php\/2025\/09\/08\/flamengo-zico-emite-nota-de-pesar\/","og_site_name":"G\u00e1vea News","article_publisher":"https:\/\/facebook.com\/gaveaNews\/","article_published_time":"2025-09-08T22:30:00+00:00","og_image":[{"width":620,"height":349,"url":"https:\/\/www.gaveanews.com\/wp-content\/uploads\/Zico-ex-jogador-e-idolo-do-Flamengo.webp","type":"image\/webp"}],"author":"Reda\u00e7\u00e3o","twitter_card":"summary_large_image","twitter_misc":{"Escrito por":"Reda\u00e7\u00e3o","Est. tempo de leitura":"3 minutos"},"schema":{"@context":"https:\/\/schema.org","@graph":[{"@type":"NewsArticle","@id":"https:\/\/www.gaveanews.com\/index.php\/2025\/09\/08\/flamengo-zico-emite-nota-de-pesar\/#article","isPartOf":{"@id":"https:\/\/www.gaveanews.com\/index.php\/2025\/09\/08\/flamengo-zico-emite-nota-de-pesar\/"},"author":{"name":"Reda\u00e7\u00e3o","@id":"https:\/\/www.gaveanews.com\/#\/schema\/person\/c88645e3d550d0b6574305e67dd5a716"},"headline":"Flamengo: Zico emite nota de pesar","datePublished":"2025-09-08T22:30:00+00:00","mainEntityOfPage":{"@id":"https:\/\/www.gaveanews.com\/index.php\/2025\/09\/08\/flamengo-zico-emite-nota-de-pesar\/"},"wordCount":473,"commentCount":0,"image":{"@id":"https:\/\/www.gaveanews.com\/index.php\/2025\/09\/08\/flamengo-zico-emite-nota-de-pesar\/#primaryimage"},"thumbnailUrl":"https:\/\/www.gaveanews.com\/wp-content\/uploads\/Zico-ex-jogador-e-idolo-do-Flamengo.webp","articleSection":["Flamengo"],"inLanguage":"pt-BR","potentialAction":[{"@type":"CommentAction","name":"Comment","target":["https:\/\/www.gaveanews.com\/index.php\/2025\/09\/08\/flamengo-zico-emite-nota-de-pesar\/#respond"]}],"copyrightYear":"2025","copyrightHolder":{"@id":"https:\/\/www.gaveanews.com\/#organization"}},{"@type":"WebPage","@id":"https:\/\/www.gaveanews.com\/index.php\/2025\/09\/08\/flamengo-zico-emite-nota-de-pesar\/","url":"https:\/\/www.gaveanews.com\/index.php\/2025\/09\/08\/flamengo-zico-emite-nota-de-pesar\/","name":"Flamengo: Zico emite nota de pesar","isPartOf":{"@id":"https:\/\/www.gaveanews.com\/#website"},"primaryImageOfPage":{"@id":"https:\/\/www.gaveanews.com\/index.php\/2025\/09\/08\/flamengo-zico-emite-nota-de-pesar\/#primaryimage"},"image":{"@id":"https:\/\/www.gaveanews.com\/index.php\/2025\/09\/08\/flamengo-zico-emite-nota-de-pesar\/#primaryimage"},"thumbnailUrl":"https:\/\/www.gaveanews.com\/wp-content\/uploads\/Zico-ex-jogador-e-idolo-do-Flamengo.webp","datePublished":"2025-09-08T22:30:00+00:00","author":{"@id":"https:\/\/www.gaveanews.com\/#\/schema\/person\/c88645e3d550d0b6574305e67dd5a716"},"description":"Zico lamentou publicamente o falecimento nas redes sociais. Al\u00e9m disso, publicou uma foto em preto e branco ao homenagear o dirigente.","breadcrumb":{"@id":"https:\/\/www.gaveanews.com\/index.php\/2025\/09\/08\/flamengo-zico-emite-nota-de-pesar\/#breadcrumb"},"inLanguage":"pt-BR","potentialAction":[{"@type":"ReadAction","target":["https:\/\/www.gaveanews.com\/index.php\/2025\/09\/08\/flamengo-zico-emite-nota-de-pesar\/"]}]},{"@type":"ImageObject","inLanguage":"pt-BR","@id":"https:\/\/www.gaveanews.com\/index.php\/2025\/09\/08\/flamengo-zico-emite-nota-de-pesar\/#primaryimage","url":"https:\/\/www.gaveanews.com\/wp-content\/uploads\/Zico-ex-jogador-e-idolo-do-Flamengo.webp","contentUrl":"https:\/\/www.gaveanews.com\/wp-content\/uploads\/Zico-ex-jogador-e-idolo-do-Flamengo.webp","width":620,"height":349,"caption":"Zico, ex-jogador do Flamengo (Foto: Andr\u00e9 Dur\u00e3o \/ Globoesporte.com)"},{"@type":"BreadcrumbList","@id":"https:\/\/www.gaveanews.com\/index.php\/2025\/09\/08\/flamengo-zico-emite-nota-de-pesar\/#breadcrumb","itemListElement":[{"@type":"ListItem","position":1,"name":"Home","item":"https:\/\/www.gaveanews.com\/"},{"@type":"ListItem","position":2,"name":"Flamengo: Zico emite nota de pesar"}]},{"@type":"WebSite","@id":"https:\/\/www.gaveanews.com\/#website","url":"https:\/\/www.gaveanews.com\/","name":"G\u00e1vea News","description":"Veja todas as not\u00edcias sobre o Flamengo: Contrata\u00e7\u00f5es, categorias de base, resultados das partidas, tabela de classifica\u00e7\u00e3o, pr\u00f3ximos jogos!","potentialAction":[{"@type":"SearchAction","target":{"@type":"EntryPoint","urlTemplate":"https:\/\/www.gaveanews.com\/?s={search_term_string}"},"query-input":{"@type":"PropertyValueSpecification","valueRequired":true,"valueName":"search_term_string"}}],"inLanguage":"pt-BR"},{"@type":"Person","@id":"https:\/\/www.gaveanews.com\/#\/schema\/person\/c88645e3d550d0b6574305e67dd5a716","name":"Reda\u00e7\u00e3o","image":{"@type":"ImageObject","inLanguage":"pt-BR","@id":"https:\/\/www.gaveanews.com\/#\/schema\/person\/image\/","url":"https:\/\/secure.gravatar.com\/avatar\/434098fd823f0dc1b062d14ca22bacaa6e38de28d8c816bbef6fc2f8c44d8ba3?s=96&d=mm&r=g","contentUrl":"https:\/\/secure.gravatar.com\/avatar\/434098fd823f0dc1b062d14ca22bacaa6e38de28d8c816bbef6fc2f8c44d8ba3?s=96&d=mm&r=g","caption":"Reda\u00e7\u00e3o"}}]}},"_links":{"self":[{"href":"https:\/\/www.gaveanews.com\/index.php\/wp-json\/wp\/v2\/posts\/276013","targetHints":{"allow":["GET"]}}],"collection":[{"href":"https:\/\/www.gaveanews.com\/index.php\/wp-json\/wp\/v2\/posts"}],"about":[{"href":"https:\/\/www.gaveanews.com\/index.php\/wp-json\/wp\/v2\/types\/post"}],"author":[{"embeddable":true,"href":"https:\/\/www.gaveanews.com\/index.php\/wp-json\/wp\/v2\/users\/39"}],"replies":[{"embeddable":true,"href":"https:\/\/www.gaveanews.com\/index.php\/wp-json\/wp\/v2\/comments?post=276013"}],"version-history":[{"count":3,"href":"https:\/\/www.gaveanews.com\/index.php\/wp-json\/wp\/v2\/posts\/276013\/revisions"}],"predecessor-version":[{"id":276024,"href":"https:\/\/www.gaveanews.com\/index.php\/wp-json\/wp\/v2\/posts\/276013\/revisions\/276024"}],"wp:featuredmedia":[{"embeddable":true,"href":"https:\/\/www.gaveanews.com\/index.php\/wp-json\/wp\/v2\/media\/131937"}],"wp:attachment":[{"href":"https:\/\/www.gaveanews.com\/index.php\/wp-json\/wp\/v2\/media?parent=276013"}],"wp:term":[{"taxonomy":"category","embeddable":true,"href":"https:\/\/www.gaveanews.com\/index.php\/wp-json\/wp\/v2\/categories?post=276013"},{"taxonomy":"post_tag","embeddable":true,"href":"https:\/\/www.gaveanews.com\/index.php\/wp-json\/wp\/v2\/tags?post=276013"}],"curies":[{"name":"wp","href":"https:\/\/api.w.org\/{rel}","templated":true}]}}