{"id":276026,"date":"2025-09-08T20:00:00","date_gmt":"2025-09-08T23:00:00","guid":{"rendered":"https:\/\/www.gaveanews.com\/?p=276026"},"modified":"2025-09-08T17:10:30","modified_gmt":"2025-09-08T20:10:30","slug":"saul-faz-comparacao-entre-filipe-luis-do-flamengo-e-simeone-do-atletico-de-madrid","status":"publish","type":"post","link":"https:\/\/www.gaveanews.com\/index.php\/2025\/09\/08\/saul-faz-comparacao-entre-filipe-luis-do-flamengo-e-simeone-do-atletico-de-madrid\/","title":{"rendered":"Sa\u00fal faz compara\u00e7\u00e3o entre Filipe Lu\u00eds, do Flamengo, e Simeone, do Atl\u00e9tico de Madrid"},"content":{"rendered":"\n<p>O meio-campista espanhol Sa\u00fal \u00d1\u00edguez, atualmente no Flamengo, destacou em entrevista recente as semelhan\u00e7as entre o treinador rubro-negro Filipe Lu\u00eds e o argentino Diego Simeone, comandante do Atl\u00e9tico de Madrid. A compara\u00e7\u00e3o ganhou destaque pela longa conviv\u00eancia de Sa\u00fal com Simeone no clube espanhol, al\u00e9m da rela\u00e7\u00e3o de companheirismo com Filipe durante anos de carreira.<\/p>\n\n\n\n<p>O jogador chegou ao Flamengo em julho e rapidamente se firmou no elenco. Aos 30 anos, Sa\u00fal acumula passagens por clubes como Rayo Vallecano, Sevilla e Chelsea, al\u00e9m da trajet\u00f3ria no Atl\u00e9tico, onde esteve sob o comando de Simeone por quase uma d\u00e9cada. Filipe Lu\u00eds tamb\u00e9m atuou na equipe madrilenha entre 2013 e 2019, dividindo o vesti\u00e1rio com o espanhol em boa parte desse per\u00edodo.<\/p>\n\n\n\n<p>Questionado sobre as caracter\u00edsticas dos dois t\u00e9cnicos, Sa\u00fal apontou que, embora cada um possua seu estilo pr\u00f3prio de jogo, ambos compartilham valores em comum. O meio-campista ressaltou que a forma de lideran\u00e7a e a intensidade no trabalho s\u00e3o aspectos que aproximam Simeone e Filipe Lu\u00eds.<\/p>\n\n\n\n<p>\u201cO certo \u00e9 que existem muitas semelhan\u00e7as, embora possamos diferenciar seus estilos de jogo. Mas eles s\u00e3o muito semelhantes em sua ambi\u00e7\u00e3o, desejo, paix\u00e3o e na forma de comunicar sua paix\u00e3o ao grupo. Cada um tem sua pr\u00f3pria personalidade \u00fanica para gerenciar o grupo, mas \u00e9 certo que eles t\u00eam muitas semelhan\u00e7as\u201d.<\/p>\n\n\n\n<p>Al\u00e9m da compara\u00e7\u00e3o direta, o espanhol destacou a influ\u00eancia duradoura do treinador argentino em sua carreira. Para ele, o legado de Simeone ultrapassa esquemas t\u00e1ticos e marca a forma como os atletas encaram o futebol e o trabalho coletivo.<\/p>\n\n\n\n<p>\u201cA verdade \u00e9 que Simeone deixou sua marca em todos os jogadores que atuaram pelo Atl\u00e9tico de Madrid, cada um tem a sua. Ele deixou sua marca em mim pessoalmente, e mesmo que voc\u00ea tenha uma ideia diferente, um estilo de jogo diferente, ou o que quer que seja, h\u00e1 muitas frases e muitas maneiras de gerenciar o grupo. Isso, ali\u00e1s, \u00e9 o que aprendemos; Filipe aprendeu com Simeone\u201d.<\/p>\n\n\n\n<p>No Brasil, Sa\u00fal j\u00e1 disputou sete partidas pelo Flamengo desde a sua chegada, sendo quatro como titular. Ele assinou contrato de tr\u00eas anos, v\u00e1lido at\u00e9 dezembro de 2028, ap\u00f3s rescindir v\u00ednculo com o Atl\u00e9tico de Madrid. O refor\u00e7o espanhol foi visto como pe\u00e7a importante para fortalecer o meio-campo do clube na temporada.<\/p>\n","protected":false},"excerpt":{"rendered":"<p>O meio-campista espanhol Sa\u00fal \u00d1\u00edguez, atualmente no Flamengo, destacou em entrevista recente as semelhan\u00e7as entre o treinador rubro-negro Filipe Lu\u00eds e o argentino Diego Simeone, comandante do Atl\u00e9tico de Madrid. A compara\u00e7\u00e3o ganhou destaque pela longa conviv\u00eancia de Sa\u00fal com Simeone no clube espanhol, al\u00e9m da rela\u00e7\u00e3o de companheirismo com Filipe durante anos de carreira. [&hellip;]<\/p>\n","protected":false},"author":15,"featured_media":272839,"comment_status":"open","ping_status":"closed","sticky":false,"template":"","format":"standard","meta":{"footnotes":""},"categories":[1],"tags":[],"class_list":["post-276026","post","type-post","status-publish","format-standard","has-post-thumbnail","hentry","category-flamengo"],"yoast_head":"<!-- This site is optimized with the Yoast SEO Premium plugin v24.2 (Yoast SEO v26.9) - https:\/\/yoast.com\/product\/yoast-seo-premium-wordpress\/ -->\n<title>Sa\u00fal faz compara\u00e7\u00e3o entre Filipe Lu\u00eds, do Flamengo, e Simeone, do Atl\u00e9tico de Madrid<\/title>\n<meta name=\"robots\" content=\"index, follow, max-snippet:-1, max-image-preview:large, max-video-preview:-1\" \/>\n<link rel=\"canonical\" href=\"https:\/\/www.gaveanews.com\/index.php\/2025\/09\/08\/saul-faz-comparacao-entre-filipe-luis-do-flamengo-e-simeone-do-atletico-de-madrid\/\" \/>\n<meta property=\"og:locale\" content=\"pt_BR\" \/>\n<meta property=\"og:type\" content=\"article\" \/>\n<meta property=\"og:title\" content=\"Sa\u00fal faz compara\u00e7\u00e3o entre Filipe Lu\u00eds, do Flamengo, e Simeone, do Atl\u00e9tico de Madrid\" \/>\n<meta property=\"og:description\" content=\"O meio-campista espanhol Sa\u00fal \u00d1\u00edguez, atualmente no Flamengo, destacou em entrevista recente as semelhan\u00e7as entre o treinador rubro-negro Filipe Lu\u00eds e o argentino Diego Simeone, comandante do Atl\u00e9tico de Madrid. A compara\u00e7\u00e3o ganhou destaque pela longa conviv\u00eancia de Sa\u00fal com Simeone no clube espanhol, al\u00e9m da rela\u00e7\u00e3o de companheirismo com Filipe durante anos de carreira. [&hellip;]\" \/>\n<meta property=\"og:url\" content=\"https:\/\/www.gaveanews.com\/index.php\/2025\/09\/08\/saul-faz-comparacao-entre-filipe-luis-do-flamengo-e-simeone-do-atletico-de-madrid\/\" \/>\n<meta property=\"og:site_name\" content=\"G\u00e1vea News\" \/>\n<meta property=\"article:publisher\" content=\"https:\/\/facebook.com\/gaveaNews\/\" \/>\n<meta property=\"article:published_time\" content=\"2025-09-08T23:00:00+00:00\" \/>\n<meta property=\"og:image\" content=\"https:\/\/www.gaveanews.com\/wp-content\/uploads\/Saul-Niguez-jogador-espanhol.webp\" \/>\n\t<meta property=\"og:image:width\" content=\"690\" \/>\n\t<meta property=\"og:image:height\" content=\"502\" \/>\n\t<meta property=\"og:image:type\" content=\"image\/webp\" \/>\n<meta name=\"author\" content=\"Henrique Machado\" \/>\n<meta name=\"twitter:card\" content=\"summary_large_image\" \/>\n<meta name=\"twitter:label1\" content=\"Escrito por\" \/>\n\t<meta name=\"twitter:data1\" content=\"Henrique Machado\" \/>\n\t<meta name=\"twitter:label2\" content=\"Est. tempo de leitura\" \/>\n\t<meta name=\"twitter:data2\" content=\"3 minutos\" \/>\n<script type=\"application\/ld+json\" class=\"yoast-schema-graph\">{\"@context\":\"https:\/\/schema.org\",\"@graph\":[{\"@type\":\"NewsArticle\",\"@id\":\"https:\/\/www.gaveanews.com\/index.php\/2025\/09\/08\/saul-faz-comparacao-entre-filipe-luis-do-flamengo-e-simeone-do-atletico-de-madrid\/#article\",\"isPartOf\":{\"@id\":\"https:\/\/www.gaveanews.com\/index.php\/2025\/09\/08\/saul-faz-comparacao-entre-filipe-luis-do-flamengo-e-simeone-do-atletico-de-madrid\/\"},\"author\":{\"name\":\"Henrique Machado\",\"@id\":\"https:\/\/www.gaveanews.com\/#\/schema\/person\/fd07635ec039ec3ba74ad18ec8a6dbd6\"},\"headline\":\"Sa\u00fal faz compara\u00e7\u00e3o entre Filipe Lu\u00eds, do Flamengo, e Simeone, do Atl\u00e9tico de Madrid\",\"datePublished\":\"2025-09-08T23:00:00+00:00\",\"mainEntityOfPage\":{\"@id\":\"https:\/\/www.gaveanews.com\/index.php\/2025\/09\/08\/saul-faz-comparacao-entre-filipe-luis-do-flamengo-e-simeone-do-atletico-de-madrid\/\"},\"wordCount\":434,\"commentCount\":0,\"image\":{\"@id\":\"https:\/\/www.gaveanews.com\/index.php\/2025\/09\/08\/saul-faz-comparacao-entre-filipe-luis-do-flamengo-e-simeone-do-atletico-de-madrid\/#primaryimage\"},\"thumbnailUrl\":\"https:\/\/www.gaveanews.com\/wp-content\/uploads\/Saul-Niguez-jogador-espanhol.webp\",\"articleSection\":[\"Flamengo\"],\"inLanguage\":\"pt-BR\",\"potentialAction\":[{\"@type\":\"CommentAction\",\"name\":\"Comment\",\"target\":[\"https:\/\/www.gaveanews.com\/index.php\/2025\/09\/08\/saul-faz-comparacao-entre-filipe-luis-do-flamengo-e-simeone-do-atletico-de-madrid\/#respond\"]}],\"copyrightYear\":\"2025\",\"copyrightHolder\":{\"@id\":\"https:\/\/www.gaveanews.com\/#organization\"}},{\"@type\":\"WebPage\",\"@id\":\"https:\/\/www.gaveanews.com\/index.php\/2025\/09\/08\/saul-faz-comparacao-entre-filipe-luis-do-flamengo-e-simeone-do-atletico-de-madrid\/\",\"url\":\"https:\/\/www.gaveanews.com\/index.php\/2025\/09\/08\/saul-faz-comparacao-entre-filipe-luis-do-flamengo-e-simeone-do-atletico-de-madrid\/\",\"name\":\"Sa\u00fal faz compara\u00e7\u00e3o entre Filipe Lu\u00eds, do Flamengo, e Simeone, do Atl\u00e9tico de Madrid\",\"isPartOf\":{\"@id\":\"https:\/\/www.gaveanews.com\/#website\"},\"primaryImageOfPage\":{\"@id\":\"https:\/\/www.gaveanews.com\/index.php\/2025\/09\/08\/saul-faz-comparacao-entre-filipe-luis-do-flamengo-e-simeone-do-atletico-de-madrid\/#primaryimage\"},\"image\":{\"@id\":\"https:\/\/www.gaveanews.com\/index.php\/2025\/09\/08\/saul-faz-comparacao-entre-filipe-luis-do-flamengo-e-simeone-do-atletico-de-madrid\/#primaryimage\"},\"thumbnailUrl\":\"https:\/\/www.gaveanews.com\/wp-content\/uploads\/Saul-Niguez-jogador-espanhol.webp\",\"datePublished\":\"2025-09-08T23:00:00+00:00\",\"author\":{\"@id\":\"https:\/\/www.gaveanews.com\/#\/schema\/person\/fd07635ec039ec3ba74ad18ec8a6dbd6\"},\"breadcrumb\":{\"@id\":\"https:\/\/www.gaveanews.com\/index.php\/2025\/09\/08\/saul-faz-comparacao-entre-filipe-luis-do-flamengo-e-simeone-do-atletico-de-madrid\/#breadcrumb\"},\"inLanguage\":\"pt-BR\",\"potentialAction\":[{\"@type\":\"ReadAction\",\"target\":[\"https:\/\/www.gaveanews.com\/index.php\/2025\/09\/08\/saul-faz-comparacao-entre-filipe-luis-do-flamengo-e-simeone-do-atletico-de-madrid\/\"]}]},{\"@type\":\"ImageObject\",\"inLanguage\":\"pt-BR\",\"@id\":\"https:\/\/www.gaveanews.com\/index.php\/2025\/09\/08\/saul-faz-comparacao-entre-filipe-luis-do-flamengo-e-simeone-do-atletico-de-madrid\/#primaryimage\",\"url\":\"https:\/\/www.gaveanews.com\/wp-content\/uploads\/Saul-Niguez-jogador-espanhol.webp\",\"contentUrl\":\"https:\/\/www.gaveanews.com\/wp-content\/uploads\/Saul-Niguez-jogador-espanhol.webp\",\"width\":690,\"height\":502,\"caption\":\"Sa\u00fal \u00d1\u00edguez, jogador espanhol (Foto: Reprodu\u00e7\u00e3o\/Instagram Neymar)\"},{\"@type\":\"BreadcrumbList\",\"@id\":\"https:\/\/www.gaveanews.com\/index.php\/2025\/09\/08\/saul-faz-comparacao-entre-filipe-luis-do-flamengo-e-simeone-do-atletico-de-madrid\/#breadcrumb\",\"itemListElement\":[{\"@type\":\"ListItem\",\"position\":1,\"name\":\"Home\",\"item\":\"https:\/\/www.gaveanews.com\/\"},{\"@type\":\"ListItem\",\"position\":2,\"name\":\"Sa\u00fal faz compara\u00e7\u00e3o entre Filipe Lu\u00eds, do Flamengo, e Simeone, do Atl\u00e9tico de Madrid\"}]},{\"@type\":\"WebSite\",\"@id\":\"https:\/\/www.gaveanews.com\/#website\",\"url\":\"https:\/\/www.gaveanews.com\/\",\"name\":\"G\u00e1vea News\",\"description\":\"Veja todas as not\u00edcias sobre o Flamengo: Contrata\u00e7\u00f5es, categorias de base, resultados das partidas, tabela de classifica\u00e7\u00e3o, pr\u00f3ximos jogos!\",\"potentialAction\":[{\"@type\":\"SearchAction\",\"target\":{\"@type\":\"EntryPoint\",\"urlTemplate\":\"https:\/\/www.gaveanews.com\/?s={search_term_string}\"},\"query-input\":{\"@type\":\"PropertyValueSpecification\",\"valueRequired\":true,\"valueName\":\"search_term_string\"}}],\"inLanguage\":\"pt-BR\"},{\"@type\":\"Person\",\"@id\":\"https:\/\/www.gaveanews.com\/#\/schema\/person\/fd07635ec039ec3ba74ad18ec8a6dbd6\",\"name\":\"Henrique Machado\",\"image\":{\"@type\":\"ImageObject\",\"inLanguage\":\"pt-BR\",\"@id\":\"https:\/\/www.gaveanews.com\/#\/schema\/person\/image\/\",\"url\":\"https:\/\/secure.gravatar.com\/avatar\/b95e35997e01d9800c1b6184bd79d4d898d370a3fce2584f5c77b907d5c7d9e9?s=96&d=mm&r=g\",\"contentUrl\":\"https:\/\/secure.gravatar.com\/avatar\/b95e35997e01d9800c1b6184bd79d4d898d370a3fce2584f5c77b907d5c7d9e9?s=96&d=mm&r=g\",\"caption\":\"Henrique Machado\"}}]}<\/script>\n<!-- \/ Yoast SEO Premium plugin. -->","yoast_head_json":{"title":"Sa\u00fal faz compara\u00e7\u00e3o entre Filipe Lu\u00eds, do Flamengo, e Simeone, do Atl\u00e9tico de Madrid","robots":{"index":"index","follow":"follow","max-snippet":"max-snippet:-1","max-image-preview":"max-image-preview:large","max-video-preview":"max-video-preview:-1"},"canonical":"https:\/\/www.gaveanews.com\/index.php\/2025\/09\/08\/saul-faz-comparacao-entre-filipe-luis-do-flamengo-e-simeone-do-atletico-de-madrid\/","og_locale":"pt_BR","og_type":"article","og_title":"Sa\u00fal faz compara\u00e7\u00e3o entre Filipe Lu\u00eds, do Flamengo, e Simeone, do Atl\u00e9tico de Madrid","og_description":"O meio-campista espanhol Sa\u00fal \u00d1\u00edguez, atualmente no Flamengo, destacou em entrevista recente as semelhan\u00e7as entre o treinador rubro-negro Filipe Lu\u00eds e o argentino Diego Simeone, comandante do Atl\u00e9tico de Madrid. A compara\u00e7\u00e3o ganhou destaque pela longa conviv\u00eancia de Sa\u00fal com Simeone no clube espanhol, al\u00e9m da rela\u00e7\u00e3o de companheirismo com Filipe durante anos de carreira. [&hellip;]","og_url":"https:\/\/www.gaveanews.com\/index.php\/2025\/09\/08\/saul-faz-comparacao-entre-filipe-luis-do-flamengo-e-simeone-do-atletico-de-madrid\/","og_site_name":"G\u00e1vea News","article_publisher":"https:\/\/facebook.com\/gaveaNews\/","article_published_time":"2025-09-08T23:00:00+00:00","og_image":[{"width":690,"height":502,"url":"https:\/\/www.gaveanews.com\/wp-content\/uploads\/Saul-Niguez-jogador-espanhol.webp","type":"image\/webp"}],"author":"Henrique Machado","twitter_card":"summary_large_image","twitter_misc":{"Escrito por":"Henrique Machado","Est. tempo de leitura":"3 minutos"},"schema":{"@context":"https:\/\/schema.org","@graph":[{"@type":"NewsArticle","@id":"https:\/\/www.gaveanews.com\/index.php\/2025\/09\/08\/saul-faz-comparacao-entre-filipe-luis-do-flamengo-e-simeone-do-atletico-de-madrid\/#article","isPartOf":{"@id":"https:\/\/www.gaveanews.com\/index.php\/2025\/09\/08\/saul-faz-comparacao-entre-filipe-luis-do-flamengo-e-simeone-do-atletico-de-madrid\/"},"author":{"name":"Henrique Machado","@id":"https:\/\/www.gaveanews.com\/#\/schema\/person\/fd07635ec039ec3ba74ad18ec8a6dbd6"},"headline":"Sa\u00fal faz compara\u00e7\u00e3o entre Filipe Lu\u00eds, do Flamengo, e Simeone, do Atl\u00e9tico de Madrid","datePublished":"2025-09-08T23:00:00+00:00","mainEntityOfPage":{"@id":"https:\/\/www.gaveanews.com\/index.php\/2025\/09\/08\/saul-faz-comparacao-entre-filipe-luis-do-flamengo-e-simeone-do-atletico-de-madrid\/"},"wordCount":434,"commentCount":0,"image":{"@id":"https:\/\/www.gaveanews.com\/index.php\/2025\/09\/08\/saul-faz-comparacao-entre-filipe-luis-do-flamengo-e-simeone-do-atletico-de-madrid\/#primaryimage"},"thumbnailUrl":"https:\/\/www.gaveanews.com\/wp-content\/uploads\/Saul-Niguez-jogador-espanhol.webp","articleSection":["Flamengo"],"inLanguage":"pt-BR","potentialAction":[{"@type":"CommentAction","name":"Comment","target":["https:\/\/www.gaveanews.com\/index.php\/2025\/09\/08\/saul-faz-comparacao-entre-filipe-luis-do-flamengo-e-simeone-do-atletico-de-madrid\/#respond"]}],"copyrightYear":"2025","copyrightHolder":{"@id":"https:\/\/www.gaveanews.com\/#organization"}},{"@type":"WebPage","@id":"https:\/\/www.gaveanews.com\/index.php\/2025\/09\/08\/saul-faz-comparacao-entre-filipe-luis-do-flamengo-e-simeone-do-atletico-de-madrid\/","url":"https:\/\/www.gaveanews.com\/index.php\/2025\/09\/08\/saul-faz-comparacao-entre-filipe-luis-do-flamengo-e-simeone-do-atletico-de-madrid\/","name":"Sa\u00fal faz compara\u00e7\u00e3o entre Filipe Lu\u00eds, do Flamengo, e Simeone, do Atl\u00e9tico de Madrid","isPartOf":{"@id":"https:\/\/www.gaveanews.com\/#website"},"primaryImageOfPage":{"@id":"https:\/\/www.gaveanews.com\/index.php\/2025\/09\/08\/saul-faz-comparacao-entre-filipe-luis-do-flamengo-e-simeone-do-atletico-de-madrid\/#primaryimage"},"image":{"@id":"https:\/\/www.gaveanews.com\/index.php\/2025\/09\/08\/saul-faz-comparacao-entre-filipe-luis-do-flamengo-e-simeone-do-atletico-de-madrid\/#primaryimage"},"thumbnailUrl":"https:\/\/www.gaveanews.com\/wp-content\/uploads\/Saul-Niguez-jogador-espanhol.webp","datePublished":"2025-09-08T23:00:00+00:00","author":{"@id":"https:\/\/www.gaveanews.com\/#\/schema\/person\/fd07635ec039ec3ba74ad18ec8a6dbd6"},"breadcrumb":{"@id":"https:\/\/www.gaveanews.com\/index.php\/2025\/09\/08\/saul-faz-comparacao-entre-filipe-luis-do-flamengo-e-simeone-do-atletico-de-madrid\/#breadcrumb"},"inLanguage":"pt-BR","potentialAction":[{"@type":"ReadAction","target":["https:\/\/www.gaveanews.com\/index.php\/2025\/09\/08\/saul-faz-comparacao-entre-filipe-luis-do-flamengo-e-simeone-do-atletico-de-madrid\/"]}]},{"@type":"ImageObject","inLanguage":"pt-BR","@id":"https:\/\/www.gaveanews.com\/index.php\/2025\/09\/08\/saul-faz-comparacao-entre-filipe-luis-do-flamengo-e-simeone-do-atletico-de-madrid\/#primaryimage","url":"https:\/\/www.gaveanews.com\/wp-content\/uploads\/Saul-Niguez-jogador-espanhol.webp","contentUrl":"https:\/\/www.gaveanews.com\/wp-content\/uploads\/Saul-Niguez-jogador-espanhol.webp","width":690,"height":502,"caption":"Sa\u00fal \u00d1\u00edguez, jogador espanhol (Foto: Reprodu\u00e7\u00e3o\/Instagram Neymar)"},{"@type":"BreadcrumbList","@id":"https:\/\/www.gaveanews.com\/index.php\/2025\/09\/08\/saul-faz-comparacao-entre-filipe-luis-do-flamengo-e-simeone-do-atletico-de-madrid\/#breadcrumb","itemListElement":[{"@type":"ListItem","position":1,"name":"Home","item":"https:\/\/www.gaveanews.com\/"},{"@type":"ListItem","position":2,"name":"Sa\u00fal faz compara\u00e7\u00e3o entre Filipe Lu\u00eds, do Flamengo, e Simeone, do Atl\u00e9tico de Madrid"}]},{"@type":"WebSite","@id":"https:\/\/www.gaveanews.com\/#website","url":"https:\/\/www.gaveanews.com\/","name":"G\u00e1vea News","description":"Veja todas as not\u00edcias sobre o Flamengo: Contrata\u00e7\u00f5es, categorias de base, resultados das partidas, tabela de classifica\u00e7\u00e3o, pr\u00f3ximos jogos!","potentialAction":[{"@type":"SearchAction","target":{"@type":"EntryPoint","urlTemplate":"https:\/\/www.gaveanews.com\/?s={search_term_string}"},"query-input":{"@type":"PropertyValueSpecification","valueRequired":true,"valueName":"search_term_string"}}],"inLanguage":"pt-BR"},{"@type":"Person","@id":"https:\/\/www.gaveanews.com\/#\/schema\/person\/fd07635ec039ec3ba74ad18ec8a6dbd6","name":"Henrique Machado","image":{"@type":"ImageObject","inLanguage":"pt-BR","@id":"https:\/\/www.gaveanews.com\/#\/schema\/person\/image\/","url":"https:\/\/secure.gravatar.com\/avatar\/b95e35997e01d9800c1b6184bd79d4d898d370a3fce2584f5c77b907d5c7d9e9?s=96&d=mm&r=g","contentUrl":"https:\/\/secure.gravatar.com\/avatar\/b95e35997e01d9800c1b6184bd79d4d898d370a3fce2584f5c77b907d5c7d9e9?s=96&d=mm&r=g","caption":"Henrique Machado"}}]}},"_links":{"self":[{"href":"https:\/\/www.gaveanews.com\/index.php\/wp-json\/wp\/v2\/posts\/276026","targetHints":{"allow":["GET"]}}],"collection":[{"href":"https:\/\/www.gaveanews.com\/index.php\/wp-json\/wp\/v2\/posts"}],"about":[{"href":"https:\/\/www.gaveanews.com\/index.php\/wp-json\/wp\/v2\/types\/post"}],"author":[{"embeddable":true,"href":"https:\/\/www.gaveanews.com\/index.php\/wp-json\/wp\/v2\/users\/15"}],"replies":[{"embeddable":true,"href":"https:\/\/www.gaveanews.com\/index.php\/wp-json\/wp\/v2\/comments?post=276026"}],"version-history":[{"count":1,"href":"https:\/\/www.gaveanews.com\/index.php\/wp-json\/wp\/v2\/posts\/276026\/revisions"}],"predecessor-version":[{"id":276027,"href":"https:\/\/www.gaveanews.com\/index.php\/wp-json\/wp\/v2\/posts\/276026\/revisions\/276027"}],"wp:featuredmedia":[{"embeddable":true,"href":"https:\/\/www.gaveanews.com\/index.php\/wp-json\/wp\/v2\/media\/272839"}],"wp:attachment":[{"href":"https:\/\/www.gaveanews.com\/index.php\/wp-json\/wp\/v2\/media?parent=276026"}],"wp:term":[{"taxonomy":"category","embeddable":true,"href":"https:\/\/www.gaveanews.com\/index.php\/wp-json\/wp\/v2\/categories?post=276026"},{"taxonomy":"post_tag","embeddable":true,"href":"https:\/\/www.gaveanews.com\/index.php\/wp-json\/wp\/v2\/tags?post=276026"}],"curies":[{"name":"wp","href":"https:\/\/api.w.org\/{rel}","templated":true}]}}