{"id":276032,"date":"2025-09-08T21:00:00","date_gmt":"2025-09-09T00:00:00","guid":{"rendered":"https:\/\/www.gaveanews.com\/?p=276032"},"modified":"2025-09-08T17:27:06","modified_gmt":"2025-09-08T20:27:06","slug":"jogador-do-flamengo-recebe-otima-noticia-na-selecao","status":"publish","type":"post","link":"https:\/\/www.gaveanews.com\/index.php\/2025\/09\/08\/jogador-do-flamengo-recebe-otima-noticia-na-selecao\/","title":{"rendered":"Jogador do Flamengo recebe \u00f3tima not\u00edcia na sele\u00e7\u00e3o"},"content":{"rendered":"\n<p>Com a classifica\u00e7\u00e3o do Uruguai para a Copa do Mundo de 2026 j\u00e1 assegurada, a rodada final das Eliminat\u00f3rias ganhou car\u00e1ter de laborat\u00f3rio para Marcelo Bielsa. Nesse contexto, jogadores com menos minutos recentes pela sele\u00e7\u00e3o voltaram ao radar. Entre eles est\u00e1 o lateral-esquerdo Mat\u00edas Vi\u00f1a, do <a href=\"https:\/\/www.gaveanews.com\/index.php\/category\/brasileirao\/flamengo\/\" target=\"_blank\" rel=\"noopener noreferrer\">Flamengo<\/a>, que tenta recuperar espa\u00e7o na Celeste.<\/p>\n\n\n\n<p>A \u00faltima atua\u00e7\u00e3o de Vi\u00f1a pela sele\u00e7\u00e3o ocorreu na Copa Am\u00e9rica de 2024, em 13 de julho, contra o Canad\u00e1. O Uruguai empatou em 2 a 2 e venceu nos p\u00eanaltis, garantindo o terceiro lugar. O lateral foi titular e saiu aos 21 minutos do segundo tempo para a entrada de Lucas Olaza. O empate chegou aos 47 minutos, com gol de Luis Su\u00e1rez.<\/p>\n\n\n\n<p>Agora, Vi\u00f1a treinou como titular nesta segunda-feira (08 de setembro), em atividade pr\u00e9via ao duelo contra o Chile. Ele permaneceu com a delega\u00e7\u00e3o comandada por Bielsa para a partida marcada para ter\u00e7a-feira (09 de setembro).<\/p>\n\n\n\n<p>Menos de um m\u00eas ap\u00f3s o jogo da Copa Am\u00e9rica, em 11 de agosto de 2024, Vi\u00f1a sofreu uma grave les\u00e3o contra o <a href=\"https:\/\/www.gaveanews.com\/index.php\/category\/brasileirao\/palmeiras\/\" target=\"_blank\" rel=\"noopener noreferrer\">Palmeiras<\/a>. Ele teve fratura na t\u00edbia e rompimento do ligamento cruzado anterior. O retorno aos gramados ocorreu apenas em 2025, no dia 1\u00ba de junho, contra o Fortaleza. Desde ent\u00e3o, voltou gradualmente no Flamengo e perdeu a titularidade da sele\u00e7\u00e3o para Piquerez.<\/p>\n\n\n\n<figure class=\"wp-block-image size-large\"><img loading=\"lazy\" decoding=\"async\" width=\"821\" height=\"1024\" src=\"http:\/\/www.gaveanews.com\/wp-content\/uploads\/matias-vina-flamengo-treino-821x1024.webp\" alt=\"\" class=\"wp-image-125272\" srcset=\"https:\/\/www.gaveanews.com\/wp-content\/uploads\/matias-vina-flamengo-treino-821x1024.webp 821w, https:\/\/www.gaveanews.com\/wp-content\/uploads\/matias-vina-flamengo-treino-241x300.webp 241w, https:\/\/www.gaveanews.com\/wp-content\/uploads\/matias-vina-flamengo-treino-768x958.webp 768w, https:\/\/www.gaveanews.com\/wp-content\/uploads\/matias-vina-flamengo-treino-337x420.webp 337w, https:\/\/www.gaveanews.com\/wp-content\/uploads\/matias-vina-flamengo-treino-673x840.webp 673w, https:\/\/www.gaveanews.com\/wp-content\/uploads\/matias-vina-flamengo-treino-640x798.webp 640w, https:\/\/www.gaveanews.com\/wp-content\/uploads\/matias-vina-flamengo-treino-681x849.webp 681w, https:\/\/www.gaveanews.com\/wp-content\/uploads\/matias-vina-flamengo-treino-100x125.webp 100w, https:\/\/www.gaveanews.com\/wp-content\/uploads\/matias-vina-flamengo-treino.webp 1080w\" sizes=\"auto, (max-width: 821px) 100vw, 821px\" \/><figcaption class=\"wp-element-caption\">Mat\u00edas Vi\u00f1a em treino do Flamengo (Foto: Reprodu\u00e7\u00e3o\/Flamengo)<\/figcaption><\/figure>\n\n\n\n<p>Al\u00e9m disso, a maior sequ\u00eancia de partidas em 2025 aconteceu entre 20 e 31 de julho, com quatro jogos seguidos: Fluminense, Red Bull Bragantino e dois diante do Atl\u00e9tico-MG. Contra o time de Belo Horizonte, foi titular nas duas \u00fanicas oportunidades do ano. Em Bragan\u00e7a, seu desempenho foi amplamente elogiado, refor\u00e7ando a disputa por espa\u00e7o.<\/p>\n\n\n\n<p>J\u00e1 em rela\u00e7\u00e3o aos companheiros de clube, Arrascaeta e Guillermo Varela foram liberados pela sele\u00e7\u00e3o e retornaram ao Brasil, com reapresenta\u00e7\u00e3o no Flamengo marcada para quarta-feira. Enquanto Bielsa n\u00e3o planejava utilizar o camisa 10 nos testes, Varela volta com quadro de pubalgia e passar\u00e1 por avalia\u00e7\u00e3o do departamento m\u00e9dico rubro-negro.<\/p>\n\n\n\n<p>A classifica\u00e7\u00e3o uruguaia foi sacramentada na quinta-feira (04 de setembro), com vit\u00f3ria por 3 a 0 sobre o Peru. Vi\u00f1a n\u00e3o jogou nenhum minuto nesse confronto. Ali\u00e1s, o perfil oficial da Celeste divulgou imagem do lateral treinando normalmente com o grupo, refor\u00e7ando sua manuten\u00e7\u00e3o nas atividades da equipe principal.<\/p>\n\n\n\n<p>Por fim, o Flamengo j\u00e1 se organiza para o duelo contra o Juventude, pela 23\u00aa rodada do Campeonato Brasileiro. A partida est\u00e1 marcada para domingo (14 de setembro), \u00e0s 16 horas (hor\u00e1rio de Bras\u00edlia), no Est\u00e1dio Alfredo Jaconi, e marca o retorno da competi\u00e7\u00e3o ap\u00f3s a Data Fifa.<\/p>\n","protected":false},"excerpt":{"rendered":"<p>Com a classifica\u00e7\u00e3o do Uruguai para a Copa do Mundo de 2026 j\u00e1 assegurada, a rodada final das Eliminat\u00f3rias ganhou car\u00e1ter de laborat\u00f3rio para Marcelo Bielsa. Nesse contexto, jogadores com menos minutos recentes pela sele\u00e7\u00e3o voltaram ao radar. Entre eles est\u00e1 o lateral-esquerdo Mat\u00edas Vi\u00f1a, do Flamengo, que tenta recuperar espa\u00e7o na Celeste. A \u00faltima [&hellip;]<\/p>\n","protected":false},"author":39,"featured_media":122174,"comment_status":"open","ping_status":"closed","sticky":false,"template":"","format":"standard","meta":{"footnotes":""},"categories":[1],"tags":[],"class_list":["post-276032","post","type-post","status-publish","format-standard","has-post-thumbnail","hentry","category-flamengo"],"yoast_head":"<!-- This site is optimized with the Yoast SEO Premium plugin v24.2 (Yoast SEO v26.9) - https:\/\/yoast.com\/product\/yoast-seo-premium-wordpress\/ -->\n<title>Jogador do Flamengo recebe \u00f3tima not\u00edcia na sele\u00e7\u00e3o<\/title>\n<meta name=\"robots\" content=\"index, follow, max-snippet:-1, max-image-preview:large, max-video-preview:-1\" \/>\n<link rel=\"canonical\" href=\"https:\/\/www.gaveanews.com\/index.php\/2025\/09\/08\/jogador-do-flamengo-recebe-otima-noticia-na-selecao\/\" \/>\n<meta property=\"og:locale\" content=\"pt_BR\" \/>\n<meta property=\"og:type\" content=\"article\" \/>\n<meta property=\"og:title\" content=\"Jogador do Flamengo recebe \u00f3tima not\u00edcia na sele\u00e7\u00e3o\" \/>\n<meta property=\"og:description\" content=\"Com a classifica\u00e7\u00e3o do Uruguai para a Copa do Mundo de 2026 j\u00e1 assegurada, a rodada final das Eliminat\u00f3rias ganhou car\u00e1ter de laborat\u00f3rio para Marcelo Bielsa. Nesse contexto, jogadores com menos minutos recentes pela sele\u00e7\u00e3o voltaram ao radar. Entre eles est\u00e1 o lateral-esquerdo Mat\u00edas Vi\u00f1a, do Flamengo, que tenta recuperar espa\u00e7o na Celeste. A \u00faltima [&hellip;]\" \/>\n<meta property=\"og:url\" content=\"https:\/\/www.gaveanews.com\/index.php\/2025\/09\/08\/jogador-do-flamengo-recebe-otima-noticia-na-selecao\/\" \/>\n<meta property=\"og:site_name\" content=\"G\u00e1vea News\" \/>\n<meta property=\"article:publisher\" content=\"https:\/\/facebook.com\/gaveaNews\/\" \/>\n<meta property=\"article:published_time\" content=\"2025-09-09T00:00:00+00:00\" \/>\n<meta property=\"og:image\" content=\"https:\/\/www.gaveanews.com\/wp-content\/uploads\/ninhodourubu.webp\" \/>\n\t<meta property=\"og:image:width\" content=\"1218\" \/>\n\t<meta property=\"og:image:height\" content=\"812\" \/>\n\t<meta property=\"og:image:type\" content=\"image\/webp\" \/>\n<meta name=\"author\" content=\"Reda\u00e7\u00e3o\" \/>\n<meta name=\"twitter:card\" content=\"summary_large_image\" \/>\n<meta name=\"twitter:label1\" content=\"Escrito por\" \/>\n\t<meta name=\"twitter:data1\" content=\"Reda\u00e7\u00e3o\" \/>\n\t<meta name=\"twitter:label2\" content=\"Est. tempo de leitura\" \/>\n\t<meta name=\"twitter:data2\" content=\"3 minutos\" \/>\n<script type=\"application\/ld+json\" class=\"yoast-schema-graph\">{\"@context\":\"https:\/\/schema.org\",\"@graph\":[{\"@type\":\"NewsArticle\",\"@id\":\"https:\/\/www.gaveanews.com\/index.php\/2025\/09\/08\/jogador-do-flamengo-recebe-otima-noticia-na-selecao\/#article\",\"isPartOf\":{\"@id\":\"https:\/\/www.gaveanews.com\/index.php\/2025\/09\/08\/jogador-do-flamengo-recebe-otima-noticia-na-selecao\/\"},\"author\":{\"name\":\"Reda\u00e7\u00e3o\",\"@id\":\"https:\/\/www.gaveanews.com\/#\/schema\/person\/c88645e3d550d0b6574305e67dd5a716\"},\"headline\":\"Jogador do Flamengo recebe \u00f3tima not\u00edcia na sele\u00e7\u00e3o\",\"datePublished\":\"2025-09-09T00:00:00+00:00\",\"mainEntityOfPage\":{\"@id\":\"https:\/\/www.gaveanews.com\/index.php\/2025\/09\/08\/jogador-do-flamengo-recebe-otima-noticia-na-selecao\/\"},\"wordCount\":468,\"commentCount\":0,\"image\":{\"@id\":\"https:\/\/www.gaveanews.com\/index.php\/2025\/09\/08\/jogador-do-flamengo-recebe-otima-noticia-na-selecao\/#primaryimage\"},\"thumbnailUrl\":\"https:\/\/www.gaveanews.com\/wp-content\/uploads\/ninhodourubu.webp\",\"articleSection\":[\"Flamengo\"],\"inLanguage\":\"pt-BR\",\"potentialAction\":[{\"@type\":\"CommentAction\",\"name\":\"Comment\",\"target\":[\"https:\/\/www.gaveanews.com\/index.php\/2025\/09\/08\/jogador-do-flamengo-recebe-otima-noticia-na-selecao\/#respond\"]}],\"copyrightYear\":\"2025\",\"copyrightHolder\":{\"@id\":\"https:\/\/www.gaveanews.com\/#organization\"}},{\"@type\":\"WebPage\",\"@id\":\"https:\/\/www.gaveanews.com\/index.php\/2025\/09\/08\/jogador-do-flamengo-recebe-otima-noticia-na-selecao\/\",\"url\":\"https:\/\/www.gaveanews.com\/index.php\/2025\/09\/08\/jogador-do-flamengo-recebe-otima-noticia-na-selecao\/\",\"name\":\"Jogador do Flamengo recebe \u00f3tima not\u00edcia na sele\u00e7\u00e3o\",\"isPartOf\":{\"@id\":\"https:\/\/www.gaveanews.com\/#website\"},\"primaryImageOfPage\":{\"@id\":\"https:\/\/www.gaveanews.com\/index.php\/2025\/09\/08\/jogador-do-flamengo-recebe-otima-noticia-na-selecao\/#primaryimage\"},\"image\":{\"@id\":\"https:\/\/www.gaveanews.com\/index.php\/2025\/09\/08\/jogador-do-flamengo-recebe-otima-noticia-na-selecao\/#primaryimage\"},\"thumbnailUrl\":\"https:\/\/www.gaveanews.com\/wp-content\/uploads\/ninhodourubu.webp\",\"datePublished\":\"2025-09-09T00:00:00+00:00\",\"author\":{\"@id\":\"https:\/\/www.gaveanews.com\/#\/schema\/person\/c88645e3d550d0b6574305e67dd5a716\"},\"breadcrumb\":{\"@id\":\"https:\/\/www.gaveanews.com\/index.php\/2025\/09\/08\/jogador-do-flamengo-recebe-otima-noticia-na-selecao\/#breadcrumb\"},\"inLanguage\":\"pt-BR\",\"potentialAction\":[{\"@type\":\"ReadAction\",\"target\":[\"https:\/\/www.gaveanews.com\/index.php\/2025\/09\/08\/jogador-do-flamengo-recebe-otima-noticia-na-selecao\/\"]}]},{\"@type\":\"ImageObject\",\"inLanguage\":\"pt-BR\",\"@id\":\"https:\/\/www.gaveanews.com\/index.php\/2025\/09\/08\/jogador-do-flamengo-recebe-otima-noticia-na-selecao\/#primaryimage\",\"url\":\"https:\/\/www.gaveanews.com\/wp-content\/uploads\/ninhodourubu.webp\",\"contentUrl\":\"https:\/\/www.gaveanews.com\/wp-content\/uploads\/ninhodourubu.webp\",\"width\":1218,\"height\":812,\"caption\":\"Centro de treinamento do Flamengo (Foto: Reprodu\u00e7\u00e3o)\"},{\"@type\":\"BreadcrumbList\",\"@id\":\"https:\/\/www.gaveanews.com\/index.php\/2025\/09\/08\/jogador-do-flamengo-recebe-otima-noticia-na-selecao\/#breadcrumb\",\"itemListElement\":[{\"@type\":\"ListItem\",\"position\":1,\"name\":\"Home\",\"item\":\"https:\/\/www.gaveanews.com\/\"},{\"@type\":\"ListItem\",\"position\":2,\"name\":\"Jogador do Flamengo recebe \u00f3tima not\u00edcia na sele\u00e7\u00e3o\"}]},{\"@type\":\"WebSite\",\"@id\":\"https:\/\/www.gaveanews.com\/#website\",\"url\":\"https:\/\/www.gaveanews.com\/\",\"name\":\"G\u00e1vea News\",\"description\":\"Veja todas as not\u00edcias sobre o Flamengo: Contrata\u00e7\u00f5es, categorias de base, resultados das partidas, tabela de classifica\u00e7\u00e3o, pr\u00f3ximos jogos!\",\"potentialAction\":[{\"@type\":\"SearchAction\",\"target\":{\"@type\":\"EntryPoint\",\"urlTemplate\":\"https:\/\/www.gaveanews.com\/?s={search_term_string}\"},\"query-input\":{\"@type\":\"PropertyValueSpecification\",\"valueRequired\":true,\"valueName\":\"search_term_string\"}}],\"inLanguage\":\"pt-BR\"},{\"@type\":\"Person\",\"@id\":\"https:\/\/www.gaveanews.com\/#\/schema\/person\/c88645e3d550d0b6574305e67dd5a716\",\"name\":\"Reda\u00e7\u00e3o\",\"image\":{\"@type\":\"ImageObject\",\"inLanguage\":\"pt-BR\",\"@id\":\"https:\/\/www.gaveanews.com\/#\/schema\/person\/image\/\",\"url\":\"https:\/\/secure.gravatar.com\/avatar\/434098fd823f0dc1b062d14ca22bacaa6e38de28d8c816bbef6fc2f8c44d8ba3?s=96&d=mm&r=g\",\"contentUrl\":\"https:\/\/secure.gravatar.com\/avatar\/434098fd823f0dc1b062d14ca22bacaa6e38de28d8c816bbef6fc2f8c44d8ba3?s=96&d=mm&r=g\",\"caption\":\"Reda\u00e7\u00e3o\"}}]}<\/script>\n<!-- \/ Yoast SEO Premium plugin. -->","yoast_head_json":{"title":"Jogador do Flamengo recebe \u00f3tima not\u00edcia na sele\u00e7\u00e3o","robots":{"index":"index","follow":"follow","max-snippet":"max-snippet:-1","max-image-preview":"max-image-preview:large","max-video-preview":"max-video-preview:-1"},"canonical":"https:\/\/www.gaveanews.com\/index.php\/2025\/09\/08\/jogador-do-flamengo-recebe-otima-noticia-na-selecao\/","og_locale":"pt_BR","og_type":"article","og_title":"Jogador do Flamengo recebe \u00f3tima not\u00edcia na sele\u00e7\u00e3o","og_description":"Com a classifica\u00e7\u00e3o do Uruguai para a Copa do Mundo de 2026 j\u00e1 assegurada, a rodada final das Eliminat\u00f3rias ganhou car\u00e1ter de laborat\u00f3rio para Marcelo Bielsa. Nesse contexto, jogadores com menos minutos recentes pela sele\u00e7\u00e3o voltaram ao radar. Entre eles est\u00e1 o lateral-esquerdo Mat\u00edas Vi\u00f1a, do Flamengo, que tenta recuperar espa\u00e7o na Celeste. A \u00faltima [&hellip;]","og_url":"https:\/\/www.gaveanews.com\/index.php\/2025\/09\/08\/jogador-do-flamengo-recebe-otima-noticia-na-selecao\/","og_site_name":"G\u00e1vea News","article_publisher":"https:\/\/facebook.com\/gaveaNews\/","article_published_time":"2025-09-09T00:00:00+00:00","og_image":[{"width":1218,"height":812,"url":"https:\/\/www.gaveanews.com\/wp-content\/uploads\/ninhodourubu.webp","type":"image\/webp"}],"author":"Reda\u00e7\u00e3o","twitter_card":"summary_large_image","twitter_misc":{"Escrito por":"Reda\u00e7\u00e3o","Est. tempo de leitura":"3 minutos"},"schema":{"@context":"https:\/\/schema.org","@graph":[{"@type":"NewsArticle","@id":"https:\/\/www.gaveanews.com\/index.php\/2025\/09\/08\/jogador-do-flamengo-recebe-otima-noticia-na-selecao\/#article","isPartOf":{"@id":"https:\/\/www.gaveanews.com\/index.php\/2025\/09\/08\/jogador-do-flamengo-recebe-otima-noticia-na-selecao\/"},"author":{"name":"Reda\u00e7\u00e3o","@id":"https:\/\/www.gaveanews.com\/#\/schema\/person\/c88645e3d550d0b6574305e67dd5a716"},"headline":"Jogador do Flamengo recebe \u00f3tima not\u00edcia na sele\u00e7\u00e3o","datePublished":"2025-09-09T00:00:00+00:00","mainEntityOfPage":{"@id":"https:\/\/www.gaveanews.com\/index.php\/2025\/09\/08\/jogador-do-flamengo-recebe-otima-noticia-na-selecao\/"},"wordCount":468,"commentCount":0,"image":{"@id":"https:\/\/www.gaveanews.com\/index.php\/2025\/09\/08\/jogador-do-flamengo-recebe-otima-noticia-na-selecao\/#primaryimage"},"thumbnailUrl":"https:\/\/www.gaveanews.com\/wp-content\/uploads\/ninhodourubu.webp","articleSection":["Flamengo"],"inLanguage":"pt-BR","potentialAction":[{"@type":"CommentAction","name":"Comment","target":["https:\/\/www.gaveanews.com\/index.php\/2025\/09\/08\/jogador-do-flamengo-recebe-otima-noticia-na-selecao\/#respond"]}],"copyrightYear":"2025","copyrightHolder":{"@id":"https:\/\/www.gaveanews.com\/#organization"}},{"@type":"WebPage","@id":"https:\/\/www.gaveanews.com\/index.php\/2025\/09\/08\/jogador-do-flamengo-recebe-otima-noticia-na-selecao\/","url":"https:\/\/www.gaveanews.com\/index.php\/2025\/09\/08\/jogador-do-flamengo-recebe-otima-noticia-na-selecao\/","name":"Jogador do Flamengo recebe \u00f3tima not\u00edcia na sele\u00e7\u00e3o","isPartOf":{"@id":"https:\/\/www.gaveanews.com\/#website"},"primaryImageOfPage":{"@id":"https:\/\/www.gaveanews.com\/index.php\/2025\/09\/08\/jogador-do-flamengo-recebe-otima-noticia-na-selecao\/#primaryimage"},"image":{"@id":"https:\/\/www.gaveanews.com\/index.php\/2025\/09\/08\/jogador-do-flamengo-recebe-otima-noticia-na-selecao\/#primaryimage"},"thumbnailUrl":"https:\/\/www.gaveanews.com\/wp-content\/uploads\/ninhodourubu.webp","datePublished":"2025-09-09T00:00:00+00:00","author":{"@id":"https:\/\/www.gaveanews.com\/#\/schema\/person\/c88645e3d550d0b6574305e67dd5a716"},"breadcrumb":{"@id":"https:\/\/www.gaveanews.com\/index.php\/2025\/09\/08\/jogador-do-flamengo-recebe-otima-noticia-na-selecao\/#breadcrumb"},"inLanguage":"pt-BR","potentialAction":[{"@type":"ReadAction","target":["https:\/\/www.gaveanews.com\/index.php\/2025\/09\/08\/jogador-do-flamengo-recebe-otima-noticia-na-selecao\/"]}]},{"@type":"ImageObject","inLanguage":"pt-BR","@id":"https:\/\/www.gaveanews.com\/index.php\/2025\/09\/08\/jogador-do-flamengo-recebe-otima-noticia-na-selecao\/#primaryimage","url":"https:\/\/www.gaveanews.com\/wp-content\/uploads\/ninhodourubu.webp","contentUrl":"https:\/\/www.gaveanews.com\/wp-content\/uploads\/ninhodourubu.webp","width":1218,"height":812,"caption":"Centro de treinamento do Flamengo (Foto: Reprodu\u00e7\u00e3o)"},{"@type":"BreadcrumbList","@id":"https:\/\/www.gaveanews.com\/index.php\/2025\/09\/08\/jogador-do-flamengo-recebe-otima-noticia-na-selecao\/#breadcrumb","itemListElement":[{"@type":"ListItem","position":1,"name":"Home","item":"https:\/\/www.gaveanews.com\/"},{"@type":"ListItem","position":2,"name":"Jogador do Flamengo recebe \u00f3tima not\u00edcia na sele\u00e7\u00e3o"}]},{"@type":"WebSite","@id":"https:\/\/www.gaveanews.com\/#website","url":"https:\/\/www.gaveanews.com\/","name":"G\u00e1vea News","description":"Veja todas as not\u00edcias sobre o Flamengo: Contrata\u00e7\u00f5es, categorias de base, resultados das partidas, tabela de classifica\u00e7\u00e3o, pr\u00f3ximos jogos!","potentialAction":[{"@type":"SearchAction","target":{"@type":"EntryPoint","urlTemplate":"https:\/\/www.gaveanews.com\/?s={search_term_string}"},"query-input":{"@type":"PropertyValueSpecification","valueRequired":true,"valueName":"search_term_string"}}],"inLanguage":"pt-BR"},{"@type":"Person","@id":"https:\/\/www.gaveanews.com\/#\/schema\/person\/c88645e3d550d0b6574305e67dd5a716","name":"Reda\u00e7\u00e3o","image":{"@type":"ImageObject","inLanguage":"pt-BR","@id":"https:\/\/www.gaveanews.com\/#\/schema\/person\/image\/","url":"https:\/\/secure.gravatar.com\/avatar\/434098fd823f0dc1b062d14ca22bacaa6e38de28d8c816bbef6fc2f8c44d8ba3?s=96&d=mm&r=g","contentUrl":"https:\/\/secure.gravatar.com\/avatar\/434098fd823f0dc1b062d14ca22bacaa6e38de28d8c816bbef6fc2f8c44d8ba3?s=96&d=mm&r=g","caption":"Reda\u00e7\u00e3o"}}]}},"_links":{"self":[{"href":"https:\/\/www.gaveanews.com\/index.php\/wp-json\/wp\/v2\/posts\/276032","targetHints":{"allow":["GET"]}}],"collection":[{"href":"https:\/\/www.gaveanews.com\/index.php\/wp-json\/wp\/v2\/posts"}],"about":[{"href":"https:\/\/www.gaveanews.com\/index.php\/wp-json\/wp\/v2\/types\/post"}],"author":[{"embeddable":true,"href":"https:\/\/www.gaveanews.com\/index.php\/wp-json\/wp\/v2\/users\/39"}],"replies":[{"embeddable":true,"href":"https:\/\/www.gaveanews.com\/index.php\/wp-json\/wp\/v2\/comments?post=276032"}],"version-history":[{"count":1,"href":"https:\/\/www.gaveanews.com\/index.php\/wp-json\/wp\/v2\/posts\/276032\/revisions"}],"predecessor-version":[{"id":276036,"href":"https:\/\/www.gaveanews.com\/index.php\/wp-json\/wp\/v2\/posts\/276032\/revisions\/276036"}],"wp:featuredmedia":[{"embeddable":true,"href":"https:\/\/www.gaveanews.com\/index.php\/wp-json\/wp\/v2\/media\/122174"}],"wp:attachment":[{"href":"https:\/\/www.gaveanews.com\/index.php\/wp-json\/wp\/v2\/media?parent=276032"}],"wp:term":[{"taxonomy":"category","embeddable":true,"href":"https:\/\/www.gaveanews.com\/index.php\/wp-json\/wp\/v2\/categories?post=276032"},{"taxonomy":"post_tag","embeddable":true,"href":"https:\/\/www.gaveanews.com\/index.php\/wp-json\/wp\/v2\/tags?post=276032"}],"curies":[{"name":"wp","href":"https:\/\/api.w.org\/{rel}","templated":true}]}}