{"id":276199,"date":"2025-09-10T16:30:00","date_gmt":"2025-09-10T19:30:00","guid":{"rendered":"https:\/\/www.gaveanews.com\/?p=276199"},"modified":"2025-09-10T12:37:48","modified_gmt":"2025-09-10T15:37:48","slug":"em-24-horas-peticao-do-flamengo-a-onu-bate-marca-extraordinaria-veja-numeros","status":"publish","type":"post","link":"https:\/\/www.gaveanews.com\/index.php\/2025\/09\/10\/em-24-horas-peticao-do-flamengo-a-onu-bate-marca-extraordinaria-veja-numeros\/","title":{"rendered":"Em 24 horas, peti\u00e7\u00e3o do Flamengo \u00e0 ONU bate marca extraordin\u00e1ria; veja n\u00fameros"},"content":{"rendered":"\n<p>A Na\u00e7\u00e3o Rubro-Negra voltou ao centro das conversas nesta semana, com ampla mobiliza\u00e7\u00e3o de torcedores e a participa\u00e7\u00e3o de Zico. Nas redes e em programas esportivos, o tema ganhou destaque e gerou rea\u00e7\u00f5es p\u00fablicas. Entretanto, as manifesta\u00e7\u00f5es se concentraram em torno de uma iniciativa apresentada oficialmente pelo <a href=\"https:\/\/www.gaveanews.com\/index.php\/category\/brasileirao\/flamengo\/\" target=\"_blank\" rel=\"noopener noreferrer\">Flamengo<\/a>.<\/p>\n\n\n\n<p>Na ter\u00e7a-feira (09 de setembro), o clube lan\u00e7ou uma campanha em que pede \u00e0 Organiza\u00e7\u00e3o das Na\u00e7\u00f5es Unidas o reconhecimento da Na\u00e7\u00e3o Rubro-Negra como a primeira \u201cNa\u00e7\u00e3o simb\u00f3lico-cultural\u201d do planeta. O an\u00fancio ocorreu em pronunciamento de Zico, que atuou como porta-voz do movimento diante da torcida.<\/p>\n\n\n\n<p>&#8220;Se f\u00f4ssemos um pa\u00eds, ter\u00edamos a 36\u00aa maior popula\u00e7\u00e3o do mundo. Somos mais de 45 milh\u00f5es de pessoas unidas sob uma mesma bandeira&#8230; Pleiteamos que a ONU reconhe\u00e7a que existe uma Na\u00e7\u00e3o que se forma n\u00e3o pela geografia, mas pelo sentimento coletivo&#8221;<\/p>\n\n\n\n<p>Al\u00e9m disso, em apenas 24 horas, a peti\u00e7\u00e3o j\u00e1 soma mais de 270 mil assinaturas de flamenguistas. A meta divulgada era alcan\u00e7ar 100 mil at\u00e9 o pr\u00f3ximo final de semana, por\u00e9m o n\u00famero foi atingido poucas horas ap\u00f3s a divulga\u00e7\u00e3o. Para aderir, torcedores acessam peticao.flamengo.com.br. Nas redes, rubro-negros enalteceram a campanha, enquanto a a\u00e7\u00e3o causou alvoro\u00e7o entre os rivais.<\/p>\n\n\n\n<p>Segundo comunicado do clube, a campanha pretende engajar a torcida em um movimento de car\u00e1ter simb\u00f3lico e ressaltar sua dimens\u00e3o cultural e social. Ali\u00e1s, a dire\u00e7\u00e3o sustenta que um eventual reconhecimento, ainda que simb\u00f3lico, funcionaria como valida\u00e7\u00e3o internacional de um fen\u00f4meno j\u00e1 observado no Brasil e fora dele.<\/p>\n\n\n\n<p>&#8220;A campanha tem como objetivo engajar a imensa torcida rubro-negra em torno de um movimento simb\u00f3lico, que traduz o que j\u00e1 \u00e9 realidade: a for\u00e7a cultural, social e emocional do Flamengo ultrapassa fronteiras. O reconhecimento pela ONU, ainda que em car\u00e1ter simb\u00f3lico, seria a valida\u00e7\u00e3o internacional de um fen\u00f4meno que j\u00e1 se manifesta no Brasil e em todo o mundo&#8221;<\/p>\n\n\n\n<p>Por outro lado, a iniciativa recebeu cr\u00edticas no programa G4 Band Sports. Durante a atra\u00e7\u00e3o, o jornalista Arnaldo Ribeiro contestou o pleito ao questionar crit\u00e9rios e apontar um tra\u00e7o de superioridade club\u00edstica. A manifesta\u00e7\u00e3o ocorreu em coment\u00e1rio sobre a campanha apresentada pelo Flamengo.<\/p>\n\n\n\n<p>&#8220;Essa coisa de ser maior, ou se sentir maior do que os outros. Uma certa soberba club\u00edstica. N\u00e3o acho que seja mensur\u00e1vel apenas com n\u00fameros de torcedores. Nunca entendo quando um clube popular toma essa iniciativa, quando pretende se separar e ser uma coisa \u00fanica, e n\u00e3o admirada pelos outros. Isso afasta outras pessoas&#8221;, disse Arnaldo.<\/p>\n","protected":false},"excerpt":{"rendered":"<p>A Na\u00e7\u00e3o Rubro-Negra voltou ao centro das conversas nesta semana, com ampla mobiliza\u00e7\u00e3o de torcedores e a participa\u00e7\u00e3o de Zico. Nas redes e em programas esportivos, o tema ganhou destaque e gerou rea\u00e7\u00f5es p\u00fablicas. Entretanto, as manifesta\u00e7\u00f5es se concentraram em torno de uma iniciativa apresentada oficialmente pelo Flamengo. Na ter\u00e7a-feira (09 de setembro), o clube [&hellip;]<\/p>\n","protected":false},"author":39,"featured_media":251466,"comment_status":"open","ping_status":"closed","sticky":false,"template":"","format":"standard","meta":{"footnotes":""},"categories":[1],"tags":[],"class_list":["post-276199","post","type-post","status-publish","format-standard","has-post-thumbnail","hentry","category-flamengo"],"yoast_head":"<!-- This site is optimized with the Yoast SEO Premium plugin v24.2 (Yoast SEO v26.9) - https:\/\/yoast.com\/product\/yoast-seo-premium-wordpress\/ -->\n<title>Em 24 horas, peti\u00e7\u00e3o do Flamengo \u00e0 ONU bate marca extraordin\u00e1ria; veja n\u00fameros<\/title>\n<meta name=\"robots\" content=\"index, follow, max-snippet:-1, max-image-preview:large, max-video-preview:-1\" \/>\n<link rel=\"canonical\" href=\"https:\/\/www.gaveanews.com\/index.php\/2025\/09\/10\/em-24-horas-peticao-do-flamengo-a-onu-bate-marca-extraordinaria-veja-numeros\/\" \/>\n<meta property=\"og:locale\" content=\"pt_BR\" \/>\n<meta property=\"og:type\" content=\"article\" \/>\n<meta property=\"og:title\" content=\"Em 24 horas, peti\u00e7\u00e3o do Flamengo \u00e0 ONU bate marca extraordin\u00e1ria; veja n\u00fameros\" \/>\n<meta property=\"og:description\" content=\"A Na\u00e7\u00e3o Rubro-Negra voltou ao centro das conversas nesta semana, com ampla mobiliza\u00e7\u00e3o de torcedores e a participa\u00e7\u00e3o de Zico. Nas redes e em programas esportivos, o tema ganhou destaque e gerou rea\u00e7\u00f5es p\u00fablicas. Entretanto, as manifesta\u00e7\u00f5es se concentraram em torno de uma iniciativa apresentada oficialmente pelo Flamengo. Na ter\u00e7a-feira (09 de setembro), o clube [&hellip;]\" \/>\n<meta property=\"og:url\" content=\"https:\/\/www.gaveanews.com\/index.php\/2025\/09\/10\/em-24-horas-peticao-do-flamengo-a-onu-bate-marca-extraordinaria-veja-numeros\/\" \/>\n<meta property=\"og:site_name\" content=\"G\u00e1vea News\" \/>\n<meta property=\"article:publisher\" content=\"https:\/\/facebook.com\/gaveaNews\/\" \/>\n<meta property=\"article:published_time\" content=\"2025-09-10T19:30:00+00:00\" \/>\n<meta property=\"og:image\" content=\"https:\/\/www.gaveanews.com\/wp-content\/uploads\/torcida-do-Flamengo-no-Maracana.webp\" \/>\n\t<meta property=\"og:image:width\" content=\"871\" \/>\n\t<meta property=\"og:image:height\" content=\"551\" \/>\n\t<meta property=\"og:image:type\" content=\"image\/jpeg\" \/>\n<meta name=\"author\" content=\"Reda\u00e7\u00e3o\" \/>\n<meta name=\"twitter:card\" content=\"summary_large_image\" \/>\n<meta name=\"twitter:label1\" content=\"Escrito por\" \/>\n\t<meta name=\"twitter:data1\" content=\"Reda\u00e7\u00e3o\" \/>\n\t<meta name=\"twitter:label2\" content=\"Est. tempo de leitura\" \/>\n\t<meta name=\"twitter:data2\" content=\"3 minutos\" \/>\n<script type=\"application\/ld+json\" class=\"yoast-schema-graph\">{\"@context\":\"https:\/\/schema.org\",\"@graph\":[{\"@type\":\"NewsArticle\",\"@id\":\"https:\/\/www.gaveanews.com\/index.php\/2025\/09\/10\/em-24-horas-peticao-do-flamengo-a-onu-bate-marca-extraordinaria-veja-numeros\/#article\",\"isPartOf\":{\"@id\":\"https:\/\/www.gaveanews.com\/index.php\/2025\/09\/10\/em-24-horas-peticao-do-flamengo-a-onu-bate-marca-extraordinaria-veja-numeros\/\"},\"author\":{\"name\":\"Reda\u00e7\u00e3o\",\"@id\":\"https:\/\/www.gaveanews.com\/#\/schema\/person\/c88645e3d550d0b6574305e67dd5a716\"},\"headline\":\"Em 24 horas, peti\u00e7\u00e3o do Flamengo \u00e0 ONU bate marca extraordin\u00e1ria; veja n\u00fameros\",\"datePublished\":\"2025-09-10T19:30:00+00:00\",\"mainEntityOfPage\":{\"@id\":\"https:\/\/www.gaveanews.com\/index.php\/2025\/09\/10\/em-24-horas-peticao-do-flamengo-a-onu-bate-marca-extraordinaria-veja-numeros\/\"},\"wordCount\":469,\"commentCount\":0,\"image\":{\"@id\":\"https:\/\/www.gaveanews.com\/index.php\/2025\/09\/10\/em-24-horas-peticao-do-flamengo-a-onu-bate-marca-extraordinaria-veja-numeros\/#primaryimage\"},\"thumbnailUrl\":\"https:\/\/www.gaveanews.com\/wp-content\/uploads\/torcida-do-Flamengo-no-Maracana.webp\",\"articleSection\":[\"Flamengo\"],\"inLanguage\":\"pt-BR\",\"potentialAction\":[{\"@type\":\"CommentAction\",\"name\":\"Comment\",\"target\":[\"https:\/\/www.gaveanews.com\/index.php\/2025\/09\/10\/em-24-horas-peticao-do-flamengo-a-onu-bate-marca-extraordinaria-veja-numeros\/#respond\"]}],\"copyrightYear\":\"2025\",\"copyrightHolder\":{\"@id\":\"https:\/\/www.gaveanews.com\/#organization\"}},{\"@type\":\"WebPage\",\"@id\":\"https:\/\/www.gaveanews.com\/index.php\/2025\/09\/10\/em-24-horas-peticao-do-flamengo-a-onu-bate-marca-extraordinaria-veja-numeros\/\",\"url\":\"https:\/\/www.gaveanews.com\/index.php\/2025\/09\/10\/em-24-horas-peticao-do-flamengo-a-onu-bate-marca-extraordinaria-veja-numeros\/\",\"name\":\"Em 24 horas, peti\u00e7\u00e3o do Flamengo \u00e0 ONU bate marca extraordin\u00e1ria; veja n\u00fameros\",\"isPartOf\":{\"@id\":\"https:\/\/www.gaveanews.com\/#website\"},\"primaryImageOfPage\":{\"@id\":\"https:\/\/www.gaveanews.com\/index.php\/2025\/09\/10\/em-24-horas-peticao-do-flamengo-a-onu-bate-marca-extraordinaria-veja-numeros\/#primaryimage\"},\"image\":{\"@id\":\"https:\/\/www.gaveanews.com\/index.php\/2025\/09\/10\/em-24-horas-peticao-do-flamengo-a-onu-bate-marca-extraordinaria-veja-numeros\/#primaryimage\"},\"thumbnailUrl\":\"https:\/\/www.gaveanews.com\/wp-content\/uploads\/torcida-do-Flamengo-no-Maracana.webp\",\"datePublished\":\"2025-09-10T19:30:00+00:00\",\"author\":{\"@id\":\"https:\/\/www.gaveanews.com\/#\/schema\/person\/c88645e3d550d0b6574305e67dd5a716\"},\"breadcrumb\":{\"@id\":\"https:\/\/www.gaveanews.com\/index.php\/2025\/09\/10\/em-24-horas-peticao-do-flamengo-a-onu-bate-marca-extraordinaria-veja-numeros\/#breadcrumb\"},\"inLanguage\":\"pt-BR\",\"potentialAction\":[{\"@type\":\"ReadAction\",\"target\":[\"https:\/\/www.gaveanews.com\/index.php\/2025\/09\/10\/em-24-horas-peticao-do-flamengo-a-onu-bate-marca-extraordinaria-veja-numeros\/\"]}]},{\"@type\":\"ImageObject\",\"inLanguage\":\"pt-BR\",\"@id\":\"https:\/\/www.gaveanews.com\/index.php\/2025\/09\/10\/em-24-horas-peticao-do-flamengo-a-onu-bate-marca-extraordinaria-veja-numeros\/#primaryimage\",\"url\":\"https:\/\/www.gaveanews.com\/wp-content\/uploads\/torcida-do-Flamengo-no-Maracana.webp\",\"contentUrl\":\"https:\/\/www.gaveanews.com\/wp-content\/uploads\/torcida-do-Flamengo-no-Maracana.webp\",\"width\":871,\"height\":551,\"caption\":\"torcida do Flamengo no Maracan\u00e3 (Foto:Adriano Fontes\/Flamengo)\"},{\"@type\":\"BreadcrumbList\",\"@id\":\"https:\/\/www.gaveanews.com\/index.php\/2025\/09\/10\/em-24-horas-peticao-do-flamengo-a-onu-bate-marca-extraordinaria-veja-numeros\/#breadcrumb\",\"itemListElement\":[{\"@type\":\"ListItem\",\"position\":1,\"name\":\"Home\",\"item\":\"https:\/\/www.gaveanews.com\/\"},{\"@type\":\"ListItem\",\"position\":2,\"name\":\"Em 24 horas, peti\u00e7\u00e3o do Flamengo \u00e0 ONU bate marca extraordin\u00e1ria; veja n\u00fameros\"}]},{\"@type\":\"WebSite\",\"@id\":\"https:\/\/www.gaveanews.com\/#website\",\"url\":\"https:\/\/www.gaveanews.com\/\",\"name\":\"G\u00e1vea News\",\"description\":\"Veja todas as not\u00edcias sobre o Flamengo: Contrata\u00e7\u00f5es, categorias de base, resultados das partidas, tabela de classifica\u00e7\u00e3o, pr\u00f3ximos jogos!\",\"potentialAction\":[{\"@type\":\"SearchAction\",\"target\":{\"@type\":\"EntryPoint\",\"urlTemplate\":\"https:\/\/www.gaveanews.com\/?s={search_term_string}\"},\"query-input\":{\"@type\":\"PropertyValueSpecification\",\"valueRequired\":true,\"valueName\":\"search_term_string\"}}],\"inLanguage\":\"pt-BR\"},{\"@type\":\"Person\",\"@id\":\"https:\/\/www.gaveanews.com\/#\/schema\/person\/c88645e3d550d0b6574305e67dd5a716\",\"name\":\"Reda\u00e7\u00e3o\",\"image\":{\"@type\":\"ImageObject\",\"inLanguage\":\"pt-BR\",\"@id\":\"https:\/\/www.gaveanews.com\/#\/schema\/person\/image\/\",\"url\":\"https:\/\/secure.gravatar.com\/avatar\/434098fd823f0dc1b062d14ca22bacaa6e38de28d8c816bbef6fc2f8c44d8ba3?s=96&d=mm&r=g\",\"contentUrl\":\"https:\/\/secure.gravatar.com\/avatar\/434098fd823f0dc1b062d14ca22bacaa6e38de28d8c816bbef6fc2f8c44d8ba3?s=96&d=mm&r=g\",\"caption\":\"Reda\u00e7\u00e3o\"}}]}<\/script>\n<!-- \/ Yoast SEO Premium plugin. -->","yoast_head_json":{"title":"Em 24 horas, peti\u00e7\u00e3o do Flamengo \u00e0 ONU bate marca extraordin\u00e1ria; veja n\u00fameros","robots":{"index":"index","follow":"follow","max-snippet":"max-snippet:-1","max-image-preview":"max-image-preview:large","max-video-preview":"max-video-preview:-1"},"canonical":"https:\/\/www.gaveanews.com\/index.php\/2025\/09\/10\/em-24-horas-peticao-do-flamengo-a-onu-bate-marca-extraordinaria-veja-numeros\/","og_locale":"pt_BR","og_type":"article","og_title":"Em 24 horas, peti\u00e7\u00e3o do Flamengo \u00e0 ONU bate marca extraordin\u00e1ria; veja n\u00fameros","og_description":"A Na\u00e7\u00e3o Rubro-Negra voltou ao centro das conversas nesta semana, com ampla mobiliza\u00e7\u00e3o de torcedores e a participa\u00e7\u00e3o de Zico. Nas redes e em programas esportivos, o tema ganhou destaque e gerou rea\u00e7\u00f5es p\u00fablicas. Entretanto, as manifesta\u00e7\u00f5es se concentraram em torno de uma iniciativa apresentada oficialmente pelo Flamengo. Na ter\u00e7a-feira (09 de setembro), o clube [&hellip;]","og_url":"https:\/\/www.gaveanews.com\/index.php\/2025\/09\/10\/em-24-horas-peticao-do-flamengo-a-onu-bate-marca-extraordinaria-veja-numeros\/","og_site_name":"G\u00e1vea News","article_publisher":"https:\/\/facebook.com\/gaveaNews\/","article_published_time":"2025-09-10T19:30:00+00:00","og_image":[{"width":871,"height":551,"url":"https:\/\/www.gaveanews.com\/wp-content\/uploads\/torcida-do-Flamengo-no-Maracana.webp","type":"image\/jpeg"}],"author":"Reda\u00e7\u00e3o","twitter_card":"summary_large_image","twitter_misc":{"Escrito por":"Reda\u00e7\u00e3o","Est. tempo de leitura":"3 minutos"},"schema":{"@context":"https:\/\/schema.org","@graph":[{"@type":"NewsArticle","@id":"https:\/\/www.gaveanews.com\/index.php\/2025\/09\/10\/em-24-horas-peticao-do-flamengo-a-onu-bate-marca-extraordinaria-veja-numeros\/#article","isPartOf":{"@id":"https:\/\/www.gaveanews.com\/index.php\/2025\/09\/10\/em-24-horas-peticao-do-flamengo-a-onu-bate-marca-extraordinaria-veja-numeros\/"},"author":{"name":"Reda\u00e7\u00e3o","@id":"https:\/\/www.gaveanews.com\/#\/schema\/person\/c88645e3d550d0b6574305e67dd5a716"},"headline":"Em 24 horas, peti\u00e7\u00e3o do Flamengo \u00e0 ONU bate marca extraordin\u00e1ria; veja n\u00fameros","datePublished":"2025-09-10T19:30:00+00:00","mainEntityOfPage":{"@id":"https:\/\/www.gaveanews.com\/index.php\/2025\/09\/10\/em-24-horas-peticao-do-flamengo-a-onu-bate-marca-extraordinaria-veja-numeros\/"},"wordCount":469,"commentCount":0,"image":{"@id":"https:\/\/www.gaveanews.com\/index.php\/2025\/09\/10\/em-24-horas-peticao-do-flamengo-a-onu-bate-marca-extraordinaria-veja-numeros\/#primaryimage"},"thumbnailUrl":"https:\/\/www.gaveanews.com\/wp-content\/uploads\/torcida-do-Flamengo-no-Maracana.webp","articleSection":["Flamengo"],"inLanguage":"pt-BR","potentialAction":[{"@type":"CommentAction","name":"Comment","target":["https:\/\/www.gaveanews.com\/index.php\/2025\/09\/10\/em-24-horas-peticao-do-flamengo-a-onu-bate-marca-extraordinaria-veja-numeros\/#respond"]}],"copyrightYear":"2025","copyrightHolder":{"@id":"https:\/\/www.gaveanews.com\/#organization"}},{"@type":"WebPage","@id":"https:\/\/www.gaveanews.com\/index.php\/2025\/09\/10\/em-24-horas-peticao-do-flamengo-a-onu-bate-marca-extraordinaria-veja-numeros\/","url":"https:\/\/www.gaveanews.com\/index.php\/2025\/09\/10\/em-24-horas-peticao-do-flamengo-a-onu-bate-marca-extraordinaria-veja-numeros\/","name":"Em 24 horas, peti\u00e7\u00e3o do Flamengo \u00e0 ONU bate marca extraordin\u00e1ria; veja n\u00fameros","isPartOf":{"@id":"https:\/\/www.gaveanews.com\/#website"},"primaryImageOfPage":{"@id":"https:\/\/www.gaveanews.com\/index.php\/2025\/09\/10\/em-24-horas-peticao-do-flamengo-a-onu-bate-marca-extraordinaria-veja-numeros\/#primaryimage"},"image":{"@id":"https:\/\/www.gaveanews.com\/index.php\/2025\/09\/10\/em-24-horas-peticao-do-flamengo-a-onu-bate-marca-extraordinaria-veja-numeros\/#primaryimage"},"thumbnailUrl":"https:\/\/www.gaveanews.com\/wp-content\/uploads\/torcida-do-Flamengo-no-Maracana.webp","datePublished":"2025-09-10T19:30:00+00:00","author":{"@id":"https:\/\/www.gaveanews.com\/#\/schema\/person\/c88645e3d550d0b6574305e67dd5a716"},"breadcrumb":{"@id":"https:\/\/www.gaveanews.com\/index.php\/2025\/09\/10\/em-24-horas-peticao-do-flamengo-a-onu-bate-marca-extraordinaria-veja-numeros\/#breadcrumb"},"inLanguage":"pt-BR","potentialAction":[{"@type":"ReadAction","target":["https:\/\/www.gaveanews.com\/index.php\/2025\/09\/10\/em-24-horas-peticao-do-flamengo-a-onu-bate-marca-extraordinaria-veja-numeros\/"]}]},{"@type":"ImageObject","inLanguage":"pt-BR","@id":"https:\/\/www.gaveanews.com\/index.php\/2025\/09\/10\/em-24-horas-peticao-do-flamengo-a-onu-bate-marca-extraordinaria-veja-numeros\/#primaryimage","url":"https:\/\/www.gaveanews.com\/wp-content\/uploads\/torcida-do-Flamengo-no-Maracana.webp","contentUrl":"https:\/\/www.gaveanews.com\/wp-content\/uploads\/torcida-do-Flamengo-no-Maracana.webp","width":871,"height":551,"caption":"torcida do Flamengo no Maracan\u00e3 (Foto:Adriano Fontes\/Flamengo)"},{"@type":"BreadcrumbList","@id":"https:\/\/www.gaveanews.com\/index.php\/2025\/09\/10\/em-24-horas-peticao-do-flamengo-a-onu-bate-marca-extraordinaria-veja-numeros\/#breadcrumb","itemListElement":[{"@type":"ListItem","position":1,"name":"Home","item":"https:\/\/www.gaveanews.com\/"},{"@type":"ListItem","position":2,"name":"Em 24 horas, peti\u00e7\u00e3o do Flamengo \u00e0 ONU bate marca extraordin\u00e1ria; veja n\u00fameros"}]},{"@type":"WebSite","@id":"https:\/\/www.gaveanews.com\/#website","url":"https:\/\/www.gaveanews.com\/","name":"G\u00e1vea News","description":"Veja todas as not\u00edcias sobre o Flamengo: Contrata\u00e7\u00f5es, categorias de base, resultados das partidas, tabela de classifica\u00e7\u00e3o, pr\u00f3ximos jogos!","potentialAction":[{"@type":"SearchAction","target":{"@type":"EntryPoint","urlTemplate":"https:\/\/www.gaveanews.com\/?s={search_term_string}"},"query-input":{"@type":"PropertyValueSpecification","valueRequired":true,"valueName":"search_term_string"}}],"inLanguage":"pt-BR"},{"@type":"Person","@id":"https:\/\/www.gaveanews.com\/#\/schema\/person\/c88645e3d550d0b6574305e67dd5a716","name":"Reda\u00e7\u00e3o","image":{"@type":"ImageObject","inLanguage":"pt-BR","@id":"https:\/\/www.gaveanews.com\/#\/schema\/person\/image\/","url":"https:\/\/secure.gravatar.com\/avatar\/434098fd823f0dc1b062d14ca22bacaa6e38de28d8c816bbef6fc2f8c44d8ba3?s=96&d=mm&r=g","contentUrl":"https:\/\/secure.gravatar.com\/avatar\/434098fd823f0dc1b062d14ca22bacaa6e38de28d8c816bbef6fc2f8c44d8ba3?s=96&d=mm&r=g","caption":"Reda\u00e7\u00e3o"}}]}},"_links":{"self":[{"href":"https:\/\/www.gaveanews.com\/index.php\/wp-json\/wp\/v2\/posts\/276199","targetHints":{"allow":["GET"]}}],"collection":[{"href":"https:\/\/www.gaveanews.com\/index.php\/wp-json\/wp\/v2\/posts"}],"about":[{"href":"https:\/\/www.gaveanews.com\/index.php\/wp-json\/wp\/v2\/types\/post"}],"author":[{"embeddable":true,"href":"https:\/\/www.gaveanews.com\/index.php\/wp-json\/wp\/v2\/users\/39"}],"replies":[{"embeddable":true,"href":"https:\/\/www.gaveanews.com\/index.php\/wp-json\/wp\/v2\/comments?post=276199"}],"version-history":[{"count":2,"href":"https:\/\/www.gaveanews.com\/index.php\/wp-json\/wp\/v2\/posts\/276199\/revisions"}],"predecessor-version":[{"id":276208,"href":"https:\/\/www.gaveanews.com\/index.php\/wp-json\/wp\/v2\/posts\/276199\/revisions\/276208"}],"wp:featuredmedia":[{"embeddable":true,"href":"https:\/\/www.gaveanews.com\/index.php\/wp-json\/wp\/v2\/media\/251466"}],"wp:attachment":[{"href":"https:\/\/www.gaveanews.com\/index.php\/wp-json\/wp\/v2\/media?parent=276199"}],"wp:term":[{"taxonomy":"category","embeddable":true,"href":"https:\/\/www.gaveanews.com\/index.php\/wp-json\/wp\/v2\/categories?post=276199"},{"taxonomy":"post_tag","embeddable":true,"href":"https:\/\/www.gaveanews.com\/index.php\/wp-json\/wp\/v2\/tags?post=276199"}],"curies":[{"name":"wp","href":"https:\/\/api.w.org\/{rel}","templated":true}]}}