{"id":276210,"date":"2025-09-10T17:00:00","date_gmt":"2025-09-10T20:00:00","guid":{"rendered":"https:\/\/www.gaveanews.com\/?p=276210"},"modified":"2025-09-10T14:01:25","modified_gmt":"2025-09-10T17:01:25","slug":"betano-vai-trazer-contratacao-de-peso-para-o-flamengo-diretor-responde","status":"publish","type":"post","link":"https:\/\/www.gaveanews.com\/index.php\/2025\/09\/10\/betano-vai-trazer-contratacao-de-peso-para-o-flamengo-diretor-responde\/","title":{"rendered":"Betano vai trazer contrata\u00e7\u00e3o de peso para o Flamengo? Diretor responde"},"content":{"rendered":"\n<p>O Flamengo vive um momento de grandes movimenta\u00e7\u00f5es fora de campo. Recentemente, o clube firmou um acordo hist\u00f3rico com a Betano, que passou a ocupar o posto de patrocinadora m\u00e1ster. O contrato foi oficializado em agosto e prev\u00ea cifras recordes no futebol brasileiro, colocando o time em uma nova posi\u00e7\u00e3o no mercado de parcerias .<\/p>\n\n\n\n<p>O v\u00ednculo entre Flamengo e Betano garante ao clube um valor de R$ 268,5 milh\u00f5es por temporada, totalizando R$ 895 milh\u00f5es at\u00e9 o fim de 2028. J\u00e1 na primeira semana de vig\u00eancia, o clube recebeu cerca de R$ 85 milh\u00f5es, equivalente a 31% do montante anual. A cifra supera em muito os R$ 125 milh\u00f5es anuais pagos pela antiga patrocinadora, a PixBet, cujo contrato foi encerrado ap\u00f3s atrasos em repasses .<\/p>\n\n\n\n<p>Com valores vari\u00e1veis, o contrato ainda pode chegar a R$ 280 milh\u00f5es anuais. Entre as metas previstas, est\u00e3o a ades\u00e3o de 200 mil torcedores \u00e0 plataforma e a venda de mais de 1 milh\u00e3o de camisas.<\/p>\n\n\n\n<p>Diante desse cen\u00e1rio, surgiram especula\u00e7\u00f5es de que a Betano poderia ir al\u00e9m do patroc\u00ednio e influenciar diretamente em contrata\u00e7\u00f5es de impacto para o elenco rubro-negro. Em entrevista ao portal <em>MundoBola Flamengo<\/em>, o diretor comercial da empresa, Guilherme Figueiredo, foi questionado sobre a possibilidade e respondeu que h\u00e1 limites institucionais que n\u00e3o podem ser ultrapassados.<\/p>\n\n\n\n<p>&#8220;A Betano respeita totalmente a autonomia do Flamengo em suas decis\u00f5es esportivas e administrativas. Confiamos na diretoria do clube para gerir da melhor forma os recursos e fortalecer as equipes em todos os esportes. Nosso papel \u00e9 ser um parceiro que apoia e viabiliza o sucesso do Flamengo, mas sempre respeitando os limites do nosso papel institucional&#8221;, declarou Guilherme.<\/p>\n\n\n\n<p>Ele destacou ainda que o projeto apresentado pelo clube foi decisivo para a assinatura do contrato, ressaltando o car\u00e1ter estrat\u00e9gico de longo prazo. Segundo o dirigente, o objetivo n\u00e3o \u00e9 apenas a visibilidade imediata, mas a consolida\u00e7\u00e3o de uma parceria que eleva tanto o Flamengo quanto a Betano em cen\u00e1rios nacionais e internacionais.<\/p>\n\n\n\n<p>&#8220;O Flamengo apresentou um projeto consolidado e a Betano entendeu que participar do processo era interessante para a marca. O esfor\u00e7o feito durante longos dias deu resultado e agora temos uma parceria que est\u00e1 entre as 15 maiores do mundo na quest\u00e3o financeira. O v\u00ednculo entre Betano e Flamengo n\u00e3o \u00e9 simplesmente para o agora. A vis\u00e3o estrat\u00e9gica para as duas partes \u00e9 de longo prazo, com a\u00e7\u00f5es que v\u00e3o elevar, ainda mais, as duas marcas nos cen\u00e1rios nacional e internacional&#8221;, explicou.<\/p>\n\n\n\n<p>Al\u00e9m do Rubro-Negro, a Betano tamb\u00e9m patrocina gigantes do futebol europeu, como Porto, Benfica e Sporting, em Portugal. A empresa considera o Flamengo um elo importante dentro de seu portf\u00f3lio global, permitindo associa\u00e7\u00f5es diretas com a elite esportiva. Esse posicionamento fortalece a proje\u00e7\u00e3o internacional do clube carioca e amplia a capacidade de alcance da marca parceira.<\/p>\n","protected":false},"excerpt":{"rendered":"<p>O Flamengo vive um momento de grandes movimenta\u00e7\u00f5es fora de campo. Recentemente, o clube firmou um acordo hist\u00f3rico com a Betano, que passou a ocupar o posto de patrocinadora m\u00e1ster. O contrato foi oficializado em agosto e prev\u00ea cifras recordes no futebol brasileiro, colocando o time em uma nova posi\u00e7\u00e3o no mercado de parcerias . [&hellip;]<\/p>\n","protected":false},"author":15,"featured_media":274870,"comment_status":"open","ping_status":"closed","sticky":false,"template":"","format":"standard","meta":{"footnotes":""},"categories":[1],"tags":[],"class_list":["post-276210","post","type-post","status-publish","format-standard","has-post-thumbnail","hentry","category-flamengo"],"yoast_head":"<!-- This site is optimized with the Yoast SEO Premium plugin v24.2 (Yoast SEO v26.9) - https:\/\/yoast.com\/product\/yoast-seo-premium-wordpress\/ -->\n<title>Betano vai trazer contrata\u00e7\u00e3o de peso para o Flamengo? Diretor responde<\/title>\n<meta name=\"robots\" content=\"index, follow, max-snippet:-1, max-image-preview:large, max-video-preview:-1\" \/>\n<link rel=\"canonical\" href=\"https:\/\/www.gaveanews.com\/index.php\/2025\/09\/10\/betano-vai-trazer-contratacao-de-peso-para-o-flamengo-diretor-responde\/\" \/>\n<meta property=\"og:locale\" content=\"pt_BR\" \/>\n<meta property=\"og:type\" content=\"article\" \/>\n<meta property=\"og:title\" content=\"Betano vai trazer contrata\u00e7\u00e3o de peso para o Flamengo? Diretor responde\" \/>\n<meta property=\"og:description\" content=\"O Flamengo vive um momento de grandes movimenta\u00e7\u00f5es fora de campo. Recentemente, o clube firmou um acordo hist\u00f3rico com a Betano, que passou a ocupar o posto de patrocinadora m\u00e1ster. O contrato foi oficializado em agosto e prev\u00ea cifras recordes no futebol brasileiro, colocando o time em uma nova posi\u00e7\u00e3o no mercado de parcerias . [&hellip;]\" \/>\n<meta property=\"og:url\" content=\"https:\/\/www.gaveanews.com\/index.php\/2025\/09\/10\/betano-vai-trazer-contratacao-de-peso-para-o-flamengo-diretor-responde\/\" \/>\n<meta property=\"og:site_name\" content=\"G\u00e1vea News\" \/>\n<meta property=\"article:publisher\" content=\"https:\/\/facebook.com\/gaveaNews\/\" \/>\n<meta property=\"article:published_time\" content=\"2025-09-10T20:00:00+00:00\" \/>\n<meta property=\"og:image\" content=\"https:\/\/www.gaveanews.com\/wp-content\/uploads\/FLAMENGO-X-VITORIA-CAMPEONATO-BRASILEIRO.jpg\" \/>\n\t<meta property=\"og:image:width\" content=\"799\" \/>\n\t<meta property=\"og:image:height\" content=\"533\" \/>\n\t<meta property=\"og:image:type\" content=\"image\/jpeg\" \/>\n<meta name=\"author\" content=\"Henrique Machado\" \/>\n<meta name=\"twitter:card\" content=\"summary_large_image\" \/>\n<meta name=\"twitter:label1\" content=\"Escrito por\" \/>\n\t<meta name=\"twitter:data1\" content=\"Henrique Machado\" \/>\n\t<meta name=\"twitter:label2\" content=\"Est. tempo de leitura\" \/>\n\t<meta name=\"twitter:data2\" content=\"3 minutos\" \/>\n<script type=\"application\/ld+json\" class=\"yoast-schema-graph\">{\"@context\":\"https:\/\/schema.org\",\"@graph\":[{\"@type\":\"NewsArticle\",\"@id\":\"https:\/\/www.gaveanews.com\/index.php\/2025\/09\/10\/betano-vai-trazer-contratacao-de-peso-para-o-flamengo-diretor-responde\/#article\",\"isPartOf\":{\"@id\":\"https:\/\/www.gaveanews.com\/index.php\/2025\/09\/10\/betano-vai-trazer-contratacao-de-peso-para-o-flamengo-diretor-responde\/\"},\"author\":{\"name\":\"Henrique Machado\",\"@id\":\"https:\/\/www.gaveanews.com\/#\/schema\/person\/fd07635ec039ec3ba74ad18ec8a6dbd6\"},\"headline\":\"Betano vai trazer contrata\u00e7\u00e3o de peso para o Flamengo? Diretor responde\",\"datePublished\":\"2025-09-10T20:00:00+00:00\",\"mainEntityOfPage\":{\"@id\":\"https:\/\/www.gaveanews.com\/index.php\/2025\/09\/10\/betano-vai-trazer-contratacao-de-peso-para-o-flamengo-diretor-responde\/\"},\"wordCount\":503,\"commentCount\":0,\"image\":{\"@id\":\"https:\/\/www.gaveanews.com\/index.php\/2025\/09\/10\/betano-vai-trazer-contratacao-de-peso-para-o-flamengo-diretor-responde\/#primaryimage\"},\"thumbnailUrl\":\"https:\/\/www.gaveanews.com\/wp-content\/uploads\/FLAMENGO-X-VITORIA-CAMPEONATO-BRASILEIRO.jpg\",\"articleSection\":[\"Flamengo\"],\"inLanguage\":\"pt-BR\",\"potentialAction\":[{\"@type\":\"CommentAction\",\"name\":\"Comment\",\"target\":[\"https:\/\/www.gaveanews.com\/index.php\/2025\/09\/10\/betano-vai-trazer-contratacao-de-peso-para-o-flamengo-diretor-responde\/#respond\"]}],\"copyrightYear\":\"2025\",\"copyrightHolder\":{\"@id\":\"https:\/\/www.gaveanews.com\/#organization\"}},{\"@type\":\"WebPage\",\"@id\":\"https:\/\/www.gaveanews.com\/index.php\/2025\/09\/10\/betano-vai-trazer-contratacao-de-peso-para-o-flamengo-diretor-responde\/\",\"url\":\"https:\/\/www.gaveanews.com\/index.php\/2025\/09\/10\/betano-vai-trazer-contratacao-de-peso-para-o-flamengo-diretor-responde\/\",\"name\":\"Betano vai trazer contrata\u00e7\u00e3o de peso para o Flamengo? Diretor responde\",\"isPartOf\":{\"@id\":\"https:\/\/www.gaveanews.com\/#website\"},\"primaryImageOfPage\":{\"@id\":\"https:\/\/www.gaveanews.com\/index.php\/2025\/09\/10\/betano-vai-trazer-contratacao-de-peso-para-o-flamengo-diretor-responde\/#primaryimage\"},\"image\":{\"@id\":\"https:\/\/www.gaveanews.com\/index.php\/2025\/09\/10\/betano-vai-trazer-contratacao-de-peso-para-o-flamengo-diretor-responde\/#primaryimage\"},\"thumbnailUrl\":\"https:\/\/www.gaveanews.com\/wp-content\/uploads\/FLAMENGO-X-VITORIA-CAMPEONATO-BRASILEIRO.jpg\",\"datePublished\":\"2025-09-10T20:00:00+00:00\",\"author\":{\"@id\":\"https:\/\/www.gaveanews.com\/#\/schema\/person\/fd07635ec039ec3ba74ad18ec8a6dbd6\"},\"breadcrumb\":{\"@id\":\"https:\/\/www.gaveanews.com\/index.php\/2025\/09\/10\/betano-vai-trazer-contratacao-de-peso-para-o-flamengo-diretor-responde\/#breadcrumb\"},\"inLanguage\":\"pt-BR\",\"potentialAction\":[{\"@type\":\"ReadAction\",\"target\":[\"https:\/\/www.gaveanews.com\/index.php\/2025\/09\/10\/betano-vai-trazer-contratacao-de-peso-para-o-flamengo-diretor-responde\/\"]}]},{\"@type\":\"ImageObject\",\"inLanguage\":\"pt-BR\",\"@id\":\"https:\/\/www.gaveanews.com\/index.php\/2025\/09\/10\/betano-vai-trazer-contratacao-de-peso-para-o-flamengo-diretor-responde\/#primaryimage\",\"url\":\"https:\/\/www.gaveanews.com\/wp-content\/uploads\/FLAMENGO-X-VITORIA-CAMPEONATO-BRASILEIRO.jpg\",\"contentUrl\":\"https:\/\/www.gaveanews.com\/wp-content\/uploads\/FLAMENGO-X-VITORIA-CAMPEONATO-BRASILEIRO.jpg\",\"width\":799,\"height\":533,\"caption\":\"Flamengo x Vit\u00f3ria pelo Brasileir\u00e3o 2025 (Foto: Gilvan de Souza\/Flamengo)\"},{\"@type\":\"BreadcrumbList\",\"@id\":\"https:\/\/www.gaveanews.com\/index.php\/2025\/09\/10\/betano-vai-trazer-contratacao-de-peso-para-o-flamengo-diretor-responde\/#breadcrumb\",\"itemListElement\":[{\"@type\":\"ListItem\",\"position\":1,\"name\":\"Home\",\"item\":\"https:\/\/www.gaveanews.com\/\"},{\"@type\":\"ListItem\",\"position\":2,\"name\":\"Betano vai trazer contrata\u00e7\u00e3o de peso para o Flamengo? Diretor responde\"}]},{\"@type\":\"WebSite\",\"@id\":\"https:\/\/www.gaveanews.com\/#website\",\"url\":\"https:\/\/www.gaveanews.com\/\",\"name\":\"G\u00e1vea News\",\"description\":\"Veja todas as not\u00edcias sobre o Flamengo: Contrata\u00e7\u00f5es, categorias de base, resultados das partidas, tabela de classifica\u00e7\u00e3o, pr\u00f3ximos jogos!\",\"potentialAction\":[{\"@type\":\"SearchAction\",\"target\":{\"@type\":\"EntryPoint\",\"urlTemplate\":\"https:\/\/www.gaveanews.com\/?s={search_term_string}\"},\"query-input\":{\"@type\":\"PropertyValueSpecification\",\"valueRequired\":true,\"valueName\":\"search_term_string\"}}],\"inLanguage\":\"pt-BR\"},{\"@type\":\"Person\",\"@id\":\"https:\/\/www.gaveanews.com\/#\/schema\/person\/fd07635ec039ec3ba74ad18ec8a6dbd6\",\"name\":\"Henrique Machado\",\"image\":{\"@type\":\"ImageObject\",\"inLanguage\":\"pt-BR\",\"@id\":\"https:\/\/www.gaveanews.com\/#\/schema\/person\/image\/\",\"url\":\"https:\/\/secure.gravatar.com\/avatar\/b95e35997e01d9800c1b6184bd79d4d898d370a3fce2584f5c77b907d5c7d9e9?s=96&d=mm&r=g\",\"contentUrl\":\"https:\/\/secure.gravatar.com\/avatar\/b95e35997e01d9800c1b6184bd79d4d898d370a3fce2584f5c77b907d5c7d9e9?s=96&d=mm&r=g\",\"caption\":\"Henrique Machado\"}}]}<\/script>\n<!-- \/ Yoast SEO Premium plugin. -->","yoast_head_json":{"title":"Betano vai trazer contrata\u00e7\u00e3o de peso para o Flamengo? Diretor responde","robots":{"index":"index","follow":"follow","max-snippet":"max-snippet:-1","max-image-preview":"max-image-preview:large","max-video-preview":"max-video-preview:-1"},"canonical":"https:\/\/www.gaveanews.com\/index.php\/2025\/09\/10\/betano-vai-trazer-contratacao-de-peso-para-o-flamengo-diretor-responde\/","og_locale":"pt_BR","og_type":"article","og_title":"Betano vai trazer contrata\u00e7\u00e3o de peso para o Flamengo? Diretor responde","og_description":"O Flamengo vive um momento de grandes movimenta\u00e7\u00f5es fora de campo. Recentemente, o clube firmou um acordo hist\u00f3rico com a Betano, que passou a ocupar o posto de patrocinadora m\u00e1ster. O contrato foi oficializado em agosto e prev\u00ea cifras recordes no futebol brasileiro, colocando o time em uma nova posi\u00e7\u00e3o no mercado de parcerias . [&hellip;]","og_url":"https:\/\/www.gaveanews.com\/index.php\/2025\/09\/10\/betano-vai-trazer-contratacao-de-peso-para-o-flamengo-diretor-responde\/","og_site_name":"G\u00e1vea News","article_publisher":"https:\/\/facebook.com\/gaveaNews\/","article_published_time":"2025-09-10T20:00:00+00:00","og_image":[{"width":799,"height":533,"url":"https:\/\/www.gaveanews.com\/wp-content\/uploads\/FLAMENGO-X-VITORIA-CAMPEONATO-BRASILEIRO.jpg","type":"image\/jpeg"}],"author":"Henrique Machado","twitter_card":"summary_large_image","twitter_misc":{"Escrito por":"Henrique Machado","Est. tempo de leitura":"3 minutos"},"schema":{"@context":"https:\/\/schema.org","@graph":[{"@type":"NewsArticle","@id":"https:\/\/www.gaveanews.com\/index.php\/2025\/09\/10\/betano-vai-trazer-contratacao-de-peso-para-o-flamengo-diretor-responde\/#article","isPartOf":{"@id":"https:\/\/www.gaveanews.com\/index.php\/2025\/09\/10\/betano-vai-trazer-contratacao-de-peso-para-o-flamengo-diretor-responde\/"},"author":{"name":"Henrique Machado","@id":"https:\/\/www.gaveanews.com\/#\/schema\/person\/fd07635ec039ec3ba74ad18ec8a6dbd6"},"headline":"Betano vai trazer contrata\u00e7\u00e3o de peso para o Flamengo? Diretor responde","datePublished":"2025-09-10T20:00:00+00:00","mainEntityOfPage":{"@id":"https:\/\/www.gaveanews.com\/index.php\/2025\/09\/10\/betano-vai-trazer-contratacao-de-peso-para-o-flamengo-diretor-responde\/"},"wordCount":503,"commentCount":0,"image":{"@id":"https:\/\/www.gaveanews.com\/index.php\/2025\/09\/10\/betano-vai-trazer-contratacao-de-peso-para-o-flamengo-diretor-responde\/#primaryimage"},"thumbnailUrl":"https:\/\/www.gaveanews.com\/wp-content\/uploads\/FLAMENGO-X-VITORIA-CAMPEONATO-BRASILEIRO.jpg","articleSection":["Flamengo"],"inLanguage":"pt-BR","potentialAction":[{"@type":"CommentAction","name":"Comment","target":["https:\/\/www.gaveanews.com\/index.php\/2025\/09\/10\/betano-vai-trazer-contratacao-de-peso-para-o-flamengo-diretor-responde\/#respond"]}],"copyrightYear":"2025","copyrightHolder":{"@id":"https:\/\/www.gaveanews.com\/#organization"}},{"@type":"WebPage","@id":"https:\/\/www.gaveanews.com\/index.php\/2025\/09\/10\/betano-vai-trazer-contratacao-de-peso-para-o-flamengo-diretor-responde\/","url":"https:\/\/www.gaveanews.com\/index.php\/2025\/09\/10\/betano-vai-trazer-contratacao-de-peso-para-o-flamengo-diretor-responde\/","name":"Betano vai trazer contrata\u00e7\u00e3o de peso para o Flamengo? Diretor responde","isPartOf":{"@id":"https:\/\/www.gaveanews.com\/#website"},"primaryImageOfPage":{"@id":"https:\/\/www.gaveanews.com\/index.php\/2025\/09\/10\/betano-vai-trazer-contratacao-de-peso-para-o-flamengo-diretor-responde\/#primaryimage"},"image":{"@id":"https:\/\/www.gaveanews.com\/index.php\/2025\/09\/10\/betano-vai-trazer-contratacao-de-peso-para-o-flamengo-diretor-responde\/#primaryimage"},"thumbnailUrl":"https:\/\/www.gaveanews.com\/wp-content\/uploads\/FLAMENGO-X-VITORIA-CAMPEONATO-BRASILEIRO.jpg","datePublished":"2025-09-10T20:00:00+00:00","author":{"@id":"https:\/\/www.gaveanews.com\/#\/schema\/person\/fd07635ec039ec3ba74ad18ec8a6dbd6"},"breadcrumb":{"@id":"https:\/\/www.gaveanews.com\/index.php\/2025\/09\/10\/betano-vai-trazer-contratacao-de-peso-para-o-flamengo-diretor-responde\/#breadcrumb"},"inLanguage":"pt-BR","potentialAction":[{"@type":"ReadAction","target":["https:\/\/www.gaveanews.com\/index.php\/2025\/09\/10\/betano-vai-trazer-contratacao-de-peso-para-o-flamengo-diretor-responde\/"]}]},{"@type":"ImageObject","inLanguage":"pt-BR","@id":"https:\/\/www.gaveanews.com\/index.php\/2025\/09\/10\/betano-vai-trazer-contratacao-de-peso-para-o-flamengo-diretor-responde\/#primaryimage","url":"https:\/\/www.gaveanews.com\/wp-content\/uploads\/FLAMENGO-X-VITORIA-CAMPEONATO-BRASILEIRO.jpg","contentUrl":"https:\/\/www.gaveanews.com\/wp-content\/uploads\/FLAMENGO-X-VITORIA-CAMPEONATO-BRASILEIRO.jpg","width":799,"height":533,"caption":"Flamengo x Vit\u00f3ria pelo Brasileir\u00e3o 2025 (Foto: Gilvan de Souza\/Flamengo)"},{"@type":"BreadcrumbList","@id":"https:\/\/www.gaveanews.com\/index.php\/2025\/09\/10\/betano-vai-trazer-contratacao-de-peso-para-o-flamengo-diretor-responde\/#breadcrumb","itemListElement":[{"@type":"ListItem","position":1,"name":"Home","item":"https:\/\/www.gaveanews.com\/"},{"@type":"ListItem","position":2,"name":"Betano vai trazer contrata\u00e7\u00e3o de peso para o Flamengo? Diretor responde"}]},{"@type":"WebSite","@id":"https:\/\/www.gaveanews.com\/#website","url":"https:\/\/www.gaveanews.com\/","name":"G\u00e1vea News","description":"Veja todas as not\u00edcias sobre o Flamengo: Contrata\u00e7\u00f5es, categorias de base, resultados das partidas, tabela de classifica\u00e7\u00e3o, pr\u00f3ximos jogos!","potentialAction":[{"@type":"SearchAction","target":{"@type":"EntryPoint","urlTemplate":"https:\/\/www.gaveanews.com\/?s={search_term_string}"},"query-input":{"@type":"PropertyValueSpecification","valueRequired":true,"valueName":"search_term_string"}}],"inLanguage":"pt-BR"},{"@type":"Person","@id":"https:\/\/www.gaveanews.com\/#\/schema\/person\/fd07635ec039ec3ba74ad18ec8a6dbd6","name":"Henrique Machado","image":{"@type":"ImageObject","inLanguage":"pt-BR","@id":"https:\/\/www.gaveanews.com\/#\/schema\/person\/image\/","url":"https:\/\/secure.gravatar.com\/avatar\/b95e35997e01d9800c1b6184bd79d4d898d370a3fce2584f5c77b907d5c7d9e9?s=96&d=mm&r=g","contentUrl":"https:\/\/secure.gravatar.com\/avatar\/b95e35997e01d9800c1b6184bd79d4d898d370a3fce2584f5c77b907d5c7d9e9?s=96&d=mm&r=g","caption":"Henrique Machado"}}]}},"_links":{"self":[{"href":"https:\/\/www.gaveanews.com\/index.php\/wp-json\/wp\/v2\/posts\/276210","targetHints":{"allow":["GET"]}}],"collection":[{"href":"https:\/\/www.gaveanews.com\/index.php\/wp-json\/wp\/v2\/posts"}],"about":[{"href":"https:\/\/www.gaveanews.com\/index.php\/wp-json\/wp\/v2\/types\/post"}],"author":[{"embeddable":true,"href":"https:\/\/www.gaveanews.com\/index.php\/wp-json\/wp\/v2\/users\/15"}],"replies":[{"embeddable":true,"href":"https:\/\/www.gaveanews.com\/index.php\/wp-json\/wp\/v2\/comments?post=276210"}],"version-history":[{"count":1,"href":"https:\/\/www.gaveanews.com\/index.php\/wp-json\/wp\/v2\/posts\/276210\/revisions"}],"predecessor-version":[{"id":276212,"href":"https:\/\/www.gaveanews.com\/index.php\/wp-json\/wp\/v2\/posts\/276210\/revisions\/276212"}],"wp:featuredmedia":[{"embeddable":true,"href":"https:\/\/www.gaveanews.com\/index.php\/wp-json\/wp\/v2\/media\/274870"}],"wp:attachment":[{"href":"https:\/\/www.gaveanews.com\/index.php\/wp-json\/wp\/v2\/media?parent=276210"}],"wp:term":[{"taxonomy":"category","embeddable":true,"href":"https:\/\/www.gaveanews.com\/index.php\/wp-json\/wp\/v2\/categories?post=276210"},{"taxonomy":"post_tag","embeddable":true,"href":"https:\/\/www.gaveanews.com\/index.php\/wp-json\/wp\/v2\/tags?post=276210"}],"curies":[{"name":"wp","href":"https:\/\/api.w.org\/{rel}","templated":true}]}}