{"id":276217,"date":"2025-09-10T18:00:00","date_gmt":"2025-09-10T21:00:00","guid":{"rendered":"https:\/\/www.gaveanews.com\/?p=276217"},"modified":"2025-09-10T14:11:57","modified_gmt":"2025-09-10T17:11:57","slug":"a-declaracao-de-ramires-ex-chelsea-direcionada-a-pedro-do-flamengo","status":"publish","type":"post","link":"https:\/\/www.gaveanews.com\/index.php\/2025\/09\/10\/a-declaracao-de-ramires-ex-chelsea-direcionada-a-pedro-do-flamengo\/","title":{"rendered":"A declara\u00e7\u00e3o de Ramires, ex-Chelsea, direcionada a Pedro, do Flamengo"},"content":{"rendered":"\n<p>O Flamengo atravessa uma fase positiva na temporada. A equipe ocupa a lideran\u00e7a do Campeonato Brasileiro e garantiu presen\u00e7a nas quartas de final da Libertadores, onde enfrentar\u00e1 o Estudiantes-ARG. Entre os protagonistas do bom momento est\u00e3o Filipe Lu\u00eds e o atacante Pedro, que se consolidou como pe\u00e7a-chave no setor ofensivo rubro-negro.<\/p>\n\n\n\n<p>O desempenho do centroavante despertou elogios de um ex-nome da Sele\u00e7\u00e3o Brasileira. Ramires, campe\u00e3o europeu pelo Chelsea e presen\u00e7a em duas Copas do Mundo, destacou que Pedro merece nova oportunidade com a camisa do Brasil. A fala ocorre em meio ao contexto delicado da equipe nacional, que encerrou as Eliminat\u00f3rias em quinto lugar, pior posi\u00e7\u00e3o de sua hist\u00f3ria, com seis derrotas em 18 partidas.<\/p>\n\n\n\n<p>\u201cO Pedro voltou a fazer os gols. Na minha opini\u00e3o, ele deveria estar na Sele\u00e7\u00e3o Brasileira e ser o camisa 9. O Ancelotti est\u00e1 de olho nele. O Pedro, realmente, \u00e9 um 9, aquele 9 que a gente gosta de ver jogando dentro da \u00e1rea. Espero que ele continue fazendo esse bom trabalho, assim como o Filipe Lu\u00eds\u201d.<\/p>\n\n\n\n<figure class=\"wp-block-image size-full\"><img loading=\"lazy\" decoding=\"async\" width=\"690\" height=\"470\" src=\"http:\/\/www.gaveanews.com\/wp-content\/uploads\/2019\/04\/Ramires-durante-treinamento-do-Brasil.webp\" alt=\"\" class=\"wp-image-17714\" srcset=\"https:\/\/www.gaveanews.com\/wp-content\/uploads\/2019\/04\/Ramires-durante-treinamento-do-Brasil.webp 690w, https:\/\/www.gaveanews.com\/wp-content\/uploads\/2019\/04\/Ramires-durante-treinamento-do-Brasil-300x204.webp 300w, https:\/\/www.gaveanews.com\/wp-content\/uploads\/2019\/04\/Ramires-durante-treinamento-do-Brasil-617x420.webp 617w, https:\/\/www.gaveanews.com\/wp-content\/uploads\/2019\/04\/Ramires-durante-treinamento-do-Brasil-640x436.webp 640w, https:\/\/www.gaveanews.com\/wp-content\/uploads\/2019\/04\/Ramires-durante-treinamento-do-Brasil-681x464.webp 681w\" sizes=\"auto, (max-width: 690px) 100vw, 690px\" \/><figcaption class=\"wp-element-caption\">Ramires durante treinamento do Brasil (Foto: Alexandre Loureiro\/Vipcomm)<\/figcaption><\/figure>\n\n\n\n<p>O ex-jogador tamb\u00e9m refor\u00e7ou sua torcida pelo Flamengo e pela sequ\u00eancia de Pedro. \u201cEnt\u00e3o, acredito que ele est\u00e1 fazendo um bom trabalho. Sigo torcendo para que o Flamengo continue nessa levada e que o Pedro continue fazendo os gols. Que ele consiga chegar na Sele\u00e7\u00e3o\u201d.<\/p>\n\n\n\n<p>As \u00faltimas semanas foram de recupera\u00e7\u00e3o para o camisa 9. Ap\u00f3s ficar fora da lista de relacionados de Filipe Lu\u00eds em raz\u00e3o do desempenho nos treinos, Pedro respondeu em campo com sete gols e voltou a se firmar no time titular.<\/p>\n\n\n\n<p>Vale lembrar que a liga\u00e7\u00e3o do ex-volante com o Flamengo n\u00e3o \u00e9 recente. Em 2022, quando anunciou a aposentadoria, Ramires revelou que sua maior frustra\u00e7\u00e3o na carreira foi n\u00e3o ter atuado pelo clube de cora\u00e7\u00e3o.<\/p>\n\n\n\n<p>\u201cEu e minha fam\u00edlia inteira somos flamenguistas. Sempre tive o sonho de vestir a camisa do Flamengo e achava que iria acontecer. Eu imaginava minha fam\u00edlia indo me assistir no Maracan\u00e3, mas infelizmente n\u00e3o aconteceu\u201d.<\/p>\n","protected":false},"excerpt":{"rendered":"<p>O Flamengo atravessa uma fase positiva na temporada. A equipe ocupa a lideran\u00e7a do Campeonato Brasileiro e garantiu presen\u00e7a nas quartas de final da Libertadores, onde enfrentar\u00e1 o Estudiantes-ARG. Entre os protagonistas do bom momento est\u00e3o Filipe Lu\u00eds e o atacante Pedro, que se consolidou como pe\u00e7a-chave no setor ofensivo rubro-negro. O desempenho do centroavante [&hellip;]<\/p>\n","protected":false},"author":15,"featured_media":144711,"comment_status":"open","ping_status":"closed","sticky":false,"template":"","format":"standard","meta":{"footnotes":""},"categories":[1],"tags":[],"class_list":["post-276217","post","type-post","status-publish","format-standard","has-post-thumbnail","hentry","category-flamengo"],"yoast_head":"<!-- This site is optimized with the Yoast SEO Premium plugin v24.2 (Yoast SEO v26.9) - https:\/\/yoast.com\/product\/yoast-seo-premium-wordpress\/ -->\n<title>A declara\u00e7\u00e3o de Ramires, ex-Chelsea, direcionada a Pedro, do Flamengo<\/title>\n<meta name=\"robots\" content=\"index, follow, max-snippet:-1, max-image-preview:large, max-video-preview:-1\" \/>\n<link rel=\"canonical\" href=\"https:\/\/www.gaveanews.com\/index.php\/2025\/09\/10\/a-declaracao-de-ramires-ex-chelsea-direcionada-a-pedro-do-flamengo\/\" \/>\n<meta property=\"og:locale\" content=\"pt_BR\" \/>\n<meta property=\"og:type\" content=\"article\" \/>\n<meta property=\"og:title\" content=\"A declara\u00e7\u00e3o de Ramires, ex-Chelsea, direcionada a Pedro, do Flamengo\" \/>\n<meta property=\"og:description\" content=\"O Flamengo atravessa uma fase positiva na temporada. A equipe ocupa a lideran\u00e7a do Campeonato Brasileiro e garantiu presen\u00e7a nas quartas de final da Libertadores, onde enfrentar\u00e1 o Estudiantes-ARG. Entre os protagonistas do bom momento est\u00e3o Filipe Lu\u00eds e o atacante Pedro, que se consolidou como pe\u00e7a-chave no setor ofensivo rubro-negro. O desempenho do centroavante [&hellip;]\" \/>\n<meta property=\"og:url\" content=\"https:\/\/www.gaveanews.com\/index.php\/2025\/09\/10\/a-declaracao-de-ramires-ex-chelsea-direcionada-a-pedro-do-flamengo\/\" \/>\n<meta property=\"og:site_name\" content=\"G\u00e1vea News\" \/>\n<meta property=\"article:publisher\" content=\"https:\/\/facebook.com\/gaveaNews\/\" \/>\n<meta property=\"article:published_time\" content=\"2025-09-10T21:00:00+00:00\" \/>\n<meta property=\"og:image\" content=\"https:\/\/www.gaveanews.com\/wp-content\/uploads\/Pedro-atacante-do-Flamengo.webp\" \/>\n\t<meta property=\"og:image:width\" content=\"1600\" \/>\n\t<meta property=\"og:image:height\" content=\"1066\" \/>\n\t<meta property=\"og:image:type\" content=\"image\/jpeg\" \/>\n<meta name=\"author\" content=\"Henrique Machado\" \/>\n<meta name=\"twitter:card\" content=\"summary_large_image\" \/>\n<meta name=\"twitter:label1\" content=\"Escrito por\" \/>\n\t<meta name=\"twitter:data1\" content=\"Henrique Machado\" \/>\n\t<meta name=\"twitter:label2\" content=\"Est. tempo de leitura\" \/>\n\t<meta name=\"twitter:data2\" content=\"3 minutos\" \/>\n<script type=\"application\/ld+json\" class=\"yoast-schema-graph\">{\"@context\":\"https:\/\/schema.org\",\"@graph\":[{\"@type\":\"NewsArticle\",\"@id\":\"https:\/\/www.gaveanews.com\/index.php\/2025\/09\/10\/a-declaracao-de-ramires-ex-chelsea-direcionada-a-pedro-do-flamengo\/#article\",\"isPartOf\":{\"@id\":\"https:\/\/www.gaveanews.com\/index.php\/2025\/09\/10\/a-declaracao-de-ramires-ex-chelsea-direcionada-a-pedro-do-flamengo\/\"},\"author\":{\"name\":\"Henrique Machado\",\"@id\":\"https:\/\/www.gaveanews.com\/#\/schema\/person\/fd07635ec039ec3ba74ad18ec8a6dbd6\"},\"headline\":\"A declara\u00e7\u00e3o de Ramires, ex-Chelsea, direcionada a Pedro, do Flamengo\",\"datePublished\":\"2025-09-10T21:00:00+00:00\",\"mainEntityOfPage\":{\"@id\":\"https:\/\/www.gaveanews.com\/index.php\/2025\/09\/10\/a-declaracao-de-ramires-ex-chelsea-direcionada-a-pedro-do-flamengo\/\"},\"wordCount\":372,\"commentCount\":0,\"image\":{\"@id\":\"https:\/\/www.gaveanews.com\/index.php\/2025\/09\/10\/a-declaracao-de-ramires-ex-chelsea-direcionada-a-pedro-do-flamengo\/#primaryimage\"},\"thumbnailUrl\":\"https:\/\/www.gaveanews.com\/wp-content\/uploads\/Pedro-atacante-do-Flamengo.webp\",\"articleSection\":[\"Flamengo\"],\"inLanguage\":\"pt-BR\",\"potentialAction\":[{\"@type\":\"CommentAction\",\"name\":\"Comment\",\"target\":[\"https:\/\/www.gaveanews.com\/index.php\/2025\/09\/10\/a-declaracao-de-ramires-ex-chelsea-direcionada-a-pedro-do-flamengo\/#respond\"]}],\"copyrightYear\":\"2025\",\"copyrightHolder\":{\"@id\":\"https:\/\/www.gaveanews.com\/#organization\"}},{\"@type\":\"WebPage\",\"@id\":\"https:\/\/www.gaveanews.com\/index.php\/2025\/09\/10\/a-declaracao-de-ramires-ex-chelsea-direcionada-a-pedro-do-flamengo\/\",\"url\":\"https:\/\/www.gaveanews.com\/index.php\/2025\/09\/10\/a-declaracao-de-ramires-ex-chelsea-direcionada-a-pedro-do-flamengo\/\",\"name\":\"A declara\u00e7\u00e3o de Ramires, ex-Chelsea, direcionada a Pedro, do Flamengo\",\"isPartOf\":{\"@id\":\"https:\/\/www.gaveanews.com\/#website\"},\"primaryImageOfPage\":{\"@id\":\"https:\/\/www.gaveanews.com\/index.php\/2025\/09\/10\/a-declaracao-de-ramires-ex-chelsea-direcionada-a-pedro-do-flamengo\/#primaryimage\"},\"image\":{\"@id\":\"https:\/\/www.gaveanews.com\/index.php\/2025\/09\/10\/a-declaracao-de-ramires-ex-chelsea-direcionada-a-pedro-do-flamengo\/#primaryimage\"},\"thumbnailUrl\":\"https:\/\/www.gaveanews.com\/wp-content\/uploads\/Pedro-atacante-do-Flamengo.webp\",\"datePublished\":\"2025-09-10T21:00:00+00:00\",\"author\":{\"@id\":\"https:\/\/www.gaveanews.com\/#\/schema\/person\/fd07635ec039ec3ba74ad18ec8a6dbd6\"},\"breadcrumb\":{\"@id\":\"https:\/\/www.gaveanews.com\/index.php\/2025\/09\/10\/a-declaracao-de-ramires-ex-chelsea-direcionada-a-pedro-do-flamengo\/#breadcrumb\"},\"inLanguage\":\"pt-BR\",\"potentialAction\":[{\"@type\":\"ReadAction\",\"target\":[\"https:\/\/www.gaveanews.com\/index.php\/2025\/09\/10\/a-declaracao-de-ramires-ex-chelsea-direcionada-a-pedro-do-flamengo\/\"]}]},{\"@type\":\"ImageObject\",\"inLanguage\":\"pt-BR\",\"@id\":\"https:\/\/www.gaveanews.com\/index.php\/2025\/09\/10\/a-declaracao-de-ramires-ex-chelsea-direcionada-a-pedro-do-flamengo\/#primaryimage\",\"url\":\"https:\/\/www.gaveanews.com\/wp-content\/uploads\/Pedro-atacante-do-Flamengo.webp\",\"contentUrl\":\"https:\/\/www.gaveanews.com\/wp-content\/uploads\/Pedro-atacante-do-Flamengo.webp\",\"width\":1600,\"height\":1066,\"caption\":\"Pedro, atacante do Flamengo (Foto: Gilvan de Souza)\"},{\"@type\":\"BreadcrumbList\",\"@id\":\"https:\/\/www.gaveanews.com\/index.php\/2025\/09\/10\/a-declaracao-de-ramires-ex-chelsea-direcionada-a-pedro-do-flamengo\/#breadcrumb\",\"itemListElement\":[{\"@type\":\"ListItem\",\"position\":1,\"name\":\"Home\",\"item\":\"https:\/\/www.gaveanews.com\/\"},{\"@type\":\"ListItem\",\"position\":2,\"name\":\"A declara\u00e7\u00e3o de Ramires, ex-Chelsea, direcionada a Pedro, do Flamengo\"}]},{\"@type\":\"WebSite\",\"@id\":\"https:\/\/www.gaveanews.com\/#website\",\"url\":\"https:\/\/www.gaveanews.com\/\",\"name\":\"G\u00e1vea News\",\"description\":\"Veja todas as not\u00edcias sobre o Flamengo: Contrata\u00e7\u00f5es, categorias de base, resultados das partidas, tabela de classifica\u00e7\u00e3o, pr\u00f3ximos jogos!\",\"potentialAction\":[{\"@type\":\"SearchAction\",\"target\":{\"@type\":\"EntryPoint\",\"urlTemplate\":\"https:\/\/www.gaveanews.com\/?s={search_term_string}\"},\"query-input\":{\"@type\":\"PropertyValueSpecification\",\"valueRequired\":true,\"valueName\":\"search_term_string\"}}],\"inLanguage\":\"pt-BR\"},{\"@type\":\"Person\",\"@id\":\"https:\/\/www.gaveanews.com\/#\/schema\/person\/fd07635ec039ec3ba74ad18ec8a6dbd6\",\"name\":\"Henrique Machado\",\"image\":{\"@type\":\"ImageObject\",\"inLanguage\":\"pt-BR\",\"@id\":\"https:\/\/www.gaveanews.com\/#\/schema\/person\/image\/\",\"url\":\"https:\/\/secure.gravatar.com\/avatar\/b95e35997e01d9800c1b6184bd79d4d898d370a3fce2584f5c77b907d5c7d9e9?s=96&d=mm&r=g\",\"contentUrl\":\"https:\/\/secure.gravatar.com\/avatar\/b95e35997e01d9800c1b6184bd79d4d898d370a3fce2584f5c77b907d5c7d9e9?s=96&d=mm&r=g\",\"caption\":\"Henrique Machado\"}}]}<\/script>\n<!-- \/ Yoast SEO Premium plugin. -->","yoast_head_json":{"title":"A declara\u00e7\u00e3o de Ramires, ex-Chelsea, direcionada a Pedro, do Flamengo","robots":{"index":"index","follow":"follow","max-snippet":"max-snippet:-1","max-image-preview":"max-image-preview:large","max-video-preview":"max-video-preview:-1"},"canonical":"https:\/\/www.gaveanews.com\/index.php\/2025\/09\/10\/a-declaracao-de-ramires-ex-chelsea-direcionada-a-pedro-do-flamengo\/","og_locale":"pt_BR","og_type":"article","og_title":"A declara\u00e7\u00e3o de Ramires, ex-Chelsea, direcionada a Pedro, do Flamengo","og_description":"O Flamengo atravessa uma fase positiva na temporada. A equipe ocupa a lideran\u00e7a do Campeonato Brasileiro e garantiu presen\u00e7a nas quartas de final da Libertadores, onde enfrentar\u00e1 o Estudiantes-ARG. Entre os protagonistas do bom momento est\u00e3o Filipe Lu\u00eds e o atacante Pedro, que se consolidou como pe\u00e7a-chave no setor ofensivo rubro-negro. O desempenho do centroavante [&hellip;]","og_url":"https:\/\/www.gaveanews.com\/index.php\/2025\/09\/10\/a-declaracao-de-ramires-ex-chelsea-direcionada-a-pedro-do-flamengo\/","og_site_name":"G\u00e1vea News","article_publisher":"https:\/\/facebook.com\/gaveaNews\/","article_published_time":"2025-09-10T21:00:00+00:00","og_image":[{"width":1600,"height":1066,"url":"https:\/\/www.gaveanews.com\/wp-content\/uploads\/Pedro-atacante-do-Flamengo.webp","type":"image\/jpeg"}],"author":"Henrique Machado","twitter_card":"summary_large_image","twitter_misc":{"Escrito por":"Henrique Machado","Est. tempo de leitura":"3 minutos"},"schema":{"@context":"https:\/\/schema.org","@graph":[{"@type":"NewsArticle","@id":"https:\/\/www.gaveanews.com\/index.php\/2025\/09\/10\/a-declaracao-de-ramires-ex-chelsea-direcionada-a-pedro-do-flamengo\/#article","isPartOf":{"@id":"https:\/\/www.gaveanews.com\/index.php\/2025\/09\/10\/a-declaracao-de-ramires-ex-chelsea-direcionada-a-pedro-do-flamengo\/"},"author":{"name":"Henrique Machado","@id":"https:\/\/www.gaveanews.com\/#\/schema\/person\/fd07635ec039ec3ba74ad18ec8a6dbd6"},"headline":"A declara\u00e7\u00e3o de Ramires, ex-Chelsea, direcionada a Pedro, do Flamengo","datePublished":"2025-09-10T21:00:00+00:00","mainEntityOfPage":{"@id":"https:\/\/www.gaveanews.com\/index.php\/2025\/09\/10\/a-declaracao-de-ramires-ex-chelsea-direcionada-a-pedro-do-flamengo\/"},"wordCount":372,"commentCount":0,"image":{"@id":"https:\/\/www.gaveanews.com\/index.php\/2025\/09\/10\/a-declaracao-de-ramires-ex-chelsea-direcionada-a-pedro-do-flamengo\/#primaryimage"},"thumbnailUrl":"https:\/\/www.gaveanews.com\/wp-content\/uploads\/Pedro-atacante-do-Flamengo.webp","articleSection":["Flamengo"],"inLanguage":"pt-BR","potentialAction":[{"@type":"CommentAction","name":"Comment","target":["https:\/\/www.gaveanews.com\/index.php\/2025\/09\/10\/a-declaracao-de-ramires-ex-chelsea-direcionada-a-pedro-do-flamengo\/#respond"]}],"copyrightYear":"2025","copyrightHolder":{"@id":"https:\/\/www.gaveanews.com\/#organization"}},{"@type":"WebPage","@id":"https:\/\/www.gaveanews.com\/index.php\/2025\/09\/10\/a-declaracao-de-ramires-ex-chelsea-direcionada-a-pedro-do-flamengo\/","url":"https:\/\/www.gaveanews.com\/index.php\/2025\/09\/10\/a-declaracao-de-ramires-ex-chelsea-direcionada-a-pedro-do-flamengo\/","name":"A declara\u00e7\u00e3o de Ramires, ex-Chelsea, direcionada a Pedro, do Flamengo","isPartOf":{"@id":"https:\/\/www.gaveanews.com\/#website"},"primaryImageOfPage":{"@id":"https:\/\/www.gaveanews.com\/index.php\/2025\/09\/10\/a-declaracao-de-ramires-ex-chelsea-direcionada-a-pedro-do-flamengo\/#primaryimage"},"image":{"@id":"https:\/\/www.gaveanews.com\/index.php\/2025\/09\/10\/a-declaracao-de-ramires-ex-chelsea-direcionada-a-pedro-do-flamengo\/#primaryimage"},"thumbnailUrl":"https:\/\/www.gaveanews.com\/wp-content\/uploads\/Pedro-atacante-do-Flamengo.webp","datePublished":"2025-09-10T21:00:00+00:00","author":{"@id":"https:\/\/www.gaveanews.com\/#\/schema\/person\/fd07635ec039ec3ba74ad18ec8a6dbd6"},"breadcrumb":{"@id":"https:\/\/www.gaveanews.com\/index.php\/2025\/09\/10\/a-declaracao-de-ramires-ex-chelsea-direcionada-a-pedro-do-flamengo\/#breadcrumb"},"inLanguage":"pt-BR","potentialAction":[{"@type":"ReadAction","target":["https:\/\/www.gaveanews.com\/index.php\/2025\/09\/10\/a-declaracao-de-ramires-ex-chelsea-direcionada-a-pedro-do-flamengo\/"]}]},{"@type":"ImageObject","inLanguage":"pt-BR","@id":"https:\/\/www.gaveanews.com\/index.php\/2025\/09\/10\/a-declaracao-de-ramires-ex-chelsea-direcionada-a-pedro-do-flamengo\/#primaryimage","url":"https:\/\/www.gaveanews.com\/wp-content\/uploads\/Pedro-atacante-do-Flamengo.webp","contentUrl":"https:\/\/www.gaveanews.com\/wp-content\/uploads\/Pedro-atacante-do-Flamengo.webp","width":1600,"height":1066,"caption":"Pedro, atacante do Flamengo (Foto: Gilvan de Souza)"},{"@type":"BreadcrumbList","@id":"https:\/\/www.gaveanews.com\/index.php\/2025\/09\/10\/a-declaracao-de-ramires-ex-chelsea-direcionada-a-pedro-do-flamengo\/#breadcrumb","itemListElement":[{"@type":"ListItem","position":1,"name":"Home","item":"https:\/\/www.gaveanews.com\/"},{"@type":"ListItem","position":2,"name":"A declara\u00e7\u00e3o de Ramires, ex-Chelsea, direcionada a Pedro, do Flamengo"}]},{"@type":"WebSite","@id":"https:\/\/www.gaveanews.com\/#website","url":"https:\/\/www.gaveanews.com\/","name":"G\u00e1vea News","description":"Veja todas as not\u00edcias sobre o Flamengo: Contrata\u00e7\u00f5es, categorias de base, resultados das partidas, tabela de classifica\u00e7\u00e3o, pr\u00f3ximos jogos!","potentialAction":[{"@type":"SearchAction","target":{"@type":"EntryPoint","urlTemplate":"https:\/\/www.gaveanews.com\/?s={search_term_string}"},"query-input":{"@type":"PropertyValueSpecification","valueRequired":true,"valueName":"search_term_string"}}],"inLanguage":"pt-BR"},{"@type":"Person","@id":"https:\/\/www.gaveanews.com\/#\/schema\/person\/fd07635ec039ec3ba74ad18ec8a6dbd6","name":"Henrique Machado","image":{"@type":"ImageObject","inLanguage":"pt-BR","@id":"https:\/\/www.gaveanews.com\/#\/schema\/person\/image\/","url":"https:\/\/secure.gravatar.com\/avatar\/b95e35997e01d9800c1b6184bd79d4d898d370a3fce2584f5c77b907d5c7d9e9?s=96&d=mm&r=g","contentUrl":"https:\/\/secure.gravatar.com\/avatar\/b95e35997e01d9800c1b6184bd79d4d898d370a3fce2584f5c77b907d5c7d9e9?s=96&d=mm&r=g","caption":"Henrique Machado"}}]}},"_links":{"self":[{"href":"https:\/\/www.gaveanews.com\/index.php\/wp-json\/wp\/v2\/posts\/276217","targetHints":{"allow":["GET"]}}],"collection":[{"href":"https:\/\/www.gaveanews.com\/index.php\/wp-json\/wp\/v2\/posts"}],"about":[{"href":"https:\/\/www.gaveanews.com\/index.php\/wp-json\/wp\/v2\/types\/post"}],"author":[{"embeddable":true,"href":"https:\/\/www.gaveanews.com\/index.php\/wp-json\/wp\/v2\/users\/15"}],"replies":[{"embeddable":true,"href":"https:\/\/www.gaveanews.com\/index.php\/wp-json\/wp\/v2\/comments?post=276217"}],"version-history":[{"count":3,"href":"https:\/\/www.gaveanews.com\/index.php\/wp-json\/wp\/v2\/posts\/276217\/revisions"}],"predecessor-version":[{"id":276222,"href":"https:\/\/www.gaveanews.com\/index.php\/wp-json\/wp\/v2\/posts\/276217\/revisions\/276222"}],"wp:featuredmedia":[{"embeddable":true,"href":"https:\/\/www.gaveanews.com\/index.php\/wp-json\/wp\/v2\/media\/144711"}],"wp:attachment":[{"href":"https:\/\/www.gaveanews.com\/index.php\/wp-json\/wp\/v2\/media?parent=276217"}],"wp:term":[{"taxonomy":"category","embeddable":true,"href":"https:\/\/www.gaveanews.com\/index.php\/wp-json\/wp\/v2\/categories?post=276217"},{"taxonomy":"post_tag","embeddable":true,"href":"https:\/\/www.gaveanews.com\/index.php\/wp-json\/wp\/v2\/tags?post=276217"}],"curies":[{"name":"wp","href":"https:\/\/api.w.org\/{rel}","templated":true}]}}