{"id":276223,"date":"2025-09-11T09:10:00","date_gmt":"2025-09-11T12:10:00","guid":{"rendered":"https:\/\/www.gaveanews.com\/?p=276223"},"modified":"2025-09-11T09:10:21","modified_gmt":"2025-09-11T12:10:21","slug":"adidas-toma-atitude-para-agradar-a-torcida-do-flamengo","status":"publish","type":"post","link":"https:\/\/www.gaveanews.com\/index.php\/2025\/09\/11\/adidas-toma-atitude-para-agradar-a-torcida-do-flamengo\/","title":{"rendered":"Adidas toma atitude para agradar a torcida do Flamengo"},"content":{"rendered":"\n<p>Patrocinadora oficial do <a href=\"https:\/\/www.gaveanews.com\/index.php\/category\/brasileirao\/flamengo\/\" target=\"_blank\" rel=\"noopener noreferrer\">Flamengo<\/a>, a adidas mant\u00e9m um programa global de fidelidade, o adiClub, que soma pontos conforme compras de produtos da marca. O clube, por sua vez, oferece o Na\u00e7\u00e3o, plano de s\u00f3cio-torcedor do Rubro-Negro. Afinal, a presen\u00e7a midi\u00e1tica e a base de torcedores do Flamengo sustentam iniciativas conjuntas entre a empresa alem\u00e3 e a equipe carioca.<\/p>\n\n\n\n<p>Agora, as duas institui\u00e7\u00f5es anunciaram um benef\u00edcio que conecta as plataformas. Usu\u00e1rios ativos no adiClub poder\u00e3o reverter pontos para a assinatura do Na\u00e7\u00e3o Sem Fronteiras, plano de s\u00f3cio-torcedor do Flamengo. O clube \u00e9 o primeiro parceiro global da empresa nessa modalidade. Com 700 pontos, o resgate equivale a 1 m\u00eas; com 1.800, a 3 meses, com desconto de 300 pontos.<\/p>\n\n\n\n<p>Segundo Andr\u00e9 Svartman, diretor s\u00eanior de marketing da adidas no Brasil, a iniciativa refor\u00e7a o car\u00e1ter global do programa de fidelidade e a posi\u00e7\u00e3o do Flamengo nessa estreia. Nesse contexto, ele destacou o foco em experi\u00eancias e acessos oferecidos pela marca.<\/p>\n\n\n\n<p>\u201cEstamos sempre trabalhando para oferecer n\u00e3o somente o melhor e mais diverso portf\u00f3lio de produtos, mas tamb\u00e9m as melhores experi\u00eancias e acessos que a nossa marca pode proporcionar. \u00c9 com muito orgulho que anunciamos o Flamengo como o primeiro clube parceiro no Adiclub, programa global de fidelidade da marca\u201d<\/p>\n\n\n\n<p>J\u00e1 Roberto Trinas, diretor de marketing do Flamengo, afirmou que a rela\u00e7\u00e3o com a adidas alcan\u00e7a um novo patamar. Ele disse que a parceria fortalece a conex\u00e3o do torcedor com o Na\u00e7\u00e3o e amplia formas de viver o clube no dia a dia.<\/p>\n\n\n\n<p>\u201cCom a Adidas, levamos essa rela\u00e7\u00e3o a um novo patamar, unindo a paix\u00e3o dos rubro-negros a benef\u00edcios concretos e experi\u00eancias exclusivas. O Adiclub passa a ser uma porta de entrada para fortalecer a conex\u00e3o do torcedor com o Na\u00e7\u00e3o, ampliando o acesso e oferecendo novas formas de viver o Mais Querido\u201d<\/p>\n\n\n\n<p>A mec\u00e2nica ocorre no site da adidas Brasil ou no app da marca. A inscri\u00e7\u00e3o no adiClub \u00e9 gratuita, e os pontos s\u00e3o acumulados conforme compras. Depois, o usu\u00e1rio resgata um cupom e aplica o benef\u00edcio em nacao.flamengo.com.br, optando pelo Na\u00e7\u00e3o Sem Fronteiras. Os cupons s\u00e3o v\u00e1lidos para novos usu\u00e1rios do Na\u00e7\u00e3o em contrata\u00e7\u00f5es via cart\u00e3o de cr\u00e9dito.<\/p>\n\n\n\n<p>Entre os benef\u00edcios do Na\u00e7\u00e3o Sem Fronteiras, est\u00e1 a vantagem na hora de comprar ingressos para jogos do Flamengo fora do Rio de Janeiro, al\u00e9m de cashback e outras ativa\u00e7\u00f5es. J\u00e1 os usu\u00e1rios adiClub contam com acesso antecipado a lan\u00e7amentos, ativa\u00e7\u00f5es e parcerias comerciais exclusivas, al\u00e9m da participa\u00e7\u00e3o em eventos restritos.<\/p>\n","protected":false},"excerpt":{"rendered":"<p>Patrocinadora oficial do Flamengo, a adidas mant\u00e9m um programa global de fidelidade, o adiClub, que soma pontos conforme compras de produtos da marca. O clube, por sua vez, oferece o Na\u00e7\u00e3o, plano de s\u00f3cio-torcedor do Rubro-Negro. Afinal, a presen\u00e7a midi\u00e1tica e a base de torcedores do Flamengo sustentam iniciativas conjuntas entre a empresa alem\u00e3 e [&hellip;]<\/p>\n","protected":false},"author":39,"featured_media":97525,"comment_status":"open","ping_status":"closed","sticky":false,"template":"","format":"standard","meta":{"footnotes":""},"categories":[1],"tags":[],"class_list":["post-276223","post","type-post","status-publish","format-standard","has-post-thumbnail","hentry","category-flamengo"],"yoast_head":"<!-- This site is optimized with the Yoast SEO Premium plugin v24.2 (Yoast SEO v26.9) - https:\/\/yoast.com\/product\/yoast-seo-premium-wordpress\/ -->\n<title>Adidas toma atitude para agradar a torcida do Flamengo<\/title>\n<meta name=\"robots\" content=\"index, follow, max-snippet:-1, max-image-preview:large, max-video-preview:-1\" \/>\n<link rel=\"canonical\" href=\"https:\/\/www.gaveanews.com\/index.php\/2025\/09\/11\/adidas-toma-atitude-para-agradar-a-torcida-do-flamengo\/\" \/>\n<meta property=\"og:locale\" content=\"pt_BR\" \/>\n<meta property=\"og:type\" content=\"article\" \/>\n<meta property=\"og:title\" content=\"Adidas toma atitude para agradar a torcida do Flamengo\" \/>\n<meta property=\"og:description\" content=\"Patrocinadora oficial do Flamengo, a adidas mant\u00e9m um programa global de fidelidade, o adiClub, que soma pontos conforme compras de produtos da marca. O clube, por sua vez, oferece o Na\u00e7\u00e3o, plano de s\u00f3cio-torcedor do Rubro-Negro. Afinal, a presen\u00e7a midi\u00e1tica e a base de torcedores do Flamengo sustentam iniciativas conjuntas entre a empresa alem\u00e3 e [&hellip;]\" \/>\n<meta property=\"og:url\" content=\"https:\/\/www.gaveanews.com\/index.php\/2025\/09\/11\/adidas-toma-atitude-para-agradar-a-torcida-do-flamengo\/\" \/>\n<meta property=\"og:site_name\" content=\"G\u00e1vea News\" \/>\n<meta property=\"article:publisher\" content=\"https:\/\/facebook.com\/gaveaNews\/\" \/>\n<meta property=\"article:published_time\" content=\"2025-09-11T12:10:00+00:00\" \/>\n<meta property=\"article:modified_time\" content=\"2025-09-11T12:10:21+00:00\" \/>\n<meta property=\"og:image\" content=\"http:\/\/www.gaveanews.com\/wp-content\/uploads\/Logomarca-da-Adidas-ao-lado-do-escudo-do-Flamengo.webp\" \/>\n\t<meta property=\"og:image:width\" content=\"1920\" \/>\n\t<meta property=\"og:image:height\" content=\"1277\" \/>\n\t<meta property=\"og:image:type\" content=\"image\/webp\" \/>\n<meta name=\"author\" content=\"Reda\u00e7\u00e3o\" \/>\n<meta name=\"twitter:card\" content=\"summary_large_image\" \/>\n<meta name=\"twitter:label1\" content=\"Escrito por\" \/>\n\t<meta name=\"twitter:data1\" content=\"Reda\u00e7\u00e3o\" \/>\n\t<meta name=\"twitter:label2\" content=\"Est. tempo de leitura\" \/>\n\t<meta name=\"twitter:data2\" content=\"3 minutos\" \/>\n<script type=\"application\/ld+json\" class=\"yoast-schema-graph\">{\"@context\":\"https:\/\/schema.org\",\"@graph\":[{\"@type\":\"NewsArticle\",\"@id\":\"https:\/\/www.gaveanews.com\/index.php\/2025\/09\/11\/adidas-toma-atitude-para-agradar-a-torcida-do-flamengo\/#article\",\"isPartOf\":{\"@id\":\"https:\/\/www.gaveanews.com\/index.php\/2025\/09\/11\/adidas-toma-atitude-para-agradar-a-torcida-do-flamengo\/\"},\"author\":{\"name\":\"Reda\u00e7\u00e3o\",\"@id\":\"https:\/\/www.gaveanews.com\/#\/schema\/person\/c88645e3d550d0b6574305e67dd5a716\"},\"headline\":\"Adidas toma atitude para agradar a torcida do Flamengo\",\"datePublished\":\"2025-09-11T12:10:00+00:00\",\"dateModified\":\"2025-09-11T12:10:21+00:00\",\"mainEntityOfPage\":{\"@id\":\"https:\/\/www.gaveanews.com\/index.php\/2025\/09\/11\/adidas-toma-atitude-para-agradar-a-torcida-do-flamengo\/\"},\"wordCount\":468,\"commentCount\":0,\"image\":{\"@id\":\"https:\/\/www.gaveanews.com\/index.php\/2025\/09\/11\/adidas-toma-atitude-para-agradar-a-torcida-do-flamengo\/#primaryimage\"},\"thumbnailUrl\":\"https:\/\/www.gaveanews.com\/wp-content\/uploads\/Logomarca-da-Adidas-ao-lado-do-escudo-do-Flamengo.webp\",\"articleSection\":[\"Flamengo\"],\"inLanguage\":\"pt-BR\",\"potentialAction\":[{\"@type\":\"CommentAction\",\"name\":\"Comment\",\"target\":[\"https:\/\/www.gaveanews.com\/index.php\/2025\/09\/11\/adidas-toma-atitude-para-agradar-a-torcida-do-flamengo\/#respond\"]}],\"copyrightYear\":\"2025\",\"copyrightHolder\":{\"@id\":\"https:\/\/www.gaveanews.com\/#organization\"}},{\"@type\":\"WebPage\",\"@id\":\"https:\/\/www.gaveanews.com\/index.php\/2025\/09\/11\/adidas-toma-atitude-para-agradar-a-torcida-do-flamengo\/\",\"url\":\"https:\/\/www.gaveanews.com\/index.php\/2025\/09\/11\/adidas-toma-atitude-para-agradar-a-torcida-do-flamengo\/\",\"name\":\"Adidas toma atitude para agradar a torcida do Flamengo\",\"isPartOf\":{\"@id\":\"https:\/\/www.gaveanews.com\/#website\"},\"primaryImageOfPage\":{\"@id\":\"https:\/\/www.gaveanews.com\/index.php\/2025\/09\/11\/adidas-toma-atitude-para-agradar-a-torcida-do-flamengo\/#primaryimage\"},\"image\":{\"@id\":\"https:\/\/www.gaveanews.com\/index.php\/2025\/09\/11\/adidas-toma-atitude-para-agradar-a-torcida-do-flamengo\/#primaryimage\"},\"thumbnailUrl\":\"https:\/\/www.gaveanews.com\/wp-content\/uploads\/Logomarca-da-Adidas-ao-lado-do-escudo-do-Flamengo.webp\",\"datePublished\":\"2025-09-11T12:10:00+00:00\",\"dateModified\":\"2025-09-11T12:10:21+00:00\",\"author\":{\"@id\":\"https:\/\/www.gaveanews.com\/#\/schema\/person\/c88645e3d550d0b6574305e67dd5a716\"},\"breadcrumb\":{\"@id\":\"https:\/\/www.gaveanews.com\/index.php\/2025\/09\/11\/adidas-toma-atitude-para-agradar-a-torcida-do-flamengo\/#breadcrumb\"},\"inLanguage\":\"pt-BR\",\"potentialAction\":[{\"@type\":\"ReadAction\",\"target\":[\"https:\/\/www.gaveanews.com\/index.php\/2025\/09\/11\/adidas-toma-atitude-para-agradar-a-torcida-do-flamengo\/\"]}]},{\"@type\":\"ImageObject\",\"inLanguage\":\"pt-BR\",\"@id\":\"https:\/\/www.gaveanews.com\/index.php\/2025\/09\/11\/adidas-toma-atitude-para-agradar-a-torcida-do-flamengo\/#primaryimage\",\"url\":\"https:\/\/www.gaveanews.com\/wp-content\/uploads\/Logomarca-da-Adidas-ao-lado-do-escudo-do-Flamengo.webp\",\"contentUrl\":\"https:\/\/www.gaveanews.com\/wp-content\/uploads\/Logomarca-da-Adidas-ao-lado-do-escudo-do-Flamengo.webp\",\"width\":1920,\"height\":1277,\"caption\":\"Logomarca da Adidas ao lado do escudo do Flamengo (Foto: Reprodu\u00e7\u00e3o)\"},{\"@type\":\"BreadcrumbList\",\"@id\":\"https:\/\/www.gaveanews.com\/index.php\/2025\/09\/11\/adidas-toma-atitude-para-agradar-a-torcida-do-flamengo\/#breadcrumb\",\"itemListElement\":[{\"@type\":\"ListItem\",\"position\":1,\"name\":\"Home\",\"item\":\"https:\/\/www.gaveanews.com\/\"},{\"@type\":\"ListItem\",\"position\":2,\"name\":\"Adidas toma atitude para agradar a torcida do Flamengo\"}]},{\"@type\":\"WebSite\",\"@id\":\"https:\/\/www.gaveanews.com\/#website\",\"url\":\"https:\/\/www.gaveanews.com\/\",\"name\":\"G\u00e1vea News\",\"description\":\"Veja todas as not\u00edcias sobre o Flamengo: Contrata\u00e7\u00f5es, categorias de base, resultados das partidas, tabela de classifica\u00e7\u00e3o, pr\u00f3ximos jogos!\",\"potentialAction\":[{\"@type\":\"SearchAction\",\"target\":{\"@type\":\"EntryPoint\",\"urlTemplate\":\"https:\/\/www.gaveanews.com\/?s={search_term_string}\"},\"query-input\":{\"@type\":\"PropertyValueSpecification\",\"valueRequired\":true,\"valueName\":\"search_term_string\"}}],\"inLanguage\":\"pt-BR\"},{\"@type\":\"Person\",\"@id\":\"https:\/\/www.gaveanews.com\/#\/schema\/person\/c88645e3d550d0b6574305e67dd5a716\",\"name\":\"Reda\u00e7\u00e3o\",\"image\":{\"@type\":\"ImageObject\",\"inLanguage\":\"pt-BR\",\"@id\":\"https:\/\/www.gaveanews.com\/#\/schema\/person\/image\/\",\"url\":\"https:\/\/secure.gravatar.com\/avatar\/434098fd823f0dc1b062d14ca22bacaa6e38de28d8c816bbef6fc2f8c44d8ba3?s=96&d=mm&r=g\",\"contentUrl\":\"https:\/\/secure.gravatar.com\/avatar\/434098fd823f0dc1b062d14ca22bacaa6e38de28d8c816bbef6fc2f8c44d8ba3?s=96&d=mm&r=g\",\"caption\":\"Reda\u00e7\u00e3o\"}}]}<\/script>\n<!-- \/ Yoast SEO Premium plugin. -->","yoast_head_json":{"title":"Adidas toma atitude para agradar a torcida do Flamengo","robots":{"index":"index","follow":"follow","max-snippet":"max-snippet:-1","max-image-preview":"max-image-preview:large","max-video-preview":"max-video-preview:-1"},"canonical":"https:\/\/www.gaveanews.com\/index.php\/2025\/09\/11\/adidas-toma-atitude-para-agradar-a-torcida-do-flamengo\/","og_locale":"pt_BR","og_type":"article","og_title":"Adidas toma atitude para agradar a torcida do Flamengo","og_description":"Patrocinadora oficial do Flamengo, a adidas mant\u00e9m um programa global de fidelidade, o adiClub, que soma pontos conforme compras de produtos da marca. O clube, por sua vez, oferece o Na\u00e7\u00e3o, plano de s\u00f3cio-torcedor do Rubro-Negro. Afinal, a presen\u00e7a midi\u00e1tica e a base de torcedores do Flamengo sustentam iniciativas conjuntas entre a empresa alem\u00e3 e [&hellip;]","og_url":"https:\/\/www.gaveanews.com\/index.php\/2025\/09\/11\/adidas-toma-atitude-para-agradar-a-torcida-do-flamengo\/","og_site_name":"G\u00e1vea News","article_publisher":"https:\/\/facebook.com\/gaveaNews\/","article_published_time":"2025-09-11T12:10:00+00:00","article_modified_time":"2025-09-11T12:10:21+00:00","og_image":[{"width":1920,"height":1277,"url":"http:\/\/www.gaveanews.com\/wp-content\/uploads\/Logomarca-da-Adidas-ao-lado-do-escudo-do-Flamengo.webp","type":"image\/webp"}],"author":"Reda\u00e7\u00e3o","twitter_card":"summary_large_image","twitter_misc":{"Escrito por":"Reda\u00e7\u00e3o","Est. tempo de leitura":"3 minutos"},"schema":{"@context":"https:\/\/schema.org","@graph":[{"@type":"NewsArticle","@id":"https:\/\/www.gaveanews.com\/index.php\/2025\/09\/11\/adidas-toma-atitude-para-agradar-a-torcida-do-flamengo\/#article","isPartOf":{"@id":"https:\/\/www.gaveanews.com\/index.php\/2025\/09\/11\/adidas-toma-atitude-para-agradar-a-torcida-do-flamengo\/"},"author":{"name":"Reda\u00e7\u00e3o","@id":"https:\/\/www.gaveanews.com\/#\/schema\/person\/c88645e3d550d0b6574305e67dd5a716"},"headline":"Adidas toma atitude para agradar a torcida do Flamengo","datePublished":"2025-09-11T12:10:00+00:00","dateModified":"2025-09-11T12:10:21+00:00","mainEntityOfPage":{"@id":"https:\/\/www.gaveanews.com\/index.php\/2025\/09\/11\/adidas-toma-atitude-para-agradar-a-torcida-do-flamengo\/"},"wordCount":468,"commentCount":0,"image":{"@id":"https:\/\/www.gaveanews.com\/index.php\/2025\/09\/11\/adidas-toma-atitude-para-agradar-a-torcida-do-flamengo\/#primaryimage"},"thumbnailUrl":"https:\/\/www.gaveanews.com\/wp-content\/uploads\/Logomarca-da-Adidas-ao-lado-do-escudo-do-Flamengo.webp","articleSection":["Flamengo"],"inLanguage":"pt-BR","potentialAction":[{"@type":"CommentAction","name":"Comment","target":["https:\/\/www.gaveanews.com\/index.php\/2025\/09\/11\/adidas-toma-atitude-para-agradar-a-torcida-do-flamengo\/#respond"]}],"copyrightYear":"2025","copyrightHolder":{"@id":"https:\/\/www.gaveanews.com\/#organization"}},{"@type":"WebPage","@id":"https:\/\/www.gaveanews.com\/index.php\/2025\/09\/11\/adidas-toma-atitude-para-agradar-a-torcida-do-flamengo\/","url":"https:\/\/www.gaveanews.com\/index.php\/2025\/09\/11\/adidas-toma-atitude-para-agradar-a-torcida-do-flamengo\/","name":"Adidas toma atitude para agradar a torcida do Flamengo","isPartOf":{"@id":"https:\/\/www.gaveanews.com\/#website"},"primaryImageOfPage":{"@id":"https:\/\/www.gaveanews.com\/index.php\/2025\/09\/11\/adidas-toma-atitude-para-agradar-a-torcida-do-flamengo\/#primaryimage"},"image":{"@id":"https:\/\/www.gaveanews.com\/index.php\/2025\/09\/11\/adidas-toma-atitude-para-agradar-a-torcida-do-flamengo\/#primaryimage"},"thumbnailUrl":"https:\/\/www.gaveanews.com\/wp-content\/uploads\/Logomarca-da-Adidas-ao-lado-do-escudo-do-Flamengo.webp","datePublished":"2025-09-11T12:10:00+00:00","dateModified":"2025-09-11T12:10:21+00:00","author":{"@id":"https:\/\/www.gaveanews.com\/#\/schema\/person\/c88645e3d550d0b6574305e67dd5a716"},"breadcrumb":{"@id":"https:\/\/www.gaveanews.com\/index.php\/2025\/09\/11\/adidas-toma-atitude-para-agradar-a-torcida-do-flamengo\/#breadcrumb"},"inLanguage":"pt-BR","potentialAction":[{"@type":"ReadAction","target":["https:\/\/www.gaveanews.com\/index.php\/2025\/09\/11\/adidas-toma-atitude-para-agradar-a-torcida-do-flamengo\/"]}]},{"@type":"ImageObject","inLanguage":"pt-BR","@id":"https:\/\/www.gaveanews.com\/index.php\/2025\/09\/11\/adidas-toma-atitude-para-agradar-a-torcida-do-flamengo\/#primaryimage","url":"https:\/\/www.gaveanews.com\/wp-content\/uploads\/Logomarca-da-Adidas-ao-lado-do-escudo-do-Flamengo.webp","contentUrl":"https:\/\/www.gaveanews.com\/wp-content\/uploads\/Logomarca-da-Adidas-ao-lado-do-escudo-do-Flamengo.webp","width":1920,"height":1277,"caption":"Logomarca da Adidas ao lado do escudo do Flamengo (Foto: Reprodu\u00e7\u00e3o)"},{"@type":"BreadcrumbList","@id":"https:\/\/www.gaveanews.com\/index.php\/2025\/09\/11\/adidas-toma-atitude-para-agradar-a-torcida-do-flamengo\/#breadcrumb","itemListElement":[{"@type":"ListItem","position":1,"name":"Home","item":"https:\/\/www.gaveanews.com\/"},{"@type":"ListItem","position":2,"name":"Adidas toma atitude para agradar a torcida do Flamengo"}]},{"@type":"WebSite","@id":"https:\/\/www.gaveanews.com\/#website","url":"https:\/\/www.gaveanews.com\/","name":"G\u00e1vea News","description":"Veja todas as not\u00edcias sobre o Flamengo: Contrata\u00e7\u00f5es, categorias de base, resultados das partidas, tabela de classifica\u00e7\u00e3o, pr\u00f3ximos jogos!","potentialAction":[{"@type":"SearchAction","target":{"@type":"EntryPoint","urlTemplate":"https:\/\/www.gaveanews.com\/?s={search_term_string}"},"query-input":{"@type":"PropertyValueSpecification","valueRequired":true,"valueName":"search_term_string"}}],"inLanguage":"pt-BR"},{"@type":"Person","@id":"https:\/\/www.gaveanews.com\/#\/schema\/person\/c88645e3d550d0b6574305e67dd5a716","name":"Reda\u00e7\u00e3o","image":{"@type":"ImageObject","inLanguage":"pt-BR","@id":"https:\/\/www.gaveanews.com\/#\/schema\/person\/image\/","url":"https:\/\/secure.gravatar.com\/avatar\/434098fd823f0dc1b062d14ca22bacaa6e38de28d8c816bbef6fc2f8c44d8ba3?s=96&d=mm&r=g","contentUrl":"https:\/\/secure.gravatar.com\/avatar\/434098fd823f0dc1b062d14ca22bacaa6e38de28d8c816bbef6fc2f8c44d8ba3?s=96&d=mm&r=g","caption":"Reda\u00e7\u00e3o"}}]}},"_links":{"self":[{"href":"https:\/\/www.gaveanews.com\/index.php\/wp-json\/wp\/v2\/posts\/276223","targetHints":{"allow":["GET"]}}],"collection":[{"href":"https:\/\/www.gaveanews.com\/index.php\/wp-json\/wp\/v2\/posts"}],"about":[{"href":"https:\/\/www.gaveanews.com\/index.php\/wp-json\/wp\/v2\/types\/post"}],"author":[{"embeddable":true,"href":"https:\/\/www.gaveanews.com\/index.php\/wp-json\/wp\/v2\/users\/39"}],"replies":[{"embeddable":true,"href":"https:\/\/www.gaveanews.com\/index.php\/wp-json\/wp\/v2\/comments?post=276223"}],"version-history":[{"count":2,"href":"https:\/\/www.gaveanews.com\/index.php\/wp-json\/wp\/v2\/posts\/276223\/revisions"}],"predecessor-version":[{"id":276240,"href":"https:\/\/www.gaveanews.com\/index.php\/wp-json\/wp\/v2\/posts\/276223\/revisions\/276240"}],"wp:featuredmedia":[{"embeddable":true,"href":"https:\/\/www.gaveanews.com\/index.php\/wp-json\/wp\/v2\/media\/97525"}],"wp:attachment":[{"href":"https:\/\/www.gaveanews.com\/index.php\/wp-json\/wp\/v2\/media?parent=276223"}],"wp:term":[{"taxonomy":"category","embeddable":true,"href":"https:\/\/www.gaveanews.com\/index.php\/wp-json\/wp\/v2\/categories?post=276223"},{"taxonomy":"post_tag","embeddable":true,"href":"https:\/\/www.gaveanews.com\/index.php\/wp-json\/wp\/v2\/tags?post=276223"}],"curies":[{"name":"wp","href":"https:\/\/api.w.org\/{rel}","templated":true}]}}