{"id":276226,"date":"2025-09-11T09:47:43","date_gmt":"2025-09-11T12:47:43","guid":{"rendered":"https:\/\/www.gaveanews.com\/?p=276226"},"modified":"2025-09-11T09:47:49","modified_gmt":"2025-09-11T12:47:49","slug":"ele-esta-insatisfeito-no-flamengo-e-quer-deixar-o-clube-2","status":"publish","type":"post","link":"https:\/\/www.gaveanews.com\/index.php\/2025\/09\/11\/ele-esta-insatisfeito-no-flamengo-e-quer-deixar-o-clube-2\/","title":{"rendered":"Ele est\u00e1 insatisfeito no Flamengo e quer deixar o clube"},"content":{"rendered":"\n<p>O Gr\u00eamio planeja refor\u00e7os de impacto para 2026, segundo relatos da imprensa. Nesse cen\u00e1rio, Everton Cebolinha mant\u00e9m v\u00ednculo com o <a href=\"https:\/\/www.gaveanews.com\/index.php\/category\/brasileirao\/flamengo\/\" target=\"_blank\" rel=\"noopener noreferrer\">Flamengo<\/a> at\u00e9 dezembro de 2026, ap\u00f3s transfer\u00eancia feita junto ao Benfica. O atacante brilhou com a camisa do Gr\u00eamio entre 2016 e 2020, e permanece em destaque entre torcedores pela trajet\u00f3ria constru\u00edda em Porto Alegre.<\/p>\n\n\n\n<p>De acordo com Bruno Soares, da Band RS, Marcelo Marques, prov\u00e1vel novo presidente do Gr\u00eamio a partir de 2026, trabalha nos bastidores e definiu quatro prioridades para o elenco. Al\u00e9m disso, o plano ofensivo inclui R\u00f3ger Guedes e Everton Cebolinha. As outras frentes s\u00e3o um goleiro e um zagueiro, ainda sem nomes definidos.<\/p>\n\n\n\n<p>O interesse gremista ganha for\u00e7a diante do cen\u00e1rio do atacante no Rio de Janeiro. Atualmente, ele \u00e9 reserva sob o comando de Filipe Lu\u00eds. Segundo o jornalista Diogo Rossi, Cebolinha teria confidenciado a pessoas pr\u00f3ximas o desejo de deixar o Flamengo para voltar ao Gr\u00eamio. A publica\u00e7\u00e3o acrescenta que j\u00e1 est\u00e1 decidido que o jogador termina 2025 no Flamengo.<\/p>\n\n\n\n<figure class=\"wp-block-image size-full\"><img loading=\"lazy\" decoding=\"async\" width=\"900\" height=\"600\" src=\"http:\/\/www.gaveanews.com\/wp-content\/uploads\/everton-cebolinha-flamengo-santos.webp\" alt=\"\" class=\"wp-image-101158\" srcset=\"https:\/\/www.gaveanews.com\/wp-content\/uploads\/everton-cebolinha-flamengo-santos.webp 900w, https:\/\/www.gaveanews.com\/wp-content\/uploads\/everton-cebolinha-flamengo-santos-300x200.webp 300w, https:\/\/www.gaveanews.com\/wp-content\/uploads\/everton-cebolinha-flamengo-santos-768x512.webp 768w, https:\/\/www.gaveanews.com\/wp-content\/uploads\/everton-cebolinha-flamengo-santos-630x420.webp 630w, https:\/\/www.gaveanews.com\/wp-content\/uploads\/everton-cebolinha-flamengo-santos-640x427.webp 640w, https:\/\/www.gaveanews.com\/wp-content\/uploads\/everton-cebolinha-flamengo-santos-681x454.webp 681w, https:\/\/www.gaveanews.com\/wp-content\/uploads\/everton-cebolinha-flamengo-santos-100x67.webp 100w\" sizes=\"auto, (max-width: 900px) 100vw, 900px\" \/><figcaption class=\"wp-element-caption\">Everton Cebolinha em a\u00e7\u00e3o pelo Flamengo (Foto: Gilvan de Souza\/Flamengo)<\/figcaption><\/figure>\n\n\n\n<p>Entretanto, existem entraves contratuais e financeiros. O Flamengo pagou cerca de 13,5 milh\u00f5es de euros ao Benfica por Cebolinha, e o contrato vai at\u00e9 dezembro de 2026. Caso o jogador n\u00e3o renove, ele poderia assinar um pr\u00e9-contrato a partir de julho do pr\u00f3ximo ano. Se deixar a G\u00e1vea antes do fim do v\u00ednculo, o Flamengo dever\u00e1 exigir compensa\u00e7\u00e3o financeira.<\/p>\n\n\n\n<p>Al\u00e9m disso, os n\u00fameros recentes sustentam o interesse. Com a camisa do Flamengo, Cebolinha disputou 157 partidas, marcou 19 gols e venceu seis t\u00edtulos. Entre eles, o Campeonato Carioca de 2024 e 2025, a Copa do Brasil em 2022 e 2024, a Supercopa do Brasil em 2025 e a Conmebol Libertadores em 2022.<\/p>\n\n\n\n<p>Por outro lado, o hist\u00f3rico das tratativas com R\u00f3ger Guedes ilustra o n\u00edvel de ambi\u00e7\u00e3o. Segundo Bruno Soares, o Gr\u00eamio negociou de forma insistente na \u00faltima janela, mas o Al-Rayyan recusou liberar o jogador. A negativa frustrou dirigentes e torcedores, e Marques segue convicto em traz\u00ea-lo a Porto Alegre a partir de uma nova gest\u00e3o.<\/p>\n","protected":false},"excerpt":{"rendered":"<p>O Gr\u00eamio planeja refor\u00e7os de impacto para 2026, segundo relatos da imprensa. Nesse cen\u00e1rio, Everton Cebolinha mant\u00e9m v\u00ednculo com o Flamengo at\u00e9 dezembro de 2026, ap\u00f3s transfer\u00eancia feita junto ao Benfica. O atacante brilhou com a camisa do Gr\u00eamio entre 2016 e 2020, e permanece em destaque entre torcedores pela trajet\u00f3ria constru\u00edda em Porto Alegre. [&hellip;]<\/p>\n","protected":false},"author":39,"featured_media":127354,"comment_status":"open","ping_status":"closed","sticky":false,"template":"","format":"standard","meta":{"footnotes":""},"categories":[1],"tags":[],"class_list":["post-276226","post","type-post","status-publish","format-standard","has-post-thumbnail","hentry","category-flamengo"],"yoast_head":"<!-- This site is optimized with the Yoast SEO Premium plugin v24.2 (Yoast SEO v26.9) - https:\/\/yoast.com\/product\/yoast-seo-premium-wordpress\/ -->\n<title>Ele est\u00e1 insatisfeito no Flamengo e quer deixar o clube<\/title>\n<meta name=\"robots\" content=\"index, follow, max-snippet:-1, max-image-preview:large, max-video-preview:-1\" \/>\n<link rel=\"canonical\" href=\"https:\/\/www.gaveanews.com\/index.php\/2025\/09\/11\/ele-esta-insatisfeito-no-flamengo-e-quer-deixar-o-clube-2\/\" \/>\n<meta property=\"og:locale\" content=\"pt_BR\" \/>\n<meta property=\"og:type\" content=\"article\" \/>\n<meta property=\"og:title\" content=\"Ele est\u00e1 insatisfeito no Flamengo e quer deixar o clube\" \/>\n<meta property=\"og:description\" content=\"O Gr\u00eamio planeja refor\u00e7os de impacto para 2026, segundo relatos da imprensa. Nesse cen\u00e1rio, Everton Cebolinha mant\u00e9m v\u00ednculo com o Flamengo at\u00e9 dezembro de 2026, ap\u00f3s transfer\u00eancia feita junto ao Benfica. O atacante brilhou com a camisa do Gr\u00eamio entre 2016 e 2020, e permanece em destaque entre torcedores pela trajet\u00f3ria constru\u00edda em Porto Alegre. [&hellip;]\" \/>\n<meta property=\"og:url\" content=\"https:\/\/www.gaveanews.com\/index.php\/2025\/09\/11\/ele-esta-insatisfeito-no-flamengo-e-quer-deixar-o-clube-2\/\" \/>\n<meta property=\"og:site_name\" content=\"G\u00e1vea News\" \/>\n<meta property=\"article:publisher\" content=\"https:\/\/facebook.com\/gaveaNews\/\" \/>\n<meta property=\"article:published_time\" content=\"2025-09-11T12:47:43+00:00\" \/>\n<meta property=\"article:modified_time\" content=\"2025-09-11T12:47:49+00:00\" \/>\n<meta property=\"og:image\" content=\"http:\/\/www.gaveanews.com\/wp-content\/uploads\/camisa-flamengo.webp\" \/>\n\t<meta property=\"og:image:width\" content=\"483\" \/>\n\t<meta property=\"og:image:height\" content=\"322\" \/>\n\t<meta property=\"og:image:type\" content=\"image\/webp\" \/>\n<meta name=\"author\" content=\"Reda\u00e7\u00e3o\" \/>\n<meta name=\"twitter:card\" content=\"summary_large_image\" \/>\n<meta name=\"twitter:label1\" content=\"Escrito por\" \/>\n\t<meta name=\"twitter:data1\" content=\"Reda\u00e7\u00e3o\" \/>\n\t<meta name=\"twitter:label2\" content=\"Est. tempo de leitura\" \/>\n\t<meta name=\"twitter:data2\" content=\"3 minutos\" \/>\n<script type=\"application\/ld+json\" class=\"yoast-schema-graph\">{\"@context\":\"https:\/\/schema.org\",\"@graph\":[{\"@type\":\"NewsArticle\",\"@id\":\"https:\/\/www.gaveanews.com\/index.php\/2025\/09\/11\/ele-esta-insatisfeito-no-flamengo-e-quer-deixar-o-clube-2\/#article\",\"isPartOf\":{\"@id\":\"https:\/\/www.gaveanews.com\/index.php\/2025\/09\/11\/ele-esta-insatisfeito-no-flamengo-e-quer-deixar-o-clube-2\/\"},\"author\":{\"name\":\"Reda\u00e7\u00e3o\",\"@id\":\"https:\/\/www.gaveanews.com\/#\/schema\/person\/c88645e3d550d0b6574305e67dd5a716\"},\"headline\":\"Ele est\u00e1 insatisfeito no Flamengo e quer deixar o clube\",\"datePublished\":\"2025-09-11T12:47:43+00:00\",\"dateModified\":\"2025-09-11T12:47:49+00:00\",\"mainEntityOfPage\":{\"@id\":\"https:\/\/www.gaveanews.com\/index.php\/2025\/09\/11\/ele-esta-insatisfeito-no-flamengo-e-quer-deixar-o-clube-2\/\"},\"wordCount\":377,\"commentCount\":0,\"image\":{\"@id\":\"https:\/\/www.gaveanews.com\/index.php\/2025\/09\/11\/ele-esta-insatisfeito-no-flamengo-e-quer-deixar-o-clube-2\/#primaryimage\"},\"thumbnailUrl\":\"https:\/\/www.gaveanews.com\/wp-content\/uploads\/camisa-flamengo.webp\",\"articleSection\":[\"Flamengo\"],\"inLanguage\":\"pt-BR\",\"potentialAction\":[{\"@type\":\"CommentAction\",\"name\":\"Comment\",\"target\":[\"https:\/\/www.gaveanews.com\/index.php\/2025\/09\/11\/ele-esta-insatisfeito-no-flamengo-e-quer-deixar-o-clube-2\/#respond\"]}],\"copyrightYear\":\"2025\",\"copyrightHolder\":{\"@id\":\"https:\/\/www.gaveanews.com\/#organization\"}},{\"@type\":\"WebPage\",\"@id\":\"https:\/\/www.gaveanews.com\/index.php\/2025\/09\/11\/ele-esta-insatisfeito-no-flamengo-e-quer-deixar-o-clube-2\/\",\"url\":\"https:\/\/www.gaveanews.com\/index.php\/2025\/09\/11\/ele-esta-insatisfeito-no-flamengo-e-quer-deixar-o-clube-2\/\",\"name\":\"Ele est\u00e1 insatisfeito no Flamengo e quer deixar o clube\",\"isPartOf\":{\"@id\":\"https:\/\/www.gaveanews.com\/#website\"},\"primaryImageOfPage\":{\"@id\":\"https:\/\/www.gaveanews.com\/index.php\/2025\/09\/11\/ele-esta-insatisfeito-no-flamengo-e-quer-deixar-o-clube-2\/#primaryimage\"},\"image\":{\"@id\":\"https:\/\/www.gaveanews.com\/index.php\/2025\/09\/11\/ele-esta-insatisfeito-no-flamengo-e-quer-deixar-o-clube-2\/#primaryimage\"},\"thumbnailUrl\":\"https:\/\/www.gaveanews.com\/wp-content\/uploads\/camisa-flamengo.webp\",\"datePublished\":\"2025-09-11T12:47:43+00:00\",\"dateModified\":\"2025-09-11T12:47:49+00:00\",\"author\":{\"@id\":\"https:\/\/www.gaveanews.com\/#\/schema\/person\/c88645e3d550d0b6574305e67dd5a716\"},\"breadcrumb\":{\"@id\":\"https:\/\/www.gaveanews.com\/index.php\/2025\/09\/11\/ele-esta-insatisfeito-no-flamengo-e-quer-deixar-o-clube-2\/#breadcrumb\"},\"inLanguage\":\"pt-BR\",\"potentialAction\":[{\"@type\":\"ReadAction\",\"target\":[\"https:\/\/www.gaveanews.com\/index.php\/2025\/09\/11\/ele-esta-insatisfeito-no-flamengo-e-quer-deixar-o-clube-2\/\"]}]},{\"@type\":\"ImageObject\",\"inLanguage\":\"pt-BR\",\"@id\":\"https:\/\/www.gaveanews.com\/index.php\/2025\/09\/11\/ele-esta-insatisfeito-no-flamengo-e-quer-deixar-o-clube-2\/#primaryimage\",\"url\":\"https:\/\/www.gaveanews.com\/wp-content\/uploads\/camisa-flamengo.webp\",\"contentUrl\":\"https:\/\/www.gaveanews.com\/wp-content\/uploads\/camisa-flamengo.webp\",\"width\":483,\"height\":322,\"caption\":\"Escudo do Flamengo (Foto: Reprodu\u00e7\u00e3o)\"},{\"@type\":\"BreadcrumbList\",\"@id\":\"https:\/\/www.gaveanews.com\/index.php\/2025\/09\/11\/ele-esta-insatisfeito-no-flamengo-e-quer-deixar-o-clube-2\/#breadcrumb\",\"itemListElement\":[{\"@type\":\"ListItem\",\"position\":1,\"name\":\"Home\",\"item\":\"https:\/\/www.gaveanews.com\/\"},{\"@type\":\"ListItem\",\"position\":2,\"name\":\"Ele est\u00e1 insatisfeito no Flamengo e quer deixar o clube\"}]},{\"@type\":\"WebSite\",\"@id\":\"https:\/\/www.gaveanews.com\/#website\",\"url\":\"https:\/\/www.gaveanews.com\/\",\"name\":\"G\u00e1vea News\",\"description\":\"Veja todas as not\u00edcias sobre o Flamengo: Contrata\u00e7\u00f5es, categorias de base, resultados das partidas, tabela de classifica\u00e7\u00e3o, pr\u00f3ximos jogos!\",\"potentialAction\":[{\"@type\":\"SearchAction\",\"target\":{\"@type\":\"EntryPoint\",\"urlTemplate\":\"https:\/\/www.gaveanews.com\/?s={search_term_string}\"},\"query-input\":{\"@type\":\"PropertyValueSpecification\",\"valueRequired\":true,\"valueName\":\"search_term_string\"}}],\"inLanguage\":\"pt-BR\"},{\"@type\":\"Person\",\"@id\":\"https:\/\/www.gaveanews.com\/#\/schema\/person\/c88645e3d550d0b6574305e67dd5a716\",\"name\":\"Reda\u00e7\u00e3o\",\"image\":{\"@type\":\"ImageObject\",\"inLanguage\":\"pt-BR\",\"@id\":\"https:\/\/www.gaveanews.com\/#\/schema\/person\/image\/\",\"url\":\"https:\/\/secure.gravatar.com\/avatar\/434098fd823f0dc1b062d14ca22bacaa6e38de28d8c816bbef6fc2f8c44d8ba3?s=96&d=mm&r=g\",\"contentUrl\":\"https:\/\/secure.gravatar.com\/avatar\/434098fd823f0dc1b062d14ca22bacaa6e38de28d8c816bbef6fc2f8c44d8ba3?s=96&d=mm&r=g\",\"caption\":\"Reda\u00e7\u00e3o\"}}]}<\/script>\n<!-- \/ Yoast SEO Premium plugin. -->","yoast_head_json":{"title":"Ele est\u00e1 insatisfeito no Flamengo e quer deixar o clube","robots":{"index":"index","follow":"follow","max-snippet":"max-snippet:-1","max-image-preview":"max-image-preview:large","max-video-preview":"max-video-preview:-1"},"canonical":"https:\/\/www.gaveanews.com\/index.php\/2025\/09\/11\/ele-esta-insatisfeito-no-flamengo-e-quer-deixar-o-clube-2\/","og_locale":"pt_BR","og_type":"article","og_title":"Ele est\u00e1 insatisfeito no Flamengo e quer deixar o clube","og_description":"O Gr\u00eamio planeja refor\u00e7os de impacto para 2026, segundo relatos da imprensa. Nesse cen\u00e1rio, Everton Cebolinha mant\u00e9m v\u00ednculo com o Flamengo at\u00e9 dezembro de 2026, ap\u00f3s transfer\u00eancia feita junto ao Benfica. O atacante brilhou com a camisa do Gr\u00eamio entre 2016 e 2020, e permanece em destaque entre torcedores pela trajet\u00f3ria constru\u00edda em Porto Alegre. [&hellip;]","og_url":"https:\/\/www.gaveanews.com\/index.php\/2025\/09\/11\/ele-esta-insatisfeito-no-flamengo-e-quer-deixar-o-clube-2\/","og_site_name":"G\u00e1vea News","article_publisher":"https:\/\/facebook.com\/gaveaNews\/","article_published_time":"2025-09-11T12:47:43+00:00","article_modified_time":"2025-09-11T12:47:49+00:00","og_image":[{"width":483,"height":322,"url":"http:\/\/www.gaveanews.com\/wp-content\/uploads\/camisa-flamengo.webp","type":"image\/webp"}],"author":"Reda\u00e7\u00e3o","twitter_card":"summary_large_image","twitter_misc":{"Escrito por":"Reda\u00e7\u00e3o","Est. tempo de leitura":"3 minutos"},"schema":{"@context":"https:\/\/schema.org","@graph":[{"@type":"NewsArticle","@id":"https:\/\/www.gaveanews.com\/index.php\/2025\/09\/11\/ele-esta-insatisfeito-no-flamengo-e-quer-deixar-o-clube-2\/#article","isPartOf":{"@id":"https:\/\/www.gaveanews.com\/index.php\/2025\/09\/11\/ele-esta-insatisfeito-no-flamengo-e-quer-deixar-o-clube-2\/"},"author":{"name":"Reda\u00e7\u00e3o","@id":"https:\/\/www.gaveanews.com\/#\/schema\/person\/c88645e3d550d0b6574305e67dd5a716"},"headline":"Ele est\u00e1 insatisfeito no Flamengo e quer deixar o clube","datePublished":"2025-09-11T12:47:43+00:00","dateModified":"2025-09-11T12:47:49+00:00","mainEntityOfPage":{"@id":"https:\/\/www.gaveanews.com\/index.php\/2025\/09\/11\/ele-esta-insatisfeito-no-flamengo-e-quer-deixar-o-clube-2\/"},"wordCount":377,"commentCount":0,"image":{"@id":"https:\/\/www.gaveanews.com\/index.php\/2025\/09\/11\/ele-esta-insatisfeito-no-flamengo-e-quer-deixar-o-clube-2\/#primaryimage"},"thumbnailUrl":"https:\/\/www.gaveanews.com\/wp-content\/uploads\/camisa-flamengo.webp","articleSection":["Flamengo"],"inLanguage":"pt-BR","potentialAction":[{"@type":"CommentAction","name":"Comment","target":["https:\/\/www.gaveanews.com\/index.php\/2025\/09\/11\/ele-esta-insatisfeito-no-flamengo-e-quer-deixar-o-clube-2\/#respond"]}],"copyrightYear":"2025","copyrightHolder":{"@id":"https:\/\/www.gaveanews.com\/#organization"}},{"@type":"WebPage","@id":"https:\/\/www.gaveanews.com\/index.php\/2025\/09\/11\/ele-esta-insatisfeito-no-flamengo-e-quer-deixar-o-clube-2\/","url":"https:\/\/www.gaveanews.com\/index.php\/2025\/09\/11\/ele-esta-insatisfeito-no-flamengo-e-quer-deixar-o-clube-2\/","name":"Ele est\u00e1 insatisfeito no Flamengo e quer deixar o clube","isPartOf":{"@id":"https:\/\/www.gaveanews.com\/#website"},"primaryImageOfPage":{"@id":"https:\/\/www.gaveanews.com\/index.php\/2025\/09\/11\/ele-esta-insatisfeito-no-flamengo-e-quer-deixar-o-clube-2\/#primaryimage"},"image":{"@id":"https:\/\/www.gaveanews.com\/index.php\/2025\/09\/11\/ele-esta-insatisfeito-no-flamengo-e-quer-deixar-o-clube-2\/#primaryimage"},"thumbnailUrl":"https:\/\/www.gaveanews.com\/wp-content\/uploads\/camisa-flamengo.webp","datePublished":"2025-09-11T12:47:43+00:00","dateModified":"2025-09-11T12:47:49+00:00","author":{"@id":"https:\/\/www.gaveanews.com\/#\/schema\/person\/c88645e3d550d0b6574305e67dd5a716"},"breadcrumb":{"@id":"https:\/\/www.gaveanews.com\/index.php\/2025\/09\/11\/ele-esta-insatisfeito-no-flamengo-e-quer-deixar-o-clube-2\/#breadcrumb"},"inLanguage":"pt-BR","potentialAction":[{"@type":"ReadAction","target":["https:\/\/www.gaveanews.com\/index.php\/2025\/09\/11\/ele-esta-insatisfeito-no-flamengo-e-quer-deixar-o-clube-2\/"]}]},{"@type":"ImageObject","inLanguage":"pt-BR","@id":"https:\/\/www.gaveanews.com\/index.php\/2025\/09\/11\/ele-esta-insatisfeito-no-flamengo-e-quer-deixar-o-clube-2\/#primaryimage","url":"https:\/\/www.gaveanews.com\/wp-content\/uploads\/camisa-flamengo.webp","contentUrl":"https:\/\/www.gaveanews.com\/wp-content\/uploads\/camisa-flamengo.webp","width":483,"height":322,"caption":"Escudo do Flamengo (Foto: Reprodu\u00e7\u00e3o)"},{"@type":"BreadcrumbList","@id":"https:\/\/www.gaveanews.com\/index.php\/2025\/09\/11\/ele-esta-insatisfeito-no-flamengo-e-quer-deixar-o-clube-2\/#breadcrumb","itemListElement":[{"@type":"ListItem","position":1,"name":"Home","item":"https:\/\/www.gaveanews.com\/"},{"@type":"ListItem","position":2,"name":"Ele est\u00e1 insatisfeito no Flamengo e quer deixar o clube"}]},{"@type":"WebSite","@id":"https:\/\/www.gaveanews.com\/#website","url":"https:\/\/www.gaveanews.com\/","name":"G\u00e1vea News","description":"Veja todas as not\u00edcias sobre o Flamengo: Contrata\u00e7\u00f5es, categorias de base, resultados das partidas, tabela de classifica\u00e7\u00e3o, pr\u00f3ximos jogos!","potentialAction":[{"@type":"SearchAction","target":{"@type":"EntryPoint","urlTemplate":"https:\/\/www.gaveanews.com\/?s={search_term_string}"},"query-input":{"@type":"PropertyValueSpecification","valueRequired":true,"valueName":"search_term_string"}}],"inLanguage":"pt-BR"},{"@type":"Person","@id":"https:\/\/www.gaveanews.com\/#\/schema\/person\/c88645e3d550d0b6574305e67dd5a716","name":"Reda\u00e7\u00e3o","image":{"@type":"ImageObject","inLanguage":"pt-BR","@id":"https:\/\/www.gaveanews.com\/#\/schema\/person\/image\/","url":"https:\/\/secure.gravatar.com\/avatar\/434098fd823f0dc1b062d14ca22bacaa6e38de28d8c816bbef6fc2f8c44d8ba3?s=96&d=mm&r=g","contentUrl":"https:\/\/secure.gravatar.com\/avatar\/434098fd823f0dc1b062d14ca22bacaa6e38de28d8c816bbef6fc2f8c44d8ba3?s=96&d=mm&r=g","caption":"Reda\u00e7\u00e3o"}}]}},"_links":{"self":[{"href":"https:\/\/www.gaveanews.com\/index.php\/wp-json\/wp\/v2\/posts\/276226","targetHints":{"allow":["GET"]}}],"collection":[{"href":"https:\/\/www.gaveanews.com\/index.php\/wp-json\/wp\/v2\/posts"}],"about":[{"href":"https:\/\/www.gaveanews.com\/index.php\/wp-json\/wp\/v2\/types\/post"}],"author":[{"embeddable":true,"href":"https:\/\/www.gaveanews.com\/index.php\/wp-json\/wp\/v2\/users\/39"}],"replies":[{"embeddable":true,"href":"https:\/\/www.gaveanews.com\/index.php\/wp-json\/wp\/v2\/comments?post=276226"}],"version-history":[{"count":1,"href":"https:\/\/www.gaveanews.com\/index.php\/wp-json\/wp\/v2\/posts\/276226\/revisions"}],"predecessor-version":[{"id":276243,"href":"https:\/\/www.gaveanews.com\/index.php\/wp-json\/wp\/v2\/posts\/276226\/revisions\/276243"}],"wp:featuredmedia":[{"embeddable":true,"href":"https:\/\/www.gaveanews.com\/index.php\/wp-json\/wp\/v2\/media\/127354"}],"wp:attachment":[{"href":"https:\/\/www.gaveanews.com\/index.php\/wp-json\/wp\/v2\/media?parent=276226"}],"wp:term":[{"taxonomy":"category","embeddable":true,"href":"https:\/\/www.gaveanews.com\/index.php\/wp-json\/wp\/v2\/categories?post=276226"},{"taxonomy":"post_tag","embeddable":true,"href":"https:\/\/www.gaveanews.com\/index.php\/wp-json\/wp\/v2\/tags?post=276226"}],"curies":[{"name":"wp","href":"https:\/\/api.w.org\/{rel}","templated":true}]}}