{"id":276227,"date":"2025-09-10T19:43:12","date_gmt":"2025-09-10T22:43:12","guid":{"rendered":"https:\/\/www.gaveanews.com\/?p=276227"},"modified":"2025-09-10T19:43:17","modified_gmt":"2025-09-10T22:43:17","slug":"a-declaracao-de-nene-envolvendo-o-flamengo","status":"publish","type":"post","link":"https:\/\/www.gaveanews.com\/index.php\/2025\/09\/10\/a-declaracao-de-nene-envolvendo-o-flamengo\/","title":{"rendered":"A declara\u00e7\u00e3o de Nen\u00ea envolvendo o Flamengo"},"content":{"rendered":"\n<p><a href=\"https:\/\/www.gaveanews.com\/index.php\/category\/brasileirao\/flamengo\/\" target=\"_blank\" rel=\"noopener noreferrer\">Flamengo<\/a> e Juventude se enfrentar\u00e3o no pr\u00f3ximo domingo (14 de setembro), \u00e0s 16 horas (hor\u00e1rio de Bras\u00edlia), no Alfredo Jaconi, pela 23\u00aa rodada do Brasileir\u00e3o. O Rubro-Negro chega para defender a lideran\u00e7a, enquanto o time ga\u00facho tenta sair da zona de rebaixamento. No primeiro turno, o Flamengo venceu por 6 a 0. Em Caxias do Sul, h\u00e1 ainda o tabu: a \u00faltima vit\u00f3ria visitante no est\u00e1dio ocorreu em 1997.<\/p>\n\n\n\n<p>A tabela ajuda a dimensionar o cen\u00e1rio. O Flamengo soma 47 pontos e est\u00e1 isolado na lideran\u00e7a, tr\u00eas \u00e0 frente do Cruzeiro, vice-l\u00edder. J\u00e1 o Juventude ocupa a 18\u00aa posi\u00e7\u00e3o. Al\u00e9m disso, a Data Fifa deu a Filipe Lu\u00eds duas semanas de prepara\u00e7\u00e3o, divididas entre folgas e atividades no Ninho do Urubu. Nesta quarta-feira (10 de setembro), o elenco se reapresentou para quatro dias finais de treinos.<\/p>\n\n\n\n<p>Nesse contexto, Nen\u00ea, de 44 anos, classificou o duelo como um dos mais exigentes da temporada e fez alertas sobre a concentra\u00e7\u00e3o necess\u00e1ria contra o l\u00edder. Segundo o meia, qualquer vacilo pode ser decisivo diante da qualidade t\u00e9cnica do advers\u00e1rio.<\/p>\n\n\n\n<p>&#8220;Um dos jogos mais dif\u00edceis que a gente tem no ano. Ent\u00e3o, com certeza a motiva\u00e7\u00e3o aumenta, o foco aumenta. A gente tem que estar ali ligado o tempo todo. \u00c9 jogo que vai ser decidido no detalhe. Se voc\u00ea ficar dois minutos, se bobear contra jogadores de muita qualidade, eles podem fazer a diferen\u00e7a a qualquer momento&#8221;.<\/p>\n\n\n\n<p>O camisa 10 tamb\u00e9m cobrou precis\u00e3o t\u00e1tica da equipe para reduzir espa\u00e7os e aproveitar os momentos com a bola. Para ele, o posicionamento coletivo e a personalidade com a posse ser\u00e3o determinantes. Depois das observa\u00e7\u00f5es sobre aten\u00e7\u00e3o, o jogador refor\u00e7ou a necessidade de organiza\u00e7\u00e3o em bloco.<\/p>\n\n\n\n<p>&#8220;Taticamente, n\u00f3s temos que estar perfeitos nesse dia. Todo mundo estar juntinho, em bloco. E quando a gente tiver a possibilidade de ter a bola, termos personalidade para jogar, pressionar bastante, tentar colocar o mais longe poss\u00edvel do nosso gol para a gente conquistar, tentar fazer os gols&#8221;.<\/p>\n\n\n\n<p>Enquanto isso, o Flamengo atualizou o boletim m\u00e9dico. Quatro atletas est\u00e3o em tratamento: Alex Sandro, Erick Pulgar, Jorginho e Varela. O lateral uruguaio apresentou pubalgia e ser\u00e1 reavaliado diariamente. J\u00e1 Jorginho segue com dor no m\u00fasculo posterior da coxa esquerda. Alex Sandro trata les\u00e3o na panturrilha esquerda, com trabalhos em campo.<\/p>\n\n\n\n<p>Erick Pulgar mant\u00e9m a recupera\u00e7\u00e3o de fratura no quinto metatarso do p\u00e9 direito e far\u00e1 tomografia na sexta-feira (12 de setembro) para avalia\u00e7\u00e3o do quadro. Al\u00e9m disso, a programa\u00e7\u00e3o rubro-negra prev\u00ea grupo completo a partir de quinta-feira (11 de setembro), com os retornos de Samuel Lino, Vin\u00e3, Carrascal e Gonzalo Plata, que ter\u00e3o tr\u00eas dias de atividades com o elenco.<\/p>\n","protected":false},"excerpt":{"rendered":"<p>Flamengo e Juventude se enfrentar\u00e3o no pr\u00f3ximo domingo (14 de setembro), \u00e0s 16 horas (hor\u00e1rio de Bras\u00edlia), no Alfredo Jaconi, pela 23\u00aa rodada do Brasileir\u00e3o. O Rubro-Negro chega para defender a lideran\u00e7a, enquanto o time ga\u00facho tenta sair da zona de rebaixamento. No primeiro turno, o Flamengo venceu por 6 a 0. Em Caxias do [&hellip;]<\/p>\n","protected":false},"author":39,"featured_media":262006,"comment_status":"open","ping_status":"closed","sticky":false,"template":"","format":"standard","meta":{"footnotes":""},"categories":[1],"tags":[],"class_list":["post-276227","post","type-post","status-publish","format-standard","has-post-thumbnail","hentry","category-flamengo"],"yoast_head":"<!-- This site is optimized with the Yoast SEO Premium plugin v24.2 (Yoast SEO v26.9) - https:\/\/yoast.com\/product\/yoast-seo-premium-wordpress\/ -->\n<title>A declara\u00e7\u00e3o de Nen\u00ea envolvendo o Flamengo<\/title>\n<meta name=\"robots\" content=\"index, follow, max-snippet:-1, max-image-preview:large, max-video-preview:-1\" \/>\n<link rel=\"canonical\" href=\"https:\/\/www.gaveanews.com\/index.php\/2025\/09\/10\/a-declaracao-de-nene-envolvendo-o-flamengo\/\" \/>\n<meta property=\"og:locale\" content=\"pt_BR\" \/>\n<meta property=\"og:type\" content=\"article\" \/>\n<meta property=\"og:title\" content=\"A declara\u00e7\u00e3o de Nen\u00ea envolvendo o Flamengo\" \/>\n<meta property=\"og:description\" content=\"Flamengo e Juventude se enfrentar\u00e3o no pr\u00f3ximo domingo (14 de setembro), \u00e0s 16 horas (hor\u00e1rio de Bras\u00edlia), no Alfredo Jaconi, pela 23\u00aa rodada do Brasileir\u00e3o. O Rubro-Negro chega para defender a lideran\u00e7a, enquanto o time ga\u00facho tenta sair da zona de rebaixamento. No primeiro turno, o Flamengo venceu por 6 a 0. Em Caxias do [&hellip;]\" \/>\n<meta property=\"og:url\" content=\"https:\/\/www.gaveanews.com\/index.php\/2025\/09\/10\/a-declaracao-de-nene-envolvendo-o-flamengo\/\" \/>\n<meta property=\"og:site_name\" content=\"G\u00e1vea News\" \/>\n<meta property=\"article:publisher\" content=\"https:\/\/facebook.com\/gaveaNews\/\" \/>\n<meta property=\"article:published_time\" content=\"2025-09-10T22:43:12+00:00\" \/>\n<meta property=\"article:modified_time\" content=\"2025-09-10T22:43:17+00:00\" \/>\n<meta property=\"og:image\" content=\"http:\/\/www.gaveanews.com\/wp-content\/uploads\/Nene-pelo-Juventude.webp\" \/>\n\t<meta property=\"og:image:width\" content=\"1200\" \/>\n\t<meta property=\"og:image:height\" content=\"900\" \/>\n\t<meta property=\"og:image:type\" content=\"image\/webp\" \/>\n<meta name=\"author\" content=\"Reda\u00e7\u00e3o\" \/>\n<meta name=\"twitter:card\" content=\"summary_large_image\" \/>\n<meta name=\"twitter:label1\" content=\"Escrito por\" \/>\n\t<meta name=\"twitter:data1\" content=\"Reda\u00e7\u00e3o\" \/>\n\t<meta name=\"twitter:label2\" content=\"Est. tempo de leitura\" \/>\n\t<meta name=\"twitter:data2\" content=\"3 minutos\" \/>\n<script type=\"application\/ld+json\" class=\"yoast-schema-graph\">{\"@context\":\"https:\/\/schema.org\",\"@graph\":[{\"@type\":\"NewsArticle\",\"@id\":\"https:\/\/www.gaveanews.com\/index.php\/2025\/09\/10\/a-declaracao-de-nene-envolvendo-o-flamengo\/#article\",\"isPartOf\":{\"@id\":\"https:\/\/www.gaveanews.com\/index.php\/2025\/09\/10\/a-declaracao-de-nene-envolvendo-o-flamengo\/\"},\"author\":{\"name\":\"Reda\u00e7\u00e3o\",\"@id\":\"https:\/\/www.gaveanews.com\/#\/schema\/person\/c88645e3d550d0b6574305e67dd5a716\"},\"headline\":\"A declara\u00e7\u00e3o de Nen\u00ea envolvendo o Flamengo\",\"datePublished\":\"2025-09-10T22:43:12+00:00\",\"dateModified\":\"2025-09-10T22:43:17+00:00\",\"mainEntityOfPage\":{\"@id\":\"https:\/\/www.gaveanews.com\/index.php\/2025\/09\/10\/a-declaracao-de-nene-envolvendo-o-flamengo\/\"},\"wordCount\":480,\"commentCount\":0,\"image\":{\"@id\":\"https:\/\/www.gaveanews.com\/index.php\/2025\/09\/10\/a-declaracao-de-nene-envolvendo-o-flamengo\/#primaryimage\"},\"thumbnailUrl\":\"https:\/\/www.gaveanews.com\/wp-content\/uploads\/Nene-pelo-Juventude.webp\",\"articleSection\":[\"Flamengo\"],\"inLanguage\":\"pt-BR\",\"potentialAction\":[{\"@type\":\"CommentAction\",\"name\":\"Comment\",\"target\":[\"https:\/\/www.gaveanews.com\/index.php\/2025\/09\/10\/a-declaracao-de-nene-envolvendo-o-flamengo\/#respond\"]}],\"copyrightYear\":\"2025\",\"copyrightHolder\":{\"@id\":\"https:\/\/www.gaveanews.com\/#organization\"}},{\"@type\":\"WebPage\",\"@id\":\"https:\/\/www.gaveanews.com\/index.php\/2025\/09\/10\/a-declaracao-de-nene-envolvendo-o-flamengo\/\",\"url\":\"https:\/\/www.gaveanews.com\/index.php\/2025\/09\/10\/a-declaracao-de-nene-envolvendo-o-flamengo\/\",\"name\":\"A declara\u00e7\u00e3o de Nen\u00ea envolvendo o Flamengo\",\"isPartOf\":{\"@id\":\"https:\/\/www.gaveanews.com\/#website\"},\"primaryImageOfPage\":{\"@id\":\"https:\/\/www.gaveanews.com\/index.php\/2025\/09\/10\/a-declaracao-de-nene-envolvendo-o-flamengo\/#primaryimage\"},\"image\":{\"@id\":\"https:\/\/www.gaveanews.com\/index.php\/2025\/09\/10\/a-declaracao-de-nene-envolvendo-o-flamengo\/#primaryimage\"},\"thumbnailUrl\":\"https:\/\/www.gaveanews.com\/wp-content\/uploads\/Nene-pelo-Juventude.webp\",\"datePublished\":\"2025-09-10T22:43:12+00:00\",\"dateModified\":\"2025-09-10T22:43:17+00:00\",\"author\":{\"@id\":\"https:\/\/www.gaveanews.com\/#\/schema\/person\/c88645e3d550d0b6574305e67dd5a716\"},\"breadcrumb\":{\"@id\":\"https:\/\/www.gaveanews.com\/index.php\/2025\/09\/10\/a-declaracao-de-nene-envolvendo-o-flamengo\/#breadcrumb\"},\"inLanguage\":\"pt-BR\",\"potentialAction\":[{\"@type\":\"ReadAction\",\"target\":[\"https:\/\/www.gaveanews.com\/index.php\/2025\/09\/10\/a-declaracao-de-nene-envolvendo-o-flamengo\/\"]}]},{\"@type\":\"ImageObject\",\"inLanguage\":\"pt-BR\",\"@id\":\"https:\/\/www.gaveanews.com\/index.php\/2025\/09\/10\/a-declaracao-de-nene-envolvendo-o-flamengo\/#primaryimage\",\"url\":\"https:\/\/www.gaveanews.com\/wp-content\/uploads\/Nene-pelo-Juventude.webp\",\"contentUrl\":\"https:\/\/www.gaveanews.com\/wp-content\/uploads\/Nene-pelo-Juventude.webp\",\"width\":1200,\"height\":900,\"caption\":\"Nen\u00ea pelo Juventude (Foto: Gabriel Tadiotto\/E.C. Juventude)\"},{\"@type\":\"BreadcrumbList\",\"@id\":\"https:\/\/www.gaveanews.com\/index.php\/2025\/09\/10\/a-declaracao-de-nene-envolvendo-o-flamengo\/#breadcrumb\",\"itemListElement\":[{\"@type\":\"ListItem\",\"position\":1,\"name\":\"Home\",\"item\":\"https:\/\/www.gaveanews.com\/\"},{\"@type\":\"ListItem\",\"position\":2,\"name\":\"A declara\u00e7\u00e3o de Nen\u00ea envolvendo o Flamengo\"}]},{\"@type\":\"WebSite\",\"@id\":\"https:\/\/www.gaveanews.com\/#website\",\"url\":\"https:\/\/www.gaveanews.com\/\",\"name\":\"G\u00e1vea News\",\"description\":\"Veja todas as not\u00edcias sobre o Flamengo: Contrata\u00e7\u00f5es, categorias de base, resultados das partidas, tabela de classifica\u00e7\u00e3o, pr\u00f3ximos jogos!\",\"potentialAction\":[{\"@type\":\"SearchAction\",\"target\":{\"@type\":\"EntryPoint\",\"urlTemplate\":\"https:\/\/www.gaveanews.com\/?s={search_term_string}\"},\"query-input\":{\"@type\":\"PropertyValueSpecification\",\"valueRequired\":true,\"valueName\":\"search_term_string\"}}],\"inLanguage\":\"pt-BR\"},{\"@type\":\"Person\",\"@id\":\"https:\/\/www.gaveanews.com\/#\/schema\/person\/c88645e3d550d0b6574305e67dd5a716\",\"name\":\"Reda\u00e7\u00e3o\",\"image\":{\"@type\":\"ImageObject\",\"inLanguage\":\"pt-BR\",\"@id\":\"https:\/\/www.gaveanews.com\/#\/schema\/person\/image\/\",\"url\":\"https:\/\/secure.gravatar.com\/avatar\/434098fd823f0dc1b062d14ca22bacaa6e38de28d8c816bbef6fc2f8c44d8ba3?s=96&d=mm&r=g\",\"contentUrl\":\"https:\/\/secure.gravatar.com\/avatar\/434098fd823f0dc1b062d14ca22bacaa6e38de28d8c816bbef6fc2f8c44d8ba3?s=96&d=mm&r=g\",\"caption\":\"Reda\u00e7\u00e3o\"}}]}<\/script>\n<!-- \/ Yoast SEO Premium plugin. -->","yoast_head_json":{"title":"A declara\u00e7\u00e3o de Nen\u00ea envolvendo o Flamengo","robots":{"index":"index","follow":"follow","max-snippet":"max-snippet:-1","max-image-preview":"max-image-preview:large","max-video-preview":"max-video-preview:-1"},"canonical":"https:\/\/www.gaveanews.com\/index.php\/2025\/09\/10\/a-declaracao-de-nene-envolvendo-o-flamengo\/","og_locale":"pt_BR","og_type":"article","og_title":"A declara\u00e7\u00e3o de Nen\u00ea envolvendo o Flamengo","og_description":"Flamengo e Juventude se enfrentar\u00e3o no pr\u00f3ximo domingo (14 de setembro), \u00e0s 16 horas (hor\u00e1rio de Bras\u00edlia), no Alfredo Jaconi, pela 23\u00aa rodada do Brasileir\u00e3o. O Rubro-Negro chega para defender a lideran\u00e7a, enquanto o time ga\u00facho tenta sair da zona de rebaixamento. No primeiro turno, o Flamengo venceu por 6 a 0. Em Caxias do [&hellip;]","og_url":"https:\/\/www.gaveanews.com\/index.php\/2025\/09\/10\/a-declaracao-de-nene-envolvendo-o-flamengo\/","og_site_name":"G\u00e1vea News","article_publisher":"https:\/\/facebook.com\/gaveaNews\/","article_published_time":"2025-09-10T22:43:12+00:00","article_modified_time":"2025-09-10T22:43:17+00:00","og_image":[{"width":1200,"height":900,"url":"http:\/\/www.gaveanews.com\/wp-content\/uploads\/Nene-pelo-Juventude.webp","type":"image\/webp"}],"author":"Reda\u00e7\u00e3o","twitter_card":"summary_large_image","twitter_misc":{"Escrito por":"Reda\u00e7\u00e3o","Est. tempo de leitura":"3 minutos"},"schema":{"@context":"https:\/\/schema.org","@graph":[{"@type":"NewsArticle","@id":"https:\/\/www.gaveanews.com\/index.php\/2025\/09\/10\/a-declaracao-de-nene-envolvendo-o-flamengo\/#article","isPartOf":{"@id":"https:\/\/www.gaveanews.com\/index.php\/2025\/09\/10\/a-declaracao-de-nene-envolvendo-o-flamengo\/"},"author":{"name":"Reda\u00e7\u00e3o","@id":"https:\/\/www.gaveanews.com\/#\/schema\/person\/c88645e3d550d0b6574305e67dd5a716"},"headline":"A declara\u00e7\u00e3o de Nen\u00ea envolvendo o Flamengo","datePublished":"2025-09-10T22:43:12+00:00","dateModified":"2025-09-10T22:43:17+00:00","mainEntityOfPage":{"@id":"https:\/\/www.gaveanews.com\/index.php\/2025\/09\/10\/a-declaracao-de-nene-envolvendo-o-flamengo\/"},"wordCount":480,"commentCount":0,"image":{"@id":"https:\/\/www.gaveanews.com\/index.php\/2025\/09\/10\/a-declaracao-de-nene-envolvendo-o-flamengo\/#primaryimage"},"thumbnailUrl":"https:\/\/www.gaveanews.com\/wp-content\/uploads\/Nene-pelo-Juventude.webp","articleSection":["Flamengo"],"inLanguage":"pt-BR","potentialAction":[{"@type":"CommentAction","name":"Comment","target":["https:\/\/www.gaveanews.com\/index.php\/2025\/09\/10\/a-declaracao-de-nene-envolvendo-o-flamengo\/#respond"]}],"copyrightYear":"2025","copyrightHolder":{"@id":"https:\/\/www.gaveanews.com\/#organization"}},{"@type":"WebPage","@id":"https:\/\/www.gaveanews.com\/index.php\/2025\/09\/10\/a-declaracao-de-nene-envolvendo-o-flamengo\/","url":"https:\/\/www.gaveanews.com\/index.php\/2025\/09\/10\/a-declaracao-de-nene-envolvendo-o-flamengo\/","name":"A declara\u00e7\u00e3o de Nen\u00ea envolvendo o Flamengo","isPartOf":{"@id":"https:\/\/www.gaveanews.com\/#website"},"primaryImageOfPage":{"@id":"https:\/\/www.gaveanews.com\/index.php\/2025\/09\/10\/a-declaracao-de-nene-envolvendo-o-flamengo\/#primaryimage"},"image":{"@id":"https:\/\/www.gaveanews.com\/index.php\/2025\/09\/10\/a-declaracao-de-nene-envolvendo-o-flamengo\/#primaryimage"},"thumbnailUrl":"https:\/\/www.gaveanews.com\/wp-content\/uploads\/Nene-pelo-Juventude.webp","datePublished":"2025-09-10T22:43:12+00:00","dateModified":"2025-09-10T22:43:17+00:00","author":{"@id":"https:\/\/www.gaveanews.com\/#\/schema\/person\/c88645e3d550d0b6574305e67dd5a716"},"breadcrumb":{"@id":"https:\/\/www.gaveanews.com\/index.php\/2025\/09\/10\/a-declaracao-de-nene-envolvendo-o-flamengo\/#breadcrumb"},"inLanguage":"pt-BR","potentialAction":[{"@type":"ReadAction","target":["https:\/\/www.gaveanews.com\/index.php\/2025\/09\/10\/a-declaracao-de-nene-envolvendo-o-flamengo\/"]}]},{"@type":"ImageObject","inLanguage":"pt-BR","@id":"https:\/\/www.gaveanews.com\/index.php\/2025\/09\/10\/a-declaracao-de-nene-envolvendo-o-flamengo\/#primaryimage","url":"https:\/\/www.gaveanews.com\/wp-content\/uploads\/Nene-pelo-Juventude.webp","contentUrl":"https:\/\/www.gaveanews.com\/wp-content\/uploads\/Nene-pelo-Juventude.webp","width":1200,"height":900,"caption":"Nen\u00ea pelo Juventude (Foto: Gabriel Tadiotto\/E.C. Juventude)"},{"@type":"BreadcrumbList","@id":"https:\/\/www.gaveanews.com\/index.php\/2025\/09\/10\/a-declaracao-de-nene-envolvendo-o-flamengo\/#breadcrumb","itemListElement":[{"@type":"ListItem","position":1,"name":"Home","item":"https:\/\/www.gaveanews.com\/"},{"@type":"ListItem","position":2,"name":"A declara\u00e7\u00e3o de Nen\u00ea envolvendo o Flamengo"}]},{"@type":"WebSite","@id":"https:\/\/www.gaveanews.com\/#website","url":"https:\/\/www.gaveanews.com\/","name":"G\u00e1vea News","description":"Veja todas as not\u00edcias sobre o Flamengo: Contrata\u00e7\u00f5es, categorias de base, resultados das partidas, tabela de classifica\u00e7\u00e3o, pr\u00f3ximos jogos!","potentialAction":[{"@type":"SearchAction","target":{"@type":"EntryPoint","urlTemplate":"https:\/\/www.gaveanews.com\/?s={search_term_string}"},"query-input":{"@type":"PropertyValueSpecification","valueRequired":true,"valueName":"search_term_string"}}],"inLanguage":"pt-BR"},{"@type":"Person","@id":"https:\/\/www.gaveanews.com\/#\/schema\/person\/c88645e3d550d0b6574305e67dd5a716","name":"Reda\u00e7\u00e3o","image":{"@type":"ImageObject","inLanguage":"pt-BR","@id":"https:\/\/www.gaveanews.com\/#\/schema\/person\/image\/","url":"https:\/\/secure.gravatar.com\/avatar\/434098fd823f0dc1b062d14ca22bacaa6e38de28d8c816bbef6fc2f8c44d8ba3?s=96&d=mm&r=g","contentUrl":"https:\/\/secure.gravatar.com\/avatar\/434098fd823f0dc1b062d14ca22bacaa6e38de28d8c816bbef6fc2f8c44d8ba3?s=96&d=mm&r=g","caption":"Reda\u00e7\u00e3o"}}]}},"_links":{"self":[{"href":"https:\/\/www.gaveanews.com\/index.php\/wp-json\/wp\/v2\/posts\/276227","targetHints":{"allow":["GET"]}}],"collection":[{"href":"https:\/\/www.gaveanews.com\/index.php\/wp-json\/wp\/v2\/posts"}],"about":[{"href":"https:\/\/www.gaveanews.com\/index.php\/wp-json\/wp\/v2\/types\/post"}],"author":[{"embeddable":true,"href":"https:\/\/www.gaveanews.com\/index.php\/wp-json\/wp\/v2\/users\/39"}],"replies":[{"embeddable":true,"href":"https:\/\/www.gaveanews.com\/index.php\/wp-json\/wp\/v2\/comments?post=276227"}],"version-history":[{"count":1,"href":"https:\/\/www.gaveanews.com\/index.php\/wp-json\/wp\/v2\/posts\/276227\/revisions"}],"predecessor-version":[{"id":276235,"href":"https:\/\/www.gaveanews.com\/index.php\/wp-json\/wp\/v2\/posts\/276227\/revisions\/276235"}],"wp:featuredmedia":[{"embeddable":true,"href":"https:\/\/www.gaveanews.com\/index.php\/wp-json\/wp\/v2\/media\/262006"}],"wp:attachment":[{"href":"https:\/\/www.gaveanews.com\/index.php\/wp-json\/wp\/v2\/media?parent=276227"}],"wp:term":[{"taxonomy":"category","embeddable":true,"href":"https:\/\/www.gaveanews.com\/index.php\/wp-json\/wp\/v2\/categories?post=276227"},{"taxonomy":"post_tag","embeddable":true,"href":"https:\/\/www.gaveanews.com\/index.php\/wp-json\/wp\/v2\/tags?post=276227"}],"curies":[{"name":"wp","href":"https:\/\/api.w.org\/{rel}","templated":true}]}}