{"id":276253,"date":"2025-09-11T12:30:00","date_gmt":"2025-09-11T15:30:00","guid":{"rendered":"https:\/\/www.gaveanews.com\/?p=276253"},"modified":"2025-09-11T12:18:08","modified_gmt":"2025-09-11T15:18:08","slug":"flamengo-marca-reuniao-importante-sobre-a-construcao-do-estadio","status":"publish","type":"post","link":"https:\/\/www.gaveanews.com\/index.php\/2025\/09\/11\/flamengo-marca-reuniao-importante-sobre-a-construcao-do-estadio\/","title":{"rendered":"Flamengo marca reuni\u00e3o importante sobre a constru\u00e7\u00e3o do est\u00e1dio"},"content":{"rendered":"\n<p>O <a href=\"https:\/\/www.gaveanews.com\/index.php\/category\/brasileirao\/flamengo\/\" target=\"_blank\" rel=\"noopener noreferrer\">Flamengo<\/a> mant\u00e9m o projeto de construir um est\u00e1dio pr\u00f3prio no terreno do Gas\u00f4metro, na Zona Portu\u00e1ria do Rio de Janeiro. No fim de agosto, clube e Prefeitura firmaram um novo acordo sobre a \u00e1rea. A dire\u00e7\u00e3o adota cautela na condu\u00e7\u00e3o do processo e trabalha com a prorroga\u00e7\u00e3o de prazos, em meio a exig\u00eancias t\u00e9cnicas e institucionais relacionadas ao empreendimento.<\/p>\n\n\n\n<p>Al\u00e9m disso, o clube sustenta um termo de compromisso com a Prefeitura, conforme relatado. Os estudos de viabilidade para a regi\u00e3o do Gas\u00f4metro come\u00e7aram h\u00e1 oito meses e seguem pendentes. As an\u00e1lises est\u00e3o a cargo de empresas e consultorias como FGV, Arena Venues + Events, Soloeste Engenharia Ltda. e AECOM, contratadas para avaliar aspectos t\u00e9cnicos, econ\u00f4micos e operacionais do projeto.<\/p>\n\n\n\n<p>A diretoria do Flamengo convocou o Conselho Deliberativo para reuni\u00e3o h\u00edbrida, na quarta-feira (17 de setembro), no Sal\u00e3o Nobre da G\u00e1vea. O encontro come\u00e7a \u00e0s 18h30 (hor\u00e1rio de Bras\u00edlia) e termina \u00e0s 20h30 (hor\u00e1rio de Bras\u00edlia). Segundo as comunica\u00e7\u00f5es internas e a imprensa, Bap conduzir\u00e1 a apresenta\u00e7\u00e3o, que trar\u00e1 detalhes do plano para o Gas\u00f4metro. Na convoca\u00e7\u00e3o enviada aos conselheiros, a diretoria escreveu:<\/p>\n\n\n\n<p><em>&#8220;Convidamos os senhores Conselheiros e as senhoras Conselheiras para reuni\u00e3o no FORMATO H\u00cdBRIDO (presencial e virtual) a realizar-se no pr\u00f3ximo dia 17 de setembro de 2025, quarta-feira, das 18h30min \u00e0s 20h30min, no sal\u00e3o nobre, para apresenta\u00e7\u00e3o do Conselho Diretor a respeito do Est\u00e1dio no Terreno do Gas\u00f4metro&#8221;<\/em><\/p>\n\n\n\n<p>A gest\u00e3o anterior, de Rodolfo Landim, fixara como meta inaugurar o est\u00e1dio em 2029, quando o terreno foi adquirido. Entretanto, a atual dire\u00e7\u00e3o considera que o cronograma precisar\u00e1 ser postergado e refor\u00e7a a abordagem cuidadosa. A expectativa para a reuni\u00e3o \u00e9 que Bap esclare\u00e7a o novo acordo com a Prefeitura e apresente pontos dos estudos de viabilidade ainda em andamento. Em nota, o clube afirmou:<\/p>\n\n\n\n<p><em>&#8220;Em raz\u00e3o da necessidade de seu aprofundamento, foi tamb\u00e9m acordado entre as partes a prorroga\u00e7\u00e3o dos prazos necess\u00e1rios \u00e0 execu\u00e7\u00e3o do projeto, bem como ajustes de obriga\u00e7\u00f5es, assegurando seguran\u00e7a jur\u00eddica e plena continuidade da iniciativa&#8221;<\/em><\/p>\n\n\n\n<p>Na ocasi\u00e3o do acerto com a Prefeitura, no fim de agosto, Bap destacou publicamente que a prioridade \u00e9 conduzir o processo sem comprometer as finan\u00e7as e a performance esportiva do clube. A fala refor\u00e7ou o tom de prud\u00eancia adotado desde o in\u00edcio de sua gest\u00e3o e reconheceu a complexidade para \u201cdesembara\u00e7ar\u201d o terreno. Sobre aquela etapa, Bap declarou:<\/p>\n\n\n\n<p>&#8220;Chegamos a um acordo, queria agradecer o empenho de voc\u00eas, o trabalho de desembara\u00e7ar esse terreno. N\u00e3o \u00e9 simples, n\u00e3o \u00e9 r\u00e1pido, n\u00e3o \u00e9 f\u00e1cil para fazer um est\u00e1dio desse porte. Entre fazer certo e r\u00e1pido, optamos pela forma certa para n\u00e3o comprometer as finan\u00e7as nem a performance esportiva do clube&#8221;<\/p>\n","protected":false},"excerpt":{"rendered":"<p>O Flamengo mant\u00e9m o projeto de construir um est\u00e1dio pr\u00f3prio no terreno do Gas\u00f4metro, na Zona Portu\u00e1ria do Rio de Janeiro. No fim de agosto, clube e Prefeitura firmaram um novo acordo sobre a \u00e1rea. A dire\u00e7\u00e3o adota cautela na condu\u00e7\u00e3o do processo e trabalha com a prorroga\u00e7\u00e3o de prazos, em meio a exig\u00eancias t\u00e9cnicas [&hellip;]<\/p>\n","protected":false},"author":39,"featured_media":149197,"comment_status":"open","ping_status":"closed","sticky":false,"template":"","format":"standard","meta":{"footnotes":""},"categories":[1],"tags":[],"class_list":["post-276253","post","type-post","status-publish","format-standard","has-post-thumbnail","hentry","category-flamengo"],"yoast_head":"<!-- This site is optimized with the Yoast SEO Premium plugin v24.2 (Yoast SEO v26.9) - https:\/\/yoast.com\/product\/yoast-seo-premium-wordpress\/ -->\n<title>Flamengo marca reuni\u00e3o importante sobre a constru\u00e7\u00e3o do est\u00e1dio<\/title>\n<meta name=\"robots\" content=\"index, follow, max-snippet:-1, max-image-preview:large, max-video-preview:-1\" \/>\n<link rel=\"canonical\" href=\"https:\/\/www.gaveanews.com\/index.php\/2025\/09\/11\/flamengo-marca-reuniao-importante-sobre-a-construcao-do-estadio\/\" \/>\n<meta property=\"og:locale\" content=\"pt_BR\" \/>\n<meta property=\"og:type\" content=\"article\" \/>\n<meta property=\"og:title\" content=\"Flamengo marca reuni\u00e3o importante sobre a constru\u00e7\u00e3o do est\u00e1dio\" \/>\n<meta property=\"og:description\" content=\"O Flamengo mant\u00e9m o projeto de construir um est\u00e1dio pr\u00f3prio no terreno do Gas\u00f4metro, na Zona Portu\u00e1ria do Rio de Janeiro. No fim de agosto, clube e Prefeitura firmaram um novo acordo sobre a \u00e1rea. A dire\u00e7\u00e3o adota cautela na condu\u00e7\u00e3o do processo e trabalha com a prorroga\u00e7\u00e3o de prazos, em meio a exig\u00eancias t\u00e9cnicas [&hellip;]\" \/>\n<meta property=\"og:url\" content=\"https:\/\/www.gaveanews.com\/index.php\/2025\/09\/11\/flamengo-marca-reuniao-importante-sobre-a-construcao-do-estadio\/\" \/>\n<meta property=\"og:site_name\" content=\"G\u00e1vea News\" \/>\n<meta property=\"article:publisher\" content=\"https:\/\/facebook.com\/gaveaNews\/\" \/>\n<meta property=\"article:published_time\" content=\"2025-09-11T15:30:00+00:00\" \/>\n<meta property=\"og:image\" content=\"https:\/\/www.gaveanews.com\/wp-content\/uploads\/Projecao-do-estadio-do-Flamengo.webp\" \/>\n\t<meta property=\"og:image:width\" content=\"1000\" \/>\n\t<meta property=\"og:image:height\" content=\"562\" \/>\n\t<meta property=\"og:image:type\" content=\"image\/webp\" \/>\n<meta name=\"author\" content=\"Reda\u00e7\u00e3o\" \/>\n<meta name=\"twitter:card\" content=\"summary_large_image\" \/>\n<meta name=\"twitter:label1\" content=\"Escrito por\" \/>\n\t<meta name=\"twitter:data1\" content=\"Reda\u00e7\u00e3o\" \/>\n\t<meta name=\"twitter:label2\" content=\"Est. tempo de leitura\" \/>\n\t<meta name=\"twitter:data2\" content=\"3 minutos\" \/>\n<script type=\"application\/ld+json\" class=\"yoast-schema-graph\">{\"@context\":\"https:\/\/schema.org\",\"@graph\":[{\"@type\":\"NewsArticle\",\"@id\":\"https:\/\/www.gaveanews.com\/index.php\/2025\/09\/11\/flamengo-marca-reuniao-importante-sobre-a-construcao-do-estadio\/#article\",\"isPartOf\":{\"@id\":\"https:\/\/www.gaveanews.com\/index.php\/2025\/09\/11\/flamengo-marca-reuniao-importante-sobre-a-construcao-do-estadio\/\"},\"author\":{\"name\":\"Reda\u00e7\u00e3o\",\"@id\":\"https:\/\/www.gaveanews.com\/#\/schema\/person\/c88645e3d550d0b6574305e67dd5a716\"},\"headline\":\"Flamengo marca reuni\u00e3o importante sobre a constru\u00e7\u00e3o do est\u00e1dio\",\"datePublished\":\"2025-09-11T15:30:00+00:00\",\"mainEntityOfPage\":{\"@id\":\"https:\/\/www.gaveanews.com\/index.php\/2025\/09\/11\/flamengo-marca-reuniao-importante-sobre-a-construcao-do-estadio\/\"},\"wordCount\":512,\"commentCount\":0,\"image\":{\"@id\":\"https:\/\/www.gaveanews.com\/index.php\/2025\/09\/11\/flamengo-marca-reuniao-importante-sobre-a-construcao-do-estadio\/#primaryimage\"},\"thumbnailUrl\":\"https:\/\/www.gaveanews.com\/wp-content\/uploads\/Projecao-do-estadio-do-Flamengo.webp\",\"articleSection\":[\"Flamengo\"],\"inLanguage\":\"pt-BR\",\"potentialAction\":[{\"@type\":\"CommentAction\",\"name\":\"Comment\",\"target\":[\"https:\/\/www.gaveanews.com\/index.php\/2025\/09\/11\/flamengo-marca-reuniao-importante-sobre-a-construcao-do-estadio\/#respond\"]}],\"copyrightYear\":\"2025\",\"copyrightHolder\":{\"@id\":\"https:\/\/www.gaveanews.com\/#organization\"}},{\"@type\":\"WebPage\",\"@id\":\"https:\/\/www.gaveanews.com\/index.php\/2025\/09\/11\/flamengo-marca-reuniao-importante-sobre-a-construcao-do-estadio\/\",\"url\":\"https:\/\/www.gaveanews.com\/index.php\/2025\/09\/11\/flamengo-marca-reuniao-importante-sobre-a-construcao-do-estadio\/\",\"name\":\"Flamengo marca reuni\u00e3o importante sobre a constru\u00e7\u00e3o do est\u00e1dio\",\"isPartOf\":{\"@id\":\"https:\/\/www.gaveanews.com\/#website\"},\"primaryImageOfPage\":{\"@id\":\"https:\/\/www.gaveanews.com\/index.php\/2025\/09\/11\/flamengo-marca-reuniao-importante-sobre-a-construcao-do-estadio\/#primaryimage\"},\"image\":{\"@id\":\"https:\/\/www.gaveanews.com\/index.php\/2025\/09\/11\/flamengo-marca-reuniao-importante-sobre-a-construcao-do-estadio\/#primaryimage\"},\"thumbnailUrl\":\"https:\/\/www.gaveanews.com\/wp-content\/uploads\/Projecao-do-estadio-do-Flamengo.webp\",\"datePublished\":\"2025-09-11T15:30:00+00:00\",\"author\":{\"@id\":\"https:\/\/www.gaveanews.com\/#\/schema\/person\/c88645e3d550d0b6574305e67dd5a716\"},\"breadcrumb\":{\"@id\":\"https:\/\/www.gaveanews.com\/index.php\/2025\/09\/11\/flamengo-marca-reuniao-importante-sobre-a-construcao-do-estadio\/#breadcrumb\"},\"inLanguage\":\"pt-BR\",\"potentialAction\":[{\"@type\":\"ReadAction\",\"target\":[\"https:\/\/www.gaveanews.com\/index.php\/2025\/09\/11\/flamengo-marca-reuniao-importante-sobre-a-construcao-do-estadio\/\"]}]},{\"@type\":\"ImageObject\",\"inLanguage\":\"pt-BR\",\"@id\":\"https:\/\/www.gaveanews.com\/index.php\/2025\/09\/11\/flamengo-marca-reuniao-importante-sobre-a-construcao-do-estadio\/#primaryimage\",\"url\":\"https:\/\/www.gaveanews.com\/wp-content\/uploads\/Projecao-do-estadio-do-Flamengo.webp\",\"contentUrl\":\"https:\/\/www.gaveanews.com\/wp-content\/uploads\/Projecao-do-estadio-do-Flamengo.webp\",\"width\":1000,\"height\":562,\"caption\":\"Proje\u00e7\u00e3o do est\u00e1dio do Flamengo (Foto: Reprodu\u00e7\u00e3o)\"},{\"@type\":\"BreadcrumbList\",\"@id\":\"https:\/\/www.gaveanews.com\/index.php\/2025\/09\/11\/flamengo-marca-reuniao-importante-sobre-a-construcao-do-estadio\/#breadcrumb\",\"itemListElement\":[{\"@type\":\"ListItem\",\"position\":1,\"name\":\"Home\",\"item\":\"https:\/\/www.gaveanews.com\/\"},{\"@type\":\"ListItem\",\"position\":2,\"name\":\"Flamengo marca reuni\u00e3o importante sobre a constru\u00e7\u00e3o do est\u00e1dio\"}]},{\"@type\":\"WebSite\",\"@id\":\"https:\/\/www.gaveanews.com\/#website\",\"url\":\"https:\/\/www.gaveanews.com\/\",\"name\":\"G\u00e1vea News\",\"description\":\"Veja todas as not\u00edcias sobre o Flamengo: Contrata\u00e7\u00f5es, categorias de base, resultados das partidas, tabela de classifica\u00e7\u00e3o, pr\u00f3ximos jogos!\",\"potentialAction\":[{\"@type\":\"SearchAction\",\"target\":{\"@type\":\"EntryPoint\",\"urlTemplate\":\"https:\/\/www.gaveanews.com\/?s={search_term_string}\"},\"query-input\":{\"@type\":\"PropertyValueSpecification\",\"valueRequired\":true,\"valueName\":\"search_term_string\"}}],\"inLanguage\":\"pt-BR\"},{\"@type\":\"Person\",\"@id\":\"https:\/\/www.gaveanews.com\/#\/schema\/person\/c88645e3d550d0b6574305e67dd5a716\",\"name\":\"Reda\u00e7\u00e3o\",\"image\":{\"@type\":\"ImageObject\",\"inLanguage\":\"pt-BR\",\"@id\":\"https:\/\/www.gaveanews.com\/#\/schema\/person\/image\/\",\"url\":\"https:\/\/secure.gravatar.com\/avatar\/434098fd823f0dc1b062d14ca22bacaa6e38de28d8c816bbef6fc2f8c44d8ba3?s=96&d=mm&r=g\",\"contentUrl\":\"https:\/\/secure.gravatar.com\/avatar\/434098fd823f0dc1b062d14ca22bacaa6e38de28d8c816bbef6fc2f8c44d8ba3?s=96&d=mm&r=g\",\"caption\":\"Reda\u00e7\u00e3o\"}}]}<\/script>\n<!-- \/ Yoast SEO Premium plugin. -->","yoast_head_json":{"title":"Flamengo marca reuni\u00e3o importante sobre a constru\u00e7\u00e3o do est\u00e1dio","robots":{"index":"index","follow":"follow","max-snippet":"max-snippet:-1","max-image-preview":"max-image-preview:large","max-video-preview":"max-video-preview:-1"},"canonical":"https:\/\/www.gaveanews.com\/index.php\/2025\/09\/11\/flamengo-marca-reuniao-importante-sobre-a-construcao-do-estadio\/","og_locale":"pt_BR","og_type":"article","og_title":"Flamengo marca reuni\u00e3o importante sobre a constru\u00e7\u00e3o do est\u00e1dio","og_description":"O Flamengo mant\u00e9m o projeto de construir um est\u00e1dio pr\u00f3prio no terreno do Gas\u00f4metro, na Zona Portu\u00e1ria do Rio de Janeiro. No fim de agosto, clube e Prefeitura firmaram um novo acordo sobre a \u00e1rea. A dire\u00e7\u00e3o adota cautela na condu\u00e7\u00e3o do processo e trabalha com a prorroga\u00e7\u00e3o de prazos, em meio a exig\u00eancias t\u00e9cnicas [&hellip;]","og_url":"https:\/\/www.gaveanews.com\/index.php\/2025\/09\/11\/flamengo-marca-reuniao-importante-sobre-a-construcao-do-estadio\/","og_site_name":"G\u00e1vea News","article_publisher":"https:\/\/facebook.com\/gaveaNews\/","article_published_time":"2025-09-11T15:30:00+00:00","og_image":[{"width":1000,"height":562,"url":"https:\/\/www.gaveanews.com\/wp-content\/uploads\/Projecao-do-estadio-do-Flamengo.webp","type":"image\/webp"}],"author":"Reda\u00e7\u00e3o","twitter_card":"summary_large_image","twitter_misc":{"Escrito por":"Reda\u00e7\u00e3o","Est. tempo de leitura":"3 minutos"},"schema":{"@context":"https:\/\/schema.org","@graph":[{"@type":"NewsArticle","@id":"https:\/\/www.gaveanews.com\/index.php\/2025\/09\/11\/flamengo-marca-reuniao-importante-sobre-a-construcao-do-estadio\/#article","isPartOf":{"@id":"https:\/\/www.gaveanews.com\/index.php\/2025\/09\/11\/flamengo-marca-reuniao-importante-sobre-a-construcao-do-estadio\/"},"author":{"name":"Reda\u00e7\u00e3o","@id":"https:\/\/www.gaveanews.com\/#\/schema\/person\/c88645e3d550d0b6574305e67dd5a716"},"headline":"Flamengo marca reuni\u00e3o importante sobre a constru\u00e7\u00e3o do est\u00e1dio","datePublished":"2025-09-11T15:30:00+00:00","mainEntityOfPage":{"@id":"https:\/\/www.gaveanews.com\/index.php\/2025\/09\/11\/flamengo-marca-reuniao-importante-sobre-a-construcao-do-estadio\/"},"wordCount":512,"commentCount":0,"image":{"@id":"https:\/\/www.gaveanews.com\/index.php\/2025\/09\/11\/flamengo-marca-reuniao-importante-sobre-a-construcao-do-estadio\/#primaryimage"},"thumbnailUrl":"https:\/\/www.gaveanews.com\/wp-content\/uploads\/Projecao-do-estadio-do-Flamengo.webp","articleSection":["Flamengo"],"inLanguage":"pt-BR","potentialAction":[{"@type":"CommentAction","name":"Comment","target":["https:\/\/www.gaveanews.com\/index.php\/2025\/09\/11\/flamengo-marca-reuniao-importante-sobre-a-construcao-do-estadio\/#respond"]}],"copyrightYear":"2025","copyrightHolder":{"@id":"https:\/\/www.gaveanews.com\/#organization"}},{"@type":"WebPage","@id":"https:\/\/www.gaveanews.com\/index.php\/2025\/09\/11\/flamengo-marca-reuniao-importante-sobre-a-construcao-do-estadio\/","url":"https:\/\/www.gaveanews.com\/index.php\/2025\/09\/11\/flamengo-marca-reuniao-importante-sobre-a-construcao-do-estadio\/","name":"Flamengo marca reuni\u00e3o importante sobre a constru\u00e7\u00e3o do est\u00e1dio","isPartOf":{"@id":"https:\/\/www.gaveanews.com\/#website"},"primaryImageOfPage":{"@id":"https:\/\/www.gaveanews.com\/index.php\/2025\/09\/11\/flamengo-marca-reuniao-importante-sobre-a-construcao-do-estadio\/#primaryimage"},"image":{"@id":"https:\/\/www.gaveanews.com\/index.php\/2025\/09\/11\/flamengo-marca-reuniao-importante-sobre-a-construcao-do-estadio\/#primaryimage"},"thumbnailUrl":"https:\/\/www.gaveanews.com\/wp-content\/uploads\/Projecao-do-estadio-do-Flamengo.webp","datePublished":"2025-09-11T15:30:00+00:00","author":{"@id":"https:\/\/www.gaveanews.com\/#\/schema\/person\/c88645e3d550d0b6574305e67dd5a716"},"breadcrumb":{"@id":"https:\/\/www.gaveanews.com\/index.php\/2025\/09\/11\/flamengo-marca-reuniao-importante-sobre-a-construcao-do-estadio\/#breadcrumb"},"inLanguage":"pt-BR","potentialAction":[{"@type":"ReadAction","target":["https:\/\/www.gaveanews.com\/index.php\/2025\/09\/11\/flamengo-marca-reuniao-importante-sobre-a-construcao-do-estadio\/"]}]},{"@type":"ImageObject","inLanguage":"pt-BR","@id":"https:\/\/www.gaveanews.com\/index.php\/2025\/09\/11\/flamengo-marca-reuniao-importante-sobre-a-construcao-do-estadio\/#primaryimage","url":"https:\/\/www.gaveanews.com\/wp-content\/uploads\/Projecao-do-estadio-do-Flamengo.webp","contentUrl":"https:\/\/www.gaveanews.com\/wp-content\/uploads\/Projecao-do-estadio-do-Flamengo.webp","width":1000,"height":562,"caption":"Proje\u00e7\u00e3o do est\u00e1dio do Flamengo (Foto: Reprodu\u00e7\u00e3o)"},{"@type":"BreadcrumbList","@id":"https:\/\/www.gaveanews.com\/index.php\/2025\/09\/11\/flamengo-marca-reuniao-importante-sobre-a-construcao-do-estadio\/#breadcrumb","itemListElement":[{"@type":"ListItem","position":1,"name":"Home","item":"https:\/\/www.gaveanews.com\/"},{"@type":"ListItem","position":2,"name":"Flamengo marca reuni\u00e3o importante sobre a constru\u00e7\u00e3o do est\u00e1dio"}]},{"@type":"WebSite","@id":"https:\/\/www.gaveanews.com\/#website","url":"https:\/\/www.gaveanews.com\/","name":"G\u00e1vea News","description":"Veja todas as not\u00edcias sobre o Flamengo: Contrata\u00e7\u00f5es, categorias de base, resultados das partidas, tabela de classifica\u00e7\u00e3o, pr\u00f3ximos jogos!","potentialAction":[{"@type":"SearchAction","target":{"@type":"EntryPoint","urlTemplate":"https:\/\/www.gaveanews.com\/?s={search_term_string}"},"query-input":{"@type":"PropertyValueSpecification","valueRequired":true,"valueName":"search_term_string"}}],"inLanguage":"pt-BR"},{"@type":"Person","@id":"https:\/\/www.gaveanews.com\/#\/schema\/person\/c88645e3d550d0b6574305e67dd5a716","name":"Reda\u00e7\u00e3o","image":{"@type":"ImageObject","inLanguage":"pt-BR","@id":"https:\/\/www.gaveanews.com\/#\/schema\/person\/image\/","url":"https:\/\/secure.gravatar.com\/avatar\/434098fd823f0dc1b062d14ca22bacaa6e38de28d8c816bbef6fc2f8c44d8ba3?s=96&d=mm&r=g","contentUrl":"https:\/\/secure.gravatar.com\/avatar\/434098fd823f0dc1b062d14ca22bacaa6e38de28d8c816bbef6fc2f8c44d8ba3?s=96&d=mm&r=g","caption":"Reda\u00e7\u00e3o"}}]}},"_links":{"self":[{"href":"https:\/\/www.gaveanews.com\/index.php\/wp-json\/wp\/v2\/posts\/276253","targetHints":{"allow":["GET"]}}],"collection":[{"href":"https:\/\/www.gaveanews.com\/index.php\/wp-json\/wp\/v2\/posts"}],"about":[{"href":"https:\/\/www.gaveanews.com\/index.php\/wp-json\/wp\/v2\/types\/post"}],"author":[{"embeddable":true,"href":"https:\/\/www.gaveanews.com\/index.php\/wp-json\/wp\/v2\/users\/39"}],"replies":[{"embeddable":true,"href":"https:\/\/www.gaveanews.com\/index.php\/wp-json\/wp\/v2\/comments?post=276253"}],"version-history":[{"count":1,"href":"https:\/\/www.gaveanews.com\/index.php\/wp-json\/wp\/v2\/posts\/276253\/revisions"}],"predecessor-version":[{"id":276261,"href":"https:\/\/www.gaveanews.com\/index.php\/wp-json\/wp\/v2\/posts\/276253\/revisions\/276261"}],"wp:featuredmedia":[{"embeddable":true,"href":"https:\/\/www.gaveanews.com\/index.php\/wp-json\/wp\/v2\/media\/149197"}],"wp:attachment":[{"href":"https:\/\/www.gaveanews.com\/index.php\/wp-json\/wp\/v2\/media?parent=276253"}],"wp:term":[{"taxonomy":"category","embeddable":true,"href":"https:\/\/www.gaveanews.com\/index.php\/wp-json\/wp\/v2\/categories?post=276253"},{"taxonomy":"post_tag","embeddable":true,"href":"https:\/\/www.gaveanews.com\/index.php\/wp-json\/wp\/v2\/tags?post=276253"}],"curies":[{"name":"wp","href":"https:\/\/api.w.org\/{rel}","templated":true}]}}