{"id":276254,"date":"2025-09-11T11:54:18","date_gmt":"2025-09-11T14:54:18","guid":{"rendered":"https:\/\/www.gaveanews.com\/?p=276254"},"modified":"2025-09-11T11:54:23","modified_gmt":"2025-09-11T14:54:23","slug":"insatisfeito-jornal-revela-situacao-de-gerson-ex-flamengo-no-zenit","status":"publish","type":"post","link":"https:\/\/www.gaveanews.com\/index.php\/2025\/09\/11\/insatisfeito-jornal-revela-situacao-de-gerson-ex-flamengo-no-zenit\/","title":{"rendered":"Insatisfeito? Jornal revela situa\u00e7\u00e3o de Gerson, ex-Flamengo, no Zenit"},"content":{"rendered":"\n<p>A sa\u00edda de Gerson do <a href=\"https:\/\/www.gaveanews.com\/index.php\/category\/brasileirao\/flamengo\/\" target=\"_blank\" rel=\"noopener noreferrer\">Flamengo<\/a> ocorreu em circunst\u00e2ncias pouco usuais. Mesmo capit\u00e3o, \u00eddolo da torcida e entre os atletas mais bem remunerados, o meio-campista deixou o clube em um momento de prest\u00edgio. A decis\u00e3o chamou aten\u00e7\u00e3o e abriu espa\u00e7o para questionamentos sobre o contexto da escolha, tanto dentro do vesti\u00e1rio quanto na an\u00e1lise p\u00fablica do futebol brasileiro.<\/p>\n\n\n\n<p>Antes do Mundial de Clubes, o destino j\u00e1 estava definido: o Zenit, da R\u00fassia. O an\u00fancio oficial foi feito ap\u00f3s o fim do torneio realizado nos Estados Unidos, o que surpreendeu torcedores. Al\u00e9m disso, a forma como a transfer\u00eancia se deu gerou cr\u00edticas. Outro elemento citado \u00e9 a aus\u00eancia de Gerson na convoca\u00e7\u00e3o mais recente de Carlo Ancelotti para a Sele\u00e7\u00e3o Brasileira.<\/p>\n\n\n\n<p>Entretanto, ap\u00f3s poucos meses em S\u00e3o Petersburgo, surgiram relatos de desconforto. De acordo com o Euro-football.ru, ve\u00edculo europeu, o meio-campista \u201cestaria descontente com a transfer\u00eancia\u201d. As informa\u00e7\u00f5es alimentam especula\u00e7\u00f5es sobre o momento do jogador no novo clube, sem confirma\u00e7\u00e3o oficial adicional nas fontes dispon\u00edveis at\u00e9 agora.<\/p>\n\n\n\n<p>O Flamengo confirmou a sa\u00edda em 04\/07. Em nota, informou que houve pedido de demiss\u00e3o e rescis\u00e3o unilateral apresentados pelo atleta, com pagamento integral da multa rescis\u00f3ria prevista em contrato. O clube registrou que o valor de vinte e cinco milh\u00f5es de euros foi depositado pelo Zenit, al\u00e9m de agradecer a Gerson e desejar sucesso na sequ\u00eancia da carreira.<\/p>\n\n\n\n<p>A opera\u00e7\u00e3o com pagamento da multa tornou-se a s\u00e9tima venda da hist\u00f3ria rubro-negra a superar a marca de cem milh\u00f5es de reais. Ali\u00e1s, os valores em euro e real citados respeitam a cota\u00e7\u00e3o cambial da \u00e9poca da transa\u00e7\u00e3o, conforme o balan\u00e7o relembrado pela publica\u00e7\u00e3o.<\/p>\n\n\n\n<p>Enquanto isso, o Flamengo de Filipe Lu\u00eds volta a campo no dia 14 de setembro para enfrentar o Juventude, \u00e0s 16 horas (hor\u00e1rio de Bras\u00edlia), no Est\u00e1dio Alfredo Jaconi, pela vig\u00e9sima terceira rodada do Campeonato Brasileiro. Com quarenta e sete pontos, o clube lidera a competi\u00e7\u00e3o. Cruzeiro e <a href=\"https:\/\/www.gaveanews.com\/index.php\/category\/brasileirao\/palmeiras\/\" target=\"_blank\" rel=\"noopener noreferrer\">Palmeiras<\/a> aparecem na sequ\u00eancia, com quarenta e quatro e quarenta e tr\u00eas pontos, respectivamente.<\/p>\n\n\n\n<p>J\u00e1 o debate sobre sele\u00e7\u00e3o ganhou f\u00f4lego com a n\u00e3o convoca\u00e7\u00e3o recente. A aus\u00eancia de Gerson na lista de Ancelotti foi destacada nas fontes e motivou discuss\u00f5es sobre sua trajet\u00f3ria. Para analistas a mudan\u00e7a para o futebol russo poderia afetar oportunidades.<\/p>\n","protected":false},"excerpt":{"rendered":"<p>A sa\u00edda de Gerson do Flamengo ocorreu em circunst\u00e2ncias pouco usuais. Mesmo capit\u00e3o, \u00eddolo da torcida e entre os atletas mais bem remunerados, o meio-campista deixou o clube em um momento de prest\u00edgio. A decis\u00e3o chamou aten\u00e7\u00e3o e abriu espa\u00e7o para questionamentos sobre o contexto da escolha, tanto dentro do vesti\u00e1rio quanto na an\u00e1lise p\u00fablica [&hellip;]<\/p>\n","protected":false},"author":39,"featured_media":161627,"comment_status":"open","ping_status":"closed","sticky":false,"template":"","format":"standard","meta":{"footnotes":""},"categories":[1],"tags":[],"class_list":["post-276254","post","type-post","status-publish","format-standard","has-post-thumbnail","hentry","category-flamengo"],"yoast_head":"<!-- This site is optimized with the Yoast SEO Premium plugin v24.2 (Yoast SEO v26.9) - https:\/\/yoast.com\/product\/yoast-seo-premium-wordpress\/ -->\n<title>Insatisfeito? Jornal revela situa\u00e7\u00e3o de Gerson, ex-Flamengo, no Zenit<\/title>\n<meta name=\"robots\" content=\"index, follow, max-snippet:-1, max-image-preview:large, max-video-preview:-1\" \/>\n<link rel=\"canonical\" href=\"https:\/\/www.gaveanews.com\/index.php\/2025\/09\/11\/insatisfeito-jornal-revela-situacao-de-gerson-ex-flamengo-no-zenit\/\" \/>\n<meta property=\"og:locale\" content=\"pt_BR\" \/>\n<meta property=\"og:type\" content=\"article\" \/>\n<meta property=\"og:title\" content=\"Insatisfeito? Jornal revela situa\u00e7\u00e3o de Gerson, ex-Flamengo, no Zenit\" \/>\n<meta property=\"og:description\" content=\"A sa\u00edda de Gerson do Flamengo ocorreu em circunst\u00e2ncias pouco usuais. Mesmo capit\u00e3o, \u00eddolo da torcida e entre os atletas mais bem remunerados, o meio-campista deixou o clube em um momento de prest\u00edgio. A decis\u00e3o chamou aten\u00e7\u00e3o e abriu espa\u00e7o para questionamentos sobre o contexto da escolha, tanto dentro do vesti\u00e1rio quanto na an\u00e1lise p\u00fablica [&hellip;]\" \/>\n<meta property=\"og:url\" content=\"https:\/\/www.gaveanews.com\/index.php\/2025\/09\/11\/insatisfeito-jornal-revela-situacao-de-gerson-ex-flamengo-no-zenit\/\" \/>\n<meta property=\"og:site_name\" content=\"G\u00e1vea News\" \/>\n<meta property=\"article:publisher\" content=\"https:\/\/facebook.com\/gaveaNews\/\" \/>\n<meta property=\"article:published_time\" content=\"2025-09-11T14:54:18+00:00\" \/>\n<meta property=\"article:modified_time\" content=\"2025-09-11T14:54:23+00:00\" \/>\n<meta property=\"og:image\" content=\"http:\/\/www.gaveanews.com\/wp-content\/uploads\/gerson-everton-ribeiro-flamengo-2x1-bahia-campeonato-brasileiro-1024x709-1.webp\" \/>\n\t<meta property=\"og:image:width\" content=\"1024\" \/>\n\t<meta property=\"og:image:height\" content=\"709\" \/>\n\t<meta property=\"og:image:type\" content=\"image\/webp\" \/>\n<meta name=\"author\" content=\"Reda\u00e7\u00e3o\" \/>\n<meta name=\"twitter:card\" content=\"summary_large_image\" \/>\n<meta name=\"twitter:label1\" content=\"Escrito por\" \/>\n\t<meta name=\"twitter:data1\" content=\"Reda\u00e7\u00e3o\" \/>\n\t<meta name=\"twitter:label2\" content=\"Est. tempo de leitura\" \/>\n\t<meta name=\"twitter:data2\" content=\"3 minutos\" \/>\n<script type=\"application\/ld+json\" class=\"yoast-schema-graph\">{\"@context\":\"https:\/\/schema.org\",\"@graph\":[{\"@type\":\"NewsArticle\",\"@id\":\"https:\/\/www.gaveanews.com\/index.php\/2025\/09\/11\/insatisfeito-jornal-revela-situacao-de-gerson-ex-flamengo-no-zenit\/#article\",\"isPartOf\":{\"@id\":\"https:\/\/www.gaveanews.com\/index.php\/2025\/09\/11\/insatisfeito-jornal-revela-situacao-de-gerson-ex-flamengo-no-zenit\/\"},\"author\":{\"name\":\"Reda\u00e7\u00e3o\",\"@id\":\"https:\/\/www.gaveanews.com\/#\/schema\/person\/c88645e3d550d0b6574305e67dd5a716\"},\"headline\":\"Insatisfeito? Jornal revela situa\u00e7\u00e3o de Gerson, ex-Flamengo, no Zenit\",\"datePublished\":\"2025-09-11T14:54:18+00:00\",\"dateModified\":\"2025-09-11T14:54:23+00:00\",\"mainEntityOfPage\":{\"@id\":\"https:\/\/www.gaveanews.com\/index.php\/2025\/09\/11\/insatisfeito-jornal-revela-situacao-de-gerson-ex-flamengo-no-zenit\/\"},\"wordCount\":438,\"commentCount\":0,\"image\":{\"@id\":\"https:\/\/www.gaveanews.com\/index.php\/2025\/09\/11\/insatisfeito-jornal-revela-situacao-de-gerson-ex-flamengo-no-zenit\/#primaryimage\"},\"thumbnailUrl\":\"https:\/\/www.gaveanews.com\/wp-content\/uploads\/gerson-everton-ribeiro-flamengo-2x1-bahia-campeonato-brasileiro-1024x709-1.webp\",\"articleSection\":[\"Flamengo\"],\"inLanguage\":\"pt-BR\",\"potentialAction\":[{\"@type\":\"CommentAction\",\"name\":\"Comment\",\"target\":[\"https:\/\/www.gaveanews.com\/index.php\/2025\/09\/11\/insatisfeito-jornal-revela-situacao-de-gerson-ex-flamengo-no-zenit\/#respond\"]}],\"copyrightYear\":\"2025\",\"copyrightHolder\":{\"@id\":\"https:\/\/www.gaveanews.com\/#organization\"}},{\"@type\":\"WebPage\",\"@id\":\"https:\/\/www.gaveanews.com\/index.php\/2025\/09\/11\/insatisfeito-jornal-revela-situacao-de-gerson-ex-flamengo-no-zenit\/\",\"url\":\"https:\/\/www.gaveanews.com\/index.php\/2025\/09\/11\/insatisfeito-jornal-revela-situacao-de-gerson-ex-flamengo-no-zenit\/\",\"name\":\"Insatisfeito? Jornal revela situa\u00e7\u00e3o de Gerson, ex-Flamengo, no Zenit\",\"isPartOf\":{\"@id\":\"https:\/\/www.gaveanews.com\/#website\"},\"primaryImageOfPage\":{\"@id\":\"https:\/\/www.gaveanews.com\/index.php\/2025\/09\/11\/insatisfeito-jornal-revela-situacao-de-gerson-ex-flamengo-no-zenit\/#primaryimage\"},\"image\":{\"@id\":\"https:\/\/www.gaveanews.com\/index.php\/2025\/09\/11\/insatisfeito-jornal-revela-situacao-de-gerson-ex-flamengo-no-zenit\/#primaryimage\"},\"thumbnailUrl\":\"https:\/\/www.gaveanews.com\/wp-content\/uploads\/gerson-everton-ribeiro-flamengo-2x1-bahia-campeonato-brasileiro-1024x709-1.webp\",\"datePublished\":\"2025-09-11T14:54:18+00:00\",\"dateModified\":\"2025-09-11T14:54:23+00:00\",\"author\":{\"@id\":\"https:\/\/www.gaveanews.com\/#\/schema\/person\/c88645e3d550d0b6574305e67dd5a716\"},\"breadcrumb\":{\"@id\":\"https:\/\/www.gaveanews.com\/index.php\/2025\/09\/11\/insatisfeito-jornal-revela-situacao-de-gerson-ex-flamengo-no-zenit\/#breadcrumb\"},\"inLanguage\":\"pt-BR\",\"potentialAction\":[{\"@type\":\"ReadAction\",\"target\":[\"https:\/\/www.gaveanews.com\/index.php\/2025\/09\/11\/insatisfeito-jornal-revela-situacao-de-gerson-ex-flamengo-no-zenit\/\"]}]},{\"@type\":\"ImageObject\",\"inLanguage\":\"pt-BR\",\"@id\":\"https:\/\/www.gaveanews.com\/index.php\/2025\/09\/11\/insatisfeito-jornal-revela-situacao-de-gerson-ex-flamengo-no-zenit\/#primaryimage\",\"url\":\"https:\/\/www.gaveanews.com\/wp-content\/uploads\/gerson-everton-ribeiro-flamengo-2x1-bahia-campeonato-brasileiro-1024x709-1.webp\",\"contentUrl\":\"https:\/\/www.gaveanews.com\/wp-content\/uploads\/gerson-everton-ribeiro-flamengo-2x1-bahia-campeonato-brasileiro-1024x709-1.webp\",\"width\":1024,\"height\":709,\"caption\":\"Gerson pelo Flamengo - Foto: Paula Reis \/ Flamengo\"},{\"@type\":\"BreadcrumbList\",\"@id\":\"https:\/\/www.gaveanews.com\/index.php\/2025\/09\/11\/insatisfeito-jornal-revela-situacao-de-gerson-ex-flamengo-no-zenit\/#breadcrumb\",\"itemListElement\":[{\"@type\":\"ListItem\",\"position\":1,\"name\":\"Home\",\"item\":\"https:\/\/www.gaveanews.com\/\"},{\"@type\":\"ListItem\",\"position\":2,\"name\":\"Insatisfeito? Jornal revela situa\u00e7\u00e3o de Gerson, ex-Flamengo, no Zenit\"}]},{\"@type\":\"WebSite\",\"@id\":\"https:\/\/www.gaveanews.com\/#website\",\"url\":\"https:\/\/www.gaveanews.com\/\",\"name\":\"G\u00e1vea News\",\"description\":\"Veja todas as not\u00edcias sobre o Flamengo: Contrata\u00e7\u00f5es, categorias de base, resultados das partidas, tabela de classifica\u00e7\u00e3o, pr\u00f3ximos jogos!\",\"potentialAction\":[{\"@type\":\"SearchAction\",\"target\":{\"@type\":\"EntryPoint\",\"urlTemplate\":\"https:\/\/www.gaveanews.com\/?s={search_term_string}\"},\"query-input\":{\"@type\":\"PropertyValueSpecification\",\"valueRequired\":true,\"valueName\":\"search_term_string\"}}],\"inLanguage\":\"pt-BR\"},{\"@type\":\"Person\",\"@id\":\"https:\/\/www.gaveanews.com\/#\/schema\/person\/c88645e3d550d0b6574305e67dd5a716\",\"name\":\"Reda\u00e7\u00e3o\",\"image\":{\"@type\":\"ImageObject\",\"inLanguage\":\"pt-BR\",\"@id\":\"https:\/\/www.gaveanews.com\/#\/schema\/person\/image\/\",\"url\":\"https:\/\/secure.gravatar.com\/avatar\/434098fd823f0dc1b062d14ca22bacaa6e38de28d8c816bbef6fc2f8c44d8ba3?s=96&d=mm&r=g\",\"contentUrl\":\"https:\/\/secure.gravatar.com\/avatar\/434098fd823f0dc1b062d14ca22bacaa6e38de28d8c816bbef6fc2f8c44d8ba3?s=96&d=mm&r=g\",\"caption\":\"Reda\u00e7\u00e3o\"}}]}<\/script>\n<!-- \/ Yoast SEO Premium plugin. -->","yoast_head_json":{"title":"Insatisfeito? Jornal revela situa\u00e7\u00e3o de Gerson, ex-Flamengo, no Zenit","robots":{"index":"index","follow":"follow","max-snippet":"max-snippet:-1","max-image-preview":"max-image-preview:large","max-video-preview":"max-video-preview:-1"},"canonical":"https:\/\/www.gaveanews.com\/index.php\/2025\/09\/11\/insatisfeito-jornal-revela-situacao-de-gerson-ex-flamengo-no-zenit\/","og_locale":"pt_BR","og_type":"article","og_title":"Insatisfeito? Jornal revela situa\u00e7\u00e3o de Gerson, ex-Flamengo, no Zenit","og_description":"A sa\u00edda de Gerson do Flamengo ocorreu em circunst\u00e2ncias pouco usuais. Mesmo capit\u00e3o, \u00eddolo da torcida e entre os atletas mais bem remunerados, o meio-campista deixou o clube em um momento de prest\u00edgio. A decis\u00e3o chamou aten\u00e7\u00e3o e abriu espa\u00e7o para questionamentos sobre o contexto da escolha, tanto dentro do vesti\u00e1rio quanto na an\u00e1lise p\u00fablica [&hellip;]","og_url":"https:\/\/www.gaveanews.com\/index.php\/2025\/09\/11\/insatisfeito-jornal-revela-situacao-de-gerson-ex-flamengo-no-zenit\/","og_site_name":"G\u00e1vea News","article_publisher":"https:\/\/facebook.com\/gaveaNews\/","article_published_time":"2025-09-11T14:54:18+00:00","article_modified_time":"2025-09-11T14:54:23+00:00","og_image":[{"width":1024,"height":709,"url":"http:\/\/www.gaveanews.com\/wp-content\/uploads\/gerson-everton-ribeiro-flamengo-2x1-bahia-campeonato-brasileiro-1024x709-1.webp","type":"image\/webp"}],"author":"Reda\u00e7\u00e3o","twitter_card":"summary_large_image","twitter_misc":{"Escrito por":"Reda\u00e7\u00e3o","Est. tempo de leitura":"3 minutos"},"schema":{"@context":"https:\/\/schema.org","@graph":[{"@type":"NewsArticle","@id":"https:\/\/www.gaveanews.com\/index.php\/2025\/09\/11\/insatisfeito-jornal-revela-situacao-de-gerson-ex-flamengo-no-zenit\/#article","isPartOf":{"@id":"https:\/\/www.gaveanews.com\/index.php\/2025\/09\/11\/insatisfeito-jornal-revela-situacao-de-gerson-ex-flamengo-no-zenit\/"},"author":{"name":"Reda\u00e7\u00e3o","@id":"https:\/\/www.gaveanews.com\/#\/schema\/person\/c88645e3d550d0b6574305e67dd5a716"},"headline":"Insatisfeito? Jornal revela situa\u00e7\u00e3o de Gerson, ex-Flamengo, no Zenit","datePublished":"2025-09-11T14:54:18+00:00","dateModified":"2025-09-11T14:54:23+00:00","mainEntityOfPage":{"@id":"https:\/\/www.gaveanews.com\/index.php\/2025\/09\/11\/insatisfeito-jornal-revela-situacao-de-gerson-ex-flamengo-no-zenit\/"},"wordCount":438,"commentCount":0,"image":{"@id":"https:\/\/www.gaveanews.com\/index.php\/2025\/09\/11\/insatisfeito-jornal-revela-situacao-de-gerson-ex-flamengo-no-zenit\/#primaryimage"},"thumbnailUrl":"https:\/\/www.gaveanews.com\/wp-content\/uploads\/gerson-everton-ribeiro-flamengo-2x1-bahia-campeonato-brasileiro-1024x709-1.webp","articleSection":["Flamengo"],"inLanguage":"pt-BR","potentialAction":[{"@type":"CommentAction","name":"Comment","target":["https:\/\/www.gaveanews.com\/index.php\/2025\/09\/11\/insatisfeito-jornal-revela-situacao-de-gerson-ex-flamengo-no-zenit\/#respond"]}],"copyrightYear":"2025","copyrightHolder":{"@id":"https:\/\/www.gaveanews.com\/#organization"}},{"@type":"WebPage","@id":"https:\/\/www.gaveanews.com\/index.php\/2025\/09\/11\/insatisfeito-jornal-revela-situacao-de-gerson-ex-flamengo-no-zenit\/","url":"https:\/\/www.gaveanews.com\/index.php\/2025\/09\/11\/insatisfeito-jornal-revela-situacao-de-gerson-ex-flamengo-no-zenit\/","name":"Insatisfeito? Jornal revela situa\u00e7\u00e3o de Gerson, ex-Flamengo, no Zenit","isPartOf":{"@id":"https:\/\/www.gaveanews.com\/#website"},"primaryImageOfPage":{"@id":"https:\/\/www.gaveanews.com\/index.php\/2025\/09\/11\/insatisfeito-jornal-revela-situacao-de-gerson-ex-flamengo-no-zenit\/#primaryimage"},"image":{"@id":"https:\/\/www.gaveanews.com\/index.php\/2025\/09\/11\/insatisfeito-jornal-revela-situacao-de-gerson-ex-flamengo-no-zenit\/#primaryimage"},"thumbnailUrl":"https:\/\/www.gaveanews.com\/wp-content\/uploads\/gerson-everton-ribeiro-flamengo-2x1-bahia-campeonato-brasileiro-1024x709-1.webp","datePublished":"2025-09-11T14:54:18+00:00","dateModified":"2025-09-11T14:54:23+00:00","author":{"@id":"https:\/\/www.gaveanews.com\/#\/schema\/person\/c88645e3d550d0b6574305e67dd5a716"},"breadcrumb":{"@id":"https:\/\/www.gaveanews.com\/index.php\/2025\/09\/11\/insatisfeito-jornal-revela-situacao-de-gerson-ex-flamengo-no-zenit\/#breadcrumb"},"inLanguage":"pt-BR","potentialAction":[{"@type":"ReadAction","target":["https:\/\/www.gaveanews.com\/index.php\/2025\/09\/11\/insatisfeito-jornal-revela-situacao-de-gerson-ex-flamengo-no-zenit\/"]}]},{"@type":"ImageObject","inLanguage":"pt-BR","@id":"https:\/\/www.gaveanews.com\/index.php\/2025\/09\/11\/insatisfeito-jornal-revela-situacao-de-gerson-ex-flamengo-no-zenit\/#primaryimage","url":"https:\/\/www.gaveanews.com\/wp-content\/uploads\/gerson-everton-ribeiro-flamengo-2x1-bahia-campeonato-brasileiro-1024x709-1.webp","contentUrl":"https:\/\/www.gaveanews.com\/wp-content\/uploads\/gerson-everton-ribeiro-flamengo-2x1-bahia-campeonato-brasileiro-1024x709-1.webp","width":1024,"height":709,"caption":"Gerson pelo Flamengo - Foto: Paula Reis \/ Flamengo"},{"@type":"BreadcrumbList","@id":"https:\/\/www.gaveanews.com\/index.php\/2025\/09\/11\/insatisfeito-jornal-revela-situacao-de-gerson-ex-flamengo-no-zenit\/#breadcrumb","itemListElement":[{"@type":"ListItem","position":1,"name":"Home","item":"https:\/\/www.gaveanews.com\/"},{"@type":"ListItem","position":2,"name":"Insatisfeito? Jornal revela situa\u00e7\u00e3o de Gerson, ex-Flamengo, no Zenit"}]},{"@type":"WebSite","@id":"https:\/\/www.gaveanews.com\/#website","url":"https:\/\/www.gaveanews.com\/","name":"G\u00e1vea News","description":"Veja todas as not\u00edcias sobre o Flamengo: Contrata\u00e7\u00f5es, categorias de base, resultados das partidas, tabela de classifica\u00e7\u00e3o, pr\u00f3ximos jogos!","potentialAction":[{"@type":"SearchAction","target":{"@type":"EntryPoint","urlTemplate":"https:\/\/www.gaveanews.com\/?s={search_term_string}"},"query-input":{"@type":"PropertyValueSpecification","valueRequired":true,"valueName":"search_term_string"}}],"inLanguage":"pt-BR"},{"@type":"Person","@id":"https:\/\/www.gaveanews.com\/#\/schema\/person\/c88645e3d550d0b6574305e67dd5a716","name":"Reda\u00e7\u00e3o","image":{"@type":"ImageObject","inLanguage":"pt-BR","@id":"https:\/\/www.gaveanews.com\/#\/schema\/person\/image\/","url":"https:\/\/secure.gravatar.com\/avatar\/434098fd823f0dc1b062d14ca22bacaa6e38de28d8c816bbef6fc2f8c44d8ba3?s=96&d=mm&r=g","contentUrl":"https:\/\/secure.gravatar.com\/avatar\/434098fd823f0dc1b062d14ca22bacaa6e38de28d8c816bbef6fc2f8c44d8ba3?s=96&d=mm&r=g","caption":"Reda\u00e7\u00e3o"}}]}},"_links":{"self":[{"href":"https:\/\/www.gaveanews.com\/index.php\/wp-json\/wp\/v2\/posts\/276254","targetHints":{"allow":["GET"]}}],"collection":[{"href":"https:\/\/www.gaveanews.com\/index.php\/wp-json\/wp\/v2\/posts"}],"about":[{"href":"https:\/\/www.gaveanews.com\/index.php\/wp-json\/wp\/v2\/types\/post"}],"author":[{"embeddable":true,"href":"https:\/\/www.gaveanews.com\/index.php\/wp-json\/wp\/v2\/users\/39"}],"replies":[{"embeddable":true,"href":"https:\/\/www.gaveanews.com\/index.php\/wp-json\/wp\/v2\/comments?post=276254"}],"version-history":[{"count":1,"href":"https:\/\/www.gaveanews.com\/index.php\/wp-json\/wp\/v2\/posts\/276254\/revisions"}],"predecessor-version":[{"id":276256,"href":"https:\/\/www.gaveanews.com\/index.php\/wp-json\/wp\/v2\/posts\/276254\/revisions\/276256"}],"wp:featuredmedia":[{"embeddable":true,"href":"https:\/\/www.gaveanews.com\/index.php\/wp-json\/wp\/v2\/media\/161627"}],"wp:attachment":[{"href":"https:\/\/www.gaveanews.com\/index.php\/wp-json\/wp\/v2\/media?parent=276254"}],"wp:term":[{"taxonomy":"category","embeddable":true,"href":"https:\/\/www.gaveanews.com\/index.php\/wp-json\/wp\/v2\/categories?post=276254"},{"taxonomy":"post_tag","embeddable":true,"href":"https:\/\/www.gaveanews.com\/index.php\/wp-json\/wp\/v2\/tags?post=276254"}],"curies":[{"name":"wp","href":"https:\/\/api.w.org\/{rel}","templated":true}]}}