{"id":276259,"date":"2025-09-11T14:25:25","date_gmt":"2025-09-11T17:25:25","guid":{"rendered":"https:\/\/www.gaveanews.com\/?p=276259"},"modified":"2025-09-11T14:25:32","modified_gmt":"2025-09-11T17:25:32","slug":"flamengo-faz-publicacao-provocando-o-vasco-nas-redes-sociais","status":"publish","type":"post","link":"https:\/\/www.gaveanews.com\/index.php\/2025\/09\/11\/flamengo-faz-publicacao-provocando-o-vasco-nas-redes-sociais\/","title":{"rendered":"Flamengo faz publica\u00e7\u00e3o provocando o Vasco nas redes sociais"},"content":{"rendered":"\n<p>Na quinta-feira (11 de setembro), a rivalidade entre clubes cariocas ganhou contornos digitais. O Vasco tem jogo de volta das quartas da Copa do Brasil contra o Botafogo, a partir das 21 horas e 30 minutos, no Est\u00e1dio Nilton Santos. J\u00e1 o <a href=\"https:\/\/www.gaveanews.com\/index.php\/category\/brasileirao\/flamengo\/\" target=\"_blank\" rel=\"noopener noreferrer\">Flamengo<\/a> s\u00f3 volta a campo no fim de semana, contra o Juventude, no Alfredo Jaconi, e as redes sociais tamb\u00e9m chamaram aten\u00e7\u00e3o dos torcedores.<\/p>\n\n\n\n<p>Pela manh\u00e3, o Vasco publicou uma arte do confronto com um chamado \u00e0 torcida. O formato e os dizeres lembraram o estilo do Flamengo, que h\u00e1 muitos anos usa mensagens semelhantes. A semelhan\u00e7a motivou rea\u00e7\u00e3o imediata do Rubro-Negro no X (antigo Twitter), com tom provocativo e humor.<\/p>\n\n\n\n<p>&#8220;\u00c9 dia de Vasco pela Copa do Brasil! Por n\u00f3s. Pelos Nossos. Pelo Vasco. Juntos somos mais fortes&#8221;<\/p>\n\n\n\n<p>Na sequ\u00eancia, o perfil do Flamengo comentou na publica\u00e7\u00e3o do rival e ironizou a coincid\u00eancia de linguagem. A mensagem foi publicada na manh\u00e3 de quinta-feira (11) e provocou uma enxurrada de respostas entre torcedores. Afinal, a intera\u00e7\u00e3o acirrou a rivalidade nos coment\u00e1rios entre as duas torcidas.<\/p>\n\n\n\n<p>&#8220;N\u00e3o sei se voc\u00eas perceberam, mas tem algu\u00e9m querendo ser eu kkkkkk&#8221;<\/p>\n\n\n\n<blockquote class=\"twitter-tweet\"><p lang=\"pt\" dir=\"ltr\">N\u00e3o sei se voc\u00eas perceberam, mas tem algu\u00e9m querendo ser eu kkkkkk<\/p>&mdash; Flamengo (@Flamengo) <a href=\"https:\/\/twitter.com\/Flamengo\/status\/1966135974406308336?ref_src=twsrc%5Etfw\">September 11, 2025<\/a><\/blockquote> <script async src=\"https:\/\/platform.twitter.com\/widgets.js\" charset=\"utf-8\"><\/script>\n\n\n\n<p>A ironia se apoia no repert\u00f3rio que o Flamengo costuma usar em seus canais. O clube frequentemente escreve \u201cpor n\u00f3s\u201d e \u201cpelos nossos\u201d em publica\u00e7\u00f5es, e adotou um lema de uni\u00e3o reiterado ao longo dos anos. Assim, a mensagem vasca\u00edna foi percebida como uma refer\u00eancia direta ao vocabul\u00e1rio rubro-negro.<\/p>\n\n\n\n<p>No recorte esportivo, o Flamengo \u00e9 o atual campe\u00e3o da Copa do Brasil, mas se despediu da edi\u00e7\u00e3o atual nas oitavas de final, contra o Atl\u00e9tico-MG. Entretanto, o Vasco segue na competi\u00e7\u00e3o e enfrenta o Botafogo no jogo de volta das quartas, a partir das 21 horas e 30 minutos, no Nilton Santos, ap\u00f3s empate por 1 a 1 na ida.<\/p>\n\n\n\n<p>Pelo Brasileir\u00e3o, o Flamengo lidera com 47 pontos. Por outro lado, o Vasco est\u00e1 em 15\u00ba, com 22. O Rubro-Negro encara o Juventude no domingo (14), a partir das 16 horas (hor\u00e1rio de Bras\u00edlia), no Est\u00e1dio Alfredo Jaconi. Al\u00e9m disso, o clube enfrentar\u00e1 o Estudiantes de La Plata, em setembro, pelas quartas da Libertadores.<\/p>\n\n\n\n<p><\/p>\n","protected":false},"excerpt":{"rendered":"<p>Na quinta-feira (11 de setembro), a rivalidade entre clubes cariocas ganhou contornos digitais. O Vasco tem jogo de volta das quartas da Copa do Brasil contra o Botafogo, a partir das 21 horas e 30 minutos, no Est\u00e1dio Nilton Santos. J\u00e1 o Flamengo s\u00f3 volta a campo no fim de semana, contra o Juventude, no [&hellip;]<\/p>\n","protected":false},"author":39,"featured_media":255405,"comment_status":"open","ping_status":"closed","sticky":false,"template":"","format":"standard","meta":{"footnotes":""},"categories":[1,152],"tags":[],"class_list":["post-276259","post","type-post","status-publish","format-standard","has-post-thumbnail","hentry","category-flamengo","category-vasco"],"yoast_head":"<!-- This site is optimized with the Yoast SEO Premium plugin v24.2 (Yoast SEO v26.9) - https:\/\/yoast.com\/product\/yoast-seo-premium-wordpress\/ -->\n<title>Flamengo faz publica\u00e7\u00e3o provocando o Vasco nas redes sociais<\/title>\n<meta name=\"robots\" content=\"index, follow, max-snippet:-1, max-image-preview:large, max-video-preview:-1\" \/>\n<link rel=\"canonical\" href=\"https:\/\/www.gaveanews.com\/index.php\/2025\/09\/11\/flamengo-faz-publicacao-provocando-o-vasco-nas-redes-sociais\/\" \/>\n<meta property=\"og:locale\" content=\"pt_BR\" \/>\n<meta property=\"og:type\" content=\"article\" \/>\n<meta property=\"og:title\" content=\"Flamengo faz publica\u00e7\u00e3o provocando o Vasco nas redes sociais\" \/>\n<meta property=\"og:description\" content=\"Na quinta-feira (11 de setembro), a rivalidade entre clubes cariocas ganhou contornos digitais. O Vasco tem jogo de volta das quartas da Copa do Brasil contra o Botafogo, a partir das 21 horas e 30 minutos, no Est\u00e1dio Nilton Santos. J\u00e1 o Flamengo s\u00f3 volta a campo no fim de semana, contra o Juventude, no [&hellip;]\" \/>\n<meta property=\"og:url\" content=\"https:\/\/www.gaveanews.com\/index.php\/2025\/09\/11\/flamengo-faz-publicacao-provocando-o-vasco-nas-redes-sociais\/\" \/>\n<meta property=\"og:site_name\" content=\"G\u00e1vea News\" \/>\n<meta property=\"article:publisher\" content=\"https:\/\/facebook.com\/gaveaNews\/\" \/>\n<meta property=\"article:published_time\" content=\"2025-09-11T17:25:25+00:00\" \/>\n<meta property=\"article:modified_time\" content=\"2025-09-11T17:25:32+00:00\" \/>\n<meta property=\"og:image\" content=\"http:\/\/www.gaveanews.com\/wp-content\/uploads\/Classico-dos-Milhoes-entre-Flamengo-e-Vasco-no-Maracana-1.webp\" \/>\n\t<meta property=\"og:image:width\" content=\"1200\" \/>\n\t<meta property=\"og:image:height\" content=\"800\" \/>\n\t<meta property=\"og:image:type\" content=\"image\/png\" \/>\n<meta name=\"author\" content=\"Reda\u00e7\u00e3o\" \/>\n<meta name=\"twitter:card\" content=\"summary_large_image\" \/>\n<meta name=\"twitter:label1\" content=\"Escrito por\" \/>\n\t<meta name=\"twitter:data1\" content=\"Reda\u00e7\u00e3o\" \/>\n\t<meta name=\"twitter:label2\" content=\"Est. tempo de leitura\" \/>\n\t<meta name=\"twitter:data2\" content=\"3 minutos\" \/>\n<script type=\"application\/ld+json\" class=\"yoast-schema-graph\">{\"@context\":\"https:\/\/schema.org\",\"@graph\":[{\"@type\":\"NewsArticle\",\"@id\":\"https:\/\/www.gaveanews.com\/index.php\/2025\/09\/11\/flamengo-faz-publicacao-provocando-o-vasco-nas-redes-sociais\/#article\",\"isPartOf\":{\"@id\":\"https:\/\/www.gaveanews.com\/index.php\/2025\/09\/11\/flamengo-faz-publicacao-provocando-o-vasco-nas-redes-sociais\/\"},\"author\":{\"name\":\"Reda\u00e7\u00e3o\",\"@id\":\"https:\/\/www.gaveanews.com\/#\/schema\/person\/c88645e3d550d0b6574305e67dd5a716\"},\"headline\":\"Flamengo faz publica\u00e7\u00e3o provocando o Vasco nas redes sociais\",\"datePublished\":\"2025-09-11T17:25:25+00:00\",\"dateModified\":\"2025-09-11T17:25:32+00:00\",\"mainEntityOfPage\":{\"@id\":\"https:\/\/www.gaveanews.com\/index.php\/2025\/09\/11\/flamengo-faz-publicacao-provocando-o-vasco-nas-redes-sociais\/\"},\"wordCount\":397,\"commentCount\":0,\"image\":{\"@id\":\"https:\/\/www.gaveanews.com\/index.php\/2025\/09\/11\/flamengo-faz-publicacao-provocando-o-vasco-nas-redes-sociais\/#primaryimage\"},\"thumbnailUrl\":\"https:\/\/www.gaveanews.com\/wp-content\/uploads\/Classico-dos-Milhoes-entre-Flamengo-e-Vasco-no-Maracana-1.webp\",\"articleSection\":[\"Flamengo\",\"Vasco\"],\"inLanguage\":\"pt-BR\",\"potentialAction\":[{\"@type\":\"CommentAction\",\"name\":\"Comment\",\"target\":[\"https:\/\/www.gaveanews.com\/index.php\/2025\/09\/11\/flamengo-faz-publicacao-provocando-o-vasco-nas-redes-sociais\/#respond\"]}],\"copyrightYear\":\"2025\",\"copyrightHolder\":{\"@id\":\"https:\/\/www.gaveanews.com\/#organization\"}},{\"@type\":\"WebPage\",\"@id\":\"https:\/\/www.gaveanews.com\/index.php\/2025\/09\/11\/flamengo-faz-publicacao-provocando-o-vasco-nas-redes-sociais\/\",\"url\":\"https:\/\/www.gaveanews.com\/index.php\/2025\/09\/11\/flamengo-faz-publicacao-provocando-o-vasco-nas-redes-sociais\/\",\"name\":\"Flamengo faz publica\u00e7\u00e3o provocando o Vasco nas redes sociais\",\"isPartOf\":{\"@id\":\"https:\/\/www.gaveanews.com\/#website\"},\"primaryImageOfPage\":{\"@id\":\"https:\/\/www.gaveanews.com\/index.php\/2025\/09\/11\/flamengo-faz-publicacao-provocando-o-vasco-nas-redes-sociais\/#primaryimage\"},\"image\":{\"@id\":\"https:\/\/www.gaveanews.com\/index.php\/2025\/09\/11\/flamengo-faz-publicacao-provocando-o-vasco-nas-redes-sociais\/#primaryimage\"},\"thumbnailUrl\":\"https:\/\/www.gaveanews.com\/wp-content\/uploads\/Classico-dos-Milhoes-entre-Flamengo-e-Vasco-no-Maracana-1.webp\",\"datePublished\":\"2025-09-11T17:25:25+00:00\",\"dateModified\":\"2025-09-11T17:25:32+00:00\",\"author\":{\"@id\":\"https:\/\/www.gaveanews.com\/#\/schema\/person\/c88645e3d550d0b6574305e67dd5a716\"},\"breadcrumb\":{\"@id\":\"https:\/\/www.gaveanews.com\/index.php\/2025\/09\/11\/flamengo-faz-publicacao-provocando-o-vasco-nas-redes-sociais\/#breadcrumb\"},\"inLanguage\":\"pt-BR\",\"potentialAction\":[{\"@type\":\"ReadAction\",\"target\":[\"https:\/\/www.gaveanews.com\/index.php\/2025\/09\/11\/flamengo-faz-publicacao-provocando-o-vasco-nas-redes-sociais\/\"]}]},{\"@type\":\"ImageObject\",\"inLanguage\":\"pt-BR\",\"@id\":\"https:\/\/www.gaveanews.com\/index.php\/2025\/09\/11\/flamengo-faz-publicacao-provocando-o-vasco-nas-redes-sociais\/#primaryimage\",\"url\":\"https:\/\/www.gaveanews.com\/wp-content\/uploads\/Classico-dos-Milhoes-entre-Flamengo-e-Vasco-no-Maracana-1.webp\",\"contentUrl\":\"https:\/\/www.gaveanews.com\/wp-content\/uploads\/Classico-dos-Milhoes-entre-Flamengo-e-Vasco-no-Maracana-1.webp\",\"width\":1200,\"height\":800},{\"@type\":\"BreadcrumbList\",\"@id\":\"https:\/\/www.gaveanews.com\/index.php\/2025\/09\/11\/flamengo-faz-publicacao-provocando-o-vasco-nas-redes-sociais\/#breadcrumb\",\"itemListElement\":[{\"@type\":\"ListItem\",\"position\":1,\"name\":\"Home\",\"item\":\"https:\/\/www.gaveanews.com\/\"},{\"@type\":\"ListItem\",\"position\":2,\"name\":\"Flamengo faz publica\u00e7\u00e3o provocando o Vasco nas redes sociais\"}]},{\"@type\":\"WebSite\",\"@id\":\"https:\/\/www.gaveanews.com\/#website\",\"url\":\"https:\/\/www.gaveanews.com\/\",\"name\":\"G\u00e1vea News\",\"description\":\"Veja todas as not\u00edcias sobre o Flamengo: Contrata\u00e7\u00f5es, categorias de base, resultados das partidas, tabela de classifica\u00e7\u00e3o, pr\u00f3ximos jogos!\",\"potentialAction\":[{\"@type\":\"SearchAction\",\"target\":{\"@type\":\"EntryPoint\",\"urlTemplate\":\"https:\/\/www.gaveanews.com\/?s={search_term_string}\"},\"query-input\":{\"@type\":\"PropertyValueSpecification\",\"valueRequired\":true,\"valueName\":\"search_term_string\"}}],\"inLanguage\":\"pt-BR\"},{\"@type\":\"Person\",\"@id\":\"https:\/\/www.gaveanews.com\/#\/schema\/person\/c88645e3d550d0b6574305e67dd5a716\",\"name\":\"Reda\u00e7\u00e3o\",\"image\":{\"@type\":\"ImageObject\",\"inLanguage\":\"pt-BR\",\"@id\":\"https:\/\/www.gaveanews.com\/#\/schema\/person\/image\/\",\"url\":\"https:\/\/secure.gravatar.com\/avatar\/434098fd823f0dc1b062d14ca22bacaa6e38de28d8c816bbef6fc2f8c44d8ba3?s=96&d=mm&r=g\",\"contentUrl\":\"https:\/\/secure.gravatar.com\/avatar\/434098fd823f0dc1b062d14ca22bacaa6e38de28d8c816bbef6fc2f8c44d8ba3?s=96&d=mm&r=g\",\"caption\":\"Reda\u00e7\u00e3o\"}}]}<\/script>\n<!-- \/ Yoast SEO Premium plugin. -->","yoast_head_json":{"title":"Flamengo faz publica\u00e7\u00e3o provocando o Vasco nas redes sociais","robots":{"index":"index","follow":"follow","max-snippet":"max-snippet:-1","max-image-preview":"max-image-preview:large","max-video-preview":"max-video-preview:-1"},"canonical":"https:\/\/www.gaveanews.com\/index.php\/2025\/09\/11\/flamengo-faz-publicacao-provocando-o-vasco-nas-redes-sociais\/","og_locale":"pt_BR","og_type":"article","og_title":"Flamengo faz publica\u00e7\u00e3o provocando o Vasco nas redes sociais","og_description":"Na quinta-feira (11 de setembro), a rivalidade entre clubes cariocas ganhou contornos digitais. O Vasco tem jogo de volta das quartas da Copa do Brasil contra o Botafogo, a partir das 21 horas e 30 minutos, no Est\u00e1dio Nilton Santos. J\u00e1 o Flamengo s\u00f3 volta a campo no fim de semana, contra o Juventude, no [&hellip;]","og_url":"https:\/\/www.gaveanews.com\/index.php\/2025\/09\/11\/flamengo-faz-publicacao-provocando-o-vasco-nas-redes-sociais\/","og_site_name":"G\u00e1vea News","article_publisher":"https:\/\/facebook.com\/gaveaNews\/","article_published_time":"2025-09-11T17:25:25+00:00","article_modified_time":"2025-09-11T17:25:32+00:00","og_image":[{"width":1200,"height":800,"url":"http:\/\/www.gaveanews.com\/wp-content\/uploads\/Classico-dos-Milhoes-entre-Flamengo-e-Vasco-no-Maracana-1.webp","type":"image\/png"}],"author":"Reda\u00e7\u00e3o","twitter_card":"summary_large_image","twitter_misc":{"Escrito por":"Reda\u00e7\u00e3o","Est. tempo de leitura":"3 minutos"},"schema":{"@context":"https:\/\/schema.org","@graph":[{"@type":"NewsArticle","@id":"https:\/\/www.gaveanews.com\/index.php\/2025\/09\/11\/flamengo-faz-publicacao-provocando-o-vasco-nas-redes-sociais\/#article","isPartOf":{"@id":"https:\/\/www.gaveanews.com\/index.php\/2025\/09\/11\/flamengo-faz-publicacao-provocando-o-vasco-nas-redes-sociais\/"},"author":{"name":"Reda\u00e7\u00e3o","@id":"https:\/\/www.gaveanews.com\/#\/schema\/person\/c88645e3d550d0b6574305e67dd5a716"},"headline":"Flamengo faz publica\u00e7\u00e3o provocando o Vasco nas redes sociais","datePublished":"2025-09-11T17:25:25+00:00","dateModified":"2025-09-11T17:25:32+00:00","mainEntityOfPage":{"@id":"https:\/\/www.gaveanews.com\/index.php\/2025\/09\/11\/flamengo-faz-publicacao-provocando-o-vasco-nas-redes-sociais\/"},"wordCount":397,"commentCount":0,"image":{"@id":"https:\/\/www.gaveanews.com\/index.php\/2025\/09\/11\/flamengo-faz-publicacao-provocando-o-vasco-nas-redes-sociais\/#primaryimage"},"thumbnailUrl":"https:\/\/www.gaveanews.com\/wp-content\/uploads\/Classico-dos-Milhoes-entre-Flamengo-e-Vasco-no-Maracana-1.webp","articleSection":["Flamengo","Vasco"],"inLanguage":"pt-BR","potentialAction":[{"@type":"CommentAction","name":"Comment","target":["https:\/\/www.gaveanews.com\/index.php\/2025\/09\/11\/flamengo-faz-publicacao-provocando-o-vasco-nas-redes-sociais\/#respond"]}],"copyrightYear":"2025","copyrightHolder":{"@id":"https:\/\/www.gaveanews.com\/#organization"}},{"@type":"WebPage","@id":"https:\/\/www.gaveanews.com\/index.php\/2025\/09\/11\/flamengo-faz-publicacao-provocando-o-vasco-nas-redes-sociais\/","url":"https:\/\/www.gaveanews.com\/index.php\/2025\/09\/11\/flamengo-faz-publicacao-provocando-o-vasco-nas-redes-sociais\/","name":"Flamengo faz publica\u00e7\u00e3o provocando o Vasco nas redes sociais","isPartOf":{"@id":"https:\/\/www.gaveanews.com\/#website"},"primaryImageOfPage":{"@id":"https:\/\/www.gaveanews.com\/index.php\/2025\/09\/11\/flamengo-faz-publicacao-provocando-o-vasco-nas-redes-sociais\/#primaryimage"},"image":{"@id":"https:\/\/www.gaveanews.com\/index.php\/2025\/09\/11\/flamengo-faz-publicacao-provocando-o-vasco-nas-redes-sociais\/#primaryimage"},"thumbnailUrl":"https:\/\/www.gaveanews.com\/wp-content\/uploads\/Classico-dos-Milhoes-entre-Flamengo-e-Vasco-no-Maracana-1.webp","datePublished":"2025-09-11T17:25:25+00:00","dateModified":"2025-09-11T17:25:32+00:00","author":{"@id":"https:\/\/www.gaveanews.com\/#\/schema\/person\/c88645e3d550d0b6574305e67dd5a716"},"breadcrumb":{"@id":"https:\/\/www.gaveanews.com\/index.php\/2025\/09\/11\/flamengo-faz-publicacao-provocando-o-vasco-nas-redes-sociais\/#breadcrumb"},"inLanguage":"pt-BR","potentialAction":[{"@type":"ReadAction","target":["https:\/\/www.gaveanews.com\/index.php\/2025\/09\/11\/flamengo-faz-publicacao-provocando-o-vasco-nas-redes-sociais\/"]}]},{"@type":"ImageObject","inLanguage":"pt-BR","@id":"https:\/\/www.gaveanews.com\/index.php\/2025\/09\/11\/flamengo-faz-publicacao-provocando-o-vasco-nas-redes-sociais\/#primaryimage","url":"https:\/\/www.gaveanews.com\/wp-content\/uploads\/Classico-dos-Milhoes-entre-Flamengo-e-Vasco-no-Maracana-1.webp","contentUrl":"https:\/\/www.gaveanews.com\/wp-content\/uploads\/Classico-dos-Milhoes-entre-Flamengo-e-Vasco-no-Maracana-1.webp","width":1200,"height":800},{"@type":"BreadcrumbList","@id":"https:\/\/www.gaveanews.com\/index.php\/2025\/09\/11\/flamengo-faz-publicacao-provocando-o-vasco-nas-redes-sociais\/#breadcrumb","itemListElement":[{"@type":"ListItem","position":1,"name":"Home","item":"https:\/\/www.gaveanews.com\/"},{"@type":"ListItem","position":2,"name":"Flamengo faz publica\u00e7\u00e3o provocando o Vasco nas redes sociais"}]},{"@type":"WebSite","@id":"https:\/\/www.gaveanews.com\/#website","url":"https:\/\/www.gaveanews.com\/","name":"G\u00e1vea News","description":"Veja todas as not\u00edcias sobre o Flamengo: Contrata\u00e7\u00f5es, categorias de base, resultados das partidas, tabela de classifica\u00e7\u00e3o, pr\u00f3ximos jogos!","potentialAction":[{"@type":"SearchAction","target":{"@type":"EntryPoint","urlTemplate":"https:\/\/www.gaveanews.com\/?s={search_term_string}"},"query-input":{"@type":"PropertyValueSpecification","valueRequired":true,"valueName":"search_term_string"}}],"inLanguage":"pt-BR"},{"@type":"Person","@id":"https:\/\/www.gaveanews.com\/#\/schema\/person\/c88645e3d550d0b6574305e67dd5a716","name":"Reda\u00e7\u00e3o","image":{"@type":"ImageObject","inLanguage":"pt-BR","@id":"https:\/\/www.gaveanews.com\/#\/schema\/person\/image\/","url":"https:\/\/secure.gravatar.com\/avatar\/434098fd823f0dc1b062d14ca22bacaa6e38de28d8c816bbef6fc2f8c44d8ba3?s=96&d=mm&r=g","contentUrl":"https:\/\/secure.gravatar.com\/avatar\/434098fd823f0dc1b062d14ca22bacaa6e38de28d8c816bbef6fc2f8c44d8ba3?s=96&d=mm&r=g","caption":"Reda\u00e7\u00e3o"}}]}},"_links":{"self":[{"href":"https:\/\/www.gaveanews.com\/index.php\/wp-json\/wp\/v2\/posts\/276259","targetHints":{"allow":["GET"]}}],"collection":[{"href":"https:\/\/www.gaveanews.com\/index.php\/wp-json\/wp\/v2\/posts"}],"about":[{"href":"https:\/\/www.gaveanews.com\/index.php\/wp-json\/wp\/v2\/types\/post"}],"author":[{"embeddable":true,"href":"https:\/\/www.gaveanews.com\/index.php\/wp-json\/wp\/v2\/users\/39"}],"replies":[{"embeddable":true,"href":"https:\/\/www.gaveanews.com\/index.php\/wp-json\/wp\/v2\/comments?post=276259"}],"version-history":[{"count":1,"href":"https:\/\/www.gaveanews.com\/index.php\/wp-json\/wp\/v2\/posts\/276259\/revisions"}],"predecessor-version":[{"id":276265,"href":"https:\/\/www.gaveanews.com\/index.php\/wp-json\/wp\/v2\/posts\/276259\/revisions\/276265"}],"wp:featuredmedia":[{"embeddable":true,"href":"https:\/\/www.gaveanews.com\/index.php\/wp-json\/wp\/v2\/media\/255405"}],"wp:attachment":[{"href":"https:\/\/www.gaveanews.com\/index.php\/wp-json\/wp\/v2\/media?parent=276259"}],"wp:term":[{"taxonomy":"category","embeddable":true,"href":"https:\/\/www.gaveanews.com\/index.php\/wp-json\/wp\/v2\/categories?post=276259"},{"taxonomy":"post_tag","embeddable":true,"href":"https:\/\/www.gaveanews.com\/index.php\/wp-json\/wp\/v2\/tags?post=276259"}],"curies":[{"name":"wp","href":"https:\/\/api.w.org\/{rel}","templated":true}]}}