{"id":276269,"date":"2025-09-11T17:00:00","date_gmt":"2025-09-11T20:00:00","guid":{"rendered":"https:\/\/www.gaveanews.com\/?p=276269"},"modified":"2025-09-11T16:33:54","modified_gmt":"2025-09-11T19:33:54","slug":"oficial-flamengo-confirma-contratacao-de-novo-goleiro","status":"publish","type":"post","link":"https:\/\/www.gaveanews.com\/index.php\/2025\/09\/11\/oficial-flamengo-confirma-contratacao-de-novo-goleiro\/","title":{"rendered":"Oficial! Flamengo confirma contrata\u00e7\u00e3o de novo goleiro"},"content":{"rendered":"<p>O <a href=\"https:\/\/www.gaveanews.com\/index.php\/category\/brasileirao\/flamengo\/\" target=\"_blank\" rel=\"noopener noreferrer\">Flamengo<\/a> vive semana de aten\u00e7\u00e3o \u00e0s categorias de base, com resultados expressivos na quarta-feira (10). O sub-16 venceu o Audax Rio por 3 a 1 no CT das Vargens, enquanto os times sub-17 e sub-15 golearam o Friburguense por 6 a 0 e 7 a 0, respectivamente, pela Copa Rio, confirmando 100% de aproveitamento no dia.<\/p>\n<p>Esse contexto coincide com a disputa do Paulista Sub-14, que adota cobran\u00e7as de p\u00eanaltis ao fim dos jogos, valendo ponto extra. E foi a\u00ed que Bahia ganhou holofotes ao defender v\u00e1rias dessas batidas pelo Inter de Limeira. O destaque foi tamanho que chamou aten\u00e7\u00e3o do Mais Querido.<\/p>\n<p>O Flamengo foi atr\u00e1s e acertou a contrata\u00e7\u00e3o do goleiro Fillype Gomes, conhecido como Bahia, que atuava no sub-14 da Inter de Limeira. A informa\u00e7\u00e3o foi divulgada pela Prime Sports, empresa que gerencia as categorias de base da Inter do sub-11 ao sub-20.<\/p>\n<p>No comunicado que oficializou o acerto, a Prime Sports, respons\u00e1vel pela base da Inter de Limeira, resumiu a transi\u00e7\u00e3o do jovem goleiro em uma frase curta. A publica\u00e7\u00e3o tamb\u00e9m desejou sucesso a Bahia na nova etapa, evidenciando a passagem do atleta das categorias de base paulistas para a estrutura do Ninho do Urubu.<\/p>\n<p>&#8220;De Limeira para o Ninho&#8221;, dizia um trecho.<\/p>\n<h2>Carreira de Bahia<\/h2>\n<p>A trajet\u00f3ria recente de Bahia vem sendo comparada \u00e0 de Hugo Souza, revelado pelo Ninho do Urubu. O ex-destaque da base do Flamengo chegou aos profissionais, teve passagem por Portugal e hoje defende o Corinthians. Al\u00e9m disso, ele j\u00e1 foi convocado para a Sele\u00e7\u00e3o Brasileira sob o comando de Carlo Ancelotti.<\/p>\n<p>A chegada de Bahia ocorre em meio a uma reformula\u00e7\u00e3o profunda nas categorias de base do Flamengo desde a nova presid\u00eancia. A equipe sub-20, por exemplo, passou por reestrutura\u00e7\u00e3o ampla, com mudan\u00e7as na comiss\u00e3o t\u00e9cnica e no elenco.<\/p>\n<p>O objetivo \u00e9 otimizar o n\u00edvel dos jogadores, evitar desperd\u00edcios e ampliar a arrecada\u00e7\u00e3o e a capta\u00e7\u00e3o de talentos.<\/p>\n<p>A reformula\u00e7\u00e3o tamb\u00e9m incluiu sa\u00eddas. Entre os goleiros, Caio Barone foi para o Celta de Vigo, e Luc\u00e3o seguiu ao Vit\u00f3ria de Guimar\u00e3es. Na defesa, Felipe Vieira acertou com o Athletic-MG, enquanto Guilherme Brito foi para o S\u00e3o Paulo.<\/p>\n<p>No meio, sa\u00edram Luis Auc\u00e9lio (Vit\u00f3ria), Kauan Menegatti (Athletico-PR), Rayan Lucas (Sporting) e Lorran (Pisa). No ataque, partiram Felipe Lima (Alverca), Matheus Gon\u00e7alves (Al Ahli) e Shola (D\u00ednamo de Kiev).<\/p>\n","protected":false},"excerpt":{"rendered":"<p>O Flamengo vive semana de aten\u00e7\u00e3o \u00e0s categorias de base, com resultados expressivos na quarta-feira (10). O sub-16 venceu o Audax Rio por 3 a 1 no CT das Vargens, enquanto os times sub-17 e sub-15 golearam o Friburguense por 6 a 0 e 7 a 0, respectivamente, pela Copa Rio, confirmando 100% de aproveitamento [&hellip;]<\/p>\n","protected":false},"author":39,"featured_media":254809,"comment_status":"open","ping_status":"closed","sticky":false,"template":"","format":"standard","meta":{"footnotes":""},"categories":[1],"tags":[],"class_list":["post-276269","post","type-post","status-publish","format-standard","has-post-thumbnail","hentry","category-flamengo"],"yoast_head":"<!-- This site is optimized with the Yoast SEO Premium plugin v24.2 (Yoast SEO v26.9) - https:\/\/yoast.com\/product\/yoast-seo-premium-wordpress\/ -->\n<title>Oficial! Flamengo confirma contrata\u00e7\u00e3o de novo goleiro<\/title>\n<meta name=\"robots\" content=\"index, follow, max-snippet:-1, max-image-preview:large, max-video-preview:-1\" \/>\n<link rel=\"canonical\" href=\"https:\/\/www.gaveanews.com\/index.php\/2025\/09\/11\/oficial-flamengo-confirma-contratacao-de-novo-goleiro\/\" \/>\n<meta property=\"og:locale\" content=\"pt_BR\" \/>\n<meta property=\"og:type\" content=\"article\" \/>\n<meta property=\"og:title\" content=\"Oficial! Flamengo confirma contrata\u00e7\u00e3o de novo goleiro\" \/>\n<meta property=\"og:description\" content=\"O Flamengo vive semana de aten\u00e7\u00e3o \u00e0s categorias de base, com resultados expressivos na quarta-feira (10). O sub-16 venceu o Audax Rio por 3 a 1 no CT das Vargens, enquanto os times sub-17 e sub-15 golearam o Friburguense por 6 a 0 e 7 a 0, respectivamente, pela Copa Rio, confirmando 100% de aproveitamento [&hellip;]\" \/>\n<meta property=\"og:url\" content=\"https:\/\/www.gaveanews.com\/index.php\/2025\/09\/11\/oficial-flamengo-confirma-contratacao-de-novo-goleiro\/\" \/>\n<meta property=\"og:site_name\" content=\"G\u00e1vea News\" \/>\n<meta property=\"article:publisher\" content=\"https:\/\/facebook.com\/gaveaNews\/\" \/>\n<meta property=\"article:published_time\" content=\"2025-09-11T20:00:00+00:00\" \/>\n<meta property=\"og:image\" content=\"https:\/\/www.gaveanews.com\/wp-content\/uploads\/Uniforme-do-Flamengo.webp\" \/>\n\t<meta property=\"og:image:width\" content=\"1200\" \/>\n\t<meta property=\"og:image:height\" content=\"800\" \/>\n\t<meta property=\"og:image:type\" content=\"image\/png\" \/>\n<meta name=\"author\" content=\"Reda\u00e7\u00e3o\" \/>\n<meta name=\"twitter:card\" content=\"summary_large_image\" \/>\n<meta name=\"twitter:label1\" content=\"Escrito por\" \/>\n\t<meta name=\"twitter:data1\" content=\"Reda\u00e7\u00e3o\" \/>\n\t<meta name=\"twitter:label2\" content=\"Est. tempo de leitura\" \/>\n\t<meta name=\"twitter:data2\" content=\"3 minutos\" \/>\n<script type=\"application\/ld+json\" class=\"yoast-schema-graph\">{\"@context\":\"https:\/\/schema.org\",\"@graph\":[{\"@type\":\"NewsArticle\",\"@id\":\"https:\/\/www.gaveanews.com\/index.php\/2025\/09\/11\/oficial-flamengo-confirma-contratacao-de-novo-goleiro\/#article\",\"isPartOf\":{\"@id\":\"https:\/\/www.gaveanews.com\/index.php\/2025\/09\/11\/oficial-flamengo-confirma-contratacao-de-novo-goleiro\/\"},\"author\":{\"name\":\"Reda\u00e7\u00e3o\",\"@id\":\"https:\/\/www.gaveanews.com\/#\/schema\/person\/c88645e3d550d0b6574305e67dd5a716\"},\"headline\":\"Oficial! Flamengo confirma contrata\u00e7\u00e3o de novo goleiro\",\"datePublished\":\"2025-09-11T20:00:00+00:00\",\"mainEntityOfPage\":{\"@id\":\"https:\/\/www.gaveanews.com\/index.php\/2025\/09\/11\/oficial-flamengo-confirma-contratacao-de-novo-goleiro\/\"},\"wordCount\":423,\"commentCount\":0,\"image\":{\"@id\":\"https:\/\/www.gaveanews.com\/index.php\/2025\/09\/11\/oficial-flamengo-confirma-contratacao-de-novo-goleiro\/#primaryimage\"},\"thumbnailUrl\":\"https:\/\/www.gaveanews.com\/wp-content\/uploads\/Uniforme-do-Flamengo.webp\",\"articleSection\":[\"Flamengo\"],\"inLanguage\":\"pt-BR\",\"potentialAction\":[{\"@type\":\"CommentAction\",\"name\":\"Comment\",\"target\":[\"https:\/\/www.gaveanews.com\/index.php\/2025\/09\/11\/oficial-flamengo-confirma-contratacao-de-novo-goleiro\/#respond\"]}],\"copyrightYear\":\"2025\",\"copyrightHolder\":{\"@id\":\"https:\/\/www.gaveanews.com\/#organization\"}},{\"@type\":\"WebPage\",\"@id\":\"https:\/\/www.gaveanews.com\/index.php\/2025\/09\/11\/oficial-flamengo-confirma-contratacao-de-novo-goleiro\/\",\"url\":\"https:\/\/www.gaveanews.com\/index.php\/2025\/09\/11\/oficial-flamengo-confirma-contratacao-de-novo-goleiro\/\",\"name\":\"Oficial! Flamengo confirma contrata\u00e7\u00e3o de novo goleiro\",\"isPartOf\":{\"@id\":\"https:\/\/www.gaveanews.com\/#website\"},\"primaryImageOfPage\":{\"@id\":\"https:\/\/www.gaveanews.com\/index.php\/2025\/09\/11\/oficial-flamengo-confirma-contratacao-de-novo-goleiro\/#primaryimage\"},\"image\":{\"@id\":\"https:\/\/www.gaveanews.com\/index.php\/2025\/09\/11\/oficial-flamengo-confirma-contratacao-de-novo-goleiro\/#primaryimage\"},\"thumbnailUrl\":\"https:\/\/www.gaveanews.com\/wp-content\/uploads\/Uniforme-do-Flamengo.webp\",\"datePublished\":\"2025-09-11T20:00:00+00:00\",\"author\":{\"@id\":\"https:\/\/www.gaveanews.com\/#\/schema\/person\/c88645e3d550d0b6574305e67dd5a716\"},\"breadcrumb\":{\"@id\":\"https:\/\/www.gaveanews.com\/index.php\/2025\/09\/11\/oficial-flamengo-confirma-contratacao-de-novo-goleiro\/#breadcrumb\"},\"inLanguage\":\"pt-BR\",\"potentialAction\":[{\"@type\":\"ReadAction\",\"target\":[\"https:\/\/www.gaveanews.com\/index.php\/2025\/09\/11\/oficial-flamengo-confirma-contratacao-de-novo-goleiro\/\"]}]},{\"@type\":\"ImageObject\",\"inLanguage\":\"pt-BR\",\"@id\":\"https:\/\/www.gaveanews.com\/index.php\/2025\/09\/11\/oficial-flamengo-confirma-contratacao-de-novo-goleiro\/#primaryimage\",\"url\":\"https:\/\/www.gaveanews.com\/wp-content\/uploads\/Uniforme-do-Flamengo.webp\",\"contentUrl\":\"https:\/\/www.gaveanews.com\/wp-content\/uploads\/Uniforme-do-Flamengo.webp\",\"width\":1200,\"height\":800,\"caption\":\"Uniforme do Flamengo - Foto: Gilvan de Souza\/Flamengo\"},{\"@type\":\"BreadcrumbList\",\"@id\":\"https:\/\/www.gaveanews.com\/index.php\/2025\/09\/11\/oficial-flamengo-confirma-contratacao-de-novo-goleiro\/#breadcrumb\",\"itemListElement\":[{\"@type\":\"ListItem\",\"position\":1,\"name\":\"Home\",\"item\":\"https:\/\/www.gaveanews.com\/\"},{\"@type\":\"ListItem\",\"position\":2,\"name\":\"Oficial! Flamengo confirma contrata\u00e7\u00e3o de novo goleiro\"}]},{\"@type\":\"WebSite\",\"@id\":\"https:\/\/www.gaveanews.com\/#website\",\"url\":\"https:\/\/www.gaveanews.com\/\",\"name\":\"G\u00e1vea News\",\"description\":\"Veja todas as not\u00edcias sobre o Flamengo: Contrata\u00e7\u00f5es, categorias de base, resultados das partidas, tabela de classifica\u00e7\u00e3o, pr\u00f3ximos jogos!\",\"potentialAction\":[{\"@type\":\"SearchAction\",\"target\":{\"@type\":\"EntryPoint\",\"urlTemplate\":\"https:\/\/www.gaveanews.com\/?s={search_term_string}\"},\"query-input\":{\"@type\":\"PropertyValueSpecification\",\"valueRequired\":true,\"valueName\":\"search_term_string\"}}],\"inLanguage\":\"pt-BR\"},{\"@type\":\"Person\",\"@id\":\"https:\/\/www.gaveanews.com\/#\/schema\/person\/c88645e3d550d0b6574305e67dd5a716\",\"name\":\"Reda\u00e7\u00e3o\",\"image\":{\"@type\":\"ImageObject\",\"inLanguage\":\"pt-BR\",\"@id\":\"https:\/\/www.gaveanews.com\/#\/schema\/person\/image\/\",\"url\":\"https:\/\/secure.gravatar.com\/avatar\/434098fd823f0dc1b062d14ca22bacaa6e38de28d8c816bbef6fc2f8c44d8ba3?s=96&d=mm&r=g\",\"contentUrl\":\"https:\/\/secure.gravatar.com\/avatar\/434098fd823f0dc1b062d14ca22bacaa6e38de28d8c816bbef6fc2f8c44d8ba3?s=96&d=mm&r=g\",\"caption\":\"Reda\u00e7\u00e3o\"}}]}<\/script>\n<!-- \/ Yoast SEO Premium plugin. -->","yoast_head_json":{"title":"Oficial! Flamengo confirma contrata\u00e7\u00e3o de novo goleiro","robots":{"index":"index","follow":"follow","max-snippet":"max-snippet:-1","max-image-preview":"max-image-preview:large","max-video-preview":"max-video-preview:-1"},"canonical":"https:\/\/www.gaveanews.com\/index.php\/2025\/09\/11\/oficial-flamengo-confirma-contratacao-de-novo-goleiro\/","og_locale":"pt_BR","og_type":"article","og_title":"Oficial! Flamengo confirma contrata\u00e7\u00e3o de novo goleiro","og_description":"O Flamengo vive semana de aten\u00e7\u00e3o \u00e0s categorias de base, com resultados expressivos na quarta-feira (10). O sub-16 venceu o Audax Rio por 3 a 1 no CT das Vargens, enquanto os times sub-17 e sub-15 golearam o Friburguense por 6 a 0 e 7 a 0, respectivamente, pela Copa Rio, confirmando 100% de aproveitamento [&hellip;]","og_url":"https:\/\/www.gaveanews.com\/index.php\/2025\/09\/11\/oficial-flamengo-confirma-contratacao-de-novo-goleiro\/","og_site_name":"G\u00e1vea News","article_publisher":"https:\/\/facebook.com\/gaveaNews\/","article_published_time":"2025-09-11T20:00:00+00:00","og_image":[{"width":1200,"height":800,"url":"https:\/\/www.gaveanews.com\/wp-content\/uploads\/Uniforme-do-Flamengo.webp","type":"image\/png"}],"author":"Reda\u00e7\u00e3o","twitter_card":"summary_large_image","twitter_misc":{"Escrito por":"Reda\u00e7\u00e3o","Est. tempo de leitura":"3 minutos"},"schema":{"@context":"https:\/\/schema.org","@graph":[{"@type":"NewsArticle","@id":"https:\/\/www.gaveanews.com\/index.php\/2025\/09\/11\/oficial-flamengo-confirma-contratacao-de-novo-goleiro\/#article","isPartOf":{"@id":"https:\/\/www.gaveanews.com\/index.php\/2025\/09\/11\/oficial-flamengo-confirma-contratacao-de-novo-goleiro\/"},"author":{"name":"Reda\u00e7\u00e3o","@id":"https:\/\/www.gaveanews.com\/#\/schema\/person\/c88645e3d550d0b6574305e67dd5a716"},"headline":"Oficial! Flamengo confirma contrata\u00e7\u00e3o de novo goleiro","datePublished":"2025-09-11T20:00:00+00:00","mainEntityOfPage":{"@id":"https:\/\/www.gaveanews.com\/index.php\/2025\/09\/11\/oficial-flamengo-confirma-contratacao-de-novo-goleiro\/"},"wordCount":423,"commentCount":0,"image":{"@id":"https:\/\/www.gaveanews.com\/index.php\/2025\/09\/11\/oficial-flamengo-confirma-contratacao-de-novo-goleiro\/#primaryimage"},"thumbnailUrl":"https:\/\/www.gaveanews.com\/wp-content\/uploads\/Uniforme-do-Flamengo.webp","articleSection":["Flamengo"],"inLanguage":"pt-BR","potentialAction":[{"@type":"CommentAction","name":"Comment","target":["https:\/\/www.gaveanews.com\/index.php\/2025\/09\/11\/oficial-flamengo-confirma-contratacao-de-novo-goleiro\/#respond"]}],"copyrightYear":"2025","copyrightHolder":{"@id":"https:\/\/www.gaveanews.com\/#organization"}},{"@type":"WebPage","@id":"https:\/\/www.gaveanews.com\/index.php\/2025\/09\/11\/oficial-flamengo-confirma-contratacao-de-novo-goleiro\/","url":"https:\/\/www.gaveanews.com\/index.php\/2025\/09\/11\/oficial-flamengo-confirma-contratacao-de-novo-goleiro\/","name":"Oficial! Flamengo confirma contrata\u00e7\u00e3o de novo goleiro","isPartOf":{"@id":"https:\/\/www.gaveanews.com\/#website"},"primaryImageOfPage":{"@id":"https:\/\/www.gaveanews.com\/index.php\/2025\/09\/11\/oficial-flamengo-confirma-contratacao-de-novo-goleiro\/#primaryimage"},"image":{"@id":"https:\/\/www.gaveanews.com\/index.php\/2025\/09\/11\/oficial-flamengo-confirma-contratacao-de-novo-goleiro\/#primaryimage"},"thumbnailUrl":"https:\/\/www.gaveanews.com\/wp-content\/uploads\/Uniforme-do-Flamengo.webp","datePublished":"2025-09-11T20:00:00+00:00","author":{"@id":"https:\/\/www.gaveanews.com\/#\/schema\/person\/c88645e3d550d0b6574305e67dd5a716"},"breadcrumb":{"@id":"https:\/\/www.gaveanews.com\/index.php\/2025\/09\/11\/oficial-flamengo-confirma-contratacao-de-novo-goleiro\/#breadcrumb"},"inLanguage":"pt-BR","potentialAction":[{"@type":"ReadAction","target":["https:\/\/www.gaveanews.com\/index.php\/2025\/09\/11\/oficial-flamengo-confirma-contratacao-de-novo-goleiro\/"]}]},{"@type":"ImageObject","inLanguage":"pt-BR","@id":"https:\/\/www.gaveanews.com\/index.php\/2025\/09\/11\/oficial-flamengo-confirma-contratacao-de-novo-goleiro\/#primaryimage","url":"https:\/\/www.gaveanews.com\/wp-content\/uploads\/Uniforme-do-Flamengo.webp","contentUrl":"https:\/\/www.gaveanews.com\/wp-content\/uploads\/Uniforme-do-Flamengo.webp","width":1200,"height":800,"caption":"Uniforme do Flamengo - Foto: Gilvan de Souza\/Flamengo"},{"@type":"BreadcrumbList","@id":"https:\/\/www.gaveanews.com\/index.php\/2025\/09\/11\/oficial-flamengo-confirma-contratacao-de-novo-goleiro\/#breadcrumb","itemListElement":[{"@type":"ListItem","position":1,"name":"Home","item":"https:\/\/www.gaveanews.com\/"},{"@type":"ListItem","position":2,"name":"Oficial! Flamengo confirma contrata\u00e7\u00e3o de novo goleiro"}]},{"@type":"WebSite","@id":"https:\/\/www.gaveanews.com\/#website","url":"https:\/\/www.gaveanews.com\/","name":"G\u00e1vea News","description":"Veja todas as not\u00edcias sobre o Flamengo: Contrata\u00e7\u00f5es, categorias de base, resultados das partidas, tabela de classifica\u00e7\u00e3o, pr\u00f3ximos jogos!","potentialAction":[{"@type":"SearchAction","target":{"@type":"EntryPoint","urlTemplate":"https:\/\/www.gaveanews.com\/?s={search_term_string}"},"query-input":{"@type":"PropertyValueSpecification","valueRequired":true,"valueName":"search_term_string"}}],"inLanguage":"pt-BR"},{"@type":"Person","@id":"https:\/\/www.gaveanews.com\/#\/schema\/person\/c88645e3d550d0b6574305e67dd5a716","name":"Reda\u00e7\u00e3o","image":{"@type":"ImageObject","inLanguage":"pt-BR","@id":"https:\/\/www.gaveanews.com\/#\/schema\/person\/image\/","url":"https:\/\/secure.gravatar.com\/avatar\/434098fd823f0dc1b062d14ca22bacaa6e38de28d8c816bbef6fc2f8c44d8ba3?s=96&d=mm&r=g","contentUrl":"https:\/\/secure.gravatar.com\/avatar\/434098fd823f0dc1b062d14ca22bacaa6e38de28d8c816bbef6fc2f8c44d8ba3?s=96&d=mm&r=g","caption":"Reda\u00e7\u00e3o"}}]}},"_links":{"self":[{"href":"https:\/\/www.gaveanews.com\/index.php\/wp-json\/wp\/v2\/posts\/276269","targetHints":{"allow":["GET"]}}],"collection":[{"href":"https:\/\/www.gaveanews.com\/index.php\/wp-json\/wp\/v2\/posts"}],"about":[{"href":"https:\/\/www.gaveanews.com\/index.php\/wp-json\/wp\/v2\/types\/post"}],"author":[{"embeddable":true,"href":"https:\/\/www.gaveanews.com\/index.php\/wp-json\/wp\/v2\/users\/39"}],"replies":[{"embeddable":true,"href":"https:\/\/www.gaveanews.com\/index.php\/wp-json\/wp\/v2\/comments?post=276269"}],"version-history":[{"count":1,"href":"https:\/\/www.gaveanews.com\/index.php\/wp-json\/wp\/v2\/posts\/276269\/revisions"}],"predecessor-version":[{"id":276299,"href":"https:\/\/www.gaveanews.com\/index.php\/wp-json\/wp\/v2\/posts\/276269\/revisions\/276299"}],"wp:featuredmedia":[{"embeddable":true,"href":"https:\/\/www.gaveanews.com\/index.php\/wp-json\/wp\/v2\/media\/254809"}],"wp:attachment":[{"href":"https:\/\/www.gaveanews.com\/index.php\/wp-json\/wp\/v2\/media?parent=276269"}],"wp:term":[{"taxonomy":"category","embeddable":true,"href":"https:\/\/www.gaveanews.com\/index.php\/wp-json\/wp\/v2\/categories?post=276269"},{"taxonomy":"post_tag","embeddable":true,"href":"https:\/\/www.gaveanews.com\/index.php\/wp-json\/wp\/v2\/tags?post=276269"}],"curies":[{"name":"wp","href":"https:\/\/api.w.org\/{rel}","templated":true}]}}