{"id":276270,"date":"2025-09-11T15:43:26","date_gmt":"2025-09-11T18:43:26","guid":{"rendered":"https:\/\/www.gaveanews.com\/?p=276270"},"modified":"2025-09-11T15:49:24","modified_gmt":"2025-09-11T18:49:24","slug":"cria-do-flamengo-ultrapassa-marca-de-campeao-da-copa-do-mundo-pelo-brasil","status":"publish","type":"post","link":"https:\/\/www.gaveanews.com\/index.php\/2025\/09\/11\/cria-do-flamengo-ultrapassa-marca-de-campeao-da-copa-do-mundo-pelo-brasil\/","title":{"rendered":"Cria do Flamengo ultrapassa marca de campe\u00e3o da Copa do Mundo pelo Brasil"},"content":{"rendered":"\n<p>Na quarta-feira (10 de setembro), o Corinthians recebeu o Athletico-PR pelas quartas da Copa do Brasil, na Neo Qu\u00edmica Arena. O goleiro Hugo Souza viveu dias at\u00edpicos antes do confronto: ele se sentiu mal durante o aquecimento da sele\u00e7\u00e3o brasileira em El Alto (Bol\u00edvia), a mais de 4 mil metros de altitude, e retornou em voo fretado para ficar \u00e0 disposi\u00e7\u00e3o da equipe paulista menos de 24 horas antes do embate decisivo.<\/p>\n\n\n\n<p>Em campo, o time venceu por 2 a 0 e avan\u00e7ou \u00e0s semifinais. No segundo tempo, Hugo defendeu um p\u00eanalti cobrado por Gast\u00f3n Benav\u00eddez e manteve a vantagem alvinegra. Al\u00e9m disso, a interven\u00e7\u00e3o consolidou um feito individual: foi o oitavo p\u00eanalti defendido pelo goleiro com a camisa do Corinthians, marca que o coloca \u00e0 frente de Dida, que agarrou sete penalidades pelo clube em 95 jogos.<\/p>\n\n\n\n<p>Depois da partida, o camisa 1 relatou a correria das \u00faltimas horas e agradeceu o suporte interno, em entrevista ao sportv. Segundo ele, houve esfor\u00e7o da c\u00fapula para viabilizar a volta r\u00e1pida ao Brasil. O relato mencionou diretamente o presidente do clube e o gerente Fabinho pela ajuda na log\u00edstica.<\/p>\n\n\n\n<figure class=\"wp-block-image size-full\"><img loading=\"lazy\" decoding=\"async\" width=\"768\" height=\"458\" src=\"http:\/\/www.gaveanews.com\/wp-content\/uploads\/IMG_0346-768x458-1.webp\" alt=\"\" class=\"wp-image-155879\" srcset=\"https:\/\/www.gaveanews.com\/wp-content\/uploads\/IMG_0346-768x458-1.webp 768w, https:\/\/www.gaveanews.com\/wp-content\/uploads\/IMG_0346-768x458-1-300x179.webp 300w, https:\/\/www.gaveanews.com\/wp-content\/uploads\/IMG_0346-768x458-1-704x420.webp 704w, https:\/\/www.gaveanews.com\/wp-content\/uploads\/IMG_0346-768x458-1-640x382.webp 640w, https:\/\/www.gaveanews.com\/wp-content\/uploads\/IMG_0346-768x458-1-681x406.webp 681w, https:\/\/www.gaveanews.com\/wp-content\/uploads\/IMG_0346-768x458-1-100x60.webp 100w\" sizes=\"auto, (max-width: 768px) 100vw, 768px\" \/><figcaption class=\"wp-element-caption\">Hugo Souza, goleiro do Corinthians &#8211; Instagram \/ @hugosouza\n<\/figcaption><\/figure>\n\n\n\n<p>\u201cForam horas intensas. Foi bem corrido, mas eu puder chegar bem para o jogo, descansado. Agradecer ao presidente e o Fabinho que fizeram esfor\u00e7o danado para viabilizar minha volta r\u00e1pida. Pude ajudar a equipe dentro do campo. Presidente, a conta est\u00e1 paga, com o p\u00eanalti. Fico muito feliz de ajudar a equipe e fazer o meu trabalho da melhor forma\u201d, disse.<\/p>\n\n\n\n<p>No recorte das penalidades, os n\u00fameros detalham a evolu\u00e7\u00e3o sob a meta alvinegra. Em 26 cobran\u00e7as enfrentadas pelo Corinthians, Hugo foi vazado 16 vezes; enquanto duas bateram para fora. Das oito defesas, quatro ocorreram no tempo normal, contra Est\u00eav\u00e3o e Raphael Veiga (<a href=\"https:\/\/www.gaveanews.com\/index.php\/category\/brasileirao\/palmeiras\/\" target=\"_blank\" rel=\"noopener noreferrer\">Palmeiras<\/a>), Pablo Dyego (Novorizontino) e Benav\u00eddez. As demais vieram em disputas contra Bragantino e Gr\u00eamio.<\/p>\n\n\n\n<p>Al\u00e9m disso, o top-3 hist\u00f3rico do clube na especialidade tem C\u00e1ssio, com 32 p\u00eanaltis defendidos, seguido por Ronaldo Giovanelli, com 27, e Gylmar, com 11. Em compara\u00e7\u00e3o, Dida somou sete em 95 partidas. J\u00e1 Hugo atingiu oito ap\u00f3s 77 jogos, registro feito justamente na vit\u00f3ria por 2 a 0 sobre o Athletico-PR.<\/p>\n\n\n\n<p>Na pr\u00f3pria competi\u00e7\u00e3o, o impacto tamb\u00e9m \u00e9 coletivo. Gra\u00e7as \u00e0 defesa diante do Furac\u00e3o, o Corinthians segue sem sofrer gol na Copa do Brasil de 2025, segundo o registro feito ap\u00f3s o jogo. O lance, cobrado no segundo tempo, manteve o placar controlado e consolidou o triunfo por 2 a 0 em Itaquera.<\/p>\n","protected":false},"excerpt":{"rendered":"<p>Na quarta-feira (10 de setembro), o Corinthians recebeu o Athletico-PR pelas quartas da Copa do Brasil, na Neo Qu\u00edmica Arena. O goleiro Hugo Souza viveu dias at\u00edpicos antes do confronto: ele se sentiu mal durante o aquecimento da sele\u00e7\u00e3o brasileira em El Alto (Bol\u00edvia), a mais de 4 mil metros de altitude, e retornou em [&hellip;]<\/p>\n","protected":false},"author":39,"featured_media":273310,"comment_status":"open","ping_status":"closed","sticky":false,"template":"","format":"standard","meta":{"footnotes":""},"categories":[1],"tags":[],"class_list":["post-276270","post","type-post","status-publish","format-standard","has-post-thumbnail","hentry","category-flamengo"],"yoast_head":"<!-- This site is optimized with the Yoast SEO Premium plugin v24.2 (Yoast SEO v26.9) - https:\/\/yoast.com\/product\/yoast-seo-premium-wordpress\/ -->\n<title>Cria do Flamengo ultrapassa marca de campe\u00e3o da Copa do Mundo pelo Brasil<\/title>\n<meta name=\"robots\" content=\"index, follow, max-snippet:-1, max-image-preview:large, max-video-preview:-1\" \/>\n<link rel=\"canonical\" href=\"https:\/\/www.gaveanews.com\/index.php\/2025\/09\/11\/cria-do-flamengo-ultrapassa-marca-de-campeao-da-copa-do-mundo-pelo-brasil\/\" \/>\n<meta property=\"og:locale\" content=\"pt_BR\" \/>\n<meta property=\"og:type\" content=\"article\" \/>\n<meta property=\"og:title\" content=\"Cria do Flamengo ultrapassa marca de campe\u00e3o da Copa do Mundo pelo Brasil\" \/>\n<meta property=\"og:description\" content=\"Na quarta-feira (10 de setembro), o Corinthians recebeu o Athletico-PR pelas quartas da Copa do Brasil, na Neo Qu\u00edmica Arena. O goleiro Hugo Souza viveu dias at\u00edpicos antes do confronto: ele se sentiu mal durante o aquecimento da sele\u00e7\u00e3o brasileira em El Alto (Bol\u00edvia), a mais de 4 mil metros de altitude, e retornou em [&hellip;]\" \/>\n<meta property=\"og:url\" content=\"https:\/\/www.gaveanews.com\/index.php\/2025\/09\/11\/cria-do-flamengo-ultrapassa-marca-de-campeao-da-copa-do-mundo-pelo-brasil\/\" \/>\n<meta property=\"og:site_name\" content=\"G\u00e1vea News\" \/>\n<meta property=\"article:publisher\" content=\"https:\/\/facebook.com\/gaveaNews\/\" \/>\n<meta property=\"article:published_time\" content=\"2025-09-11T18:43:26+00:00\" \/>\n<meta property=\"article:modified_time\" content=\"2025-09-11T18:49:24+00:00\" \/>\n<meta property=\"og:image\" content=\"http:\/\/www.gaveanews.com\/wp-content\/uploads\/Nova-camisa-do-Flamengo.jpg\" \/>\n\t<meta property=\"og:image:width\" content=\"1280\" \/>\n\t<meta property=\"og:image:height\" content=\"960\" \/>\n\t<meta property=\"og:image:type\" content=\"image\/jpeg\" \/>\n<meta name=\"author\" content=\"Reda\u00e7\u00e3o\" \/>\n<meta name=\"twitter:card\" content=\"summary_large_image\" \/>\n<meta name=\"twitter:label1\" content=\"Escrito por\" \/>\n\t<meta name=\"twitter:data1\" content=\"Reda\u00e7\u00e3o\" \/>\n\t<meta name=\"twitter:label2\" content=\"Est. tempo de leitura\" \/>\n\t<meta name=\"twitter:data2\" content=\"3 minutos\" \/>\n<script type=\"application\/ld+json\" class=\"yoast-schema-graph\">{\"@context\":\"https:\/\/schema.org\",\"@graph\":[{\"@type\":\"NewsArticle\",\"@id\":\"https:\/\/www.gaveanews.com\/index.php\/2025\/09\/11\/cria-do-flamengo-ultrapassa-marca-de-campeao-da-copa-do-mundo-pelo-brasil\/#article\",\"isPartOf\":{\"@id\":\"https:\/\/www.gaveanews.com\/index.php\/2025\/09\/11\/cria-do-flamengo-ultrapassa-marca-de-campeao-da-copa-do-mundo-pelo-brasil\/\"},\"author\":{\"name\":\"Reda\u00e7\u00e3o\",\"@id\":\"https:\/\/www.gaveanews.com\/#\/schema\/person\/c88645e3d550d0b6574305e67dd5a716\"},\"headline\":\"Cria do Flamengo ultrapassa marca de campe\u00e3o da Copa do Mundo pelo Brasil\",\"datePublished\":\"2025-09-11T18:43:26+00:00\",\"dateModified\":\"2025-09-11T18:49:24+00:00\",\"mainEntityOfPage\":{\"@id\":\"https:\/\/www.gaveanews.com\/index.php\/2025\/09\/11\/cria-do-flamengo-ultrapassa-marca-de-campeao-da-copa-do-mundo-pelo-brasil\/\"},\"wordCount\":449,\"commentCount\":0,\"image\":{\"@id\":\"https:\/\/www.gaveanews.com\/index.php\/2025\/09\/11\/cria-do-flamengo-ultrapassa-marca-de-campeao-da-copa-do-mundo-pelo-brasil\/#primaryimage\"},\"thumbnailUrl\":\"https:\/\/www.gaveanews.com\/wp-content\/uploads\/Nova-camisa-do-Flamengo.jpg\",\"articleSection\":[\"Flamengo\"],\"inLanguage\":\"pt-BR\",\"potentialAction\":[{\"@type\":\"CommentAction\",\"name\":\"Comment\",\"target\":[\"https:\/\/www.gaveanews.com\/index.php\/2025\/09\/11\/cria-do-flamengo-ultrapassa-marca-de-campeao-da-copa-do-mundo-pelo-brasil\/#respond\"]}],\"copyrightYear\":\"2025\",\"copyrightHolder\":{\"@id\":\"https:\/\/www.gaveanews.com\/#organization\"}},{\"@type\":\"WebPage\",\"@id\":\"https:\/\/www.gaveanews.com\/index.php\/2025\/09\/11\/cria-do-flamengo-ultrapassa-marca-de-campeao-da-copa-do-mundo-pelo-brasil\/\",\"url\":\"https:\/\/www.gaveanews.com\/index.php\/2025\/09\/11\/cria-do-flamengo-ultrapassa-marca-de-campeao-da-copa-do-mundo-pelo-brasil\/\",\"name\":\"Cria do Flamengo ultrapassa marca de campe\u00e3o da Copa do Mundo pelo Brasil\",\"isPartOf\":{\"@id\":\"https:\/\/www.gaveanews.com\/#website\"},\"primaryImageOfPage\":{\"@id\":\"https:\/\/www.gaveanews.com\/index.php\/2025\/09\/11\/cria-do-flamengo-ultrapassa-marca-de-campeao-da-copa-do-mundo-pelo-brasil\/#primaryimage\"},\"image\":{\"@id\":\"https:\/\/www.gaveanews.com\/index.php\/2025\/09\/11\/cria-do-flamengo-ultrapassa-marca-de-campeao-da-copa-do-mundo-pelo-brasil\/#primaryimage\"},\"thumbnailUrl\":\"https:\/\/www.gaveanews.com\/wp-content\/uploads\/Nova-camisa-do-Flamengo.jpg\",\"datePublished\":\"2025-09-11T18:43:26+00:00\",\"dateModified\":\"2025-09-11T18:49:24+00:00\",\"author\":{\"@id\":\"https:\/\/www.gaveanews.com\/#\/schema\/person\/c88645e3d550d0b6574305e67dd5a716\"},\"breadcrumb\":{\"@id\":\"https:\/\/www.gaveanews.com\/index.php\/2025\/09\/11\/cria-do-flamengo-ultrapassa-marca-de-campeao-da-copa-do-mundo-pelo-brasil\/#breadcrumb\"},\"inLanguage\":\"pt-BR\",\"potentialAction\":[{\"@type\":\"ReadAction\",\"target\":[\"https:\/\/www.gaveanews.com\/index.php\/2025\/09\/11\/cria-do-flamengo-ultrapassa-marca-de-campeao-da-copa-do-mundo-pelo-brasil\/\"]}]},{\"@type\":\"ImageObject\",\"inLanguage\":\"pt-BR\",\"@id\":\"https:\/\/www.gaveanews.com\/index.php\/2025\/09\/11\/cria-do-flamengo-ultrapassa-marca-de-campeao-da-copa-do-mundo-pelo-brasil\/#primaryimage\",\"url\":\"https:\/\/www.gaveanews.com\/wp-content\/uploads\/Nova-camisa-do-Flamengo.jpg\",\"contentUrl\":\"https:\/\/www.gaveanews.com\/wp-content\/uploads\/Nova-camisa-do-Flamengo.jpg\",\"width\":1280,\"height\":960,\"caption\":\"Nova camisa do Flamengo\"},{\"@type\":\"BreadcrumbList\",\"@id\":\"https:\/\/www.gaveanews.com\/index.php\/2025\/09\/11\/cria-do-flamengo-ultrapassa-marca-de-campeao-da-copa-do-mundo-pelo-brasil\/#breadcrumb\",\"itemListElement\":[{\"@type\":\"ListItem\",\"position\":1,\"name\":\"Home\",\"item\":\"https:\/\/www.gaveanews.com\/\"},{\"@type\":\"ListItem\",\"position\":2,\"name\":\"Cria do Flamengo ultrapassa marca de campe\u00e3o da Copa do Mundo pelo Brasil\"}]},{\"@type\":\"WebSite\",\"@id\":\"https:\/\/www.gaveanews.com\/#website\",\"url\":\"https:\/\/www.gaveanews.com\/\",\"name\":\"G\u00e1vea News\",\"description\":\"Veja todas as not\u00edcias sobre o Flamengo: Contrata\u00e7\u00f5es, categorias de base, resultados das partidas, tabela de classifica\u00e7\u00e3o, pr\u00f3ximos jogos!\",\"potentialAction\":[{\"@type\":\"SearchAction\",\"target\":{\"@type\":\"EntryPoint\",\"urlTemplate\":\"https:\/\/www.gaveanews.com\/?s={search_term_string}\"},\"query-input\":{\"@type\":\"PropertyValueSpecification\",\"valueRequired\":true,\"valueName\":\"search_term_string\"}}],\"inLanguage\":\"pt-BR\"},{\"@type\":\"Person\",\"@id\":\"https:\/\/www.gaveanews.com\/#\/schema\/person\/c88645e3d550d0b6574305e67dd5a716\",\"name\":\"Reda\u00e7\u00e3o\",\"image\":{\"@type\":\"ImageObject\",\"inLanguage\":\"pt-BR\",\"@id\":\"https:\/\/www.gaveanews.com\/#\/schema\/person\/image\/\",\"url\":\"https:\/\/secure.gravatar.com\/avatar\/434098fd823f0dc1b062d14ca22bacaa6e38de28d8c816bbef6fc2f8c44d8ba3?s=96&d=mm&r=g\",\"contentUrl\":\"https:\/\/secure.gravatar.com\/avatar\/434098fd823f0dc1b062d14ca22bacaa6e38de28d8c816bbef6fc2f8c44d8ba3?s=96&d=mm&r=g\",\"caption\":\"Reda\u00e7\u00e3o\"}}]}<\/script>\n<!-- \/ Yoast SEO Premium plugin. -->","yoast_head_json":{"title":"Cria do Flamengo ultrapassa marca de campe\u00e3o da Copa do Mundo pelo Brasil","robots":{"index":"index","follow":"follow","max-snippet":"max-snippet:-1","max-image-preview":"max-image-preview:large","max-video-preview":"max-video-preview:-1"},"canonical":"https:\/\/www.gaveanews.com\/index.php\/2025\/09\/11\/cria-do-flamengo-ultrapassa-marca-de-campeao-da-copa-do-mundo-pelo-brasil\/","og_locale":"pt_BR","og_type":"article","og_title":"Cria do Flamengo ultrapassa marca de campe\u00e3o da Copa do Mundo pelo Brasil","og_description":"Na quarta-feira (10 de setembro), o Corinthians recebeu o Athletico-PR pelas quartas da Copa do Brasil, na Neo Qu\u00edmica Arena. O goleiro Hugo Souza viveu dias at\u00edpicos antes do confronto: ele se sentiu mal durante o aquecimento da sele\u00e7\u00e3o brasileira em El Alto (Bol\u00edvia), a mais de 4 mil metros de altitude, e retornou em [&hellip;]","og_url":"https:\/\/www.gaveanews.com\/index.php\/2025\/09\/11\/cria-do-flamengo-ultrapassa-marca-de-campeao-da-copa-do-mundo-pelo-brasil\/","og_site_name":"G\u00e1vea News","article_publisher":"https:\/\/facebook.com\/gaveaNews\/","article_published_time":"2025-09-11T18:43:26+00:00","article_modified_time":"2025-09-11T18:49:24+00:00","og_image":[{"width":1280,"height":960,"url":"http:\/\/www.gaveanews.com\/wp-content\/uploads\/Nova-camisa-do-Flamengo.jpg","type":"image\/jpeg"}],"author":"Reda\u00e7\u00e3o","twitter_card":"summary_large_image","twitter_misc":{"Escrito por":"Reda\u00e7\u00e3o","Est. tempo de leitura":"3 minutos"},"schema":{"@context":"https:\/\/schema.org","@graph":[{"@type":"NewsArticle","@id":"https:\/\/www.gaveanews.com\/index.php\/2025\/09\/11\/cria-do-flamengo-ultrapassa-marca-de-campeao-da-copa-do-mundo-pelo-brasil\/#article","isPartOf":{"@id":"https:\/\/www.gaveanews.com\/index.php\/2025\/09\/11\/cria-do-flamengo-ultrapassa-marca-de-campeao-da-copa-do-mundo-pelo-brasil\/"},"author":{"name":"Reda\u00e7\u00e3o","@id":"https:\/\/www.gaveanews.com\/#\/schema\/person\/c88645e3d550d0b6574305e67dd5a716"},"headline":"Cria do Flamengo ultrapassa marca de campe\u00e3o da Copa do Mundo pelo Brasil","datePublished":"2025-09-11T18:43:26+00:00","dateModified":"2025-09-11T18:49:24+00:00","mainEntityOfPage":{"@id":"https:\/\/www.gaveanews.com\/index.php\/2025\/09\/11\/cria-do-flamengo-ultrapassa-marca-de-campeao-da-copa-do-mundo-pelo-brasil\/"},"wordCount":449,"commentCount":0,"image":{"@id":"https:\/\/www.gaveanews.com\/index.php\/2025\/09\/11\/cria-do-flamengo-ultrapassa-marca-de-campeao-da-copa-do-mundo-pelo-brasil\/#primaryimage"},"thumbnailUrl":"https:\/\/www.gaveanews.com\/wp-content\/uploads\/Nova-camisa-do-Flamengo.jpg","articleSection":["Flamengo"],"inLanguage":"pt-BR","potentialAction":[{"@type":"CommentAction","name":"Comment","target":["https:\/\/www.gaveanews.com\/index.php\/2025\/09\/11\/cria-do-flamengo-ultrapassa-marca-de-campeao-da-copa-do-mundo-pelo-brasil\/#respond"]}],"copyrightYear":"2025","copyrightHolder":{"@id":"https:\/\/www.gaveanews.com\/#organization"}},{"@type":"WebPage","@id":"https:\/\/www.gaveanews.com\/index.php\/2025\/09\/11\/cria-do-flamengo-ultrapassa-marca-de-campeao-da-copa-do-mundo-pelo-brasil\/","url":"https:\/\/www.gaveanews.com\/index.php\/2025\/09\/11\/cria-do-flamengo-ultrapassa-marca-de-campeao-da-copa-do-mundo-pelo-brasil\/","name":"Cria do Flamengo ultrapassa marca de campe\u00e3o da Copa do Mundo pelo Brasil","isPartOf":{"@id":"https:\/\/www.gaveanews.com\/#website"},"primaryImageOfPage":{"@id":"https:\/\/www.gaveanews.com\/index.php\/2025\/09\/11\/cria-do-flamengo-ultrapassa-marca-de-campeao-da-copa-do-mundo-pelo-brasil\/#primaryimage"},"image":{"@id":"https:\/\/www.gaveanews.com\/index.php\/2025\/09\/11\/cria-do-flamengo-ultrapassa-marca-de-campeao-da-copa-do-mundo-pelo-brasil\/#primaryimage"},"thumbnailUrl":"https:\/\/www.gaveanews.com\/wp-content\/uploads\/Nova-camisa-do-Flamengo.jpg","datePublished":"2025-09-11T18:43:26+00:00","dateModified":"2025-09-11T18:49:24+00:00","author":{"@id":"https:\/\/www.gaveanews.com\/#\/schema\/person\/c88645e3d550d0b6574305e67dd5a716"},"breadcrumb":{"@id":"https:\/\/www.gaveanews.com\/index.php\/2025\/09\/11\/cria-do-flamengo-ultrapassa-marca-de-campeao-da-copa-do-mundo-pelo-brasil\/#breadcrumb"},"inLanguage":"pt-BR","potentialAction":[{"@type":"ReadAction","target":["https:\/\/www.gaveanews.com\/index.php\/2025\/09\/11\/cria-do-flamengo-ultrapassa-marca-de-campeao-da-copa-do-mundo-pelo-brasil\/"]}]},{"@type":"ImageObject","inLanguage":"pt-BR","@id":"https:\/\/www.gaveanews.com\/index.php\/2025\/09\/11\/cria-do-flamengo-ultrapassa-marca-de-campeao-da-copa-do-mundo-pelo-brasil\/#primaryimage","url":"https:\/\/www.gaveanews.com\/wp-content\/uploads\/Nova-camisa-do-Flamengo.jpg","contentUrl":"https:\/\/www.gaveanews.com\/wp-content\/uploads\/Nova-camisa-do-Flamengo.jpg","width":1280,"height":960,"caption":"Nova camisa do Flamengo"},{"@type":"BreadcrumbList","@id":"https:\/\/www.gaveanews.com\/index.php\/2025\/09\/11\/cria-do-flamengo-ultrapassa-marca-de-campeao-da-copa-do-mundo-pelo-brasil\/#breadcrumb","itemListElement":[{"@type":"ListItem","position":1,"name":"Home","item":"https:\/\/www.gaveanews.com\/"},{"@type":"ListItem","position":2,"name":"Cria do Flamengo ultrapassa marca de campe\u00e3o da Copa do Mundo pelo Brasil"}]},{"@type":"WebSite","@id":"https:\/\/www.gaveanews.com\/#website","url":"https:\/\/www.gaveanews.com\/","name":"G\u00e1vea News","description":"Veja todas as not\u00edcias sobre o Flamengo: Contrata\u00e7\u00f5es, categorias de base, resultados das partidas, tabela de classifica\u00e7\u00e3o, pr\u00f3ximos jogos!","potentialAction":[{"@type":"SearchAction","target":{"@type":"EntryPoint","urlTemplate":"https:\/\/www.gaveanews.com\/?s={search_term_string}"},"query-input":{"@type":"PropertyValueSpecification","valueRequired":true,"valueName":"search_term_string"}}],"inLanguage":"pt-BR"},{"@type":"Person","@id":"https:\/\/www.gaveanews.com\/#\/schema\/person\/c88645e3d550d0b6574305e67dd5a716","name":"Reda\u00e7\u00e3o","image":{"@type":"ImageObject","inLanguage":"pt-BR","@id":"https:\/\/www.gaveanews.com\/#\/schema\/person\/image\/","url":"https:\/\/secure.gravatar.com\/avatar\/434098fd823f0dc1b062d14ca22bacaa6e38de28d8c816bbef6fc2f8c44d8ba3?s=96&d=mm&r=g","contentUrl":"https:\/\/secure.gravatar.com\/avatar\/434098fd823f0dc1b062d14ca22bacaa6e38de28d8c816bbef6fc2f8c44d8ba3?s=96&d=mm&r=g","caption":"Reda\u00e7\u00e3o"}}]}},"_links":{"self":[{"href":"https:\/\/www.gaveanews.com\/index.php\/wp-json\/wp\/v2\/posts\/276270","targetHints":{"allow":["GET"]}}],"collection":[{"href":"https:\/\/www.gaveanews.com\/index.php\/wp-json\/wp\/v2\/posts"}],"about":[{"href":"https:\/\/www.gaveanews.com\/index.php\/wp-json\/wp\/v2\/types\/post"}],"author":[{"embeddable":true,"href":"https:\/\/www.gaveanews.com\/index.php\/wp-json\/wp\/v2\/users\/39"}],"replies":[{"embeddable":true,"href":"https:\/\/www.gaveanews.com\/index.php\/wp-json\/wp\/v2\/comments?post=276270"}],"version-history":[{"count":2,"href":"https:\/\/www.gaveanews.com\/index.php\/wp-json\/wp\/v2\/posts\/276270\/revisions"}],"predecessor-version":[{"id":276289,"href":"https:\/\/www.gaveanews.com\/index.php\/wp-json\/wp\/v2\/posts\/276270\/revisions\/276289"}],"wp:featuredmedia":[{"embeddable":true,"href":"https:\/\/www.gaveanews.com\/index.php\/wp-json\/wp\/v2\/media\/273310"}],"wp:attachment":[{"href":"https:\/\/www.gaveanews.com\/index.php\/wp-json\/wp\/v2\/media?parent=276270"}],"wp:term":[{"taxonomy":"category","embeddable":true,"href":"https:\/\/www.gaveanews.com\/index.php\/wp-json\/wp\/v2\/categories?post=276270"},{"taxonomy":"post_tag","embeddable":true,"href":"https:\/\/www.gaveanews.com\/index.php\/wp-json\/wp\/v2\/tags?post=276270"}],"curies":[{"name":"wp","href":"https:\/\/api.w.org\/{rel}","templated":true}]}}