{"id":276274,"date":"2025-09-11T15:52:20","date_gmt":"2025-09-11T18:52:20","guid":{"rendered":"https:\/\/www.gaveanews.com\/?p=276274"},"modified":"2025-09-11T15:52:25","modified_gmt":"2025-09-11T18:52:25","slug":"deivid-e-sincero-sobre-o-elenco-do-flamengo-parece-europeu","status":"publish","type":"post","link":"https:\/\/www.gaveanews.com\/index.php\/2025\/09\/11\/deivid-e-sincero-sobre-o-elenco-do-flamengo-parece-europeu\/","title":{"rendered":"Deivid \u00e9 sincero sobre o elenco do Flamengo: &#8220;parece europeu&#8230;&#8221;"},"content":{"rendered":"\n<p>O <a href=\"https:\/\/www.gaveanews.com\/index.php\/category\/brasileirao\/flamengo\/\" target=\"_blank\" rel=\"noopener noreferrer\">Flamengo<\/a> lidera o Campeonato Brasileiro com 47 pontos e j\u00e1 soma dois t\u00edtulos em 2025. Primeiro, venceu o Botafogo por 3 a 1 na decis\u00e3o da Supercopa do Brasil, em Bel\u00e9m. Depois, conquistou o Campeonato Carioca. Al\u00e9m disso, aplicou 6 a 0 no Juventude e 8 a 0 no Vit\u00f3ria, ambos no Maracan\u00e3, pelo Brasileir\u00e3o. Por fim, est\u00e1 nas quartas de final da Libertadores, contra o Estudiantes (ARG).<\/p>\n\n\n\n<p>Entretanto, a discuss\u00e3o sobre o momento rubro-negro ganhou novo cap\u00edtulo no podcast &#8216;Benja Me Mucho&#8217;, apresentado por Benjamin Back. O convidado especial foi Deivid, ex-atacante do clube, que fez uma an\u00e1lise franca sobre 2025. Ele destacou a qualidade e a profundidade do elenco e avaliou que o Flamengo tem um grupo t\u00e3o robusto que poderia formar tr\u00eas equipes. A entrevista ocorreu na quarta-feira (10).<\/p>\n\n\n\n<p>\u201cQuando estou vendo um jogo, parece europeu quando estou vendo o jogo do Flamengo . O time do Flamengo tem nome, qualidade e muita for\u00e7a\u201d, disse.<\/p>\n\n\n\n<p>Em tom descontra\u00eddo, Benjamin Back questionou Deivid sobre as altera\u00e7\u00f5es t\u00e1ticas realizadas durante as partidas desta temporada e se as mudan\u00e7as poderiam enfraquecer a equipe. O ex-jogador respondeu de forma direta e refor\u00e7ou que a discuss\u00e3o n\u00e3o se limita ao n\u00famero de op\u00e7\u00f5es, mas \u00e0 qualidade que cada atleta oferece. Al\u00e9m disso, ele enfatizou a profundidade do elenco rubro-negro.<\/p>\n\n\n\n<p>A trajet\u00f3ria de Deivid pelo Flamengo tamb\u00e9m foi lembrada. Ele se tornou titular assim que chegou e lutou contra o rebaixamento no Brasileiro de 2010, mesmo sem ter ficado na zona de descenso em nenhuma rodada, j\u00e1 que a campanha do clube n\u00e3o foi positiva. J\u00e1 em 2011, conquistou o Campeonato Carioca, vencendo Ta\u00e7a Guanabara e Ta\u00e7a Rio. Foi seu \u00fanico trof\u00e9u pelo clube e o quinto sob o comando de Vanderlei Luxemburgo. Na competi\u00e7\u00e3o, marcou cinco gols.<\/p>\n\n\n\n<p>Durante sua passagem, Deivid somou 31 gols em 97 partidas. Em 2011, foi artilheiro do Flamengo com 21 gols, empatado com Thiago Neves e Ronaldinho Ga\u00facho. Al\u00e9m disso, ganhou fama pelo gol perdido em 2012, contra o Vasco, lance que marcou sua passagem. O ex-atacante tamb\u00e9m passou por diversos clubes no Brasil e na Europa.<\/p>\n\n\n\n<p>De volta aos gramados, o Flamengo segue com o calend\u00e1rio bem movimentado. Pelo Brasileiro, o time comandado por Filipe Lu\u00eds enfrenta o Juventude em Caxias do Sul, no domingo (14), \u00e0s 16h (hor\u00e1rio de Bras\u00edlia), em jogo v\u00e1lido pela 23\u00aa rodada. <\/p>\n","protected":false},"excerpt":{"rendered":"<p>O Flamengo lidera o Campeonato Brasileiro com 47 pontos e j\u00e1 soma dois t\u00edtulos em 2025. Primeiro, venceu o Botafogo por 3 a 1 na decis\u00e3o da Supercopa do Brasil, em Bel\u00e9m. Depois, conquistou o Campeonato Carioca. Al\u00e9m disso, aplicou 6 a 0 no Juventude e 8 a 0 no Vit\u00f3ria, ambos no Maracan\u00e3, pelo [&hellip;]<\/p>\n","protected":false},"author":39,"featured_media":72258,"comment_status":"open","ping_status":"closed","sticky":false,"template":"","format":"standard","meta":{"footnotes":""},"categories":[1],"tags":[],"class_list":["post-276274","post","type-post","status-publish","format-standard","has-post-thumbnail","hentry","category-flamengo"],"yoast_head":"<!-- This site is optimized with the Yoast SEO Premium plugin v24.2 (Yoast SEO v26.9) - https:\/\/yoast.com\/product\/yoast-seo-premium-wordpress\/ -->\n<title>Deivid \u00e9 sincero sobre o elenco do Flamengo: &quot;parece europeu...&quot;<\/title>\n<meta name=\"robots\" content=\"index, follow, max-snippet:-1, max-image-preview:large, max-video-preview:-1\" \/>\n<link rel=\"canonical\" href=\"https:\/\/www.gaveanews.com\/index.php\/2025\/09\/11\/deivid-e-sincero-sobre-o-elenco-do-flamengo-parece-europeu\/\" \/>\n<meta property=\"og:locale\" content=\"pt_BR\" \/>\n<meta property=\"og:type\" content=\"article\" \/>\n<meta property=\"og:title\" content=\"Deivid \u00e9 sincero sobre o elenco do Flamengo: &quot;parece europeu...&quot;\" \/>\n<meta property=\"og:description\" content=\"O Flamengo lidera o Campeonato Brasileiro com 47 pontos e j\u00e1 soma dois t\u00edtulos em 2025. Primeiro, venceu o Botafogo por 3 a 1 na decis\u00e3o da Supercopa do Brasil, em Bel\u00e9m. Depois, conquistou o Campeonato Carioca. Al\u00e9m disso, aplicou 6 a 0 no Juventude e 8 a 0 no Vit\u00f3ria, ambos no Maracan\u00e3, pelo [&hellip;]\" \/>\n<meta property=\"og:url\" content=\"https:\/\/www.gaveanews.com\/index.php\/2025\/09\/11\/deivid-e-sincero-sobre-o-elenco-do-flamengo-parece-europeu\/\" \/>\n<meta property=\"og:site_name\" content=\"G\u00e1vea News\" \/>\n<meta property=\"article:publisher\" content=\"https:\/\/facebook.com\/gaveaNews\/\" \/>\n<meta property=\"article:published_time\" content=\"2025-09-11T18:52:20+00:00\" \/>\n<meta property=\"article:modified_time\" content=\"2025-09-11T18:52:25+00:00\" \/>\n<meta property=\"og:image\" content=\"http:\/\/www.gaveanews.com\/wp-content\/uploads\/Deivid-ex-jogador-do-Flamengo.webp\" \/>\n\t<meta property=\"og:image:width\" content=\"640\" \/>\n\t<meta property=\"og:image:height\" content=\"400\" \/>\n\t<meta property=\"og:image:type\" content=\"image\/jpeg\" \/>\n<meta name=\"author\" content=\"Reda\u00e7\u00e3o\" \/>\n<meta name=\"twitter:card\" content=\"summary_large_image\" \/>\n<meta name=\"twitter:label1\" content=\"Escrito por\" \/>\n\t<meta name=\"twitter:data1\" content=\"Reda\u00e7\u00e3o\" \/>\n\t<meta name=\"twitter:label2\" content=\"Est. tempo de leitura\" \/>\n\t<meta name=\"twitter:data2\" content=\"3 minutos\" \/>\n<script type=\"application\/ld+json\" class=\"yoast-schema-graph\">{\"@context\":\"https:\/\/schema.org\",\"@graph\":[{\"@type\":\"NewsArticle\",\"@id\":\"https:\/\/www.gaveanews.com\/index.php\/2025\/09\/11\/deivid-e-sincero-sobre-o-elenco-do-flamengo-parece-europeu\/#article\",\"isPartOf\":{\"@id\":\"https:\/\/www.gaveanews.com\/index.php\/2025\/09\/11\/deivid-e-sincero-sobre-o-elenco-do-flamengo-parece-europeu\/\"},\"author\":{\"name\":\"Reda\u00e7\u00e3o\",\"@id\":\"https:\/\/www.gaveanews.com\/#\/schema\/person\/c88645e3d550d0b6574305e67dd5a716\"},\"headline\":\"Deivid \u00e9 sincero sobre o elenco do Flamengo: &#8220;parece europeu&#8230;&#8221;\",\"datePublished\":\"2025-09-11T18:52:20+00:00\",\"dateModified\":\"2025-09-11T18:52:25+00:00\",\"mainEntityOfPage\":{\"@id\":\"https:\/\/www.gaveanews.com\/index.php\/2025\/09\/11\/deivid-e-sincero-sobre-o-elenco-do-flamengo-parece-europeu\/\"},\"wordCount\":417,\"commentCount\":0,\"image\":{\"@id\":\"https:\/\/www.gaveanews.com\/index.php\/2025\/09\/11\/deivid-e-sincero-sobre-o-elenco-do-flamengo-parece-europeu\/#primaryimage\"},\"thumbnailUrl\":\"https:\/\/www.gaveanews.com\/wp-content\/uploads\/Deivid-ex-jogador-do-Flamengo.webp\",\"articleSection\":[\"Flamengo\"],\"inLanguage\":\"pt-BR\",\"potentialAction\":[{\"@type\":\"CommentAction\",\"name\":\"Comment\",\"target\":[\"https:\/\/www.gaveanews.com\/index.php\/2025\/09\/11\/deivid-e-sincero-sobre-o-elenco-do-flamengo-parece-europeu\/#respond\"]}],\"copyrightYear\":\"2025\",\"copyrightHolder\":{\"@id\":\"https:\/\/www.gaveanews.com\/#organization\"}},{\"@type\":\"WebPage\",\"@id\":\"https:\/\/www.gaveanews.com\/index.php\/2025\/09\/11\/deivid-e-sincero-sobre-o-elenco-do-flamengo-parece-europeu\/\",\"url\":\"https:\/\/www.gaveanews.com\/index.php\/2025\/09\/11\/deivid-e-sincero-sobre-o-elenco-do-flamengo-parece-europeu\/\",\"name\":\"Deivid \u00e9 sincero sobre o elenco do Flamengo: \\\"parece europeu...\\\"\",\"isPartOf\":{\"@id\":\"https:\/\/www.gaveanews.com\/#website\"},\"primaryImageOfPage\":{\"@id\":\"https:\/\/www.gaveanews.com\/index.php\/2025\/09\/11\/deivid-e-sincero-sobre-o-elenco-do-flamengo-parece-europeu\/#primaryimage\"},\"image\":{\"@id\":\"https:\/\/www.gaveanews.com\/index.php\/2025\/09\/11\/deivid-e-sincero-sobre-o-elenco-do-flamengo-parece-europeu\/#primaryimage\"},\"thumbnailUrl\":\"https:\/\/www.gaveanews.com\/wp-content\/uploads\/Deivid-ex-jogador-do-Flamengo.webp\",\"datePublished\":\"2025-09-11T18:52:20+00:00\",\"dateModified\":\"2025-09-11T18:52:25+00:00\",\"author\":{\"@id\":\"https:\/\/www.gaveanews.com\/#\/schema\/person\/c88645e3d550d0b6574305e67dd5a716\"},\"breadcrumb\":{\"@id\":\"https:\/\/www.gaveanews.com\/index.php\/2025\/09\/11\/deivid-e-sincero-sobre-o-elenco-do-flamengo-parece-europeu\/#breadcrumb\"},\"inLanguage\":\"pt-BR\",\"potentialAction\":[{\"@type\":\"ReadAction\",\"target\":[\"https:\/\/www.gaveanews.com\/index.php\/2025\/09\/11\/deivid-e-sincero-sobre-o-elenco-do-flamengo-parece-europeu\/\"]}]},{\"@type\":\"ImageObject\",\"inLanguage\":\"pt-BR\",\"@id\":\"https:\/\/www.gaveanews.com\/index.php\/2025\/09\/11\/deivid-e-sincero-sobre-o-elenco-do-flamengo-parece-europeu\/#primaryimage\",\"url\":\"https:\/\/www.gaveanews.com\/wp-content\/uploads\/Deivid-ex-jogador-do-Flamengo.webp\",\"contentUrl\":\"https:\/\/www.gaveanews.com\/wp-content\/uploads\/Deivid-ex-jogador-do-Flamengo.webp\",\"width\":640,\"height\":400,\"caption\":\"Deivid, ex-jogador do Flamengo (Foto: Divulga\u00e7\u00e3o\/Flamengo)\"},{\"@type\":\"BreadcrumbList\",\"@id\":\"https:\/\/www.gaveanews.com\/index.php\/2025\/09\/11\/deivid-e-sincero-sobre-o-elenco-do-flamengo-parece-europeu\/#breadcrumb\",\"itemListElement\":[{\"@type\":\"ListItem\",\"position\":1,\"name\":\"Home\",\"item\":\"https:\/\/www.gaveanews.com\/\"},{\"@type\":\"ListItem\",\"position\":2,\"name\":\"Deivid \u00e9 sincero sobre o elenco do Flamengo: &#8220;parece europeu&#8230;&#8221;\"}]},{\"@type\":\"WebSite\",\"@id\":\"https:\/\/www.gaveanews.com\/#website\",\"url\":\"https:\/\/www.gaveanews.com\/\",\"name\":\"G\u00e1vea News\",\"description\":\"Veja todas as not\u00edcias sobre o Flamengo: Contrata\u00e7\u00f5es, categorias de base, resultados das partidas, tabela de classifica\u00e7\u00e3o, pr\u00f3ximos jogos!\",\"potentialAction\":[{\"@type\":\"SearchAction\",\"target\":{\"@type\":\"EntryPoint\",\"urlTemplate\":\"https:\/\/www.gaveanews.com\/?s={search_term_string}\"},\"query-input\":{\"@type\":\"PropertyValueSpecification\",\"valueRequired\":true,\"valueName\":\"search_term_string\"}}],\"inLanguage\":\"pt-BR\"},{\"@type\":\"Person\",\"@id\":\"https:\/\/www.gaveanews.com\/#\/schema\/person\/c88645e3d550d0b6574305e67dd5a716\",\"name\":\"Reda\u00e7\u00e3o\",\"image\":{\"@type\":\"ImageObject\",\"inLanguage\":\"pt-BR\",\"@id\":\"https:\/\/www.gaveanews.com\/#\/schema\/person\/image\/\",\"url\":\"https:\/\/secure.gravatar.com\/avatar\/434098fd823f0dc1b062d14ca22bacaa6e38de28d8c816bbef6fc2f8c44d8ba3?s=96&d=mm&r=g\",\"contentUrl\":\"https:\/\/secure.gravatar.com\/avatar\/434098fd823f0dc1b062d14ca22bacaa6e38de28d8c816bbef6fc2f8c44d8ba3?s=96&d=mm&r=g\",\"caption\":\"Reda\u00e7\u00e3o\"}}]}<\/script>\n<!-- \/ Yoast SEO Premium plugin. -->","yoast_head_json":{"title":"Deivid \u00e9 sincero sobre o elenco do Flamengo: \"parece europeu...\"","robots":{"index":"index","follow":"follow","max-snippet":"max-snippet:-1","max-image-preview":"max-image-preview:large","max-video-preview":"max-video-preview:-1"},"canonical":"https:\/\/www.gaveanews.com\/index.php\/2025\/09\/11\/deivid-e-sincero-sobre-o-elenco-do-flamengo-parece-europeu\/","og_locale":"pt_BR","og_type":"article","og_title":"Deivid \u00e9 sincero sobre o elenco do Flamengo: \"parece europeu...\"","og_description":"O Flamengo lidera o Campeonato Brasileiro com 47 pontos e j\u00e1 soma dois t\u00edtulos em 2025. Primeiro, venceu o Botafogo por 3 a 1 na decis\u00e3o da Supercopa do Brasil, em Bel\u00e9m. Depois, conquistou o Campeonato Carioca. Al\u00e9m disso, aplicou 6 a 0 no Juventude e 8 a 0 no Vit\u00f3ria, ambos no Maracan\u00e3, pelo [&hellip;]","og_url":"https:\/\/www.gaveanews.com\/index.php\/2025\/09\/11\/deivid-e-sincero-sobre-o-elenco-do-flamengo-parece-europeu\/","og_site_name":"G\u00e1vea News","article_publisher":"https:\/\/facebook.com\/gaveaNews\/","article_published_time":"2025-09-11T18:52:20+00:00","article_modified_time":"2025-09-11T18:52:25+00:00","og_image":[{"width":640,"height":400,"url":"http:\/\/www.gaveanews.com\/wp-content\/uploads\/Deivid-ex-jogador-do-Flamengo.webp","type":"image\/jpeg"}],"author":"Reda\u00e7\u00e3o","twitter_card":"summary_large_image","twitter_misc":{"Escrito por":"Reda\u00e7\u00e3o","Est. tempo de leitura":"3 minutos"},"schema":{"@context":"https:\/\/schema.org","@graph":[{"@type":"NewsArticle","@id":"https:\/\/www.gaveanews.com\/index.php\/2025\/09\/11\/deivid-e-sincero-sobre-o-elenco-do-flamengo-parece-europeu\/#article","isPartOf":{"@id":"https:\/\/www.gaveanews.com\/index.php\/2025\/09\/11\/deivid-e-sincero-sobre-o-elenco-do-flamengo-parece-europeu\/"},"author":{"name":"Reda\u00e7\u00e3o","@id":"https:\/\/www.gaveanews.com\/#\/schema\/person\/c88645e3d550d0b6574305e67dd5a716"},"headline":"Deivid \u00e9 sincero sobre o elenco do Flamengo: &#8220;parece europeu&#8230;&#8221;","datePublished":"2025-09-11T18:52:20+00:00","dateModified":"2025-09-11T18:52:25+00:00","mainEntityOfPage":{"@id":"https:\/\/www.gaveanews.com\/index.php\/2025\/09\/11\/deivid-e-sincero-sobre-o-elenco-do-flamengo-parece-europeu\/"},"wordCount":417,"commentCount":0,"image":{"@id":"https:\/\/www.gaveanews.com\/index.php\/2025\/09\/11\/deivid-e-sincero-sobre-o-elenco-do-flamengo-parece-europeu\/#primaryimage"},"thumbnailUrl":"https:\/\/www.gaveanews.com\/wp-content\/uploads\/Deivid-ex-jogador-do-Flamengo.webp","articleSection":["Flamengo"],"inLanguage":"pt-BR","potentialAction":[{"@type":"CommentAction","name":"Comment","target":["https:\/\/www.gaveanews.com\/index.php\/2025\/09\/11\/deivid-e-sincero-sobre-o-elenco-do-flamengo-parece-europeu\/#respond"]}],"copyrightYear":"2025","copyrightHolder":{"@id":"https:\/\/www.gaveanews.com\/#organization"}},{"@type":"WebPage","@id":"https:\/\/www.gaveanews.com\/index.php\/2025\/09\/11\/deivid-e-sincero-sobre-o-elenco-do-flamengo-parece-europeu\/","url":"https:\/\/www.gaveanews.com\/index.php\/2025\/09\/11\/deivid-e-sincero-sobre-o-elenco-do-flamengo-parece-europeu\/","name":"Deivid \u00e9 sincero sobre o elenco do Flamengo: \"parece europeu...\"","isPartOf":{"@id":"https:\/\/www.gaveanews.com\/#website"},"primaryImageOfPage":{"@id":"https:\/\/www.gaveanews.com\/index.php\/2025\/09\/11\/deivid-e-sincero-sobre-o-elenco-do-flamengo-parece-europeu\/#primaryimage"},"image":{"@id":"https:\/\/www.gaveanews.com\/index.php\/2025\/09\/11\/deivid-e-sincero-sobre-o-elenco-do-flamengo-parece-europeu\/#primaryimage"},"thumbnailUrl":"https:\/\/www.gaveanews.com\/wp-content\/uploads\/Deivid-ex-jogador-do-Flamengo.webp","datePublished":"2025-09-11T18:52:20+00:00","dateModified":"2025-09-11T18:52:25+00:00","author":{"@id":"https:\/\/www.gaveanews.com\/#\/schema\/person\/c88645e3d550d0b6574305e67dd5a716"},"breadcrumb":{"@id":"https:\/\/www.gaveanews.com\/index.php\/2025\/09\/11\/deivid-e-sincero-sobre-o-elenco-do-flamengo-parece-europeu\/#breadcrumb"},"inLanguage":"pt-BR","potentialAction":[{"@type":"ReadAction","target":["https:\/\/www.gaveanews.com\/index.php\/2025\/09\/11\/deivid-e-sincero-sobre-o-elenco-do-flamengo-parece-europeu\/"]}]},{"@type":"ImageObject","inLanguage":"pt-BR","@id":"https:\/\/www.gaveanews.com\/index.php\/2025\/09\/11\/deivid-e-sincero-sobre-o-elenco-do-flamengo-parece-europeu\/#primaryimage","url":"https:\/\/www.gaveanews.com\/wp-content\/uploads\/Deivid-ex-jogador-do-Flamengo.webp","contentUrl":"https:\/\/www.gaveanews.com\/wp-content\/uploads\/Deivid-ex-jogador-do-Flamengo.webp","width":640,"height":400,"caption":"Deivid, ex-jogador do Flamengo (Foto: Divulga\u00e7\u00e3o\/Flamengo)"},{"@type":"BreadcrumbList","@id":"https:\/\/www.gaveanews.com\/index.php\/2025\/09\/11\/deivid-e-sincero-sobre-o-elenco-do-flamengo-parece-europeu\/#breadcrumb","itemListElement":[{"@type":"ListItem","position":1,"name":"Home","item":"https:\/\/www.gaveanews.com\/"},{"@type":"ListItem","position":2,"name":"Deivid \u00e9 sincero sobre o elenco do Flamengo: &#8220;parece europeu&#8230;&#8221;"}]},{"@type":"WebSite","@id":"https:\/\/www.gaveanews.com\/#website","url":"https:\/\/www.gaveanews.com\/","name":"G\u00e1vea News","description":"Veja todas as not\u00edcias sobre o Flamengo: Contrata\u00e7\u00f5es, categorias de base, resultados das partidas, tabela de classifica\u00e7\u00e3o, pr\u00f3ximos jogos!","potentialAction":[{"@type":"SearchAction","target":{"@type":"EntryPoint","urlTemplate":"https:\/\/www.gaveanews.com\/?s={search_term_string}"},"query-input":{"@type":"PropertyValueSpecification","valueRequired":true,"valueName":"search_term_string"}}],"inLanguage":"pt-BR"},{"@type":"Person","@id":"https:\/\/www.gaveanews.com\/#\/schema\/person\/c88645e3d550d0b6574305e67dd5a716","name":"Reda\u00e7\u00e3o","image":{"@type":"ImageObject","inLanguage":"pt-BR","@id":"https:\/\/www.gaveanews.com\/#\/schema\/person\/image\/","url":"https:\/\/secure.gravatar.com\/avatar\/434098fd823f0dc1b062d14ca22bacaa6e38de28d8c816bbef6fc2f8c44d8ba3?s=96&d=mm&r=g","contentUrl":"https:\/\/secure.gravatar.com\/avatar\/434098fd823f0dc1b062d14ca22bacaa6e38de28d8c816bbef6fc2f8c44d8ba3?s=96&d=mm&r=g","caption":"Reda\u00e7\u00e3o"}}]}},"_links":{"self":[{"href":"https:\/\/www.gaveanews.com\/index.php\/wp-json\/wp\/v2\/posts\/276274","targetHints":{"allow":["GET"]}}],"collection":[{"href":"https:\/\/www.gaveanews.com\/index.php\/wp-json\/wp\/v2\/posts"}],"about":[{"href":"https:\/\/www.gaveanews.com\/index.php\/wp-json\/wp\/v2\/types\/post"}],"author":[{"embeddable":true,"href":"https:\/\/www.gaveanews.com\/index.php\/wp-json\/wp\/v2\/users\/39"}],"replies":[{"embeddable":true,"href":"https:\/\/www.gaveanews.com\/index.php\/wp-json\/wp\/v2\/comments?post=276274"}],"version-history":[{"count":1,"href":"https:\/\/www.gaveanews.com\/index.php\/wp-json\/wp\/v2\/posts\/276274\/revisions"}],"predecessor-version":[{"id":276290,"href":"https:\/\/www.gaveanews.com\/index.php\/wp-json\/wp\/v2\/posts\/276274\/revisions\/276290"}],"wp:featuredmedia":[{"embeddable":true,"href":"https:\/\/www.gaveanews.com\/index.php\/wp-json\/wp\/v2\/media\/72258"}],"wp:attachment":[{"href":"https:\/\/www.gaveanews.com\/index.php\/wp-json\/wp\/v2\/media?parent=276274"}],"wp:term":[{"taxonomy":"category","embeddable":true,"href":"https:\/\/www.gaveanews.com\/index.php\/wp-json\/wp\/v2\/categories?post=276274"},{"taxonomy":"post_tag","embeddable":true,"href":"https:\/\/www.gaveanews.com\/index.php\/wp-json\/wp\/v2\/tags?post=276274"}],"curies":[{"name":"wp","href":"https:\/\/api.w.org\/{rel}","templated":true}]}}