{"id":276277,"date":"2025-09-11T16:12:05","date_gmt":"2025-09-11T19:12:05","guid":{"rendered":"https:\/\/www.gaveanews.com\/?p=276277"},"modified":"2025-09-11T17:02:28","modified_gmt":"2025-09-11T20:02:28","slug":"de-la-cruz-sera-titular-em-flamengo-x-juventude","status":"publish","type":"post","link":"https:\/\/www.gaveanews.com\/index.php\/2025\/09\/11\/de-la-cruz-sera-titular-em-flamengo-x-juventude\/","title":{"rendered":"De La Cruz ser\u00e1 titular em Flamengo x Juventude?"},"content":{"rendered":"\n<p>O <a href=\"https:\/\/www.gaveanews.com\/index.php\/category\/brasileirao\/flamengo\/\" target=\"_blank\" rel=\"noopener noreferrer\">Flamengo<\/a> atravessa uma pausa na maratona de jogos por causa da Data FIFA. A equipe aproveitou os \u00faltimos dias para recuperar os jogadores e intensificar os treinos, com foco no condicionamento de quem n\u00e3o foi convocado por sele\u00e7\u00f5es. Nesse per\u00edodo, o planejamento contemplou trabalhos f\u00edsicos e t\u00e9cnicos em sequ\u00eancia, com aten\u00e7\u00e3o especial ao ritmo de treino dos jogadores dispon\u00edveis no Ninho do Urubu.<\/p>\n\n\n\n<p>Entre eles est\u00e1 De La Cruz, tradicionalmente chamado pela sele\u00e7\u00e3o uruguaia, mas ausente nesta Data FIFA. A folga no calend\u00e1rio permitiu dedica\u00e7\u00e3o integral aos treinos f\u00edsico e t\u00e9cnico. O meio-campista cumpriu todo o cronograma estipulado pela comiss\u00e3o t\u00e9cnica do Flamengo e, com isso, ficou ainda mais apto para ficar \u00e0 disposi\u00e7\u00e3o de Filipe Lu\u00eds.<\/p>\n\n\n\n<p>Nesse contexto, o uruguaio intensificou atividades e tem chance de ganhar espa\u00e7o imediato no time. Afinal, Jorginho \u00e9 d\u00favida para o pr\u00f3ximo jogo, pois ainda se recupera de inc\u00f4modo no m\u00fasculo posterior da coxa esquerda. Assim, como ocorreu diante do Gr\u00eamio, De La Cruz pode formar dupla de volantes com Sa\u00fal \u00d1\u00edguez contra o Juventude.<\/p>\n\n\n\n<p>A temporada atual foi de altos e baixos para o camisa 18. Em maio, pelo Brasileir\u00e3o, ele sofreu les\u00e3o no joelho esquerdo em jogo contra o Botafogo, e ficou fora por um per\u00edodo. Antes do Mundial, o clube montou uma \u201cfor\u00e7a-tarefa\u201d e levou o atleta aos Estados Unidos. Ele n\u00e3o atuou na fase de grupos, mas jogou alguns minutos nas oitavas contra o Bayern de Munique (ALE). Apesar disso, quase n\u00e3o foi utilizado por quest\u00f5es f\u00edsicas.<\/p>\n\n\n\n<p>Enquanto prepara o elenco, o Flamengo encara um advers\u00e1rio com hist\u00f3rico recente movimentado. Os \u00faltimos tr\u00eas confrontos com o Juventude somam 15 gols. Os resultados foram: Flamengo 6 a 0 Juventude (Brasileir\u00e3o 2025), Flamengo 4 a 2 Juventude (Brasileir\u00e3o 2024) e Juventude 2 a 1 Flamengo (Brasileir\u00e3o 2024). Ou seja, a m\u00e9dia \u00e9 de cinco tentos por partida entre as equipes.<\/p>\n\n\n\n<p>Al\u00e9m disso, o Flamengo leva vantagem no retrospecto recente. Nas \u00faltimas dez partidas entre os clubes, o time soma cinco vit\u00f3rias, dois empates e tr\u00eas derrotas. Entretanto, o encontro atual vale pontos importantes na 23\u00aa rodada do Brasileir\u00e3o e acontece no Est\u00e1dio Alfredo Jaconi, em Caxias do Sul, no domingo (14), \u00e0s 16 horas (hor\u00e1rio de Bras\u00edlia). Jogando fora de seus dom\u00ednios, o Fla tem problemas e precisa quebrar um tabu de 28 anos.<\/p>\n","protected":false},"excerpt":{"rendered":"<p>O Flamengo atravessa uma pausa na maratona de jogos por causa da Data FIFA. A equipe aproveitou os \u00faltimos dias para recuperar os jogadores e intensificar os treinos, com foco no condicionamento de quem n\u00e3o foi convocado por sele\u00e7\u00f5es. Nesse per\u00edodo, o planejamento contemplou trabalhos f\u00edsicos e t\u00e9cnicos em sequ\u00eancia, com aten\u00e7\u00e3o especial ao ritmo [&hellip;]<\/p>\n","protected":false},"author":39,"featured_media":125021,"comment_status":"open","ping_status":"closed","sticky":false,"template":"","format":"standard","meta":{"footnotes":""},"categories":[1],"tags":[],"class_list":["post-276277","post","type-post","status-publish","format-standard","has-post-thumbnail","hentry","category-flamengo"],"yoast_head":"<!-- This site is optimized with the Yoast SEO Premium plugin v24.2 (Yoast SEO v26.9) - https:\/\/yoast.com\/product\/yoast-seo-premium-wordpress\/ -->\n<title>De La Cruz ser\u00e1 titular em Flamengo x Juventude?<\/title>\n<meta name=\"robots\" content=\"index, follow, max-snippet:-1, max-image-preview:large, max-video-preview:-1\" \/>\n<link rel=\"canonical\" href=\"https:\/\/www.gaveanews.com\/index.php\/2025\/09\/11\/de-la-cruz-sera-titular-em-flamengo-x-juventude\/\" \/>\n<meta property=\"og:locale\" content=\"pt_BR\" \/>\n<meta property=\"og:type\" content=\"article\" \/>\n<meta property=\"og:title\" content=\"De La Cruz ser\u00e1 titular em Flamengo x Juventude?\" \/>\n<meta property=\"og:description\" content=\"O Flamengo atravessa uma pausa na maratona de jogos por causa da Data FIFA. A equipe aproveitou os \u00faltimos dias para recuperar os jogadores e intensificar os treinos, com foco no condicionamento de quem n\u00e3o foi convocado por sele\u00e7\u00f5es. Nesse per\u00edodo, o planejamento contemplou trabalhos f\u00edsicos e t\u00e9cnicos em sequ\u00eancia, com aten\u00e7\u00e3o especial ao ritmo [&hellip;]\" \/>\n<meta property=\"og:url\" content=\"https:\/\/www.gaveanews.com\/index.php\/2025\/09\/11\/de-la-cruz-sera-titular-em-flamengo-x-juventude\/\" \/>\n<meta property=\"og:site_name\" content=\"G\u00e1vea News\" \/>\n<meta property=\"article:publisher\" content=\"https:\/\/facebook.com\/gaveaNews\/\" \/>\n<meta property=\"article:published_time\" content=\"2025-09-11T19:12:05+00:00\" \/>\n<meta property=\"article:modified_time\" content=\"2025-09-11T20:02:28+00:00\" \/>\n<meta property=\"og:image\" content=\"http:\/\/www.gaveanews.com\/wp-content\/uploads\/de-la-cruz-flamengo.webp\" \/>\n\t<meta property=\"og:image:width\" content=\"1600\" \/>\n\t<meta property=\"og:image:height\" content=\"1063\" \/>\n\t<meta property=\"og:image:type\" content=\"image\/jpeg\" \/>\n<meta name=\"author\" content=\"Reda\u00e7\u00e3o\" \/>\n<meta name=\"twitter:card\" content=\"summary_large_image\" \/>\n<meta name=\"twitter:label1\" content=\"Escrito por\" \/>\n\t<meta name=\"twitter:data1\" content=\"Reda\u00e7\u00e3o\" \/>\n\t<meta name=\"twitter:label2\" content=\"Est. tempo de leitura\" \/>\n\t<meta name=\"twitter:data2\" content=\"3 minutos\" \/>\n<script type=\"application\/ld+json\" class=\"yoast-schema-graph\">{\"@context\":\"https:\/\/schema.org\",\"@graph\":[{\"@type\":\"NewsArticle\",\"@id\":\"https:\/\/www.gaveanews.com\/index.php\/2025\/09\/11\/de-la-cruz-sera-titular-em-flamengo-x-juventude\/#article\",\"isPartOf\":{\"@id\":\"https:\/\/www.gaveanews.com\/index.php\/2025\/09\/11\/de-la-cruz-sera-titular-em-flamengo-x-juventude\/\"},\"author\":{\"name\":\"Reda\u00e7\u00e3o\",\"@id\":\"https:\/\/www.gaveanews.com\/#\/schema\/person\/c88645e3d550d0b6574305e67dd5a716\"},\"headline\":\"De La Cruz ser\u00e1 titular em Flamengo x Juventude?\",\"datePublished\":\"2025-09-11T19:12:05+00:00\",\"dateModified\":\"2025-09-11T20:02:28+00:00\",\"mainEntityOfPage\":{\"@id\":\"https:\/\/www.gaveanews.com\/index.php\/2025\/09\/11\/de-la-cruz-sera-titular-em-flamengo-x-juventude\/\"},\"wordCount\":422,\"commentCount\":0,\"image\":{\"@id\":\"https:\/\/www.gaveanews.com\/index.php\/2025\/09\/11\/de-la-cruz-sera-titular-em-flamengo-x-juventude\/#primaryimage\"},\"thumbnailUrl\":\"https:\/\/www.gaveanews.com\/wp-content\/uploads\/de-la-cruz-flamengo.webp\",\"articleSection\":[\"Flamengo\"],\"inLanguage\":\"pt-BR\",\"potentialAction\":[{\"@type\":\"CommentAction\",\"name\":\"Comment\",\"target\":[\"https:\/\/www.gaveanews.com\/index.php\/2025\/09\/11\/de-la-cruz-sera-titular-em-flamengo-x-juventude\/#respond\"]}],\"copyrightYear\":\"2025\",\"copyrightHolder\":{\"@id\":\"https:\/\/www.gaveanews.com\/#organization\"}},{\"@type\":\"WebPage\",\"@id\":\"https:\/\/www.gaveanews.com\/index.php\/2025\/09\/11\/de-la-cruz-sera-titular-em-flamengo-x-juventude\/\",\"url\":\"https:\/\/www.gaveanews.com\/index.php\/2025\/09\/11\/de-la-cruz-sera-titular-em-flamengo-x-juventude\/\",\"name\":\"De La Cruz ser\u00e1 titular em Flamengo x Juventude?\",\"isPartOf\":{\"@id\":\"https:\/\/www.gaveanews.com\/#website\"},\"primaryImageOfPage\":{\"@id\":\"https:\/\/www.gaveanews.com\/index.php\/2025\/09\/11\/de-la-cruz-sera-titular-em-flamengo-x-juventude\/#primaryimage\"},\"image\":{\"@id\":\"https:\/\/www.gaveanews.com\/index.php\/2025\/09\/11\/de-la-cruz-sera-titular-em-flamengo-x-juventude\/#primaryimage\"},\"thumbnailUrl\":\"https:\/\/www.gaveanews.com\/wp-content\/uploads\/de-la-cruz-flamengo.webp\",\"datePublished\":\"2025-09-11T19:12:05+00:00\",\"dateModified\":\"2025-09-11T20:02:28+00:00\",\"author\":{\"@id\":\"https:\/\/www.gaveanews.com\/#\/schema\/person\/c88645e3d550d0b6574305e67dd5a716\"},\"breadcrumb\":{\"@id\":\"https:\/\/www.gaveanews.com\/index.php\/2025\/09\/11\/de-la-cruz-sera-titular-em-flamengo-x-juventude\/#breadcrumb\"},\"inLanguage\":\"pt-BR\",\"potentialAction\":[{\"@type\":\"ReadAction\",\"target\":[\"https:\/\/www.gaveanews.com\/index.php\/2025\/09\/11\/de-la-cruz-sera-titular-em-flamengo-x-juventude\/\"]}]},{\"@type\":\"ImageObject\",\"inLanguage\":\"pt-BR\",\"@id\":\"https:\/\/www.gaveanews.com\/index.php\/2025\/09\/11\/de-la-cruz-sera-titular-em-flamengo-x-juventude\/#primaryimage\",\"url\":\"https:\/\/www.gaveanews.com\/wp-content\/uploads\/de-la-cruz-flamengo.webp\",\"contentUrl\":\"https:\/\/www.gaveanews.com\/wp-content\/uploads\/de-la-cruz-flamengo.webp\",\"width\":1600,\"height\":1063,\"caption\":\"Nicol\u00e1s de la Cruz em a\u00e7\u00e3o pelo Flamengo (Foto: Gilvan de Souza e Marcelo Cortes\/Flamengo)\"},{\"@type\":\"BreadcrumbList\",\"@id\":\"https:\/\/www.gaveanews.com\/index.php\/2025\/09\/11\/de-la-cruz-sera-titular-em-flamengo-x-juventude\/#breadcrumb\",\"itemListElement\":[{\"@type\":\"ListItem\",\"position\":1,\"name\":\"Home\",\"item\":\"https:\/\/www.gaveanews.com\/\"},{\"@type\":\"ListItem\",\"position\":2,\"name\":\"De La Cruz ser\u00e1 titular em Flamengo x Juventude?\"}]},{\"@type\":\"WebSite\",\"@id\":\"https:\/\/www.gaveanews.com\/#website\",\"url\":\"https:\/\/www.gaveanews.com\/\",\"name\":\"G\u00e1vea News\",\"description\":\"Veja todas as not\u00edcias sobre o Flamengo: Contrata\u00e7\u00f5es, categorias de base, resultados das partidas, tabela de classifica\u00e7\u00e3o, pr\u00f3ximos jogos!\",\"potentialAction\":[{\"@type\":\"SearchAction\",\"target\":{\"@type\":\"EntryPoint\",\"urlTemplate\":\"https:\/\/www.gaveanews.com\/?s={search_term_string}\"},\"query-input\":{\"@type\":\"PropertyValueSpecification\",\"valueRequired\":true,\"valueName\":\"search_term_string\"}}],\"inLanguage\":\"pt-BR\"},{\"@type\":\"Person\",\"@id\":\"https:\/\/www.gaveanews.com\/#\/schema\/person\/c88645e3d550d0b6574305e67dd5a716\",\"name\":\"Reda\u00e7\u00e3o\",\"image\":{\"@type\":\"ImageObject\",\"inLanguage\":\"pt-BR\",\"@id\":\"https:\/\/www.gaveanews.com\/#\/schema\/person\/image\/\",\"url\":\"https:\/\/secure.gravatar.com\/avatar\/434098fd823f0dc1b062d14ca22bacaa6e38de28d8c816bbef6fc2f8c44d8ba3?s=96&d=mm&r=g\",\"contentUrl\":\"https:\/\/secure.gravatar.com\/avatar\/434098fd823f0dc1b062d14ca22bacaa6e38de28d8c816bbef6fc2f8c44d8ba3?s=96&d=mm&r=g\",\"caption\":\"Reda\u00e7\u00e3o\"}}]}<\/script>\n<!-- \/ Yoast SEO Premium plugin. -->","yoast_head_json":{"title":"De La Cruz ser\u00e1 titular em Flamengo x Juventude?","robots":{"index":"index","follow":"follow","max-snippet":"max-snippet:-1","max-image-preview":"max-image-preview:large","max-video-preview":"max-video-preview:-1"},"canonical":"https:\/\/www.gaveanews.com\/index.php\/2025\/09\/11\/de-la-cruz-sera-titular-em-flamengo-x-juventude\/","og_locale":"pt_BR","og_type":"article","og_title":"De La Cruz ser\u00e1 titular em Flamengo x Juventude?","og_description":"O Flamengo atravessa uma pausa na maratona de jogos por causa da Data FIFA. A equipe aproveitou os \u00faltimos dias para recuperar os jogadores e intensificar os treinos, com foco no condicionamento de quem n\u00e3o foi convocado por sele\u00e7\u00f5es. Nesse per\u00edodo, o planejamento contemplou trabalhos f\u00edsicos e t\u00e9cnicos em sequ\u00eancia, com aten\u00e7\u00e3o especial ao ritmo [&hellip;]","og_url":"https:\/\/www.gaveanews.com\/index.php\/2025\/09\/11\/de-la-cruz-sera-titular-em-flamengo-x-juventude\/","og_site_name":"G\u00e1vea News","article_publisher":"https:\/\/facebook.com\/gaveaNews\/","article_published_time":"2025-09-11T19:12:05+00:00","article_modified_time":"2025-09-11T20:02:28+00:00","og_image":[{"width":1600,"height":1063,"url":"http:\/\/www.gaveanews.com\/wp-content\/uploads\/de-la-cruz-flamengo.webp","type":"image\/jpeg"}],"author":"Reda\u00e7\u00e3o","twitter_card":"summary_large_image","twitter_misc":{"Escrito por":"Reda\u00e7\u00e3o","Est. tempo de leitura":"3 minutos"},"schema":{"@context":"https:\/\/schema.org","@graph":[{"@type":"NewsArticle","@id":"https:\/\/www.gaveanews.com\/index.php\/2025\/09\/11\/de-la-cruz-sera-titular-em-flamengo-x-juventude\/#article","isPartOf":{"@id":"https:\/\/www.gaveanews.com\/index.php\/2025\/09\/11\/de-la-cruz-sera-titular-em-flamengo-x-juventude\/"},"author":{"name":"Reda\u00e7\u00e3o","@id":"https:\/\/www.gaveanews.com\/#\/schema\/person\/c88645e3d550d0b6574305e67dd5a716"},"headline":"De La Cruz ser\u00e1 titular em Flamengo x Juventude?","datePublished":"2025-09-11T19:12:05+00:00","dateModified":"2025-09-11T20:02:28+00:00","mainEntityOfPage":{"@id":"https:\/\/www.gaveanews.com\/index.php\/2025\/09\/11\/de-la-cruz-sera-titular-em-flamengo-x-juventude\/"},"wordCount":422,"commentCount":0,"image":{"@id":"https:\/\/www.gaveanews.com\/index.php\/2025\/09\/11\/de-la-cruz-sera-titular-em-flamengo-x-juventude\/#primaryimage"},"thumbnailUrl":"https:\/\/www.gaveanews.com\/wp-content\/uploads\/de-la-cruz-flamengo.webp","articleSection":["Flamengo"],"inLanguage":"pt-BR","potentialAction":[{"@type":"CommentAction","name":"Comment","target":["https:\/\/www.gaveanews.com\/index.php\/2025\/09\/11\/de-la-cruz-sera-titular-em-flamengo-x-juventude\/#respond"]}],"copyrightYear":"2025","copyrightHolder":{"@id":"https:\/\/www.gaveanews.com\/#organization"}},{"@type":"WebPage","@id":"https:\/\/www.gaveanews.com\/index.php\/2025\/09\/11\/de-la-cruz-sera-titular-em-flamengo-x-juventude\/","url":"https:\/\/www.gaveanews.com\/index.php\/2025\/09\/11\/de-la-cruz-sera-titular-em-flamengo-x-juventude\/","name":"De La Cruz ser\u00e1 titular em Flamengo x Juventude?","isPartOf":{"@id":"https:\/\/www.gaveanews.com\/#website"},"primaryImageOfPage":{"@id":"https:\/\/www.gaveanews.com\/index.php\/2025\/09\/11\/de-la-cruz-sera-titular-em-flamengo-x-juventude\/#primaryimage"},"image":{"@id":"https:\/\/www.gaveanews.com\/index.php\/2025\/09\/11\/de-la-cruz-sera-titular-em-flamengo-x-juventude\/#primaryimage"},"thumbnailUrl":"https:\/\/www.gaveanews.com\/wp-content\/uploads\/de-la-cruz-flamengo.webp","datePublished":"2025-09-11T19:12:05+00:00","dateModified":"2025-09-11T20:02:28+00:00","author":{"@id":"https:\/\/www.gaveanews.com\/#\/schema\/person\/c88645e3d550d0b6574305e67dd5a716"},"breadcrumb":{"@id":"https:\/\/www.gaveanews.com\/index.php\/2025\/09\/11\/de-la-cruz-sera-titular-em-flamengo-x-juventude\/#breadcrumb"},"inLanguage":"pt-BR","potentialAction":[{"@type":"ReadAction","target":["https:\/\/www.gaveanews.com\/index.php\/2025\/09\/11\/de-la-cruz-sera-titular-em-flamengo-x-juventude\/"]}]},{"@type":"ImageObject","inLanguage":"pt-BR","@id":"https:\/\/www.gaveanews.com\/index.php\/2025\/09\/11\/de-la-cruz-sera-titular-em-flamengo-x-juventude\/#primaryimage","url":"https:\/\/www.gaveanews.com\/wp-content\/uploads\/de-la-cruz-flamengo.webp","contentUrl":"https:\/\/www.gaveanews.com\/wp-content\/uploads\/de-la-cruz-flamengo.webp","width":1600,"height":1063,"caption":"Nicol\u00e1s de la Cruz em a\u00e7\u00e3o pelo Flamengo (Foto: Gilvan de Souza e Marcelo Cortes\/Flamengo)"},{"@type":"BreadcrumbList","@id":"https:\/\/www.gaveanews.com\/index.php\/2025\/09\/11\/de-la-cruz-sera-titular-em-flamengo-x-juventude\/#breadcrumb","itemListElement":[{"@type":"ListItem","position":1,"name":"Home","item":"https:\/\/www.gaveanews.com\/"},{"@type":"ListItem","position":2,"name":"De La Cruz ser\u00e1 titular em Flamengo x Juventude?"}]},{"@type":"WebSite","@id":"https:\/\/www.gaveanews.com\/#website","url":"https:\/\/www.gaveanews.com\/","name":"G\u00e1vea News","description":"Veja todas as not\u00edcias sobre o Flamengo: Contrata\u00e7\u00f5es, categorias de base, resultados das partidas, tabela de classifica\u00e7\u00e3o, pr\u00f3ximos jogos!","potentialAction":[{"@type":"SearchAction","target":{"@type":"EntryPoint","urlTemplate":"https:\/\/www.gaveanews.com\/?s={search_term_string}"},"query-input":{"@type":"PropertyValueSpecification","valueRequired":true,"valueName":"search_term_string"}}],"inLanguage":"pt-BR"},{"@type":"Person","@id":"https:\/\/www.gaveanews.com\/#\/schema\/person\/c88645e3d550d0b6574305e67dd5a716","name":"Reda\u00e7\u00e3o","image":{"@type":"ImageObject","inLanguage":"pt-BR","@id":"https:\/\/www.gaveanews.com\/#\/schema\/person\/image\/","url":"https:\/\/secure.gravatar.com\/avatar\/434098fd823f0dc1b062d14ca22bacaa6e38de28d8c816bbef6fc2f8c44d8ba3?s=96&d=mm&r=g","contentUrl":"https:\/\/secure.gravatar.com\/avatar\/434098fd823f0dc1b062d14ca22bacaa6e38de28d8c816bbef6fc2f8c44d8ba3?s=96&d=mm&r=g","caption":"Reda\u00e7\u00e3o"}}]}},"_links":{"self":[{"href":"https:\/\/www.gaveanews.com\/index.php\/wp-json\/wp\/v2\/posts\/276277","targetHints":{"allow":["GET"]}}],"collection":[{"href":"https:\/\/www.gaveanews.com\/index.php\/wp-json\/wp\/v2\/posts"}],"about":[{"href":"https:\/\/www.gaveanews.com\/index.php\/wp-json\/wp\/v2\/types\/post"}],"author":[{"embeddable":true,"href":"https:\/\/www.gaveanews.com\/index.php\/wp-json\/wp\/v2\/users\/39"}],"replies":[{"embeddable":true,"href":"https:\/\/www.gaveanews.com\/index.php\/wp-json\/wp\/v2\/comments?post=276277"}],"version-history":[{"count":2,"href":"https:\/\/www.gaveanews.com\/index.php\/wp-json\/wp\/v2\/posts\/276277\/revisions"}],"predecessor-version":[{"id":276307,"href":"https:\/\/www.gaveanews.com\/index.php\/wp-json\/wp\/v2\/posts\/276277\/revisions\/276307"}],"wp:featuredmedia":[{"embeddable":true,"href":"https:\/\/www.gaveanews.com\/index.php\/wp-json\/wp\/v2\/media\/125021"}],"wp:attachment":[{"href":"https:\/\/www.gaveanews.com\/index.php\/wp-json\/wp\/v2\/media?parent=276277"}],"wp:term":[{"taxonomy":"category","embeddable":true,"href":"https:\/\/www.gaveanews.com\/index.php\/wp-json\/wp\/v2\/categories?post=276277"},{"taxonomy":"post_tag","embeddable":true,"href":"https:\/\/www.gaveanews.com\/index.php\/wp-json\/wp\/v2\/tags?post=276277"}],"curies":[{"name":"wp","href":"https:\/\/api.w.org\/{rel}","templated":true}]}}