{"id":276278,"date":"2025-09-11T16:27:55","date_gmt":"2025-09-11T19:27:55","guid":{"rendered":"https:\/\/www.gaveanews.com\/?p=276278"},"modified":"2025-09-11T16:28:00","modified_gmt":"2025-09-11T19:28:00","slug":"a-declaracao-de-andreas-pereira-sobre-erro-na-final-da-libertadores-entre-flamengo-x-palmeiras","status":"publish","type":"post","link":"https:\/\/www.gaveanews.com\/index.php\/2025\/09\/11\/a-declaracao-de-andreas-pereira-sobre-erro-na-final-da-libertadores-entre-flamengo-x-palmeiras\/","title":{"rendered":"A declara\u00e7\u00e3o de Andreas Pereira sobre erro na final da Libertadores entre Flamengo x Palmeiras"},"content":{"rendered":"\n<p>Anunciado pelo <a href=\"https:\/\/www.gaveanews.com\/index.php\/category\/brasileirao\/palmeiras\/\" target=\"_blank\" rel=\"noopener noreferrer\">Palmeiras<\/a> na sexta-feira (29), Andreas Pereira assinou contrato de tr\u00eas anos e meio, at\u00e9 dezembro de 2028, ap\u00f3s deixar o Fulham. Segundo as informa\u00e7\u00f5es divulgadas, a negocia\u00e7\u00e3o com o clube ingl\u00eas foi de 10 milh\u00f5es de euros, parcelados em quatro anos. Em fevereiro, as partes chegaram a tratar do neg\u00f3cio, mas o jogador optou por permanecer na Premier League naquele momento.<\/p>\n\n\n\n<p>Formado em grande parte no Manchester United, o meio-campista de 29 anos passou por Granada, Valencia e Lazio antes de atuar tr\u00eas temporadas no Fulham. Na Libertadores de 2021, <a href=\"https:\/\/www.gaveanews.com\/index.php\/category\/brasileirao\/flamengo\/\" target=\"_blank\" rel=\"noopener noreferrer\">Flamengo<\/a> e Palmeiras empataram por 1 a 1 no tempo normal e houve prorroga\u00e7\u00e3o; Andreas escorregou em uma jogada, Deyverson aproveitou e marcou o segundo gol alviverde, garantindo o t\u00edtulo.<\/p>\n\n\n\n<p>Nesta quinta-feira (11), o Palmeiras apresentou oficialmente Andreas em coletiva de imprensa. Questionado sobre o epis\u00f3dio da final de 2021, o jogador afirmou que o assunto n\u00e3o o acompanha mais e destacou o foco em construir sua trajet\u00f3ria no novo clube, agora como refor\u00e7o do atual campe\u00e3o continental.<\/p>\n\n\n\n<p>&#8220;O que aconteceu ficou no passado para mim. Cheguei aqui nesse grande clube e quero escrever a minha hist\u00f3ria desde o pr\u00f3ximo jogo que vai come\u00e7ar. Quero ter uma bela hist\u00f3ria, escrever, ter muito sucesso aqui, com muitos t\u00edtulos daqui para frente. Para mim, isso \u00e9 o mais importante. Espero que possa ficar aqui pelo m\u00e1ximo tempo poss\u00edvel, e vencedor o m\u00e1ximo poss\u00edvel&#8221;, disse.<\/p>\n\n\n\n<p>Na ocasi\u00e3o do an\u00fancio, Andreas tamb\u00e9m ressaltou o peso do interesse palmeirense e agradeceu a dirigentes e comiss\u00e3o t\u00e9cnica. Al\u00e9m disso, ele disse querer se juntar rapidamente ao elenco para colaborar dentro de campo, pontuando o tamanho da agremia\u00e7\u00e3o e o impacto dessa oportunidade em sua carreira.<\/p>\n\n\n\n<p>&#8220;O interesse que o Palmeiras demonstrou por mim foi muito especial e gratificante. Agrade\u00e7o \u00e0 presidente Leila Pereira, ao (diretor de futebol) Anderson Barros e ao (t\u00e9cnico) Abel Ferreira por confiarem no meu trabalho e me oferecerem a oportunidade de vestir a camisa de um clube gigantesco. N\u00e3o vejo a hora de chegar ao Brasil para me juntar aos meus novos companheiros e estar dentro de campo para ajudar a equipe&#8221;<\/p>\n\n\n\n<p>Ainda no an\u00fancio, o meio-campista citou o retorno dos torcedores nas redes sociais. Segundo ele, as mensagens de apoio confirmaram sua decis\u00e3o de aceitar a proposta e refor\u00e7aram a sensa\u00e7\u00e3o de acolhimento desde os primeiros contatos, o que contou tamb\u00e9m com a participa\u00e7\u00e3o de familiares pr\u00f3ximos.<\/p>\n\n\n\n<p>&#8220;Recebi in\u00fameras mensagens de apoio que me deram a certeza de que tomei a melhor decis\u00e3o quando aceitei a proposta do Palmeiras. At\u00e9 comentei com os meus pais e a minha esposa: quando voc\u00ea percebe que uma torcida t\u00e3o apaixonada quer que voc\u00ea venha jogar em um clube gigantesco, voc\u00ea se sente acolhido e seguro de que fez a melhor escolha&#8221;<\/p>\n","protected":false},"excerpt":{"rendered":"<p>Anunciado pelo Palmeiras na sexta-feira (29), Andreas Pereira assinou contrato de tr\u00eas anos e meio, at\u00e9 dezembro de 2028, ap\u00f3s deixar o Fulham. Segundo as informa\u00e7\u00f5es divulgadas, a negocia\u00e7\u00e3o com o clube ingl\u00eas foi de 10 milh\u00f5es de euros, parcelados em quatro anos. Em fevereiro, as partes chegaram a tratar do neg\u00f3cio, mas o jogador [&hellip;]<\/p>\n","protected":false},"author":39,"featured_media":68669,"comment_status":"open","ping_status":"closed","sticky":false,"template":"","format":"standard","meta":{"footnotes":""},"categories":[1],"tags":[],"class_list":["post-276278","post","type-post","status-publish","format-standard","has-post-thumbnail","hentry","category-flamengo"],"yoast_head":"<!-- This site is optimized with the Yoast SEO Premium plugin v24.2 (Yoast SEO v26.9) - https:\/\/yoast.com\/product\/yoast-seo-premium-wordpress\/ -->\n<title>A declara\u00e7\u00e3o de Andreas Pereira sobre erro na final da Libertadores entre Flamengo x Palmeiras<\/title>\n<meta name=\"robots\" content=\"index, follow, max-snippet:-1, max-image-preview:large, max-video-preview:-1\" \/>\n<link rel=\"canonical\" href=\"https:\/\/www.gaveanews.com\/index.php\/2025\/09\/11\/a-declaracao-de-andreas-pereira-sobre-erro-na-final-da-libertadores-entre-flamengo-x-palmeiras\/\" \/>\n<meta property=\"og:locale\" content=\"pt_BR\" \/>\n<meta property=\"og:type\" content=\"article\" \/>\n<meta property=\"og:title\" content=\"A declara\u00e7\u00e3o de Andreas Pereira sobre erro na final da Libertadores entre Flamengo x Palmeiras\" \/>\n<meta property=\"og:description\" content=\"Anunciado pelo Palmeiras na sexta-feira (29), Andreas Pereira assinou contrato de tr\u00eas anos e meio, at\u00e9 dezembro de 2028, ap\u00f3s deixar o Fulham. Segundo as informa\u00e7\u00f5es divulgadas, a negocia\u00e7\u00e3o com o clube ingl\u00eas foi de 10 milh\u00f5es de euros, parcelados em quatro anos. Em fevereiro, as partes chegaram a tratar do neg\u00f3cio, mas o jogador [&hellip;]\" \/>\n<meta property=\"og:url\" content=\"https:\/\/www.gaveanews.com\/index.php\/2025\/09\/11\/a-declaracao-de-andreas-pereira-sobre-erro-na-final-da-libertadores-entre-flamengo-x-palmeiras\/\" \/>\n<meta property=\"og:site_name\" content=\"G\u00e1vea News\" \/>\n<meta property=\"article:publisher\" content=\"https:\/\/facebook.com\/gaveaNews\/\" \/>\n<meta property=\"article:published_time\" content=\"2025-09-11T19:27:55+00:00\" \/>\n<meta property=\"article:modified_time\" content=\"2025-09-11T19:28:00+00:00\" \/>\n<meta property=\"og:image\" content=\"http:\/\/www.gaveanews.com\/wp-content\/uploads\/Andreas-Pereira-em-acao-pelo-Flamengo-contra-o-Barcelona-de-Guayaquil-na-Libertadores-2021.webp\" \/>\n\t<meta property=\"og:image:width\" content=\"799\" \/>\n\t<meta property=\"og:image:height\" content=\"533\" \/>\n\t<meta property=\"og:image:type\" content=\"image\/jpeg\" \/>\n<meta name=\"author\" content=\"Reda\u00e7\u00e3o\" \/>\n<meta name=\"twitter:card\" content=\"summary_large_image\" \/>\n<meta name=\"twitter:label1\" content=\"Escrito por\" \/>\n\t<meta name=\"twitter:data1\" content=\"Reda\u00e7\u00e3o\" \/>\n\t<meta name=\"twitter:label2\" content=\"Est. tempo de leitura\" \/>\n\t<meta name=\"twitter:data2\" content=\"3 minutos\" \/>\n<script type=\"application\/ld+json\" class=\"yoast-schema-graph\">{\"@context\":\"https:\/\/schema.org\",\"@graph\":[{\"@type\":\"NewsArticle\",\"@id\":\"https:\/\/www.gaveanews.com\/index.php\/2025\/09\/11\/a-declaracao-de-andreas-pereira-sobre-erro-na-final-da-libertadores-entre-flamengo-x-palmeiras\/#article\",\"isPartOf\":{\"@id\":\"https:\/\/www.gaveanews.com\/index.php\/2025\/09\/11\/a-declaracao-de-andreas-pereira-sobre-erro-na-final-da-libertadores-entre-flamengo-x-palmeiras\/\"},\"author\":{\"name\":\"Reda\u00e7\u00e3o\",\"@id\":\"https:\/\/www.gaveanews.com\/#\/schema\/person\/c88645e3d550d0b6574305e67dd5a716\"},\"headline\":\"A declara\u00e7\u00e3o de Andreas Pereira sobre erro na final da Libertadores entre Flamengo x Palmeiras\",\"datePublished\":\"2025-09-11T19:27:55+00:00\",\"dateModified\":\"2025-09-11T19:28:00+00:00\",\"mainEntityOfPage\":{\"@id\":\"https:\/\/www.gaveanews.com\/index.php\/2025\/09\/11\/a-declaracao-de-andreas-pereira-sobre-erro-na-final-da-libertadores-entre-flamengo-x-palmeiras\/\"},\"wordCount\":508,\"commentCount\":0,\"image\":{\"@id\":\"https:\/\/www.gaveanews.com\/index.php\/2025\/09\/11\/a-declaracao-de-andreas-pereira-sobre-erro-na-final-da-libertadores-entre-flamengo-x-palmeiras\/#primaryimage\"},\"thumbnailUrl\":\"https:\/\/www.gaveanews.com\/wp-content\/uploads\/Andreas-Pereira-em-acao-pelo-Flamengo-contra-o-Barcelona-de-Guayaquil-na-Libertadores-2021.webp\",\"articleSection\":[\"Flamengo\"],\"inLanguage\":\"pt-BR\",\"potentialAction\":[{\"@type\":\"CommentAction\",\"name\":\"Comment\",\"target\":[\"https:\/\/www.gaveanews.com\/index.php\/2025\/09\/11\/a-declaracao-de-andreas-pereira-sobre-erro-na-final-da-libertadores-entre-flamengo-x-palmeiras\/#respond\"]}],\"copyrightYear\":\"2025\",\"copyrightHolder\":{\"@id\":\"https:\/\/www.gaveanews.com\/#organization\"}},{\"@type\":\"WebPage\",\"@id\":\"https:\/\/www.gaveanews.com\/index.php\/2025\/09\/11\/a-declaracao-de-andreas-pereira-sobre-erro-na-final-da-libertadores-entre-flamengo-x-palmeiras\/\",\"url\":\"https:\/\/www.gaveanews.com\/index.php\/2025\/09\/11\/a-declaracao-de-andreas-pereira-sobre-erro-na-final-da-libertadores-entre-flamengo-x-palmeiras\/\",\"name\":\"A declara\u00e7\u00e3o de Andreas Pereira sobre erro na final da Libertadores entre Flamengo x Palmeiras\",\"isPartOf\":{\"@id\":\"https:\/\/www.gaveanews.com\/#website\"},\"primaryImageOfPage\":{\"@id\":\"https:\/\/www.gaveanews.com\/index.php\/2025\/09\/11\/a-declaracao-de-andreas-pereira-sobre-erro-na-final-da-libertadores-entre-flamengo-x-palmeiras\/#primaryimage\"},\"image\":{\"@id\":\"https:\/\/www.gaveanews.com\/index.php\/2025\/09\/11\/a-declaracao-de-andreas-pereira-sobre-erro-na-final-da-libertadores-entre-flamengo-x-palmeiras\/#primaryimage\"},\"thumbnailUrl\":\"https:\/\/www.gaveanews.com\/wp-content\/uploads\/Andreas-Pereira-em-acao-pelo-Flamengo-contra-o-Barcelona-de-Guayaquil-na-Libertadores-2021.webp\",\"datePublished\":\"2025-09-11T19:27:55+00:00\",\"dateModified\":\"2025-09-11T19:28:00+00:00\",\"author\":{\"@id\":\"https:\/\/www.gaveanews.com\/#\/schema\/person\/c88645e3d550d0b6574305e67dd5a716\"},\"breadcrumb\":{\"@id\":\"https:\/\/www.gaveanews.com\/index.php\/2025\/09\/11\/a-declaracao-de-andreas-pereira-sobre-erro-na-final-da-libertadores-entre-flamengo-x-palmeiras\/#breadcrumb\"},\"inLanguage\":\"pt-BR\",\"potentialAction\":[{\"@type\":\"ReadAction\",\"target\":[\"https:\/\/www.gaveanews.com\/index.php\/2025\/09\/11\/a-declaracao-de-andreas-pereira-sobre-erro-na-final-da-libertadores-entre-flamengo-x-palmeiras\/\"]}]},{\"@type\":\"ImageObject\",\"inLanguage\":\"pt-BR\",\"@id\":\"https:\/\/www.gaveanews.com\/index.php\/2025\/09\/11\/a-declaracao-de-andreas-pereira-sobre-erro-na-final-da-libertadores-entre-flamengo-x-palmeiras\/#primaryimage\",\"url\":\"https:\/\/www.gaveanews.com\/wp-content\/uploads\/Andreas-Pereira-em-acao-pelo-Flamengo-contra-o-Barcelona-de-Guayaquil-na-Libertadores-2021.webp\",\"contentUrl\":\"https:\/\/www.gaveanews.com\/wp-content\/uploads\/Andreas-Pereira-em-acao-pelo-Flamengo-contra-o-Barcelona-de-Guayaquil-na-Libertadores-2021.webp\",\"width\":799,\"height\":533,\"caption\":\"Andreas Pereira em a\u00e7\u00e3o pelo Flamengo contra o Barcelona de Guayaquil na Libertadores 2021 (Foto: Marcelo Cortes\/Flamengo)\"},{\"@type\":\"BreadcrumbList\",\"@id\":\"https:\/\/www.gaveanews.com\/index.php\/2025\/09\/11\/a-declaracao-de-andreas-pereira-sobre-erro-na-final-da-libertadores-entre-flamengo-x-palmeiras\/#breadcrumb\",\"itemListElement\":[{\"@type\":\"ListItem\",\"position\":1,\"name\":\"Home\",\"item\":\"https:\/\/www.gaveanews.com\/\"},{\"@type\":\"ListItem\",\"position\":2,\"name\":\"A declara\u00e7\u00e3o de Andreas Pereira sobre erro na final da Libertadores entre Flamengo x Palmeiras\"}]},{\"@type\":\"WebSite\",\"@id\":\"https:\/\/www.gaveanews.com\/#website\",\"url\":\"https:\/\/www.gaveanews.com\/\",\"name\":\"G\u00e1vea News\",\"description\":\"Veja todas as not\u00edcias sobre o Flamengo: Contrata\u00e7\u00f5es, categorias de base, resultados das partidas, tabela de classifica\u00e7\u00e3o, pr\u00f3ximos jogos!\",\"potentialAction\":[{\"@type\":\"SearchAction\",\"target\":{\"@type\":\"EntryPoint\",\"urlTemplate\":\"https:\/\/www.gaveanews.com\/?s={search_term_string}\"},\"query-input\":{\"@type\":\"PropertyValueSpecification\",\"valueRequired\":true,\"valueName\":\"search_term_string\"}}],\"inLanguage\":\"pt-BR\"},{\"@type\":\"Person\",\"@id\":\"https:\/\/www.gaveanews.com\/#\/schema\/person\/c88645e3d550d0b6574305e67dd5a716\",\"name\":\"Reda\u00e7\u00e3o\",\"image\":{\"@type\":\"ImageObject\",\"inLanguage\":\"pt-BR\",\"@id\":\"https:\/\/www.gaveanews.com\/#\/schema\/person\/image\/\",\"url\":\"https:\/\/secure.gravatar.com\/avatar\/434098fd823f0dc1b062d14ca22bacaa6e38de28d8c816bbef6fc2f8c44d8ba3?s=96&d=mm&r=g\",\"contentUrl\":\"https:\/\/secure.gravatar.com\/avatar\/434098fd823f0dc1b062d14ca22bacaa6e38de28d8c816bbef6fc2f8c44d8ba3?s=96&d=mm&r=g\",\"caption\":\"Reda\u00e7\u00e3o\"}}]}<\/script>\n<!-- \/ Yoast SEO Premium plugin. -->","yoast_head_json":{"title":"A declara\u00e7\u00e3o de Andreas Pereira sobre erro na final da Libertadores entre Flamengo x Palmeiras","robots":{"index":"index","follow":"follow","max-snippet":"max-snippet:-1","max-image-preview":"max-image-preview:large","max-video-preview":"max-video-preview:-1"},"canonical":"https:\/\/www.gaveanews.com\/index.php\/2025\/09\/11\/a-declaracao-de-andreas-pereira-sobre-erro-na-final-da-libertadores-entre-flamengo-x-palmeiras\/","og_locale":"pt_BR","og_type":"article","og_title":"A declara\u00e7\u00e3o de Andreas Pereira sobre erro na final da Libertadores entre Flamengo x Palmeiras","og_description":"Anunciado pelo Palmeiras na sexta-feira (29), Andreas Pereira assinou contrato de tr\u00eas anos e meio, at\u00e9 dezembro de 2028, ap\u00f3s deixar o Fulham. Segundo as informa\u00e7\u00f5es divulgadas, a negocia\u00e7\u00e3o com o clube ingl\u00eas foi de 10 milh\u00f5es de euros, parcelados em quatro anos. Em fevereiro, as partes chegaram a tratar do neg\u00f3cio, mas o jogador [&hellip;]","og_url":"https:\/\/www.gaveanews.com\/index.php\/2025\/09\/11\/a-declaracao-de-andreas-pereira-sobre-erro-na-final-da-libertadores-entre-flamengo-x-palmeiras\/","og_site_name":"G\u00e1vea News","article_publisher":"https:\/\/facebook.com\/gaveaNews\/","article_published_time":"2025-09-11T19:27:55+00:00","article_modified_time":"2025-09-11T19:28:00+00:00","og_image":[{"width":799,"height":533,"url":"http:\/\/www.gaveanews.com\/wp-content\/uploads\/Andreas-Pereira-em-acao-pelo-Flamengo-contra-o-Barcelona-de-Guayaquil-na-Libertadores-2021.webp","type":"image\/jpeg"}],"author":"Reda\u00e7\u00e3o","twitter_card":"summary_large_image","twitter_misc":{"Escrito por":"Reda\u00e7\u00e3o","Est. tempo de leitura":"3 minutos"},"schema":{"@context":"https:\/\/schema.org","@graph":[{"@type":"NewsArticle","@id":"https:\/\/www.gaveanews.com\/index.php\/2025\/09\/11\/a-declaracao-de-andreas-pereira-sobre-erro-na-final-da-libertadores-entre-flamengo-x-palmeiras\/#article","isPartOf":{"@id":"https:\/\/www.gaveanews.com\/index.php\/2025\/09\/11\/a-declaracao-de-andreas-pereira-sobre-erro-na-final-da-libertadores-entre-flamengo-x-palmeiras\/"},"author":{"name":"Reda\u00e7\u00e3o","@id":"https:\/\/www.gaveanews.com\/#\/schema\/person\/c88645e3d550d0b6574305e67dd5a716"},"headline":"A declara\u00e7\u00e3o de Andreas Pereira sobre erro na final da Libertadores entre Flamengo x Palmeiras","datePublished":"2025-09-11T19:27:55+00:00","dateModified":"2025-09-11T19:28:00+00:00","mainEntityOfPage":{"@id":"https:\/\/www.gaveanews.com\/index.php\/2025\/09\/11\/a-declaracao-de-andreas-pereira-sobre-erro-na-final-da-libertadores-entre-flamengo-x-palmeiras\/"},"wordCount":508,"commentCount":0,"image":{"@id":"https:\/\/www.gaveanews.com\/index.php\/2025\/09\/11\/a-declaracao-de-andreas-pereira-sobre-erro-na-final-da-libertadores-entre-flamengo-x-palmeiras\/#primaryimage"},"thumbnailUrl":"https:\/\/www.gaveanews.com\/wp-content\/uploads\/Andreas-Pereira-em-acao-pelo-Flamengo-contra-o-Barcelona-de-Guayaquil-na-Libertadores-2021.webp","articleSection":["Flamengo"],"inLanguage":"pt-BR","potentialAction":[{"@type":"CommentAction","name":"Comment","target":["https:\/\/www.gaveanews.com\/index.php\/2025\/09\/11\/a-declaracao-de-andreas-pereira-sobre-erro-na-final-da-libertadores-entre-flamengo-x-palmeiras\/#respond"]}],"copyrightYear":"2025","copyrightHolder":{"@id":"https:\/\/www.gaveanews.com\/#organization"}},{"@type":"WebPage","@id":"https:\/\/www.gaveanews.com\/index.php\/2025\/09\/11\/a-declaracao-de-andreas-pereira-sobre-erro-na-final-da-libertadores-entre-flamengo-x-palmeiras\/","url":"https:\/\/www.gaveanews.com\/index.php\/2025\/09\/11\/a-declaracao-de-andreas-pereira-sobre-erro-na-final-da-libertadores-entre-flamengo-x-palmeiras\/","name":"A declara\u00e7\u00e3o de Andreas Pereira sobre erro na final da Libertadores entre Flamengo x Palmeiras","isPartOf":{"@id":"https:\/\/www.gaveanews.com\/#website"},"primaryImageOfPage":{"@id":"https:\/\/www.gaveanews.com\/index.php\/2025\/09\/11\/a-declaracao-de-andreas-pereira-sobre-erro-na-final-da-libertadores-entre-flamengo-x-palmeiras\/#primaryimage"},"image":{"@id":"https:\/\/www.gaveanews.com\/index.php\/2025\/09\/11\/a-declaracao-de-andreas-pereira-sobre-erro-na-final-da-libertadores-entre-flamengo-x-palmeiras\/#primaryimage"},"thumbnailUrl":"https:\/\/www.gaveanews.com\/wp-content\/uploads\/Andreas-Pereira-em-acao-pelo-Flamengo-contra-o-Barcelona-de-Guayaquil-na-Libertadores-2021.webp","datePublished":"2025-09-11T19:27:55+00:00","dateModified":"2025-09-11T19:28:00+00:00","author":{"@id":"https:\/\/www.gaveanews.com\/#\/schema\/person\/c88645e3d550d0b6574305e67dd5a716"},"breadcrumb":{"@id":"https:\/\/www.gaveanews.com\/index.php\/2025\/09\/11\/a-declaracao-de-andreas-pereira-sobre-erro-na-final-da-libertadores-entre-flamengo-x-palmeiras\/#breadcrumb"},"inLanguage":"pt-BR","potentialAction":[{"@type":"ReadAction","target":["https:\/\/www.gaveanews.com\/index.php\/2025\/09\/11\/a-declaracao-de-andreas-pereira-sobre-erro-na-final-da-libertadores-entre-flamengo-x-palmeiras\/"]}]},{"@type":"ImageObject","inLanguage":"pt-BR","@id":"https:\/\/www.gaveanews.com\/index.php\/2025\/09\/11\/a-declaracao-de-andreas-pereira-sobre-erro-na-final-da-libertadores-entre-flamengo-x-palmeiras\/#primaryimage","url":"https:\/\/www.gaveanews.com\/wp-content\/uploads\/Andreas-Pereira-em-acao-pelo-Flamengo-contra-o-Barcelona-de-Guayaquil-na-Libertadores-2021.webp","contentUrl":"https:\/\/www.gaveanews.com\/wp-content\/uploads\/Andreas-Pereira-em-acao-pelo-Flamengo-contra-o-Barcelona-de-Guayaquil-na-Libertadores-2021.webp","width":799,"height":533,"caption":"Andreas Pereira em a\u00e7\u00e3o pelo Flamengo contra o Barcelona de Guayaquil na Libertadores 2021 (Foto: Marcelo Cortes\/Flamengo)"},{"@type":"BreadcrumbList","@id":"https:\/\/www.gaveanews.com\/index.php\/2025\/09\/11\/a-declaracao-de-andreas-pereira-sobre-erro-na-final-da-libertadores-entre-flamengo-x-palmeiras\/#breadcrumb","itemListElement":[{"@type":"ListItem","position":1,"name":"Home","item":"https:\/\/www.gaveanews.com\/"},{"@type":"ListItem","position":2,"name":"A declara\u00e7\u00e3o de Andreas Pereira sobre erro na final da Libertadores entre Flamengo x Palmeiras"}]},{"@type":"WebSite","@id":"https:\/\/www.gaveanews.com\/#website","url":"https:\/\/www.gaveanews.com\/","name":"G\u00e1vea News","description":"Veja todas as not\u00edcias sobre o Flamengo: Contrata\u00e7\u00f5es, categorias de base, resultados das partidas, tabela de classifica\u00e7\u00e3o, pr\u00f3ximos jogos!","potentialAction":[{"@type":"SearchAction","target":{"@type":"EntryPoint","urlTemplate":"https:\/\/www.gaveanews.com\/?s={search_term_string}"},"query-input":{"@type":"PropertyValueSpecification","valueRequired":true,"valueName":"search_term_string"}}],"inLanguage":"pt-BR"},{"@type":"Person","@id":"https:\/\/www.gaveanews.com\/#\/schema\/person\/c88645e3d550d0b6574305e67dd5a716","name":"Reda\u00e7\u00e3o","image":{"@type":"ImageObject","inLanguage":"pt-BR","@id":"https:\/\/www.gaveanews.com\/#\/schema\/person\/image\/","url":"https:\/\/secure.gravatar.com\/avatar\/434098fd823f0dc1b062d14ca22bacaa6e38de28d8c816bbef6fc2f8c44d8ba3?s=96&d=mm&r=g","contentUrl":"https:\/\/secure.gravatar.com\/avatar\/434098fd823f0dc1b062d14ca22bacaa6e38de28d8c816bbef6fc2f8c44d8ba3?s=96&d=mm&r=g","caption":"Reda\u00e7\u00e3o"}}]}},"_links":{"self":[{"href":"https:\/\/www.gaveanews.com\/index.php\/wp-json\/wp\/v2\/posts\/276278","targetHints":{"allow":["GET"]}}],"collection":[{"href":"https:\/\/www.gaveanews.com\/index.php\/wp-json\/wp\/v2\/posts"}],"about":[{"href":"https:\/\/www.gaveanews.com\/index.php\/wp-json\/wp\/v2\/types\/post"}],"author":[{"embeddable":true,"href":"https:\/\/www.gaveanews.com\/index.php\/wp-json\/wp\/v2\/users\/39"}],"replies":[{"embeddable":true,"href":"https:\/\/www.gaveanews.com\/index.php\/wp-json\/wp\/v2\/comments?post=276278"}],"version-history":[{"count":1,"href":"https:\/\/www.gaveanews.com\/index.php\/wp-json\/wp\/v2\/posts\/276278\/revisions"}],"predecessor-version":[{"id":276295,"href":"https:\/\/www.gaveanews.com\/index.php\/wp-json\/wp\/v2\/posts\/276278\/revisions\/276295"}],"wp:featuredmedia":[{"embeddable":true,"href":"https:\/\/www.gaveanews.com\/index.php\/wp-json\/wp\/v2\/media\/68669"}],"wp:attachment":[{"href":"https:\/\/www.gaveanews.com\/index.php\/wp-json\/wp\/v2\/media?parent=276278"}],"wp:term":[{"taxonomy":"category","embeddable":true,"href":"https:\/\/www.gaveanews.com\/index.php\/wp-json\/wp\/v2\/categories?post=276278"},{"taxonomy":"post_tag","embeddable":true,"href":"https:\/\/www.gaveanews.com\/index.php\/wp-json\/wp\/v2\/tags?post=276278"}],"curies":[{"name":"wp","href":"https:\/\/api.w.org\/{rel}","templated":true}]}}