{"id":276280,"date":"2025-09-11T16:42:21","date_gmt":"2025-09-11T19:42:21","guid":{"rendered":"https:\/\/www.gaveanews.com\/?p=276280"},"modified":"2025-09-11T16:42:26","modified_gmt":"2025-09-11T19:42:26","slug":"atitude-da-selecao-do-uruguai-pode-prejudicar-o-flamengo","status":"publish","type":"post","link":"https:\/\/www.gaveanews.com\/index.php\/2025\/09\/11\/atitude-da-selecao-do-uruguai-pode-prejudicar-o-flamengo\/","title":{"rendered":"Atitude da Sele\u00e7\u00e3o do Uruguai pode prejudicar o Flamengo"},"content":{"rendered":"\n<p>O <a href=\"https:\/\/www.gaveanews.com\/index.php\/category\/brasileirao\/flamengo\/\" target=\"_blank\" rel=\"noopener noreferrer\">Flamengo<\/a> vive a reta final da temporada com jogadores que costumam ser chamados para suas sele\u00e7\u00f5es e voltam com quilometragem elevada. Na \u00faltima Data Fifa, o clube recebeu de volta convocados com \u201cgrande minutagem e desgaste\u201d. O cen\u00e1rio reacende a preocupa\u00e7\u00e3o com log\u00edstica e recupera\u00e7\u00e3o f\u00edsica de pe\u00e7as importantes do elenco liderado por Filipe Lu\u00eds.<\/p>\n\n\n\n<p>Al\u00e9m disso, os uruguaios do elenco t\u00eam sido utilizados com frequ\u00eancia. Arrascaeta e Varela foram titulares e \u201cgrandes destaques na vit\u00f3ria por 3 a 0 sobre o Peru\u201d, com 72 minutos para o meia e 96 para o lateral, que deu duas assist\u00eancias. J\u00e1 Vi\u00f1a ficou no banco contra o Peru e atuou 96 minutos no 0 a 0 diante do Chile. De La Cruz ficou de fora na \u00faltima convoca\u00e7\u00e3o.<\/p>\n\n\n\n<p>Enquanto isso, Varela retornou ao Rio de Janeiro com uma pubalgia ap\u00f3s a Data Fifa. Ele tem feito tratamento no Ninho do Urubu e \u201cse tornou d\u00favida para a partida deste domingo, contra o Juventude, em Caxias do Sul (RS), pelo Campeonato Brasileiro\u201d. A situa\u00e7\u00e3o refor\u00e7a a vigil\u00e2ncia sobre cargas de trabalho e viagens pr\u00f3ximas aos jogos.<\/p>\n\n\n\n<p>J\u00e1 Arrascaeta e Varela foram liberados antecipadamente pelo Uruguai e n\u00e3o enfrentaram o Chile. O meia n\u00e3o apresentou problemas e foi poupado como parte de planejamento da comiss\u00e3o de Marcelo Bielsa. Ali\u00e1s, Arrascaeta tem sido pe\u00e7a-chave na temporada rubro-negra, o que torna sua condi\u00e7\u00e3o f\u00edsica um ponto de aten\u00e7\u00e3o recorrente.<\/p>\n\n\n\n<p>Na tarde desta quinta-feira (11 de setembro), a Federa\u00e7\u00e3o Uruguaia de Futebol anunciou dois amistosos em outubro. O Uruguai enfrentar\u00e1 a Rep\u00fablica Dominicana em Kuala Lumpur, na Mal\u00e1sia, no dia 10 de outubro. Tr\u00eas dias depois, a sele\u00e7\u00e3o tem novo compromisso contra o Uzbequist\u00e3o, em Malaca, tamb\u00e9m na Mal\u00e1sia. A atitude da Celeste liga o alerta no Rubro-Negro.<\/p>\n\n\n\n<p>Arrascaeta, Varela, De La Cruz e Mat\u00edas Vi\u00f1a s\u00e3o apontados como quatro potenciais desfalques para o Flamengo de Filipe Lu\u00eds tamb\u00e9m nos amistosos. Durante as Datas Fifa, o calend\u00e1rio do futebol para e, assim, o clube n\u00e3o perde atletas em partidas oficiais. Por outro lado, o desgaste f\u00edsico pode impactar o desempenho do Mengo.<\/p>\n\n\n\n<p>Entretanto, a log\u00edstica dos deslocamentos amplia o desafio. Considerando escalas, a viagem at\u00e9 a Mal\u00e1sia pode levar entre 27 e 35 horas apenas de ida. O retorno ao Brasil apresenta cen\u00e1rio semelhante. Al\u00e9m disso, a proximidade dos compromissos internacionais com a agenda de jogos no pa\u00eds pode dificultar a recupera\u00e7\u00e3o plena dos atletas.<\/p>\n\n\n\n<p>Com amistosos marcados na \u00c1sia e longos voos na programa\u00e7\u00e3o, os jogadores enfrentar\u00e3o longas horas de deslocamento antes de se reintegrarem ao Flamengo. O time luta por t\u00edtulos importantes, e a combina\u00e7\u00e3o entre viagens extensas e sequ\u00eancia de jogos \u00e9 considerada um fator que pode exigir gest\u00e3o cuidadosa do elenco.<\/p>\n","protected":false},"excerpt":{"rendered":"<p>O Flamengo vive a reta final da temporada com jogadores que costumam ser chamados para suas sele\u00e7\u00f5es e voltam com quilometragem elevada. Na \u00faltima Data Fifa, o clube recebeu de volta convocados com \u201cgrande minutagem e desgaste\u201d. O cen\u00e1rio reacende a preocupa\u00e7\u00e3o com log\u00edstica e recupera\u00e7\u00e3o f\u00edsica de pe\u00e7as importantes do elenco liderado por Filipe [&hellip;]<\/p>\n","protected":false},"author":39,"featured_media":213513,"comment_status":"open","ping_status":"closed","sticky":false,"template":"","format":"standard","meta":{"footnotes":""},"categories":[1],"tags":[],"class_list":["post-276280","post","type-post","status-publish","format-standard","has-post-thumbnail","hentry","category-flamengo"],"yoast_head":"<!-- This site is optimized with the Yoast SEO Premium plugin v24.2 (Yoast SEO v26.9) - https:\/\/yoast.com\/product\/yoast-seo-premium-wordpress\/ -->\n<title>Atitude da Sele\u00e7\u00e3o do Uruguai pode prejudicar o Flamengo<\/title>\n<meta name=\"robots\" content=\"index, follow, max-snippet:-1, max-image-preview:large, max-video-preview:-1\" \/>\n<link rel=\"canonical\" href=\"https:\/\/www.gaveanews.com\/index.php\/2025\/09\/11\/atitude-da-selecao-do-uruguai-pode-prejudicar-o-flamengo\/\" \/>\n<meta property=\"og:locale\" content=\"pt_BR\" \/>\n<meta property=\"og:type\" content=\"article\" \/>\n<meta property=\"og:title\" content=\"Atitude da Sele\u00e7\u00e3o do Uruguai pode prejudicar o Flamengo\" \/>\n<meta property=\"og:description\" content=\"O Flamengo vive a reta final da temporada com jogadores que costumam ser chamados para suas sele\u00e7\u00f5es e voltam com quilometragem elevada. Na \u00faltima Data Fifa, o clube recebeu de volta convocados com \u201cgrande minutagem e desgaste\u201d. O cen\u00e1rio reacende a preocupa\u00e7\u00e3o com log\u00edstica e recupera\u00e7\u00e3o f\u00edsica de pe\u00e7as importantes do elenco liderado por Filipe [&hellip;]\" \/>\n<meta property=\"og:url\" content=\"https:\/\/www.gaveanews.com\/index.php\/2025\/09\/11\/atitude-da-selecao-do-uruguai-pode-prejudicar-o-flamengo\/\" \/>\n<meta property=\"og:site_name\" content=\"G\u00e1vea News\" \/>\n<meta property=\"article:publisher\" content=\"https:\/\/facebook.com\/gaveaNews\/\" \/>\n<meta property=\"article:published_time\" content=\"2025-09-11T19:42:21+00:00\" \/>\n<meta property=\"article:modified_time\" content=\"2025-09-11T19:42:26+00:00\" \/>\n<meta property=\"og:image\" content=\"http:\/\/www.gaveanews.com\/wp-content\/uploads\/fachada-do-modulo-profissional-do-ninho-do-urubu-centro-de-treinamento-do-flamengo-1642444901774_v2_1x1.webp\" \/>\n\t<meta property=\"og:image:width\" content=\"1361\" \/>\n\t<meta property=\"og:image:height\" content=\"1363\" \/>\n\t<meta property=\"og:image:type\" content=\"image\/jpeg\" \/>\n<meta name=\"author\" content=\"Reda\u00e7\u00e3o\" \/>\n<meta name=\"twitter:card\" content=\"summary_large_image\" \/>\n<meta name=\"twitter:label1\" content=\"Escrito por\" \/>\n\t<meta name=\"twitter:data1\" content=\"Reda\u00e7\u00e3o\" \/>\n\t<meta name=\"twitter:label2\" content=\"Est. tempo de leitura\" \/>\n\t<meta name=\"twitter:data2\" content=\"3 minutos\" \/>\n<script type=\"application\/ld+json\" class=\"yoast-schema-graph\">{\"@context\":\"https:\/\/schema.org\",\"@graph\":[{\"@type\":\"NewsArticle\",\"@id\":\"https:\/\/www.gaveanews.com\/index.php\/2025\/09\/11\/atitude-da-selecao-do-uruguai-pode-prejudicar-o-flamengo\/#article\",\"isPartOf\":{\"@id\":\"https:\/\/www.gaveanews.com\/index.php\/2025\/09\/11\/atitude-da-selecao-do-uruguai-pode-prejudicar-o-flamengo\/\"},\"author\":{\"name\":\"Reda\u00e7\u00e3o\",\"@id\":\"https:\/\/www.gaveanews.com\/#\/schema\/person\/c88645e3d550d0b6574305e67dd5a716\"},\"headline\":\"Atitude da Sele\u00e7\u00e3o do Uruguai pode prejudicar o Flamengo\",\"datePublished\":\"2025-09-11T19:42:21+00:00\",\"dateModified\":\"2025-09-11T19:42:26+00:00\",\"mainEntityOfPage\":{\"@id\":\"https:\/\/www.gaveanews.com\/index.php\/2025\/09\/11\/atitude-da-selecao-do-uruguai-pode-prejudicar-o-flamengo\/\"},\"wordCount\":504,\"commentCount\":0,\"image\":{\"@id\":\"https:\/\/www.gaveanews.com\/index.php\/2025\/09\/11\/atitude-da-selecao-do-uruguai-pode-prejudicar-o-flamengo\/#primaryimage\"},\"thumbnailUrl\":\"https:\/\/www.gaveanews.com\/wp-content\/uploads\/fachada-do-modulo-profissional-do-ninho-do-urubu-centro-de-treinamento-do-flamengo-1642444901774_v2_1x1.webp\",\"articleSection\":[\"Flamengo\"],\"inLanguage\":\"pt-BR\",\"potentialAction\":[{\"@type\":\"CommentAction\",\"name\":\"Comment\",\"target\":[\"https:\/\/www.gaveanews.com\/index.php\/2025\/09\/11\/atitude-da-selecao-do-uruguai-pode-prejudicar-o-flamengo\/#respond\"]}],\"copyrightYear\":\"2025\",\"copyrightHolder\":{\"@id\":\"https:\/\/www.gaveanews.com\/#organization\"}},{\"@type\":\"WebPage\",\"@id\":\"https:\/\/www.gaveanews.com\/index.php\/2025\/09\/11\/atitude-da-selecao-do-uruguai-pode-prejudicar-o-flamengo\/\",\"url\":\"https:\/\/www.gaveanews.com\/index.php\/2025\/09\/11\/atitude-da-selecao-do-uruguai-pode-prejudicar-o-flamengo\/\",\"name\":\"Atitude da Sele\u00e7\u00e3o do Uruguai pode prejudicar o Flamengo\",\"isPartOf\":{\"@id\":\"https:\/\/www.gaveanews.com\/#website\"},\"primaryImageOfPage\":{\"@id\":\"https:\/\/www.gaveanews.com\/index.php\/2025\/09\/11\/atitude-da-selecao-do-uruguai-pode-prejudicar-o-flamengo\/#primaryimage\"},\"image\":{\"@id\":\"https:\/\/www.gaveanews.com\/index.php\/2025\/09\/11\/atitude-da-selecao-do-uruguai-pode-prejudicar-o-flamengo\/#primaryimage\"},\"thumbnailUrl\":\"https:\/\/www.gaveanews.com\/wp-content\/uploads\/fachada-do-modulo-profissional-do-ninho-do-urubu-centro-de-treinamento-do-flamengo-1642444901774_v2_1x1.webp\",\"datePublished\":\"2025-09-11T19:42:21+00:00\",\"dateModified\":\"2025-09-11T19:42:26+00:00\",\"author\":{\"@id\":\"https:\/\/www.gaveanews.com\/#\/schema\/person\/c88645e3d550d0b6574305e67dd5a716\"},\"breadcrumb\":{\"@id\":\"https:\/\/www.gaveanews.com\/index.php\/2025\/09\/11\/atitude-da-selecao-do-uruguai-pode-prejudicar-o-flamengo\/#breadcrumb\"},\"inLanguage\":\"pt-BR\",\"potentialAction\":[{\"@type\":\"ReadAction\",\"target\":[\"https:\/\/www.gaveanews.com\/index.php\/2025\/09\/11\/atitude-da-selecao-do-uruguai-pode-prejudicar-o-flamengo\/\"]}]},{\"@type\":\"ImageObject\",\"inLanguage\":\"pt-BR\",\"@id\":\"https:\/\/www.gaveanews.com\/index.php\/2025\/09\/11\/atitude-da-selecao-do-uruguai-pode-prejudicar-o-flamengo\/#primaryimage\",\"url\":\"https:\/\/www.gaveanews.com\/wp-content\/uploads\/fachada-do-modulo-profissional-do-ninho-do-urubu-centro-de-treinamento-do-flamengo-1642444901774_v2_1x1.webp\",\"contentUrl\":\"https:\/\/www.gaveanews.com\/wp-content\/uploads\/fachada-do-modulo-profissional-do-ninho-do-urubu-centro-de-treinamento-do-flamengo-1642444901774_v2_1x1.webp\",\"width\":1361,\"height\":1363,\"caption\":\"CT Ninho do Urubu (Foto: Divulga\u00e7\u00e3o Flamengo)\"},{\"@type\":\"BreadcrumbList\",\"@id\":\"https:\/\/www.gaveanews.com\/index.php\/2025\/09\/11\/atitude-da-selecao-do-uruguai-pode-prejudicar-o-flamengo\/#breadcrumb\",\"itemListElement\":[{\"@type\":\"ListItem\",\"position\":1,\"name\":\"Home\",\"item\":\"https:\/\/www.gaveanews.com\/\"},{\"@type\":\"ListItem\",\"position\":2,\"name\":\"Atitude da Sele\u00e7\u00e3o do Uruguai pode prejudicar o Flamengo\"}]},{\"@type\":\"WebSite\",\"@id\":\"https:\/\/www.gaveanews.com\/#website\",\"url\":\"https:\/\/www.gaveanews.com\/\",\"name\":\"G\u00e1vea News\",\"description\":\"Veja todas as not\u00edcias sobre o Flamengo: Contrata\u00e7\u00f5es, categorias de base, resultados das partidas, tabela de classifica\u00e7\u00e3o, pr\u00f3ximos jogos!\",\"potentialAction\":[{\"@type\":\"SearchAction\",\"target\":{\"@type\":\"EntryPoint\",\"urlTemplate\":\"https:\/\/www.gaveanews.com\/?s={search_term_string}\"},\"query-input\":{\"@type\":\"PropertyValueSpecification\",\"valueRequired\":true,\"valueName\":\"search_term_string\"}}],\"inLanguage\":\"pt-BR\"},{\"@type\":\"Person\",\"@id\":\"https:\/\/www.gaveanews.com\/#\/schema\/person\/c88645e3d550d0b6574305e67dd5a716\",\"name\":\"Reda\u00e7\u00e3o\",\"image\":{\"@type\":\"ImageObject\",\"inLanguage\":\"pt-BR\",\"@id\":\"https:\/\/www.gaveanews.com\/#\/schema\/person\/image\/\",\"url\":\"https:\/\/secure.gravatar.com\/avatar\/434098fd823f0dc1b062d14ca22bacaa6e38de28d8c816bbef6fc2f8c44d8ba3?s=96&d=mm&r=g\",\"contentUrl\":\"https:\/\/secure.gravatar.com\/avatar\/434098fd823f0dc1b062d14ca22bacaa6e38de28d8c816bbef6fc2f8c44d8ba3?s=96&d=mm&r=g\",\"caption\":\"Reda\u00e7\u00e3o\"}}]}<\/script>\n<!-- \/ Yoast SEO Premium plugin. -->","yoast_head_json":{"title":"Atitude da Sele\u00e7\u00e3o do Uruguai pode prejudicar o Flamengo","robots":{"index":"index","follow":"follow","max-snippet":"max-snippet:-1","max-image-preview":"max-image-preview:large","max-video-preview":"max-video-preview:-1"},"canonical":"https:\/\/www.gaveanews.com\/index.php\/2025\/09\/11\/atitude-da-selecao-do-uruguai-pode-prejudicar-o-flamengo\/","og_locale":"pt_BR","og_type":"article","og_title":"Atitude da Sele\u00e7\u00e3o do Uruguai pode prejudicar o Flamengo","og_description":"O Flamengo vive a reta final da temporada com jogadores que costumam ser chamados para suas sele\u00e7\u00f5es e voltam com quilometragem elevada. Na \u00faltima Data Fifa, o clube recebeu de volta convocados com \u201cgrande minutagem e desgaste\u201d. O cen\u00e1rio reacende a preocupa\u00e7\u00e3o com log\u00edstica e recupera\u00e7\u00e3o f\u00edsica de pe\u00e7as importantes do elenco liderado por Filipe [&hellip;]","og_url":"https:\/\/www.gaveanews.com\/index.php\/2025\/09\/11\/atitude-da-selecao-do-uruguai-pode-prejudicar-o-flamengo\/","og_site_name":"G\u00e1vea News","article_publisher":"https:\/\/facebook.com\/gaveaNews\/","article_published_time":"2025-09-11T19:42:21+00:00","article_modified_time":"2025-09-11T19:42:26+00:00","og_image":[{"width":1361,"height":1363,"url":"http:\/\/www.gaveanews.com\/wp-content\/uploads\/fachada-do-modulo-profissional-do-ninho-do-urubu-centro-de-treinamento-do-flamengo-1642444901774_v2_1x1.webp","type":"image\/jpeg"}],"author":"Reda\u00e7\u00e3o","twitter_card":"summary_large_image","twitter_misc":{"Escrito por":"Reda\u00e7\u00e3o","Est. tempo de leitura":"3 minutos"},"schema":{"@context":"https:\/\/schema.org","@graph":[{"@type":"NewsArticle","@id":"https:\/\/www.gaveanews.com\/index.php\/2025\/09\/11\/atitude-da-selecao-do-uruguai-pode-prejudicar-o-flamengo\/#article","isPartOf":{"@id":"https:\/\/www.gaveanews.com\/index.php\/2025\/09\/11\/atitude-da-selecao-do-uruguai-pode-prejudicar-o-flamengo\/"},"author":{"name":"Reda\u00e7\u00e3o","@id":"https:\/\/www.gaveanews.com\/#\/schema\/person\/c88645e3d550d0b6574305e67dd5a716"},"headline":"Atitude da Sele\u00e7\u00e3o do Uruguai pode prejudicar o Flamengo","datePublished":"2025-09-11T19:42:21+00:00","dateModified":"2025-09-11T19:42:26+00:00","mainEntityOfPage":{"@id":"https:\/\/www.gaveanews.com\/index.php\/2025\/09\/11\/atitude-da-selecao-do-uruguai-pode-prejudicar-o-flamengo\/"},"wordCount":504,"commentCount":0,"image":{"@id":"https:\/\/www.gaveanews.com\/index.php\/2025\/09\/11\/atitude-da-selecao-do-uruguai-pode-prejudicar-o-flamengo\/#primaryimage"},"thumbnailUrl":"https:\/\/www.gaveanews.com\/wp-content\/uploads\/fachada-do-modulo-profissional-do-ninho-do-urubu-centro-de-treinamento-do-flamengo-1642444901774_v2_1x1.webp","articleSection":["Flamengo"],"inLanguage":"pt-BR","potentialAction":[{"@type":"CommentAction","name":"Comment","target":["https:\/\/www.gaveanews.com\/index.php\/2025\/09\/11\/atitude-da-selecao-do-uruguai-pode-prejudicar-o-flamengo\/#respond"]}],"copyrightYear":"2025","copyrightHolder":{"@id":"https:\/\/www.gaveanews.com\/#organization"}},{"@type":"WebPage","@id":"https:\/\/www.gaveanews.com\/index.php\/2025\/09\/11\/atitude-da-selecao-do-uruguai-pode-prejudicar-o-flamengo\/","url":"https:\/\/www.gaveanews.com\/index.php\/2025\/09\/11\/atitude-da-selecao-do-uruguai-pode-prejudicar-o-flamengo\/","name":"Atitude da Sele\u00e7\u00e3o do Uruguai pode prejudicar o Flamengo","isPartOf":{"@id":"https:\/\/www.gaveanews.com\/#website"},"primaryImageOfPage":{"@id":"https:\/\/www.gaveanews.com\/index.php\/2025\/09\/11\/atitude-da-selecao-do-uruguai-pode-prejudicar-o-flamengo\/#primaryimage"},"image":{"@id":"https:\/\/www.gaveanews.com\/index.php\/2025\/09\/11\/atitude-da-selecao-do-uruguai-pode-prejudicar-o-flamengo\/#primaryimage"},"thumbnailUrl":"https:\/\/www.gaveanews.com\/wp-content\/uploads\/fachada-do-modulo-profissional-do-ninho-do-urubu-centro-de-treinamento-do-flamengo-1642444901774_v2_1x1.webp","datePublished":"2025-09-11T19:42:21+00:00","dateModified":"2025-09-11T19:42:26+00:00","author":{"@id":"https:\/\/www.gaveanews.com\/#\/schema\/person\/c88645e3d550d0b6574305e67dd5a716"},"breadcrumb":{"@id":"https:\/\/www.gaveanews.com\/index.php\/2025\/09\/11\/atitude-da-selecao-do-uruguai-pode-prejudicar-o-flamengo\/#breadcrumb"},"inLanguage":"pt-BR","potentialAction":[{"@type":"ReadAction","target":["https:\/\/www.gaveanews.com\/index.php\/2025\/09\/11\/atitude-da-selecao-do-uruguai-pode-prejudicar-o-flamengo\/"]}]},{"@type":"ImageObject","inLanguage":"pt-BR","@id":"https:\/\/www.gaveanews.com\/index.php\/2025\/09\/11\/atitude-da-selecao-do-uruguai-pode-prejudicar-o-flamengo\/#primaryimage","url":"https:\/\/www.gaveanews.com\/wp-content\/uploads\/fachada-do-modulo-profissional-do-ninho-do-urubu-centro-de-treinamento-do-flamengo-1642444901774_v2_1x1.webp","contentUrl":"https:\/\/www.gaveanews.com\/wp-content\/uploads\/fachada-do-modulo-profissional-do-ninho-do-urubu-centro-de-treinamento-do-flamengo-1642444901774_v2_1x1.webp","width":1361,"height":1363,"caption":"CT Ninho do Urubu (Foto: Divulga\u00e7\u00e3o Flamengo)"},{"@type":"BreadcrumbList","@id":"https:\/\/www.gaveanews.com\/index.php\/2025\/09\/11\/atitude-da-selecao-do-uruguai-pode-prejudicar-o-flamengo\/#breadcrumb","itemListElement":[{"@type":"ListItem","position":1,"name":"Home","item":"https:\/\/www.gaveanews.com\/"},{"@type":"ListItem","position":2,"name":"Atitude da Sele\u00e7\u00e3o do Uruguai pode prejudicar o Flamengo"}]},{"@type":"WebSite","@id":"https:\/\/www.gaveanews.com\/#website","url":"https:\/\/www.gaveanews.com\/","name":"G\u00e1vea News","description":"Veja todas as not\u00edcias sobre o Flamengo: Contrata\u00e7\u00f5es, categorias de base, resultados das partidas, tabela de classifica\u00e7\u00e3o, pr\u00f3ximos jogos!","potentialAction":[{"@type":"SearchAction","target":{"@type":"EntryPoint","urlTemplate":"https:\/\/www.gaveanews.com\/?s={search_term_string}"},"query-input":{"@type":"PropertyValueSpecification","valueRequired":true,"valueName":"search_term_string"}}],"inLanguage":"pt-BR"},{"@type":"Person","@id":"https:\/\/www.gaveanews.com\/#\/schema\/person\/c88645e3d550d0b6574305e67dd5a716","name":"Reda\u00e7\u00e3o","image":{"@type":"ImageObject","inLanguage":"pt-BR","@id":"https:\/\/www.gaveanews.com\/#\/schema\/person\/image\/","url":"https:\/\/secure.gravatar.com\/avatar\/434098fd823f0dc1b062d14ca22bacaa6e38de28d8c816bbef6fc2f8c44d8ba3?s=96&d=mm&r=g","contentUrl":"https:\/\/secure.gravatar.com\/avatar\/434098fd823f0dc1b062d14ca22bacaa6e38de28d8c816bbef6fc2f8c44d8ba3?s=96&d=mm&r=g","caption":"Reda\u00e7\u00e3o"}}]}},"_links":{"self":[{"href":"https:\/\/www.gaveanews.com\/index.php\/wp-json\/wp\/v2\/posts\/276280","targetHints":{"allow":["GET"]}}],"collection":[{"href":"https:\/\/www.gaveanews.com\/index.php\/wp-json\/wp\/v2\/posts"}],"about":[{"href":"https:\/\/www.gaveanews.com\/index.php\/wp-json\/wp\/v2\/types\/post"}],"author":[{"embeddable":true,"href":"https:\/\/www.gaveanews.com\/index.php\/wp-json\/wp\/v2\/users\/39"}],"replies":[{"embeddable":true,"href":"https:\/\/www.gaveanews.com\/index.php\/wp-json\/wp\/v2\/comments?post=276280"}],"version-history":[{"count":1,"href":"https:\/\/www.gaveanews.com\/index.php\/wp-json\/wp\/v2\/posts\/276280\/revisions"}],"predecessor-version":[{"id":276301,"href":"https:\/\/www.gaveanews.com\/index.php\/wp-json\/wp\/v2\/posts\/276280\/revisions\/276301"}],"wp:featuredmedia":[{"embeddable":true,"href":"https:\/\/www.gaveanews.com\/index.php\/wp-json\/wp\/v2\/media\/213513"}],"wp:attachment":[{"href":"https:\/\/www.gaveanews.com\/index.php\/wp-json\/wp\/v2\/media?parent=276280"}],"wp:term":[{"taxonomy":"category","embeddable":true,"href":"https:\/\/www.gaveanews.com\/index.php\/wp-json\/wp\/v2\/categories?post=276280"},{"taxonomy":"post_tag","embeddable":true,"href":"https:\/\/www.gaveanews.com\/index.php\/wp-json\/wp\/v2\/tags?post=276280"}],"curies":[{"name":"wp","href":"https:\/\/api.w.org\/{rel}","templated":true}]}}