{"id":276309,"date":"2025-09-11T18:44:48","date_gmt":"2025-09-11T21:44:48","guid":{"rendered":"https:\/\/www.gaveanews.com\/?p=276309"},"modified":"2025-09-11T18:44:53","modified_gmt":"2025-09-11T21:44:53","slug":"craque-do-flamengo-vive-expectativa-de-ser-relacionado-por-filipe-luis","status":"publish","type":"post","link":"https:\/\/www.gaveanews.com\/index.php\/2025\/09\/11\/craque-do-flamengo-vive-expectativa-de-ser-relacionado-por-filipe-luis\/","title":{"rendered":"Craque do Flamengo vive expectativa de ser relacionado por Filipe Lu\u00eds"},"content":{"rendered":"\n<p>O <a href=\"https:\/\/www.gaveanews.com\/index.php\/category\/brasileirao\/flamengo\/\" target=\"_blank\" rel=\"noopener noreferrer\">Flamengo<\/a> mant\u00e9m a pr\u00e1tica de integrar jovens das categorias de base aos treinos do time principal, especialmente durante a Data Fifa. Nesta semana, de acordo com o ge, o lateral-direito Daniel Sales e o volante Pablo L\u00facio se juntaram ao elenco. Ali\u00e1s, ambos j\u00e1 foram relacionados nesta temporada. O pr\u00f3ximo compromisso \u00e9 contra o Juventude, domingo (14), no Alfredo Jaconi, em Caxias do Sul.<\/p>\n\n\n\n<p>A prepara\u00e7\u00e3o ocorre no Ninho do Urubu, com atividades na parte da manh\u00e3, ainda de acordo com o ve\u00edculo. Antes da viagem ao Sul, a equipe treina na quinta-feira (11) e na sexta-feira (12). Com Samuel Lino na Sele\u00e7\u00e3o Brasileira, abriu-se espa\u00e7o para observa\u00e7\u00f5es. O ponta-esquerda titular do Flamengo se reapresenta na quinta, ap\u00f3s atuar na derrota para a Bol\u00edvia, na ter\u00e7a.<\/p>\n\n\n\n<p>\u00c9 nesse contexto que Ryan Roberto, de 17 anos, treinou com o elenco profissional durante a Data Fifa e vive a expectativa de ser relacionado por Filipe Lu\u00eds para a partida em Caxias do Sul. \u00c9 comum que garotos completem os trabalhos no CT, por\u00e9m o atacante aguarda a primeira oportunidade com o treinador.<\/p>\n\n\n\n<p>Nos treinos, ele aproveitou a oportunidade para conversar com atletas mais experientes, como Bruno Henrique, que atua pelo lado esquerdo. No caso de BH, inclusive, o Fla aguarda o resultado de um recurso junto ao STJD para contar com o atacante na partida, visto que o camisa 27 foi suspenso pelo tribunal. Al\u00e9m disso, a movimenta\u00e7\u00e3o ocorreu enquanto Samuel Lino estava com a Sele\u00e7\u00e3o. N\u00e3o h\u00e1 informa\u00e7\u00f5es sobre a presen\u00e7a de Ryan Roberto na lista de relacionados.<\/p>\n\n\n\n<p>Natural de S\u00e3o Paulo, Ryan Roberto passou pela base do Athletico-PR e chegou ao Flamengo em definitivo em 2023. Na ocasi\u00e3o, cada clube ficou com 50% dos direitos do jogador. O Rubro-Negro tem op\u00e7\u00e3o de compra para adquirir mais 20% por R$ 1,5 milh\u00e3o, mas ainda n\u00e3o exerceu essa cl\u00e1usula contratual.<\/p>\n\n\n\n<p>Na base, o ponta-esquerda soma 21 gols em 39 jogos na temporada 2025. Foram 32 partidas e 20 gols no sub-17, al\u00e9m de sete jogos e um gol no sub-20. O clube blindou o jovem na \u00faltima janela. Ajax, da Holanda, e Barcelona, da Espanha, fizeram consultas recentes. Entretanto, nenhuma negocia\u00e7\u00e3o foi confirmada.<\/p>\n\n\n\n<p>Em junho, o Athletico-PR apresentou proposta para recomprar o atacante, tentando adquirir 20% que pertencem ao Flamengo, por\u00e9m o clube carioca recusou. Ryan segue monitorado por equipes europeias, e o interesse de Ajax e Barcelona foi mencionado nas consultas. Assim, o cen\u00e1rio de mercado permanece em observa\u00e7\u00e3o.<\/p>\n\n\n\n<p>Filipe Lu\u00eds vem oportunizando viv\u00eancias com os profissionais a alguns jovens, ao menos nos treinos. Al\u00e9m de Daniel Sales e Pablo L\u00facio, Ryan Roberto integra esse grupo e repete a rotina desta semana no Ninho do Urubu. Ali\u00e1s, a lista para o jogo contra o Juventude pode ter novidade, mas n\u00e3o h\u00e1 informa\u00e7\u00e3o confirmada nas fontes dispon\u00edveis.<\/p>\n","protected":false},"excerpt":{"rendered":"<p>O Flamengo mant\u00e9m a pr\u00e1tica de integrar jovens das categorias de base aos treinos do time principal, especialmente durante a Data Fifa. Nesta semana, de acordo com o ge, o lateral-direito Daniel Sales e o volante Pablo L\u00facio se juntaram ao elenco. Ali\u00e1s, ambos j\u00e1 foram relacionados nesta temporada. O pr\u00f3ximo compromisso \u00e9 contra o [&hellip;]<\/p>\n","protected":false},"author":39,"featured_media":251455,"comment_status":"open","ping_status":"closed","sticky":false,"template":"","format":"standard","meta":{"footnotes":""},"categories":[1],"tags":[],"class_list":["post-276309","post","type-post","status-publish","format-standard","has-post-thumbnail","hentry","category-flamengo"],"yoast_head":"<!-- This site is optimized with the Yoast SEO Premium plugin v24.2 (Yoast SEO v26.9) - https:\/\/yoast.com\/product\/yoast-seo-premium-wordpress\/ -->\n<title>Craque do Flamengo vive expectativa de ser relacionado por Filipe Lu\u00eds<\/title>\n<meta name=\"robots\" content=\"index, follow, max-snippet:-1, max-image-preview:large, max-video-preview:-1\" \/>\n<link rel=\"canonical\" href=\"https:\/\/www.gaveanews.com\/index.php\/2025\/09\/11\/craque-do-flamengo-vive-expectativa-de-ser-relacionado-por-filipe-luis\/\" \/>\n<meta property=\"og:locale\" content=\"pt_BR\" \/>\n<meta property=\"og:type\" content=\"article\" \/>\n<meta property=\"og:title\" content=\"Craque do Flamengo vive expectativa de ser relacionado por Filipe Lu\u00eds\" \/>\n<meta property=\"og:description\" content=\"O Flamengo mant\u00e9m a pr\u00e1tica de integrar jovens das categorias de base aos treinos do time principal, especialmente durante a Data Fifa. Nesta semana, de acordo com o ge, o lateral-direito Daniel Sales e o volante Pablo L\u00facio se juntaram ao elenco. Ali\u00e1s, ambos j\u00e1 foram relacionados nesta temporada. O pr\u00f3ximo compromisso \u00e9 contra o [&hellip;]\" \/>\n<meta property=\"og:url\" content=\"https:\/\/www.gaveanews.com\/index.php\/2025\/09\/11\/craque-do-flamengo-vive-expectativa-de-ser-relacionado-por-filipe-luis\/\" \/>\n<meta property=\"og:site_name\" content=\"G\u00e1vea News\" \/>\n<meta property=\"article:publisher\" content=\"https:\/\/facebook.com\/gaveaNews\/\" \/>\n<meta property=\"article:published_time\" content=\"2025-09-11T21:44:48+00:00\" \/>\n<meta property=\"article:modified_time\" content=\"2025-09-11T21:44:53+00:00\" \/>\n<meta property=\"og:image\" content=\"http:\/\/www.gaveanews.com\/wp-content\/uploads\/Filipe-Luis-pelo-Flamengo.webp\" \/>\n\t<meta property=\"og:image:width\" content=\"477\" \/>\n\t<meta property=\"og:image:height\" content=\"291\" \/>\n\t<meta property=\"og:image:type\" content=\"image\/jpeg\" \/>\n<meta name=\"author\" content=\"Reda\u00e7\u00e3o\" \/>\n<meta name=\"twitter:card\" content=\"summary_large_image\" \/>\n<meta name=\"twitter:label1\" content=\"Escrito por\" \/>\n\t<meta name=\"twitter:data1\" content=\"Reda\u00e7\u00e3o\" \/>\n\t<meta name=\"twitter:label2\" content=\"Est. tempo de leitura\" \/>\n\t<meta name=\"twitter:data2\" content=\"3 minutos\" \/>\n<script type=\"application\/ld+json\" class=\"yoast-schema-graph\">{\"@context\":\"https:\/\/schema.org\",\"@graph\":[{\"@type\":\"NewsArticle\",\"@id\":\"https:\/\/www.gaveanews.com\/index.php\/2025\/09\/11\/craque-do-flamengo-vive-expectativa-de-ser-relacionado-por-filipe-luis\/#article\",\"isPartOf\":{\"@id\":\"https:\/\/www.gaveanews.com\/index.php\/2025\/09\/11\/craque-do-flamengo-vive-expectativa-de-ser-relacionado-por-filipe-luis\/\"},\"author\":{\"name\":\"Reda\u00e7\u00e3o\",\"@id\":\"https:\/\/www.gaveanews.com\/#\/schema\/person\/c88645e3d550d0b6574305e67dd5a716\"},\"headline\":\"Craque do Flamengo vive expectativa de ser relacionado por Filipe Lu\u00eds\",\"datePublished\":\"2025-09-11T21:44:48+00:00\",\"dateModified\":\"2025-09-11T21:44:53+00:00\",\"mainEntityOfPage\":{\"@id\":\"https:\/\/www.gaveanews.com\/index.php\/2025\/09\/11\/craque-do-flamengo-vive-expectativa-de-ser-relacionado-por-filipe-luis\/\"},\"wordCount\":500,\"commentCount\":0,\"image\":{\"@id\":\"https:\/\/www.gaveanews.com\/index.php\/2025\/09\/11\/craque-do-flamengo-vive-expectativa-de-ser-relacionado-por-filipe-luis\/#primaryimage\"},\"thumbnailUrl\":\"https:\/\/www.gaveanews.com\/wp-content\/uploads\/Filipe-Luis-pelo-Flamengo.webp\",\"articleSection\":[\"Flamengo\"],\"inLanguage\":\"pt-BR\",\"potentialAction\":[{\"@type\":\"CommentAction\",\"name\":\"Comment\",\"target\":[\"https:\/\/www.gaveanews.com\/index.php\/2025\/09\/11\/craque-do-flamengo-vive-expectativa-de-ser-relacionado-por-filipe-luis\/#respond\"]}],\"copyrightYear\":\"2025\",\"copyrightHolder\":{\"@id\":\"https:\/\/www.gaveanews.com\/#organization\"}},{\"@type\":\"WebPage\",\"@id\":\"https:\/\/www.gaveanews.com\/index.php\/2025\/09\/11\/craque-do-flamengo-vive-expectativa-de-ser-relacionado-por-filipe-luis\/\",\"url\":\"https:\/\/www.gaveanews.com\/index.php\/2025\/09\/11\/craque-do-flamengo-vive-expectativa-de-ser-relacionado-por-filipe-luis\/\",\"name\":\"Craque do Flamengo vive expectativa de ser relacionado por Filipe Lu\u00eds\",\"isPartOf\":{\"@id\":\"https:\/\/www.gaveanews.com\/#website\"},\"primaryImageOfPage\":{\"@id\":\"https:\/\/www.gaveanews.com\/index.php\/2025\/09\/11\/craque-do-flamengo-vive-expectativa-de-ser-relacionado-por-filipe-luis\/#primaryimage\"},\"image\":{\"@id\":\"https:\/\/www.gaveanews.com\/index.php\/2025\/09\/11\/craque-do-flamengo-vive-expectativa-de-ser-relacionado-por-filipe-luis\/#primaryimage\"},\"thumbnailUrl\":\"https:\/\/www.gaveanews.com\/wp-content\/uploads\/Filipe-Luis-pelo-Flamengo.webp\",\"datePublished\":\"2025-09-11T21:44:48+00:00\",\"dateModified\":\"2025-09-11T21:44:53+00:00\",\"author\":{\"@id\":\"https:\/\/www.gaveanews.com\/#\/schema\/person\/c88645e3d550d0b6574305e67dd5a716\"},\"breadcrumb\":{\"@id\":\"https:\/\/www.gaveanews.com\/index.php\/2025\/09\/11\/craque-do-flamengo-vive-expectativa-de-ser-relacionado-por-filipe-luis\/#breadcrumb\"},\"inLanguage\":\"pt-BR\",\"potentialAction\":[{\"@type\":\"ReadAction\",\"target\":[\"https:\/\/www.gaveanews.com\/index.php\/2025\/09\/11\/craque-do-flamengo-vive-expectativa-de-ser-relacionado-por-filipe-luis\/\"]}]},{\"@type\":\"ImageObject\",\"inLanguage\":\"pt-BR\",\"@id\":\"https:\/\/www.gaveanews.com\/index.php\/2025\/09\/11\/craque-do-flamengo-vive-expectativa-de-ser-relacionado-por-filipe-luis\/#primaryimage\",\"url\":\"https:\/\/www.gaveanews.com\/wp-content\/uploads\/Filipe-Luis-pelo-Flamengo.webp\",\"contentUrl\":\"https:\/\/www.gaveanews.com\/wp-content\/uploads\/Filipe-Luis-pelo-Flamengo.webp\",\"width\":477,\"height\":291,\"caption\":\"Filipe Lu\u00eds pelo Flamengo (Fotos: Gilvan de Souza\/Flamengo)\"},{\"@type\":\"BreadcrumbList\",\"@id\":\"https:\/\/www.gaveanews.com\/index.php\/2025\/09\/11\/craque-do-flamengo-vive-expectativa-de-ser-relacionado-por-filipe-luis\/#breadcrumb\",\"itemListElement\":[{\"@type\":\"ListItem\",\"position\":1,\"name\":\"Home\",\"item\":\"https:\/\/www.gaveanews.com\/\"},{\"@type\":\"ListItem\",\"position\":2,\"name\":\"Craque do Flamengo vive expectativa de ser relacionado por Filipe Lu\u00eds\"}]},{\"@type\":\"WebSite\",\"@id\":\"https:\/\/www.gaveanews.com\/#website\",\"url\":\"https:\/\/www.gaveanews.com\/\",\"name\":\"G\u00e1vea News\",\"description\":\"Veja todas as not\u00edcias sobre o Flamengo: Contrata\u00e7\u00f5es, categorias de base, resultados das partidas, tabela de classifica\u00e7\u00e3o, pr\u00f3ximos jogos!\",\"potentialAction\":[{\"@type\":\"SearchAction\",\"target\":{\"@type\":\"EntryPoint\",\"urlTemplate\":\"https:\/\/www.gaveanews.com\/?s={search_term_string}\"},\"query-input\":{\"@type\":\"PropertyValueSpecification\",\"valueRequired\":true,\"valueName\":\"search_term_string\"}}],\"inLanguage\":\"pt-BR\"},{\"@type\":\"Person\",\"@id\":\"https:\/\/www.gaveanews.com\/#\/schema\/person\/c88645e3d550d0b6574305e67dd5a716\",\"name\":\"Reda\u00e7\u00e3o\",\"image\":{\"@type\":\"ImageObject\",\"inLanguage\":\"pt-BR\",\"@id\":\"https:\/\/www.gaveanews.com\/#\/schema\/person\/image\/\",\"url\":\"https:\/\/secure.gravatar.com\/avatar\/434098fd823f0dc1b062d14ca22bacaa6e38de28d8c816bbef6fc2f8c44d8ba3?s=96&d=mm&r=g\",\"contentUrl\":\"https:\/\/secure.gravatar.com\/avatar\/434098fd823f0dc1b062d14ca22bacaa6e38de28d8c816bbef6fc2f8c44d8ba3?s=96&d=mm&r=g\",\"caption\":\"Reda\u00e7\u00e3o\"}}]}<\/script>\n<!-- \/ Yoast SEO Premium plugin. -->","yoast_head_json":{"title":"Craque do Flamengo vive expectativa de ser relacionado por Filipe Lu\u00eds","robots":{"index":"index","follow":"follow","max-snippet":"max-snippet:-1","max-image-preview":"max-image-preview:large","max-video-preview":"max-video-preview:-1"},"canonical":"https:\/\/www.gaveanews.com\/index.php\/2025\/09\/11\/craque-do-flamengo-vive-expectativa-de-ser-relacionado-por-filipe-luis\/","og_locale":"pt_BR","og_type":"article","og_title":"Craque do Flamengo vive expectativa de ser relacionado por Filipe Lu\u00eds","og_description":"O Flamengo mant\u00e9m a pr\u00e1tica de integrar jovens das categorias de base aos treinos do time principal, especialmente durante a Data Fifa. Nesta semana, de acordo com o ge, o lateral-direito Daniel Sales e o volante Pablo L\u00facio se juntaram ao elenco. Ali\u00e1s, ambos j\u00e1 foram relacionados nesta temporada. O pr\u00f3ximo compromisso \u00e9 contra o [&hellip;]","og_url":"https:\/\/www.gaveanews.com\/index.php\/2025\/09\/11\/craque-do-flamengo-vive-expectativa-de-ser-relacionado-por-filipe-luis\/","og_site_name":"G\u00e1vea News","article_publisher":"https:\/\/facebook.com\/gaveaNews\/","article_published_time":"2025-09-11T21:44:48+00:00","article_modified_time":"2025-09-11T21:44:53+00:00","og_image":[{"width":477,"height":291,"url":"http:\/\/www.gaveanews.com\/wp-content\/uploads\/Filipe-Luis-pelo-Flamengo.webp","type":"image\/jpeg"}],"author":"Reda\u00e7\u00e3o","twitter_card":"summary_large_image","twitter_misc":{"Escrito por":"Reda\u00e7\u00e3o","Est. tempo de leitura":"3 minutos"},"schema":{"@context":"https:\/\/schema.org","@graph":[{"@type":"NewsArticle","@id":"https:\/\/www.gaveanews.com\/index.php\/2025\/09\/11\/craque-do-flamengo-vive-expectativa-de-ser-relacionado-por-filipe-luis\/#article","isPartOf":{"@id":"https:\/\/www.gaveanews.com\/index.php\/2025\/09\/11\/craque-do-flamengo-vive-expectativa-de-ser-relacionado-por-filipe-luis\/"},"author":{"name":"Reda\u00e7\u00e3o","@id":"https:\/\/www.gaveanews.com\/#\/schema\/person\/c88645e3d550d0b6574305e67dd5a716"},"headline":"Craque do Flamengo vive expectativa de ser relacionado por Filipe Lu\u00eds","datePublished":"2025-09-11T21:44:48+00:00","dateModified":"2025-09-11T21:44:53+00:00","mainEntityOfPage":{"@id":"https:\/\/www.gaveanews.com\/index.php\/2025\/09\/11\/craque-do-flamengo-vive-expectativa-de-ser-relacionado-por-filipe-luis\/"},"wordCount":500,"commentCount":0,"image":{"@id":"https:\/\/www.gaveanews.com\/index.php\/2025\/09\/11\/craque-do-flamengo-vive-expectativa-de-ser-relacionado-por-filipe-luis\/#primaryimage"},"thumbnailUrl":"https:\/\/www.gaveanews.com\/wp-content\/uploads\/Filipe-Luis-pelo-Flamengo.webp","articleSection":["Flamengo"],"inLanguage":"pt-BR","potentialAction":[{"@type":"CommentAction","name":"Comment","target":["https:\/\/www.gaveanews.com\/index.php\/2025\/09\/11\/craque-do-flamengo-vive-expectativa-de-ser-relacionado-por-filipe-luis\/#respond"]}],"copyrightYear":"2025","copyrightHolder":{"@id":"https:\/\/www.gaveanews.com\/#organization"}},{"@type":"WebPage","@id":"https:\/\/www.gaveanews.com\/index.php\/2025\/09\/11\/craque-do-flamengo-vive-expectativa-de-ser-relacionado-por-filipe-luis\/","url":"https:\/\/www.gaveanews.com\/index.php\/2025\/09\/11\/craque-do-flamengo-vive-expectativa-de-ser-relacionado-por-filipe-luis\/","name":"Craque do Flamengo vive expectativa de ser relacionado por Filipe Lu\u00eds","isPartOf":{"@id":"https:\/\/www.gaveanews.com\/#website"},"primaryImageOfPage":{"@id":"https:\/\/www.gaveanews.com\/index.php\/2025\/09\/11\/craque-do-flamengo-vive-expectativa-de-ser-relacionado-por-filipe-luis\/#primaryimage"},"image":{"@id":"https:\/\/www.gaveanews.com\/index.php\/2025\/09\/11\/craque-do-flamengo-vive-expectativa-de-ser-relacionado-por-filipe-luis\/#primaryimage"},"thumbnailUrl":"https:\/\/www.gaveanews.com\/wp-content\/uploads\/Filipe-Luis-pelo-Flamengo.webp","datePublished":"2025-09-11T21:44:48+00:00","dateModified":"2025-09-11T21:44:53+00:00","author":{"@id":"https:\/\/www.gaveanews.com\/#\/schema\/person\/c88645e3d550d0b6574305e67dd5a716"},"breadcrumb":{"@id":"https:\/\/www.gaveanews.com\/index.php\/2025\/09\/11\/craque-do-flamengo-vive-expectativa-de-ser-relacionado-por-filipe-luis\/#breadcrumb"},"inLanguage":"pt-BR","potentialAction":[{"@type":"ReadAction","target":["https:\/\/www.gaveanews.com\/index.php\/2025\/09\/11\/craque-do-flamengo-vive-expectativa-de-ser-relacionado-por-filipe-luis\/"]}]},{"@type":"ImageObject","inLanguage":"pt-BR","@id":"https:\/\/www.gaveanews.com\/index.php\/2025\/09\/11\/craque-do-flamengo-vive-expectativa-de-ser-relacionado-por-filipe-luis\/#primaryimage","url":"https:\/\/www.gaveanews.com\/wp-content\/uploads\/Filipe-Luis-pelo-Flamengo.webp","contentUrl":"https:\/\/www.gaveanews.com\/wp-content\/uploads\/Filipe-Luis-pelo-Flamengo.webp","width":477,"height":291,"caption":"Filipe Lu\u00eds pelo Flamengo (Fotos: Gilvan de Souza\/Flamengo)"},{"@type":"BreadcrumbList","@id":"https:\/\/www.gaveanews.com\/index.php\/2025\/09\/11\/craque-do-flamengo-vive-expectativa-de-ser-relacionado-por-filipe-luis\/#breadcrumb","itemListElement":[{"@type":"ListItem","position":1,"name":"Home","item":"https:\/\/www.gaveanews.com\/"},{"@type":"ListItem","position":2,"name":"Craque do Flamengo vive expectativa de ser relacionado por Filipe Lu\u00eds"}]},{"@type":"WebSite","@id":"https:\/\/www.gaveanews.com\/#website","url":"https:\/\/www.gaveanews.com\/","name":"G\u00e1vea News","description":"Veja todas as not\u00edcias sobre o Flamengo: Contrata\u00e7\u00f5es, categorias de base, resultados das partidas, tabela de classifica\u00e7\u00e3o, pr\u00f3ximos jogos!","potentialAction":[{"@type":"SearchAction","target":{"@type":"EntryPoint","urlTemplate":"https:\/\/www.gaveanews.com\/?s={search_term_string}"},"query-input":{"@type":"PropertyValueSpecification","valueRequired":true,"valueName":"search_term_string"}}],"inLanguage":"pt-BR"},{"@type":"Person","@id":"https:\/\/www.gaveanews.com\/#\/schema\/person\/c88645e3d550d0b6574305e67dd5a716","name":"Reda\u00e7\u00e3o","image":{"@type":"ImageObject","inLanguage":"pt-BR","@id":"https:\/\/www.gaveanews.com\/#\/schema\/person\/image\/","url":"https:\/\/secure.gravatar.com\/avatar\/434098fd823f0dc1b062d14ca22bacaa6e38de28d8c816bbef6fc2f8c44d8ba3?s=96&d=mm&r=g","contentUrl":"https:\/\/secure.gravatar.com\/avatar\/434098fd823f0dc1b062d14ca22bacaa6e38de28d8c816bbef6fc2f8c44d8ba3?s=96&d=mm&r=g","caption":"Reda\u00e7\u00e3o"}}]}},"_links":{"self":[{"href":"https:\/\/www.gaveanews.com\/index.php\/wp-json\/wp\/v2\/posts\/276309","targetHints":{"allow":["GET"]}}],"collection":[{"href":"https:\/\/www.gaveanews.com\/index.php\/wp-json\/wp\/v2\/posts"}],"about":[{"href":"https:\/\/www.gaveanews.com\/index.php\/wp-json\/wp\/v2\/types\/post"}],"author":[{"embeddable":true,"href":"https:\/\/www.gaveanews.com\/index.php\/wp-json\/wp\/v2\/users\/39"}],"replies":[{"embeddable":true,"href":"https:\/\/www.gaveanews.com\/index.php\/wp-json\/wp\/v2\/comments?post=276309"}],"version-history":[{"count":1,"href":"https:\/\/www.gaveanews.com\/index.php\/wp-json\/wp\/v2\/posts\/276309\/revisions"}],"predecessor-version":[{"id":276314,"href":"https:\/\/www.gaveanews.com\/index.php\/wp-json\/wp\/v2\/posts\/276309\/revisions\/276314"}],"wp:featuredmedia":[{"embeddable":true,"href":"https:\/\/www.gaveanews.com\/index.php\/wp-json\/wp\/v2\/media\/251455"}],"wp:attachment":[{"href":"https:\/\/www.gaveanews.com\/index.php\/wp-json\/wp\/v2\/media?parent=276309"}],"wp:term":[{"taxonomy":"category","embeddable":true,"href":"https:\/\/www.gaveanews.com\/index.php\/wp-json\/wp\/v2\/categories?post=276309"},{"taxonomy":"post_tag","embeddable":true,"href":"https:\/\/www.gaveanews.com\/index.php\/wp-json\/wp\/v2\/tags?post=276309"}],"curies":[{"name":"wp","href":"https:\/\/api.w.org\/{rel}","templated":true}]}}