{"id":276310,"date":"2025-09-11T18:49:29","date_gmt":"2025-09-11T21:49:29","guid":{"rendered":"https:\/\/www.gaveanews.com\/?p=276310"},"modified":"2025-09-11T18:49:33","modified_gmt":"2025-09-11T21:49:33","slug":"novo-visual-de-jorginho-chama-atencao-da-torcida-do-flamengo","status":"publish","type":"post","link":"https:\/\/www.gaveanews.com\/index.php\/2025\/09\/11\/novo-visual-de-jorginho-chama-atencao-da-torcida-do-flamengo\/","title":{"rendered":"Novo visual de Jorginho chama aten\u00e7\u00e3o da torcida do Flamengo"},"content":{"rendered":"\n<p>\u00c0s v\u00e9speras do confronto com o Juventude pela 23\u00aa rodada do Campeonato Brasileiro, o <a href=\"https:\/\/www.gaveanews.com\/index.php\/category\/brasileirao\/flamengo\/\" target=\"_blank\" rel=\"noopener noreferrer\">Flamengo<\/a> lida com incertezas no elenco e intensa movimenta\u00e7\u00e3o nas redes sociais. O jogo est\u00e1 marcado para domingo (14 de setembro), \u00e0s 16 horas (hor\u00e1rio de Bras\u00edlia), no Est\u00e1dio Alfredo Jaconi. O Fla det\u00e9m a lideran\u00e7a da competi\u00e7\u00e3o com 47 pontos, \u00e0 frente de Cruzeiro (44) e <a href=\"https:\/\/www.gaveanews.com\/index.php\/category\/brasileirao\/palmeiras\/\" target=\"_blank\" rel=\"noopener noreferrer\">Palmeiras<\/a> (43), e busca um triunfo para se manter no topo da tabela.<\/p>\n\n\n\n<p>Negrete, figura conhecida entre os atletas rubro-negros, retomou as intera\u00e7\u00f5es com jogadores do clube. Em suas redes, ele publicou registros com diversos integrantes do elenco, o que reacendeu o interesse dos torcedores. Nos \u00faltimos meses, a proximidade entre Negrete e os jogadores tem se tornado cada vez mais evidente, segundo as postagens recentes.<\/p>\n\n\n\n<p>Em uma das publica\u00e7\u00f5es, Negrete surgiu ao lado do volante Jorginho, que tem se destacado. O novo visual do jogador, sem a tradicional barba, chamou a aten\u00e7\u00e3o dos internautas e gerou coment\u00e1rios. Al\u00e9m da mudan\u00e7a est\u00e9tica, a legenda refor\u00e7ou o clima de camaradagem. Entretanto, a repercuss\u00e3o ocorreu em meio a d\u00favidas sobre a condi\u00e7\u00e3o f\u00edsica do atleta.&nbsp;\u201cBom te ver meu mano\u201d, publicou o influenciador.<\/p>\n\n\n\n<figure class=\"wp-block-image size-large\"><img loading=\"lazy\" decoding=\"async\" width=\"1024\" height=\"768\" src=\"http:\/\/www.gaveanews.com\/wp-content\/uploads\/Jorginho-do-Flamengo-e-Negrete-1024x768.png\" alt=\"\" class=\"wp-image-276318\" srcset=\"https:\/\/www.gaveanews.com\/wp-content\/uploads\/Jorginho-do-Flamengo-e-Negrete-1024x768.png 1024w, https:\/\/www.gaveanews.com\/wp-content\/uploads\/Jorginho-do-Flamengo-e-Negrete-300x225.png 300w, https:\/\/www.gaveanews.com\/wp-content\/uploads\/Jorginho-do-Flamengo-e-Negrete-768x576.png 768w, https:\/\/www.gaveanews.com\/wp-content\/uploads\/Jorginho-do-Flamengo-e-Negrete-560x420.png 560w, https:\/\/www.gaveanews.com\/wp-content\/uploads\/Jorginho-do-Flamengo-e-Negrete-1120x840.png 1120w, https:\/\/www.gaveanews.com\/wp-content\/uploads\/Jorginho-do-Flamengo-e-Negrete-80x60.png 80w, https:\/\/www.gaveanews.com\/wp-content\/uploads\/Jorginho-do-Flamengo-e-Negrete-160x120.png 160w, https:\/\/www.gaveanews.com\/wp-content\/uploads\/Jorginho-do-Flamengo-e-Negrete-100x75.png 100w, https:\/\/www.gaveanews.com\/wp-content\/uploads\/Jorginho-do-Flamengo-e-Negrete-200x150.png 200w, https:\/\/www.gaveanews.com\/wp-content\/uploads\/Jorginho-do-Flamengo-e-Negrete-180x135.png 180w, https:\/\/www.gaveanews.com\/wp-content\/uploads\/Jorginho-do-Flamengo-e-Negrete-360x270.png 360w, https:\/\/www.gaveanews.com\/wp-content\/uploads\/Jorginho-do-Flamengo-e-Negrete-238x178.png 238w, https:\/\/www.gaveanews.com\/wp-content\/uploads\/Jorginho-do-Flamengo-e-Negrete-476x356.png 476w, https:\/\/www.gaveanews.com\/wp-content\/uploads\/Jorginho-do-Flamengo-e-Negrete-640x480.png 640w, https:\/\/www.gaveanews.com\/wp-content\/uploads\/Jorginho-do-Flamengo-e-Negrete-681x511.png 681w, https:\/\/www.gaveanews.com\/wp-content\/uploads\/Jorginho-do-Flamengo-e-Negrete.png 1200w\" sizes=\"auto, (max-width: 1024px) 100vw, 1024px\" \/><figcaption class=\"wp-element-caption\">Jorginho, do Flamengo, e Negrete (Foto: Reprodu\u00e7\u00e3o\/Redes Sociais)<\/figcaption><\/figure>\n\n\n\n<p>Na tarde de quarta-feira (10 de setembro), o Flamengo atualizou a situa\u00e7\u00e3o do departamento m\u00e9dico e informou que Jorginho ainda sente dores no m\u00fasculo posterior da coxa esquerda. O volante vinha treinando normalmente desde a sexta-feira anterior, mas tornou-se d\u00favida para enfrentar o Juventude. O mesmo problema o vetou no empate com o Gr\u00eamio. Ainda assim, ele segue em tratamento com o departamento m\u00e9dico.<\/p>\n\n\n\n<p>As incertezas n\u00e3o se limitam a Jorginho. A data Fifa trouxe impactos ao elenco: Varela voltou do Uruguai com quadro de pubalgia e tamb\u00e9m \u00e9 d\u00favida. J\u00e1 Alex Sandro ainda se recupera de les\u00e3o muscular na panturrilha esquerda e iniciou trabalhos em campo com a fisioterapia. Al\u00e9m disso, Arrascaeta se apresentou sem problemas cl\u00ednicos ao retornar ao CT.<\/p>\n\n\n\n<p>Os convocados que estiveram em campo na ter\u00e7a-feira merecem aten\u00e7\u00e3o. Samuel Lino atuou pela sele\u00e7\u00e3o brasileira em altitude de 4.150 metros, na Bol\u00edvia. J\u00e1 Plata e Vi\u00f1a jogaram por Equador e Uruguai, respectivamente, enquanto Carrascal n\u00e3o foi utilizado pela Col\u00f4mbia. Por outro lado, essas movimenta\u00e7\u00f5es ocorreram em meio ao per\u00edodo de reapresenta\u00e7\u00f5es ap\u00f3s os compromissos internacionais.<\/p>\n\n\n\n<p>Por outro lado, Emerson Royal usou a pausa para se recondicionar ap\u00f3s entorse no tornozelo esquerdo sofrida nas oitavas da Libertadores. O lateral j\u00e1 havia retornado aos gramados e, segundo o clube, promete estar 100% nesta retomada. Conforme a cobertura publicada, ele pode ser op\u00e7\u00e3o para a comiss\u00e3o t\u00e9cnica comandada por Filipe Lu\u00eds nesta sequ\u00eancia.<\/p>\n\n\n\n<p>O Flamengo volta a campo no domingo (14 de setembro), \u00e0s 16 horas (hor\u00e1rio de Bras\u00edlia), contra o Juventude, pela 23\u00aa rodada do Brasileiro, no Est\u00e1dio Alfredo Jaconi. Com 47 pontos, o clube lidera a competi\u00e7\u00e3o; Cruzeiro e Palmeiras aparecem em seguida, com 44 e 43 pontos, respectivamente. N\u00e3o h\u00e1 informa\u00e7\u00e3o confirmada nas fontes dispon\u00edveis sobre a escala\u00e7\u00e3o.<\/p>\n","protected":false},"excerpt":{"rendered":"<p>\u00c0s v\u00e9speras do confronto com o Juventude pela 23\u00aa rodada do Campeonato Brasileiro, o Flamengo lida com incertezas no elenco e intensa movimenta\u00e7\u00e3o nas redes sociais. O jogo est\u00e1 marcado para domingo (14 de setembro), \u00e0s 16 horas (hor\u00e1rio de Bras\u00edlia), no Est\u00e1dio Alfredo Jaconi. O Fla det\u00e9m a lideran\u00e7a da competi\u00e7\u00e3o com 47 pontos, [&hellip;]<\/p>\n","protected":false},"author":39,"featured_media":272380,"comment_status":"open","ping_status":"closed","sticky":false,"template":"","format":"standard","meta":{"footnotes":""},"categories":[1],"tags":[],"class_list":["post-276310","post","type-post","status-publish","format-standard","has-post-thumbnail","hentry","category-flamengo"],"yoast_head":"<!-- This site is optimized with the Yoast SEO Premium plugin v24.2 (Yoast SEO v26.9) - https:\/\/yoast.com\/product\/yoast-seo-premium-wordpress\/ -->\n<title>Novo visual de Jorginho chama aten\u00e7\u00e3o da torcida do Flamengo<\/title>\n<meta name=\"robots\" content=\"index, follow, max-snippet:-1, max-image-preview:large, max-video-preview:-1\" \/>\n<link rel=\"canonical\" href=\"https:\/\/www.gaveanews.com\/index.php\/2025\/09\/11\/novo-visual-de-jorginho-chama-atencao-da-torcida-do-flamengo\/\" \/>\n<meta property=\"og:locale\" content=\"pt_BR\" \/>\n<meta property=\"og:type\" content=\"article\" \/>\n<meta property=\"og:title\" content=\"Novo visual de Jorginho chama aten\u00e7\u00e3o da torcida do Flamengo\" \/>\n<meta property=\"og:description\" content=\"\u00c0s v\u00e9speras do confronto com o Juventude pela 23\u00aa rodada do Campeonato Brasileiro, o Flamengo lida com incertezas no elenco e intensa movimenta\u00e7\u00e3o nas redes sociais. O jogo est\u00e1 marcado para domingo (14 de setembro), \u00e0s 16 horas (hor\u00e1rio de Bras\u00edlia), no Est\u00e1dio Alfredo Jaconi. O Fla det\u00e9m a lideran\u00e7a da competi\u00e7\u00e3o com 47 pontos, [&hellip;]\" \/>\n<meta property=\"og:url\" content=\"https:\/\/www.gaveanews.com\/index.php\/2025\/09\/11\/novo-visual-de-jorginho-chama-atencao-da-torcida-do-flamengo\/\" \/>\n<meta property=\"og:site_name\" content=\"G\u00e1vea News\" \/>\n<meta property=\"article:publisher\" content=\"https:\/\/facebook.com\/gaveaNews\/\" \/>\n<meta property=\"article:published_time\" content=\"2025-09-11T21:49:29+00:00\" \/>\n<meta property=\"article:modified_time\" content=\"2025-09-11T21:49:33+00:00\" \/>\n<meta property=\"og:image\" content=\"http:\/\/www.gaveanews.com\/wp-content\/uploads\/Jorginho-em-acao-pelo-Flamengo.png\" \/>\n\t<meta property=\"og:image:width\" content=\"1200\" \/>\n\t<meta property=\"og:image:height\" content=\"900\" \/>\n\t<meta property=\"og:image:type\" content=\"image\/png\" \/>\n<meta name=\"author\" content=\"Reda\u00e7\u00e3o\" \/>\n<meta name=\"twitter:card\" content=\"summary_large_image\" \/>\n<meta name=\"twitter:label1\" content=\"Escrito por\" \/>\n\t<meta name=\"twitter:data1\" content=\"Reda\u00e7\u00e3o\" \/>\n\t<meta name=\"twitter:label2\" content=\"Est. tempo de leitura\" \/>\n\t<meta name=\"twitter:data2\" content=\"4 minutos\" \/>\n<script type=\"application\/ld+json\" class=\"yoast-schema-graph\">{\"@context\":\"https:\/\/schema.org\",\"@graph\":[{\"@type\":\"NewsArticle\",\"@id\":\"https:\/\/www.gaveanews.com\/index.php\/2025\/09\/11\/novo-visual-de-jorginho-chama-atencao-da-torcida-do-flamengo\/#article\",\"isPartOf\":{\"@id\":\"https:\/\/www.gaveanews.com\/index.php\/2025\/09\/11\/novo-visual-de-jorginho-chama-atencao-da-torcida-do-flamengo\/\"},\"author\":{\"name\":\"Reda\u00e7\u00e3o\",\"@id\":\"https:\/\/www.gaveanews.com\/#\/schema\/person\/c88645e3d550d0b6574305e67dd5a716\"},\"headline\":\"Novo visual de Jorginho chama aten\u00e7\u00e3o da torcida do Flamengo\",\"datePublished\":\"2025-09-11T21:49:29+00:00\",\"dateModified\":\"2025-09-11T21:49:33+00:00\",\"mainEntityOfPage\":{\"@id\":\"https:\/\/www.gaveanews.com\/index.php\/2025\/09\/11\/novo-visual-de-jorginho-chama-atencao-da-torcida-do-flamengo\/\"},\"wordCount\":545,\"commentCount\":0,\"image\":{\"@id\":\"https:\/\/www.gaveanews.com\/index.php\/2025\/09\/11\/novo-visual-de-jorginho-chama-atencao-da-torcida-do-flamengo\/#primaryimage\"},\"thumbnailUrl\":\"https:\/\/www.gaveanews.com\/wp-content\/uploads\/Jorginho-em-acao-pelo-Flamengo.png\",\"articleSection\":[\"Flamengo\"],\"inLanguage\":\"pt-BR\",\"potentialAction\":[{\"@type\":\"CommentAction\",\"name\":\"Comment\",\"target\":[\"https:\/\/www.gaveanews.com\/index.php\/2025\/09\/11\/novo-visual-de-jorginho-chama-atencao-da-torcida-do-flamengo\/#respond\"]}],\"copyrightYear\":\"2025\",\"copyrightHolder\":{\"@id\":\"https:\/\/www.gaveanews.com\/#organization\"}},{\"@type\":\"WebPage\",\"@id\":\"https:\/\/www.gaveanews.com\/index.php\/2025\/09\/11\/novo-visual-de-jorginho-chama-atencao-da-torcida-do-flamengo\/\",\"url\":\"https:\/\/www.gaveanews.com\/index.php\/2025\/09\/11\/novo-visual-de-jorginho-chama-atencao-da-torcida-do-flamengo\/\",\"name\":\"Novo visual de Jorginho chama aten\u00e7\u00e3o da torcida do Flamengo\",\"isPartOf\":{\"@id\":\"https:\/\/www.gaveanews.com\/#website\"},\"primaryImageOfPage\":{\"@id\":\"https:\/\/www.gaveanews.com\/index.php\/2025\/09\/11\/novo-visual-de-jorginho-chama-atencao-da-torcida-do-flamengo\/#primaryimage\"},\"image\":{\"@id\":\"https:\/\/www.gaveanews.com\/index.php\/2025\/09\/11\/novo-visual-de-jorginho-chama-atencao-da-torcida-do-flamengo\/#primaryimage\"},\"thumbnailUrl\":\"https:\/\/www.gaveanews.com\/wp-content\/uploads\/Jorginho-em-acao-pelo-Flamengo.png\",\"datePublished\":\"2025-09-11T21:49:29+00:00\",\"dateModified\":\"2025-09-11T21:49:33+00:00\",\"author\":{\"@id\":\"https:\/\/www.gaveanews.com\/#\/schema\/person\/c88645e3d550d0b6574305e67dd5a716\"},\"breadcrumb\":{\"@id\":\"https:\/\/www.gaveanews.com\/index.php\/2025\/09\/11\/novo-visual-de-jorginho-chama-atencao-da-torcida-do-flamengo\/#breadcrumb\"},\"inLanguage\":\"pt-BR\",\"potentialAction\":[{\"@type\":\"ReadAction\",\"target\":[\"https:\/\/www.gaveanews.com\/index.php\/2025\/09\/11\/novo-visual-de-jorginho-chama-atencao-da-torcida-do-flamengo\/\"]}]},{\"@type\":\"ImageObject\",\"inLanguage\":\"pt-BR\",\"@id\":\"https:\/\/www.gaveanews.com\/index.php\/2025\/09\/11\/novo-visual-de-jorginho-chama-atencao-da-torcida-do-flamengo\/#primaryimage\",\"url\":\"https:\/\/www.gaveanews.com\/wp-content\/uploads\/Jorginho-em-acao-pelo-Flamengo.png\",\"contentUrl\":\"https:\/\/www.gaveanews.com\/wp-content\/uploads\/Jorginho-em-acao-pelo-Flamengo.png\",\"width\":1200,\"height\":900,\"caption\":\"Jorginho em a\u00e7\u00e3o pelo Flamengo (Foto: Gilvan de Souza\/Flamengo)\"},{\"@type\":\"BreadcrumbList\",\"@id\":\"https:\/\/www.gaveanews.com\/index.php\/2025\/09\/11\/novo-visual-de-jorginho-chama-atencao-da-torcida-do-flamengo\/#breadcrumb\",\"itemListElement\":[{\"@type\":\"ListItem\",\"position\":1,\"name\":\"Home\",\"item\":\"https:\/\/www.gaveanews.com\/\"},{\"@type\":\"ListItem\",\"position\":2,\"name\":\"Novo visual de Jorginho chama aten\u00e7\u00e3o da torcida do Flamengo\"}]},{\"@type\":\"WebSite\",\"@id\":\"https:\/\/www.gaveanews.com\/#website\",\"url\":\"https:\/\/www.gaveanews.com\/\",\"name\":\"G\u00e1vea News\",\"description\":\"Veja todas as not\u00edcias sobre o Flamengo: Contrata\u00e7\u00f5es, categorias de base, resultados das partidas, tabela de classifica\u00e7\u00e3o, pr\u00f3ximos jogos!\",\"potentialAction\":[{\"@type\":\"SearchAction\",\"target\":{\"@type\":\"EntryPoint\",\"urlTemplate\":\"https:\/\/www.gaveanews.com\/?s={search_term_string}\"},\"query-input\":{\"@type\":\"PropertyValueSpecification\",\"valueRequired\":true,\"valueName\":\"search_term_string\"}}],\"inLanguage\":\"pt-BR\"},{\"@type\":\"Person\",\"@id\":\"https:\/\/www.gaveanews.com\/#\/schema\/person\/c88645e3d550d0b6574305e67dd5a716\",\"name\":\"Reda\u00e7\u00e3o\",\"image\":{\"@type\":\"ImageObject\",\"inLanguage\":\"pt-BR\",\"@id\":\"https:\/\/www.gaveanews.com\/#\/schema\/person\/image\/\",\"url\":\"https:\/\/secure.gravatar.com\/avatar\/434098fd823f0dc1b062d14ca22bacaa6e38de28d8c816bbef6fc2f8c44d8ba3?s=96&d=mm&r=g\",\"contentUrl\":\"https:\/\/secure.gravatar.com\/avatar\/434098fd823f0dc1b062d14ca22bacaa6e38de28d8c816bbef6fc2f8c44d8ba3?s=96&d=mm&r=g\",\"caption\":\"Reda\u00e7\u00e3o\"}}]}<\/script>\n<!-- \/ Yoast SEO Premium plugin. -->","yoast_head_json":{"title":"Novo visual de Jorginho chama aten\u00e7\u00e3o da torcida do Flamengo","robots":{"index":"index","follow":"follow","max-snippet":"max-snippet:-1","max-image-preview":"max-image-preview:large","max-video-preview":"max-video-preview:-1"},"canonical":"https:\/\/www.gaveanews.com\/index.php\/2025\/09\/11\/novo-visual-de-jorginho-chama-atencao-da-torcida-do-flamengo\/","og_locale":"pt_BR","og_type":"article","og_title":"Novo visual de Jorginho chama aten\u00e7\u00e3o da torcida do Flamengo","og_description":"\u00c0s v\u00e9speras do confronto com o Juventude pela 23\u00aa rodada do Campeonato Brasileiro, o Flamengo lida com incertezas no elenco e intensa movimenta\u00e7\u00e3o nas redes sociais. O jogo est\u00e1 marcado para domingo (14 de setembro), \u00e0s 16 horas (hor\u00e1rio de Bras\u00edlia), no Est\u00e1dio Alfredo Jaconi. O Fla det\u00e9m a lideran\u00e7a da competi\u00e7\u00e3o com 47 pontos, [&hellip;]","og_url":"https:\/\/www.gaveanews.com\/index.php\/2025\/09\/11\/novo-visual-de-jorginho-chama-atencao-da-torcida-do-flamengo\/","og_site_name":"G\u00e1vea News","article_publisher":"https:\/\/facebook.com\/gaveaNews\/","article_published_time":"2025-09-11T21:49:29+00:00","article_modified_time":"2025-09-11T21:49:33+00:00","og_image":[{"width":1200,"height":900,"url":"http:\/\/www.gaveanews.com\/wp-content\/uploads\/Jorginho-em-acao-pelo-Flamengo.png","type":"image\/png"}],"author":"Reda\u00e7\u00e3o","twitter_card":"summary_large_image","twitter_misc":{"Escrito por":"Reda\u00e7\u00e3o","Est. tempo de leitura":"4 minutos"},"schema":{"@context":"https:\/\/schema.org","@graph":[{"@type":"NewsArticle","@id":"https:\/\/www.gaveanews.com\/index.php\/2025\/09\/11\/novo-visual-de-jorginho-chama-atencao-da-torcida-do-flamengo\/#article","isPartOf":{"@id":"https:\/\/www.gaveanews.com\/index.php\/2025\/09\/11\/novo-visual-de-jorginho-chama-atencao-da-torcida-do-flamengo\/"},"author":{"name":"Reda\u00e7\u00e3o","@id":"https:\/\/www.gaveanews.com\/#\/schema\/person\/c88645e3d550d0b6574305e67dd5a716"},"headline":"Novo visual de Jorginho chama aten\u00e7\u00e3o da torcida do Flamengo","datePublished":"2025-09-11T21:49:29+00:00","dateModified":"2025-09-11T21:49:33+00:00","mainEntityOfPage":{"@id":"https:\/\/www.gaveanews.com\/index.php\/2025\/09\/11\/novo-visual-de-jorginho-chama-atencao-da-torcida-do-flamengo\/"},"wordCount":545,"commentCount":0,"image":{"@id":"https:\/\/www.gaveanews.com\/index.php\/2025\/09\/11\/novo-visual-de-jorginho-chama-atencao-da-torcida-do-flamengo\/#primaryimage"},"thumbnailUrl":"https:\/\/www.gaveanews.com\/wp-content\/uploads\/Jorginho-em-acao-pelo-Flamengo.png","articleSection":["Flamengo"],"inLanguage":"pt-BR","potentialAction":[{"@type":"CommentAction","name":"Comment","target":["https:\/\/www.gaveanews.com\/index.php\/2025\/09\/11\/novo-visual-de-jorginho-chama-atencao-da-torcida-do-flamengo\/#respond"]}],"copyrightYear":"2025","copyrightHolder":{"@id":"https:\/\/www.gaveanews.com\/#organization"}},{"@type":"WebPage","@id":"https:\/\/www.gaveanews.com\/index.php\/2025\/09\/11\/novo-visual-de-jorginho-chama-atencao-da-torcida-do-flamengo\/","url":"https:\/\/www.gaveanews.com\/index.php\/2025\/09\/11\/novo-visual-de-jorginho-chama-atencao-da-torcida-do-flamengo\/","name":"Novo visual de Jorginho chama aten\u00e7\u00e3o da torcida do Flamengo","isPartOf":{"@id":"https:\/\/www.gaveanews.com\/#website"},"primaryImageOfPage":{"@id":"https:\/\/www.gaveanews.com\/index.php\/2025\/09\/11\/novo-visual-de-jorginho-chama-atencao-da-torcida-do-flamengo\/#primaryimage"},"image":{"@id":"https:\/\/www.gaveanews.com\/index.php\/2025\/09\/11\/novo-visual-de-jorginho-chama-atencao-da-torcida-do-flamengo\/#primaryimage"},"thumbnailUrl":"https:\/\/www.gaveanews.com\/wp-content\/uploads\/Jorginho-em-acao-pelo-Flamengo.png","datePublished":"2025-09-11T21:49:29+00:00","dateModified":"2025-09-11T21:49:33+00:00","author":{"@id":"https:\/\/www.gaveanews.com\/#\/schema\/person\/c88645e3d550d0b6574305e67dd5a716"},"breadcrumb":{"@id":"https:\/\/www.gaveanews.com\/index.php\/2025\/09\/11\/novo-visual-de-jorginho-chama-atencao-da-torcida-do-flamengo\/#breadcrumb"},"inLanguage":"pt-BR","potentialAction":[{"@type":"ReadAction","target":["https:\/\/www.gaveanews.com\/index.php\/2025\/09\/11\/novo-visual-de-jorginho-chama-atencao-da-torcida-do-flamengo\/"]}]},{"@type":"ImageObject","inLanguage":"pt-BR","@id":"https:\/\/www.gaveanews.com\/index.php\/2025\/09\/11\/novo-visual-de-jorginho-chama-atencao-da-torcida-do-flamengo\/#primaryimage","url":"https:\/\/www.gaveanews.com\/wp-content\/uploads\/Jorginho-em-acao-pelo-Flamengo.png","contentUrl":"https:\/\/www.gaveanews.com\/wp-content\/uploads\/Jorginho-em-acao-pelo-Flamengo.png","width":1200,"height":900,"caption":"Jorginho em a\u00e7\u00e3o pelo Flamengo (Foto: Gilvan de Souza\/Flamengo)"},{"@type":"BreadcrumbList","@id":"https:\/\/www.gaveanews.com\/index.php\/2025\/09\/11\/novo-visual-de-jorginho-chama-atencao-da-torcida-do-flamengo\/#breadcrumb","itemListElement":[{"@type":"ListItem","position":1,"name":"Home","item":"https:\/\/www.gaveanews.com\/"},{"@type":"ListItem","position":2,"name":"Novo visual de Jorginho chama aten\u00e7\u00e3o da torcida do Flamengo"}]},{"@type":"WebSite","@id":"https:\/\/www.gaveanews.com\/#website","url":"https:\/\/www.gaveanews.com\/","name":"G\u00e1vea News","description":"Veja todas as not\u00edcias sobre o Flamengo: Contrata\u00e7\u00f5es, categorias de base, resultados das partidas, tabela de classifica\u00e7\u00e3o, pr\u00f3ximos jogos!","potentialAction":[{"@type":"SearchAction","target":{"@type":"EntryPoint","urlTemplate":"https:\/\/www.gaveanews.com\/?s={search_term_string}"},"query-input":{"@type":"PropertyValueSpecification","valueRequired":true,"valueName":"search_term_string"}}],"inLanguage":"pt-BR"},{"@type":"Person","@id":"https:\/\/www.gaveanews.com\/#\/schema\/person\/c88645e3d550d0b6574305e67dd5a716","name":"Reda\u00e7\u00e3o","image":{"@type":"ImageObject","inLanguage":"pt-BR","@id":"https:\/\/www.gaveanews.com\/#\/schema\/person\/image\/","url":"https:\/\/secure.gravatar.com\/avatar\/434098fd823f0dc1b062d14ca22bacaa6e38de28d8c816bbef6fc2f8c44d8ba3?s=96&d=mm&r=g","contentUrl":"https:\/\/secure.gravatar.com\/avatar\/434098fd823f0dc1b062d14ca22bacaa6e38de28d8c816bbef6fc2f8c44d8ba3?s=96&d=mm&r=g","caption":"Reda\u00e7\u00e3o"}}]}},"_links":{"self":[{"href":"https:\/\/www.gaveanews.com\/index.php\/wp-json\/wp\/v2\/posts\/276310","targetHints":{"allow":["GET"]}}],"collection":[{"href":"https:\/\/www.gaveanews.com\/index.php\/wp-json\/wp\/v2\/posts"}],"about":[{"href":"https:\/\/www.gaveanews.com\/index.php\/wp-json\/wp\/v2\/types\/post"}],"author":[{"embeddable":true,"href":"https:\/\/www.gaveanews.com\/index.php\/wp-json\/wp\/v2\/users\/39"}],"replies":[{"embeddable":true,"href":"https:\/\/www.gaveanews.com\/index.php\/wp-json\/wp\/v2\/comments?post=276310"}],"version-history":[{"count":2,"href":"https:\/\/www.gaveanews.com\/index.php\/wp-json\/wp\/v2\/posts\/276310\/revisions"}],"predecessor-version":[{"id":276336,"href":"https:\/\/www.gaveanews.com\/index.php\/wp-json\/wp\/v2\/posts\/276310\/revisions\/276336"}],"wp:featuredmedia":[{"embeddable":true,"href":"https:\/\/www.gaveanews.com\/index.php\/wp-json\/wp\/v2\/media\/272380"}],"wp:attachment":[{"href":"https:\/\/www.gaveanews.com\/index.php\/wp-json\/wp\/v2\/media?parent=276310"}],"wp:term":[{"taxonomy":"category","embeddable":true,"href":"https:\/\/www.gaveanews.com\/index.php\/wp-json\/wp\/v2\/categories?post=276310"},{"taxonomy":"post_tag","embeddable":true,"href":"https:\/\/www.gaveanews.com\/index.php\/wp-json\/wp\/v2\/tags?post=276310"}],"curies":[{"name":"wp","href":"https:\/\/api.w.org\/{rel}","templated":true}]}}