{"id":276316,"date":"2025-09-11T19:05:24","date_gmt":"2025-09-11T22:05:24","guid":{"rendered":"https:\/\/www.gaveanews.com\/?p=276316"},"modified":"2025-09-11T19:05:30","modified_gmt":"2025-09-11T22:05:30","slug":"treino-do-flamengo-e-marcado-por-novidades","status":"publish","type":"post","link":"https:\/\/www.gaveanews.com\/index.php\/2025\/09\/11\/treino-do-flamengo-e-marcado-por-novidades\/","title":{"rendered":"Treino do Flamengo \u00e9 marcado por novidades"},"content":{"rendered":"<p>Ap\u00f3s o fim da Data Fifa de setembro, o <a href=\"https:\/\/www.gaveanews.com\/index.php\/category\/brasileirao\/flamengo\/\" target=\"_blank\" rel=\"noopener noreferrer\">Flamengo<\/a> retomou a prepara\u00e7\u00e3o no Ninho do Urubu para encarar o Juventude, domingo (14), \u00e0s 16 horas (hor\u00e1rio de Bras\u00edlia), no Alfredo Jaconi, em Caxias do Sul. O duelo vale pela 23\u00aa rodada do Brasileir\u00e3o. Atualmente, o Rubro-Negro lidera com 47 pontos; o Cruzeiro aparece com 44, enquanto o <a href=\"https:\/\/www.gaveanews.com\/index.php\/category\/brasileirao\/palmeiras\/\" target=\"_blank\" rel=\"noopener noreferrer\">Palmeiras<\/a> soma 43 e \u00e9 o terceiro colocado.<\/p>\n<p>J\u00e1 nesta quinta-feira (11), Filipe Lu\u00eds contou com quatro refor\u00e7os no treino. Jorge Carrascal, Gonzalo Plata, Samuel Lino e Mat\u00edas Vi\u00f1a se reapresentaram ap\u00f3s defenderem suas sele\u00e7\u00f5es e participaram das atividades no Ninho do Urubu. Assim, o Flamengo ficou com o elenco quase completo para a partida em Caxias do Sul.<\/p>\n<p>Por outro lado, quatro atletas n\u00e3o trabalharam com o grupo. Erick Pulgar, em recupera\u00e7\u00e3o de fratura no p\u00e9 direito, est\u00e1 fora do confronto. J\u00e1 Guillermo Varela, Alex Sandro e Jorginho ser\u00e3o avaliados at\u00e9 s\u00e1bado (13), mas dificilmente viajam com a delega\u00e7\u00e3o para o Sul, segundo o ge. A situa\u00e7\u00e3o ser\u00e1 definida a partir dos exames e observa\u00e7\u00f5es m\u00e9dicas.<\/p>\n<p>Em recupera\u00e7\u00e3o de les\u00e3o na panturrilha esquerda, Alex Sandro realiza trabalhos com a fisioterapia. Varela voltou da sele\u00e7\u00e3o uruguaia com quadro de pubalgia. Al\u00e9m disso, Jorginho treinou com o grupo na reapresenta\u00e7\u00e3o do elenco, mas sente dores no m\u00fasculo posterior da coxa esquerda e trata com os m\u00e9dicos.<\/p>\n<p>Entre os que retornaram nesta quinta-feira (11), Carrascal foi o \u00fanico que n\u00e3o entrou em campo durante a Data Fifa. Ele ficou no banco nos dois jogos da Col\u00f4mbia. J\u00e1 Vi\u00f1a, Plata e Samuel Lino come\u00e7aram entre os titulares no segundo compromisso de suas sele\u00e7\u00f5es, de acordo com as informa\u00e7\u00f5es publicadas.<\/p>\n<p>J\u00e1 Arrascaeta e Varela foram titulares no primeiro jogo do Uruguai. A dupla foi liberada antes da segunda partida e se reapresentou ao Flamengo na quarta-feira (10). No momento, Varela est\u00e1 entregue ao departamento m\u00e9dico do clube por causa da pubalgia relatada ap\u00f3s o duelo contra o Peru, na quinta-feira (04).<\/p>\n<p>Por fim, Plata, Carrascal, Vi\u00f1a e Samuel Lino ainda estavam \u00e0 disposi\u00e7\u00e3o de suas sele\u00e7\u00f5es na ter\u00e7a-feira (09). Assim, desfalcaram a reapresenta\u00e7\u00e3o de quarta-feira (10) no Ninho do Urubu e s\u00f3 se juntaram ao grupo na quinta-feira (11). O Flamengo foi descrito como o time brasileiro que mais teve jogadores convocados nesta Data Fifa de setembro.<\/p>\n","protected":false},"excerpt":{"rendered":"<p>Ap\u00f3s o fim da Data Fifa de setembro, o Flamengo retomou a prepara\u00e7\u00e3o no Ninho do Urubu para encarar o Juventude, domingo (14), \u00e0s 16 horas (hor\u00e1rio de Bras\u00edlia), no Alfredo Jaconi, em Caxias do Sul. O duelo vale pela 23\u00aa rodada do Brasileir\u00e3o. Atualmente, o Rubro-Negro lidera com 47 pontos; o Cruzeiro aparece com [&hellip;]<\/p>\n","protected":false},"author":39,"featured_media":276324,"comment_status":"open","ping_status":"closed","sticky":false,"template":"","format":"standard","meta":{"footnotes":""},"categories":[1],"tags":[],"class_list":["post-276316","post","type-post","status-publish","format-standard","has-post-thumbnail","hentry","category-flamengo"],"yoast_head":"<!-- This site is optimized with the Yoast SEO Premium plugin v24.2 (Yoast SEO v26.9) - https:\/\/yoast.com\/product\/yoast-seo-premium-wordpress\/ -->\n<title>Treino do Flamengo \u00e9 marcado por novidades<\/title>\n<meta name=\"robots\" content=\"index, follow, max-snippet:-1, max-image-preview:large, max-video-preview:-1\" \/>\n<link rel=\"canonical\" href=\"https:\/\/www.gaveanews.com\/index.php\/2025\/09\/11\/treino-do-flamengo-e-marcado-por-novidades\/\" \/>\n<meta property=\"og:locale\" content=\"pt_BR\" \/>\n<meta property=\"og:type\" content=\"article\" \/>\n<meta property=\"og:title\" content=\"Treino do Flamengo \u00e9 marcado por novidades\" \/>\n<meta property=\"og:description\" content=\"Ap\u00f3s o fim da Data Fifa de setembro, o Flamengo retomou a prepara\u00e7\u00e3o no Ninho do Urubu para encarar o Juventude, domingo (14), \u00e0s 16 horas (hor\u00e1rio de Bras\u00edlia), no Alfredo Jaconi, em Caxias do Sul. O duelo vale pela 23\u00aa rodada do Brasileir\u00e3o. Atualmente, o Rubro-Negro lidera com 47 pontos; o Cruzeiro aparece com [&hellip;]\" \/>\n<meta property=\"og:url\" content=\"https:\/\/www.gaveanews.com\/index.php\/2025\/09\/11\/treino-do-flamengo-e-marcado-por-novidades\/\" \/>\n<meta property=\"og:site_name\" content=\"G\u00e1vea News\" \/>\n<meta property=\"article:publisher\" content=\"https:\/\/facebook.com\/gaveaNews\/\" \/>\n<meta property=\"article:published_time\" content=\"2025-09-11T22:05:24+00:00\" \/>\n<meta property=\"article:modified_time\" content=\"2025-09-11T22:05:30+00:00\" \/>\n<meta property=\"og:image\" content=\"http:\/\/www.gaveanews.com\/wp-content\/uploads\/treino-do-Flamengo.png\" \/>\n\t<meta property=\"og:image:width\" content=\"1200\" \/>\n\t<meta property=\"og:image:height\" content=\"900\" \/>\n\t<meta property=\"og:image:type\" content=\"image\/png\" \/>\n<meta name=\"author\" content=\"Reda\u00e7\u00e3o\" \/>\n<meta name=\"twitter:card\" content=\"summary_large_image\" \/>\n<meta name=\"twitter:label1\" content=\"Escrito por\" \/>\n\t<meta name=\"twitter:data1\" content=\"Reda\u00e7\u00e3o\" \/>\n\t<meta name=\"twitter:label2\" content=\"Est. tempo de leitura\" \/>\n\t<meta name=\"twitter:data2\" content=\"3 minutos\" \/>\n<script type=\"application\/ld+json\" class=\"yoast-schema-graph\">{\"@context\":\"https:\/\/schema.org\",\"@graph\":[{\"@type\":\"NewsArticle\",\"@id\":\"https:\/\/www.gaveanews.com\/index.php\/2025\/09\/11\/treino-do-flamengo-e-marcado-por-novidades\/#article\",\"isPartOf\":{\"@id\":\"https:\/\/www.gaveanews.com\/index.php\/2025\/09\/11\/treino-do-flamengo-e-marcado-por-novidades\/\"},\"author\":{\"name\":\"Reda\u00e7\u00e3o\",\"@id\":\"https:\/\/www.gaveanews.com\/#\/schema\/person\/c88645e3d550d0b6574305e67dd5a716\"},\"headline\":\"Treino do Flamengo \u00e9 marcado por novidades\",\"datePublished\":\"2025-09-11T22:05:24+00:00\",\"dateModified\":\"2025-09-11T22:05:30+00:00\",\"mainEntityOfPage\":{\"@id\":\"https:\/\/www.gaveanews.com\/index.php\/2025\/09\/11\/treino-do-flamengo-e-marcado-por-novidades\/\"},\"wordCount\":410,\"commentCount\":0,\"image\":{\"@id\":\"https:\/\/www.gaveanews.com\/index.php\/2025\/09\/11\/treino-do-flamengo-e-marcado-por-novidades\/#primaryimage\"},\"thumbnailUrl\":\"https:\/\/www.gaveanews.com\/wp-content\/uploads\/treino-do-Flamengo.png\",\"articleSection\":[\"Flamengo\"],\"inLanguage\":\"pt-BR\",\"potentialAction\":[{\"@type\":\"CommentAction\",\"name\":\"Comment\",\"target\":[\"https:\/\/www.gaveanews.com\/index.php\/2025\/09\/11\/treino-do-flamengo-e-marcado-por-novidades\/#respond\"]}],\"copyrightYear\":\"2025\",\"copyrightHolder\":{\"@id\":\"https:\/\/www.gaveanews.com\/#organization\"}},{\"@type\":\"WebPage\",\"@id\":\"https:\/\/www.gaveanews.com\/index.php\/2025\/09\/11\/treino-do-flamengo-e-marcado-por-novidades\/\",\"url\":\"https:\/\/www.gaveanews.com\/index.php\/2025\/09\/11\/treino-do-flamengo-e-marcado-por-novidades\/\",\"name\":\"Treino do Flamengo \u00e9 marcado por novidades\",\"isPartOf\":{\"@id\":\"https:\/\/www.gaveanews.com\/#website\"},\"primaryImageOfPage\":{\"@id\":\"https:\/\/www.gaveanews.com\/index.php\/2025\/09\/11\/treino-do-flamengo-e-marcado-por-novidades\/#primaryimage\"},\"image\":{\"@id\":\"https:\/\/www.gaveanews.com\/index.php\/2025\/09\/11\/treino-do-flamengo-e-marcado-por-novidades\/#primaryimage\"},\"thumbnailUrl\":\"https:\/\/www.gaveanews.com\/wp-content\/uploads\/treino-do-Flamengo.png\",\"datePublished\":\"2025-09-11T22:05:24+00:00\",\"dateModified\":\"2025-09-11T22:05:30+00:00\",\"author\":{\"@id\":\"https:\/\/www.gaveanews.com\/#\/schema\/person\/c88645e3d550d0b6574305e67dd5a716\"},\"breadcrumb\":{\"@id\":\"https:\/\/www.gaveanews.com\/index.php\/2025\/09\/11\/treino-do-flamengo-e-marcado-por-novidades\/#breadcrumb\"},\"inLanguage\":\"pt-BR\",\"potentialAction\":[{\"@type\":\"ReadAction\",\"target\":[\"https:\/\/www.gaveanews.com\/index.php\/2025\/09\/11\/treino-do-flamengo-e-marcado-por-novidades\/\"]}]},{\"@type\":\"ImageObject\",\"inLanguage\":\"pt-BR\",\"@id\":\"https:\/\/www.gaveanews.com\/index.php\/2025\/09\/11\/treino-do-flamengo-e-marcado-por-novidades\/#primaryimage\",\"url\":\"https:\/\/www.gaveanews.com\/wp-content\/uploads\/treino-do-Flamengo.png\",\"contentUrl\":\"https:\/\/www.gaveanews.com\/wp-content\/uploads\/treino-do-Flamengo.png\",\"width\":1200,\"height\":900,\"caption\":\"treino do Flamengo (Fotos: Gilvan de Souza\/Flamengo)\"},{\"@type\":\"BreadcrumbList\",\"@id\":\"https:\/\/www.gaveanews.com\/index.php\/2025\/09\/11\/treino-do-flamengo-e-marcado-por-novidades\/#breadcrumb\",\"itemListElement\":[{\"@type\":\"ListItem\",\"position\":1,\"name\":\"Home\",\"item\":\"https:\/\/www.gaveanews.com\/\"},{\"@type\":\"ListItem\",\"position\":2,\"name\":\"Treino do Flamengo \u00e9 marcado por novidades\"}]},{\"@type\":\"WebSite\",\"@id\":\"https:\/\/www.gaveanews.com\/#website\",\"url\":\"https:\/\/www.gaveanews.com\/\",\"name\":\"G\u00e1vea News\",\"description\":\"Veja todas as not\u00edcias sobre o Flamengo: Contrata\u00e7\u00f5es, categorias de base, resultados das partidas, tabela de classifica\u00e7\u00e3o, pr\u00f3ximos jogos!\",\"potentialAction\":[{\"@type\":\"SearchAction\",\"target\":{\"@type\":\"EntryPoint\",\"urlTemplate\":\"https:\/\/www.gaveanews.com\/?s={search_term_string}\"},\"query-input\":{\"@type\":\"PropertyValueSpecification\",\"valueRequired\":true,\"valueName\":\"search_term_string\"}}],\"inLanguage\":\"pt-BR\"},{\"@type\":\"Person\",\"@id\":\"https:\/\/www.gaveanews.com\/#\/schema\/person\/c88645e3d550d0b6574305e67dd5a716\",\"name\":\"Reda\u00e7\u00e3o\",\"image\":{\"@type\":\"ImageObject\",\"inLanguage\":\"pt-BR\",\"@id\":\"https:\/\/www.gaveanews.com\/#\/schema\/person\/image\/\",\"url\":\"https:\/\/secure.gravatar.com\/avatar\/434098fd823f0dc1b062d14ca22bacaa6e38de28d8c816bbef6fc2f8c44d8ba3?s=96&d=mm&r=g\",\"contentUrl\":\"https:\/\/secure.gravatar.com\/avatar\/434098fd823f0dc1b062d14ca22bacaa6e38de28d8c816bbef6fc2f8c44d8ba3?s=96&d=mm&r=g\",\"caption\":\"Reda\u00e7\u00e3o\"}}]}<\/script>\n<!-- \/ Yoast SEO Premium plugin. -->","yoast_head_json":{"title":"Treino do Flamengo \u00e9 marcado por novidades","robots":{"index":"index","follow":"follow","max-snippet":"max-snippet:-1","max-image-preview":"max-image-preview:large","max-video-preview":"max-video-preview:-1"},"canonical":"https:\/\/www.gaveanews.com\/index.php\/2025\/09\/11\/treino-do-flamengo-e-marcado-por-novidades\/","og_locale":"pt_BR","og_type":"article","og_title":"Treino do Flamengo \u00e9 marcado por novidades","og_description":"Ap\u00f3s o fim da Data Fifa de setembro, o Flamengo retomou a prepara\u00e7\u00e3o no Ninho do Urubu para encarar o Juventude, domingo (14), \u00e0s 16 horas (hor\u00e1rio de Bras\u00edlia), no Alfredo Jaconi, em Caxias do Sul. O duelo vale pela 23\u00aa rodada do Brasileir\u00e3o. Atualmente, o Rubro-Negro lidera com 47 pontos; o Cruzeiro aparece com [&hellip;]","og_url":"https:\/\/www.gaveanews.com\/index.php\/2025\/09\/11\/treino-do-flamengo-e-marcado-por-novidades\/","og_site_name":"G\u00e1vea News","article_publisher":"https:\/\/facebook.com\/gaveaNews\/","article_published_time":"2025-09-11T22:05:24+00:00","article_modified_time":"2025-09-11T22:05:30+00:00","og_image":[{"width":1200,"height":900,"url":"http:\/\/www.gaveanews.com\/wp-content\/uploads\/treino-do-Flamengo.png","type":"image\/png"}],"author":"Reda\u00e7\u00e3o","twitter_card":"summary_large_image","twitter_misc":{"Escrito por":"Reda\u00e7\u00e3o","Est. tempo de leitura":"3 minutos"},"schema":{"@context":"https:\/\/schema.org","@graph":[{"@type":"NewsArticle","@id":"https:\/\/www.gaveanews.com\/index.php\/2025\/09\/11\/treino-do-flamengo-e-marcado-por-novidades\/#article","isPartOf":{"@id":"https:\/\/www.gaveanews.com\/index.php\/2025\/09\/11\/treino-do-flamengo-e-marcado-por-novidades\/"},"author":{"name":"Reda\u00e7\u00e3o","@id":"https:\/\/www.gaveanews.com\/#\/schema\/person\/c88645e3d550d0b6574305e67dd5a716"},"headline":"Treino do Flamengo \u00e9 marcado por novidades","datePublished":"2025-09-11T22:05:24+00:00","dateModified":"2025-09-11T22:05:30+00:00","mainEntityOfPage":{"@id":"https:\/\/www.gaveanews.com\/index.php\/2025\/09\/11\/treino-do-flamengo-e-marcado-por-novidades\/"},"wordCount":410,"commentCount":0,"image":{"@id":"https:\/\/www.gaveanews.com\/index.php\/2025\/09\/11\/treino-do-flamengo-e-marcado-por-novidades\/#primaryimage"},"thumbnailUrl":"https:\/\/www.gaveanews.com\/wp-content\/uploads\/treino-do-Flamengo.png","articleSection":["Flamengo"],"inLanguage":"pt-BR","potentialAction":[{"@type":"CommentAction","name":"Comment","target":["https:\/\/www.gaveanews.com\/index.php\/2025\/09\/11\/treino-do-flamengo-e-marcado-por-novidades\/#respond"]}],"copyrightYear":"2025","copyrightHolder":{"@id":"https:\/\/www.gaveanews.com\/#organization"}},{"@type":"WebPage","@id":"https:\/\/www.gaveanews.com\/index.php\/2025\/09\/11\/treino-do-flamengo-e-marcado-por-novidades\/","url":"https:\/\/www.gaveanews.com\/index.php\/2025\/09\/11\/treino-do-flamengo-e-marcado-por-novidades\/","name":"Treino do Flamengo \u00e9 marcado por novidades","isPartOf":{"@id":"https:\/\/www.gaveanews.com\/#website"},"primaryImageOfPage":{"@id":"https:\/\/www.gaveanews.com\/index.php\/2025\/09\/11\/treino-do-flamengo-e-marcado-por-novidades\/#primaryimage"},"image":{"@id":"https:\/\/www.gaveanews.com\/index.php\/2025\/09\/11\/treino-do-flamengo-e-marcado-por-novidades\/#primaryimage"},"thumbnailUrl":"https:\/\/www.gaveanews.com\/wp-content\/uploads\/treino-do-Flamengo.png","datePublished":"2025-09-11T22:05:24+00:00","dateModified":"2025-09-11T22:05:30+00:00","author":{"@id":"https:\/\/www.gaveanews.com\/#\/schema\/person\/c88645e3d550d0b6574305e67dd5a716"},"breadcrumb":{"@id":"https:\/\/www.gaveanews.com\/index.php\/2025\/09\/11\/treino-do-flamengo-e-marcado-por-novidades\/#breadcrumb"},"inLanguage":"pt-BR","potentialAction":[{"@type":"ReadAction","target":["https:\/\/www.gaveanews.com\/index.php\/2025\/09\/11\/treino-do-flamengo-e-marcado-por-novidades\/"]}]},{"@type":"ImageObject","inLanguage":"pt-BR","@id":"https:\/\/www.gaveanews.com\/index.php\/2025\/09\/11\/treino-do-flamengo-e-marcado-por-novidades\/#primaryimage","url":"https:\/\/www.gaveanews.com\/wp-content\/uploads\/treino-do-Flamengo.png","contentUrl":"https:\/\/www.gaveanews.com\/wp-content\/uploads\/treino-do-Flamengo.png","width":1200,"height":900,"caption":"treino do Flamengo (Fotos: Gilvan de Souza\/Flamengo)"},{"@type":"BreadcrumbList","@id":"https:\/\/www.gaveanews.com\/index.php\/2025\/09\/11\/treino-do-flamengo-e-marcado-por-novidades\/#breadcrumb","itemListElement":[{"@type":"ListItem","position":1,"name":"Home","item":"https:\/\/www.gaveanews.com\/"},{"@type":"ListItem","position":2,"name":"Treino do Flamengo \u00e9 marcado por novidades"}]},{"@type":"WebSite","@id":"https:\/\/www.gaveanews.com\/#website","url":"https:\/\/www.gaveanews.com\/","name":"G\u00e1vea News","description":"Veja todas as not\u00edcias sobre o Flamengo: Contrata\u00e7\u00f5es, categorias de base, resultados das partidas, tabela de classifica\u00e7\u00e3o, pr\u00f3ximos jogos!","potentialAction":[{"@type":"SearchAction","target":{"@type":"EntryPoint","urlTemplate":"https:\/\/www.gaveanews.com\/?s={search_term_string}"},"query-input":{"@type":"PropertyValueSpecification","valueRequired":true,"valueName":"search_term_string"}}],"inLanguage":"pt-BR"},{"@type":"Person","@id":"https:\/\/www.gaveanews.com\/#\/schema\/person\/c88645e3d550d0b6574305e67dd5a716","name":"Reda\u00e7\u00e3o","image":{"@type":"ImageObject","inLanguage":"pt-BR","@id":"https:\/\/www.gaveanews.com\/#\/schema\/person\/image\/","url":"https:\/\/secure.gravatar.com\/avatar\/434098fd823f0dc1b062d14ca22bacaa6e38de28d8c816bbef6fc2f8c44d8ba3?s=96&d=mm&r=g","contentUrl":"https:\/\/secure.gravatar.com\/avatar\/434098fd823f0dc1b062d14ca22bacaa6e38de28d8c816bbef6fc2f8c44d8ba3?s=96&d=mm&r=g","caption":"Reda\u00e7\u00e3o"}}]}},"_links":{"self":[{"href":"https:\/\/www.gaveanews.com\/index.php\/wp-json\/wp\/v2\/posts\/276316","targetHints":{"allow":["GET"]}}],"collection":[{"href":"https:\/\/www.gaveanews.com\/index.php\/wp-json\/wp\/v2\/posts"}],"about":[{"href":"https:\/\/www.gaveanews.com\/index.php\/wp-json\/wp\/v2\/types\/post"}],"author":[{"embeddable":true,"href":"https:\/\/www.gaveanews.com\/index.php\/wp-json\/wp\/v2\/users\/39"}],"replies":[{"embeddable":true,"href":"https:\/\/www.gaveanews.com\/index.php\/wp-json\/wp\/v2\/comments?post=276316"}],"version-history":[{"count":1,"href":"https:\/\/www.gaveanews.com\/index.php\/wp-json\/wp\/v2\/posts\/276316\/revisions"}],"predecessor-version":[{"id":276325,"href":"https:\/\/www.gaveanews.com\/index.php\/wp-json\/wp\/v2\/posts\/276316\/revisions\/276325"}],"wp:featuredmedia":[{"embeddable":true,"href":"https:\/\/www.gaveanews.com\/index.php\/wp-json\/wp\/v2\/media\/276324"}],"wp:attachment":[{"href":"https:\/\/www.gaveanews.com\/index.php\/wp-json\/wp\/v2\/media?parent=276316"}],"wp:term":[{"taxonomy":"category","embeddable":true,"href":"https:\/\/www.gaveanews.com\/index.php\/wp-json\/wp\/v2\/categories?post=276316"},{"taxonomy":"post_tag","embeddable":true,"href":"https:\/\/www.gaveanews.com\/index.php\/wp-json\/wp\/v2\/tags?post=276316"}],"curies":[{"name":"wp","href":"https:\/\/api.w.org\/{rel}","templated":true}]}}