{"id":276331,"date":"2025-09-12T05:11:40","date_gmt":"2025-09-12T08:11:40","guid":{"rendered":"https:\/\/www.gaveanews.com\/?p=276331"},"modified":"2025-09-12T05:11:45","modified_gmt":"2025-09-12T08:11:45","slug":"nova-contratacao-e-confirmada-atitude-polemica-da-cbf-e-novidades-no-treino-as-ultimas-noticias-do-flamengo","status":"publish","type":"post","link":"https:\/\/www.gaveanews.com\/index.php\/2025\/09\/12\/nova-contratacao-e-confirmada-atitude-polemica-da-cbf-e-novidades-no-treino-as-ultimas-noticias-do-flamengo\/","title":{"rendered":"Nova contrata\u00e7\u00e3o \u00e9 confirmada, atitude pol\u00eamica da CBF e novidades no treino: as \u00faltimas not\u00edcias do Flamengo"},"content":{"rendered":"\n<p>No retorno da Data Fifa, o <a href=\"https:\/\/www.gaveanews.com\/index.php\/category\/brasileirao\/flamengo\/\" target=\"_blank\" rel=\"noopener noreferrer\">Flamengo<\/a> acelerou a prepara\u00e7\u00e3o para encarar o Juventude fora de casa, mantendo a lideran\u00e7a do Brasileir\u00e3o apesar de baixas m\u00e9dicas e retornos de sele\u00e7\u00f5es. O duelo em Caxias do Sul reacende um tabu de 28 anos no Alfredo Jaconi e ter\u00e1 arbitragem de Raphael Claus, figura frequente em jogos rubro-negros. <\/p>\n\n\n\n<p>Enquanto isso, a base viveu dia perfeito com goleadas nas categorias inferiores e confirmou a chegada de mais um refor\u00e7o.<\/p>\n\n\n\n<h2 class=\"wp-block-heading\" id=\"h-flamengo-retoma-treinos-com-retornos-da-data-fifa-e-desfalques\">Flamengo retoma treinos com retornos da Data Fifa e desfalques<\/h2>\n\n\n\n<p>Ap\u00f3s o fim da Data Fifa de setembro, o Flamengo voltou aos trabalhos no Ninho do Urubu visando o Juventude, domingo (14), \u00e0s 16h (de Bras\u00edlia), no Alfredo Jaconi, pela 23\u00aa rodada. O Rubro-Negro lidera o campeonato com 47 pontos; Cruzeiro tem 44 e o <a href=\"https:\/\/www.gaveanews.com\/index.php\/category\/brasileirao\/palmeiras\/\" target=\"_blank\" rel=\"noopener noreferrer\">Palmeiras<\/a> soma 43, panorama que refor\u00e7a a necessidade de pontuar fora de casa.<\/p>\n\n\n\n<p>Na quinta-feira (11), Filipe Lu\u00eds ganhou quatro refor\u00e7os: Jorge Carrascal, Gonzalo Plata, Samuel Lino e Mat\u00edas Vi\u00f1a se reapresentaram ap\u00f3s defenderem suas sele\u00e7\u00f5es e participaram das atividades. Com isso, o elenco ficou praticamente completo para a viagem a Caxias do Sul.<\/p>\n\n\n\n<p>Por outro lado, o departamento m\u00e9dico pauta cautela com algumas pe\u00e7as. Erick Pulgar, em recupera\u00e7\u00e3o de fratura no p\u00e9 direito, est\u00e1 fora. Guillermo Varela, Alex Sandro e Jorginho ser\u00e3o reavaliados at\u00e9 s\u00e1bado (13) e, segundo o ge, dificilmente viajam: Alex Sandro trata les\u00e3o na panturrilha esquerda; Varela voltou da sele\u00e7\u00e3o uruguaia com pubalgia; Jorginho sente o posterior da coxa esquerda.<\/p>\n\n\n\n<p>Entre os retornos, Carrascal n\u00e3o atuou pela Col\u00f4mbia na Data Fifa, enquanto Vi\u00f1a, Plata e Samuel Lino foram titulares no segundo jogo de suas sele\u00e7\u00f5es. Arrascaeta e Varela iniciaram a primeira partida do Uruguai e foram liberados antes do segundo compromisso; Varela est\u00e1 entregue ao DM pela pubalgia. O Flamengo foi descrito como o clube brasileiro com mais convocados nesta janela de setembro.<\/p>\n\n\n\n<h2 class=\"wp-block-heading\" id=\"h-tabu-no-alfredo-jaconi-e-a-escolha-de-raphael-claus\">Tabu no Alfredo Jaconi e a escolha de Raphael Claus<\/h2>\n\n\n\n<p>O encontro com o Juventude, domingo (14), \u00e0s 16h, tamb\u00e9m coloca em jogo uma escrita inc\u00f4moda: a \u00faltima vit\u00f3ria do Flamengo no Alfredo Jaconi foi em 1\u00ba de outubro de 1997, h\u00e1 28 anos. O advers\u00e1rio ocupa a 18\u00aa coloca\u00e7\u00e3o, o que adiciona press\u00e3o para somar pontos fora e sustentar a lideran\u00e7a.<\/p>\n\n\n\n<p>Desde 1997, foram 13 partidas rubro-negras no est\u00e1dio, com sete derrotas e seis empates. Ainda assim, o hist\u00f3rico recente do Flamengo no Brasileir\u00e3o inclui quebras de tabus: em 2025, o time aplicou 8 a 0 no Vit\u00f3ria, maior goleada do campeonato desde 1984, e venceu o Red Bull Bragantino em Bragan\u00e7a Paulista ap\u00f3s 29 anos.<\/p>\n\n\n\n<p>A CBF escalou Raphael Claus, do quadro FIFA, para apitar o jogo. Um dos \u00e1rbitros mais experientes do pa\u00eds, ele conduziu 46 partidas do Flamengo; esta ser\u00e1 a 47\u00aa, com retrospecto de 27 vit\u00f3rias, quatro empates e 15 derrotas. Em 2024, apitou tr\u00eas vezes o clube no Maracan\u00e3: empate com o Vasco, vit\u00f3ria sobre o Fluminense (Brasileir\u00e3o) e derrota para o Atl\u00e9tico-MG (Copa do Brasil).<\/p>\n\n\n\n<p>A escolha ocorre em meio a cr\u00edticas recorrentes \u00e0s decis\u00f5es de Claus em cl\u00e1ssicos e confrontos diretos. Em 2024, foram questionadas marca\u00e7\u00f5es em jogos contra Fluminense (derrota por 2 a 0, a primeira de Filipe Lu\u00eds), Botafogo e Vasco; em 2022, houve insatisfa\u00e7\u00e3o ap\u00f3s p\u00eanalti para o Fluminense em cl\u00e1ssico com cinco expuls\u00f5es. <\/p>\n\n\n\n<p>O sorteio vem logo ap\u00f3s o Flamengo contestar Paulo Zanovelli no empate com o Gr\u00eamio e num cen\u00e1rio de briga de topo com Cruzeiro (44 pontos, um jogo a mais) e Palmeiras (43, um a menos).<\/p>\n\n\n\n<h2 class=\"wp-block-heading\" id=\"h-base-em-alta-e-a-chegada-do-goleiro-bahia\">Base em alta e a chegada do goleiro Bahia<\/h2>\n\n\n\n<p>As categorias de base vivem semana de destaque. Na quarta-feira (10), o sub-16 venceu o Audax Rio por 3 a 1 no CT das Vargens, enquanto sub-17 e sub-15 golearam o Friburguense por 6 a 0 e 7 a 0, respectivamente, pela Copa Rio, garantindo 100% de aproveitamento no dia.<\/p>\n\n\n\n<p>O momento coincide com o Paulista Sub-14, que prev\u00ea cobran\u00e7as de p\u00eanaltis ao fim dos jogos valendo ponto extra. Foi nesse formato que Fillype Gomes, o Bahia, brilhou pelo Inter de Limeira ao defender v\u00e1rias batidas e atrair a aten\u00e7\u00e3o do Flamengo. O clube acertou sua contrata\u00e7\u00e3o, divulgada pela Prime Sports, empresa que gerencia as categorias de base da Inter do sub-11 ao sub-20.<\/p>\n\n\n\n<p>A trajet\u00f3ria de Bahia j\u00e1 \u00e9 comparada internamente \u00e0 de Hugo Souza, revelado no Ninho, com passagem pelos profissionais, ida a Portugal e v\u00ednculo atual com o Corinthians, al\u00e9m de convoca\u00e7\u00f5es para a Sele\u00e7\u00e3o Brasileira sob Carlo Ancelotti. <\/p>\n\n\n\n<p>A chegada do jovem goleiro se insere na ampla reformula\u00e7\u00e3o das bases desde a nova presid\u00eancia: a equipe sub-20 foi reestruturada e o objetivo \u00e9 elevar o n\u00edvel t\u00e9cnico, evitar desperd\u00edcios e ampliar capta\u00e7\u00e3o e receitas. <\/p>\n\n\n\n<p>O movimento tamb\u00e9m gerou sa\u00eddas recentes, como as de Caio Barone (Celta de Vigo), Luc\u00e3o (Vit\u00f3ria de Guimar\u00e3es), Felipe Vieira (Athletic-MG), Guilherme Brito (S\u00e3o Paulo), Luis Auc\u00e9lio (Vit\u00f3ria), Kauan Menegatti (Athletico-PR), Rayan Lucas (Sporting), Lorran (Pisa), Felipe Lima (Alverca), Matheus Gon\u00e7alves (Al Ahli) e Shola (D\u00ednamo de Kiev).<\/p>\n","protected":false},"excerpt":{"rendered":"<p>No retorno da Data Fifa, o Flamengo acelerou a prepara\u00e7\u00e3o para encarar o Juventude fora de casa, mantendo a lideran\u00e7a do Brasileir\u00e3o apesar de baixas m\u00e9dicas e retornos de sele\u00e7\u00f5es. O duelo em Caxias do Sul reacende um tabu de 28 anos no Alfredo Jaconi e ter\u00e1 arbitragem de Raphael Claus, figura frequente em jogos [&hellip;]<\/p>\n","protected":false},"author":39,"featured_media":43567,"comment_status":"open","ping_status":"closed","sticky":false,"template":"","format":"standard","meta":{"footnotes":""},"categories":[1],"tags":[],"class_list":["post-276331","post","type-post","status-publish","format-standard","has-post-thumbnail","hentry","category-flamengo"],"yoast_head":"<!-- This site is optimized with the Yoast SEO Premium plugin v24.2 (Yoast SEO v26.9) - https:\/\/yoast.com\/product\/yoast-seo-premium-wordpress\/ -->\n<title>Nova contrata\u00e7\u00e3o \u00e9 confirmada, atitude pol\u00eamica da CBF e novidades no treino: as \u00faltimas not\u00edcias do Flamengo<\/title>\n<meta name=\"robots\" content=\"index, follow, max-snippet:-1, max-image-preview:large, max-video-preview:-1\" \/>\n<link rel=\"canonical\" href=\"https:\/\/www.gaveanews.com\/index.php\/2025\/09\/12\/nova-contratacao-e-confirmada-atitude-polemica-da-cbf-e-novidades-no-treino-as-ultimas-noticias-do-flamengo\/\" \/>\n<meta property=\"og:locale\" content=\"pt_BR\" \/>\n<meta property=\"og:type\" content=\"article\" \/>\n<meta property=\"og:title\" content=\"Nova contrata\u00e7\u00e3o \u00e9 confirmada, atitude pol\u00eamica da CBF e novidades no treino: as \u00faltimas not\u00edcias do Flamengo\" \/>\n<meta property=\"og:description\" content=\"No retorno da Data Fifa, o Flamengo acelerou a prepara\u00e7\u00e3o para encarar o Juventude fora de casa, mantendo a lideran\u00e7a do Brasileir\u00e3o apesar de baixas m\u00e9dicas e retornos de sele\u00e7\u00f5es. O duelo em Caxias do Sul reacende um tabu de 28 anos no Alfredo Jaconi e ter\u00e1 arbitragem de Raphael Claus, figura frequente em jogos [&hellip;]\" \/>\n<meta property=\"og:url\" content=\"https:\/\/www.gaveanews.com\/index.php\/2025\/09\/12\/nova-contratacao-e-confirmada-atitude-polemica-da-cbf-e-novidades-no-treino-as-ultimas-noticias-do-flamengo\/\" \/>\n<meta property=\"og:site_name\" content=\"G\u00e1vea News\" \/>\n<meta property=\"article:publisher\" content=\"https:\/\/facebook.com\/gaveaNews\/\" \/>\n<meta property=\"article:published_time\" content=\"2025-09-12T08:11:40+00:00\" \/>\n<meta property=\"article:modified_time\" content=\"2025-09-12T08:11:45+00:00\" \/>\n<meta property=\"og:image\" content=\"http:\/\/www.gaveanews.com\/wp-content\/uploads\/Luiz-Eduardo-Baptista-o-Bap-durante-coletiva-de-imprensa.webp\" \/>\n\t<meta property=\"og:image:width\" content=\"984\" \/>\n\t<meta property=\"og:image:height\" content=\"554\" \/>\n\t<meta property=\"og:image:type\" content=\"image\/jpeg\" \/>\n<meta name=\"author\" content=\"Reda\u00e7\u00e3o\" \/>\n<meta name=\"twitter:card\" content=\"summary_large_image\" \/>\n<meta name=\"twitter:label1\" content=\"Escrito por\" \/>\n\t<meta name=\"twitter:data1\" content=\"Reda\u00e7\u00e3o\" \/>\n\t<meta name=\"twitter:label2\" content=\"Est. tempo de leitura\" \/>\n\t<meta name=\"twitter:data2\" content=\"5 minutos\" \/>\n<script type=\"application\/ld+json\" class=\"yoast-schema-graph\">{\"@context\":\"https:\/\/schema.org\",\"@graph\":[{\"@type\":\"NewsArticle\",\"@id\":\"https:\/\/www.gaveanews.com\/index.php\/2025\/09\/12\/nova-contratacao-e-confirmada-atitude-polemica-da-cbf-e-novidades-no-treino-as-ultimas-noticias-do-flamengo\/#article\",\"isPartOf\":{\"@id\":\"https:\/\/www.gaveanews.com\/index.php\/2025\/09\/12\/nova-contratacao-e-confirmada-atitude-polemica-da-cbf-e-novidades-no-treino-as-ultimas-noticias-do-flamengo\/\"},\"author\":{\"name\":\"Reda\u00e7\u00e3o\",\"@id\":\"https:\/\/www.gaveanews.com\/#\/schema\/person\/c88645e3d550d0b6574305e67dd5a716\"},\"headline\":\"Nova contrata\u00e7\u00e3o \u00e9 confirmada, atitude pol\u00eamica da CBF e novidades no treino: as \u00faltimas not\u00edcias do Flamengo\",\"datePublished\":\"2025-09-12T08:11:40+00:00\",\"dateModified\":\"2025-09-12T08:11:45+00:00\",\"mainEntityOfPage\":{\"@id\":\"https:\/\/www.gaveanews.com\/index.php\/2025\/09\/12\/nova-contratacao-e-confirmada-atitude-polemica-da-cbf-e-novidades-no-treino-as-ultimas-noticias-do-flamengo\/\"},\"wordCount\":885,\"commentCount\":0,\"image\":{\"@id\":\"https:\/\/www.gaveanews.com\/index.php\/2025\/09\/12\/nova-contratacao-e-confirmada-atitude-polemica-da-cbf-e-novidades-no-treino-as-ultimas-noticias-do-flamengo\/#primaryimage\"},\"thumbnailUrl\":\"https:\/\/www.gaveanews.com\/wp-content\/uploads\/Luiz-Eduardo-Baptista-o-Bap-durante-coletiva-de-imprensa.webp\",\"articleSection\":[\"Flamengo\"],\"inLanguage\":\"pt-BR\",\"potentialAction\":[{\"@type\":\"CommentAction\",\"name\":\"Comment\",\"target\":[\"https:\/\/www.gaveanews.com\/index.php\/2025\/09\/12\/nova-contratacao-e-confirmada-atitude-polemica-da-cbf-e-novidades-no-treino-as-ultimas-noticias-do-flamengo\/#respond\"]}],\"copyrightYear\":\"2025\",\"copyrightHolder\":{\"@id\":\"https:\/\/www.gaveanews.com\/#organization\"}},{\"@type\":\"WebPage\",\"@id\":\"https:\/\/www.gaveanews.com\/index.php\/2025\/09\/12\/nova-contratacao-e-confirmada-atitude-polemica-da-cbf-e-novidades-no-treino-as-ultimas-noticias-do-flamengo\/\",\"url\":\"https:\/\/www.gaveanews.com\/index.php\/2025\/09\/12\/nova-contratacao-e-confirmada-atitude-polemica-da-cbf-e-novidades-no-treino-as-ultimas-noticias-do-flamengo\/\",\"name\":\"Nova contrata\u00e7\u00e3o \u00e9 confirmada, atitude pol\u00eamica da CBF e novidades no treino: as \u00faltimas not\u00edcias do Flamengo\",\"isPartOf\":{\"@id\":\"https:\/\/www.gaveanews.com\/#website\"},\"primaryImageOfPage\":{\"@id\":\"https:\/\/www.gaveanews.com\/index.php\/2025\/09\/12\/nova-contratacao-e-confirmada-atitude-polemica-da-cbf-e-novidades-no-treino-as-ultimas-noticias-do-flamengo\/#primaryimage\"},\"image\":{\"@id\":\"https:\/\/www.gaveanews.com\/index.php\/2025\/09\/12\/nova-contratacao-e-confirmada-atitude-polemica-da-cbf-e-novidades-no-treino-as-ultimas-noticias-do-flamengo\/#primaryimage\"},\"thumbnailUrl\":\"https:\/\/www.gaveanews.com\/wp-content\/uploads\/Luiz-Eduardo-Baptista-o-Bap-durante-coletiva-de-imprensa.webp\",\"datePublished\":\"2025-09-12T08:11:40+00:00\",\"dateModified\":\"2025-09-12T08:11:45+00:00\",\"author\":{\"@id\":\"https:\/\/www.gaveanews.com\/#\/schema\/person\/c88645e3d550d0b6574305e67dd5a716\"},\"breadcrumb\":{\"@id\":\"https:\/\/www.gaveanews.com\/index.php\/2025\/09\/12\/nova-contratacao-e-confirmada-atitude-polemica-da-cbf-e-novidades-no-treino-as-ultimas-noticias-do-flamengo\/#breadcrumb\"},\"inLanguage\":\"pt-BR\",\"potentialAction\":[{\"@type\":\"ReadAction\",\"target\":[\"https:\/\/www.gaveanews.com\/index.php\/2025\/09\/12\/nova-contratacao-e-confirmada-atitude-polemica-da-cbf-e-novidades-no-treino-as-ultimas-noticias-do-flamengo\/\"]}]},{\"@type\":\"ImageObject\",\"inLanguage\":\"pt-BR\",\"@id\":\"https:\/\/www.gaveanews.com\/index.php\/2025\/09\/12\/nova-contratacao-e-confirmada-atitude-polemica-da-cbf-e-novidades-no-treino-as-ultimas-noticias-do-flamengo\/#primaryimage\",\"url\":\"https:\/\/www.gaveanews.com\/wp-content\/uploads\/Luiz-Eduardo-Baptista-o-Bap-durante-coletiva-de-imprensa.webp\",\"contentUrl\":\"https:\/\/www.gaveanews.com\/wp-content\/uploads\/Luiz-Eduardo-Baptista-o-Bap-durante-coletiva-de-imprensa.webp\",\"width\":984,\"height\":554,\"caption\":\"Luiz Eduardo Baptista, o Bap, durante coletiva de imprensa (Foto: Divulga\u00e7\u00e3o)\"},{\"@type\":\"BreadcrumbList\",\"@id\":\"https:\/\/www.gaveanews.com\/index.php\/2025\/09\/12\/nova-contratacao-e-confirmada-atitude-polemica-da-cbf-e-novidades-no-treino-as-ultimas-noticias-do-flamengo\/#breadcrumb\",\"itemListElement\":[{\"@type\":\"ListItem\",\"position\":1,\"name\":\"Home\",\"item\":\"https:\/\/www.gaveanews.com\/\"},{\"@type\":\"ListItem\",\"position\":2,\"name\":\"Nova contrata\u00e7\u00e3o \u00e9 confirmada, atitude pol\u00eamica da CBF e novidades no treino: as \u00faltimas not\u00edcias do Flamengo\"}]},{\"@type\":\"WebSite\",\"@id\":\"https:\/\/www.gaveanews.com\/#website\",\"url\":\"https:\/\/www.gaveanews.com\/\",\"name\":\"G\u00e1vea News\",\"description\":\"Veja todas as not\u00edcias sobre o Flamengo: Contrata\u00e7\u00f5es, categorias de base, resultados das partidas, tabela de classifica\u00e7\u00e3o, pr\u00f3ximos jogos!\",\"potentialAction\":[{\"@type\":\"SearchAction\",\"target\":{\"@type\":\"EntryPoint\",\"urlTemplate\":\"https:\/\/www.gaveanews.com\/?s={search_term_string}\"},\"query-input\":{\"@type\":\"PropertyValueSpecification\",\"valueRequired\":true,\"valueName\":\"search_term_string\"}}],\"inLanguage\":\"pt-BR\"},{\"@type\":\"Person\",\"@id\":\"https:\/\/www.gaveanews.com\/#\/schema\/person\/c88645e3d550d0b6574305e67dd5a716\",\"name\":\"Reda\u00e7\u00e3o\",\"image\":{\"@type\":\"ImageObject\",\"inLanguage\":\"pt-BR\",\"@id\":\"https:\/\/www.gaveanews.com\/#\/schema\/person\/image\/\",\"url\":\"https:\/\/secure.gravatar.com\/avatar\/434098fd823f0dc1b062d14ca22bacaa6e38de28d8c816bbef6fc2f8c44d8ba3?s=96&d=mm&r=g\",\"contentUrl\":\"https:\/\/secure.gravatar.com\/avatar\/434098fd823f0dc1b062d14ca22bacaa6e38de28d8c816bbef6fc2f8c44d8ba3?s=96&d=mm&r=g\",\"caption\":\"Reda\u00e7\u00e3o\"}}]}<\/script>\n<!-- \/ Yoast SEO Premium plugin. -->","yoast_head_json":{"title":"Nova contrata\u00e7\u00e3o \u00e9 confirmada, atitude pol\u00eamica da CBF e novidades no treino: as \u00faltimas not\u00edcias do Flamengo","robots":{"index":"index","follow":"follow","max-snippet":"max-snippet:-1","max-image-preview":"max-image-preview:large","max-video-preview":"max-video-preview:-1"},"canonical":"https:\/\/www.gaveanews.com\/index.php\/2025\/09\/12\/nova-contratacao-e-confirmada-atitude-polemica-da-cbf-e-novidades-no-treino-as-ultimas-noticias-do-flamengo\/","og_locale":"pt_BR","og_type":"article","og_title":"Nova contrata\u00e7\u00e3o \u00e9 confirmada, atitude pol\u00eamica da CBF e novidades no treino: as \u00faltimas not\u00edcias do Flamengo","og_description":"No retorno da Data Fifa, o Flamengo acelerou a prepara\u00e7\u00e3o para encarar o Juventude fora de casa, mantendo a lideran\u00e7a do Brasileir\u00e3o apesar de baixas m\u00e9dicas e retornos de sele\u00e7\u00f5es. O duelo em Caxias do Sul reacende um tabu de 28 anos no Alfredo Jaconi e ter\u00e1 arbitragem de Raphael Claus, figura frequente em jogos [&hellip;]","og_url":"https:\/\/www.gaveanews.com\/index.php\/2025\/09\/12\/nova-contratacao-e-confirmada-atitude-polemica-da-cbf-e-novidades-no-treino-as-ultimas-noticias-do-flamengo\/","og_site_name":"G\u00e1vea News","article_publisher":"https:\/\/facebook.com\/gaveaNews\/","article_published_time":"2025-09-12T08:11:40+00:00","article_modified_time":"2025-09-12T08:11:45+00:00","og_image":[{"width":984,"height":554,"url":"http:\/\/www.gaveanews.com\/wp-content\/uploads\/Luiz-Eduardo-Baptista-o-Bap-durante-coletiva-de-imprensa.webp","type":"image\/jpeg"}],"author":"Reda\u00e7\u00e3o","twitter_card":"summary_large_image","twitter_misc":{"Escrito por":"Reda\u00e7\u00e3o","Est. tempo de leitura":"5 minutos"},"schema":{"@context":"https:\/\/schema.org","@graph":[{"@type":"NewsArticle","@id":"https:\/\/www.gaveanews.com\/index.php\/2025\/09\/12\/nova-contratacao-e-confirmada-atitude-polemica-da-cbf-e-novidades-no-treino-as-ultimas-noticias-do-flamengo\/#article","isPartOf":{"@id":"https:\/\/www.gaveanews.com\/index.php\/2025\/09\/12\/nova-contratacao-e-confirmada-atitude-polemica-da-cbf-e-novidades-no-treino-as-ultimas-noticias-do-flamengo\/"},"author":{"name":"Reda\u00e7\u00e3o","@id":"https:\/\/www.gaveanews.com\/#\/schema\/person\/c88645e3d550d0b6574305e67dd5a716"},"headline":"Nova contrata\u00e7\u00e3o \u00e9 confirmada, atitude pol\u00eamica da CBF e novidades no treino: as \u00faltimas not\u00edcias do Flamengo","datePublished":"2025-09-12T08:11:40+00:00","dateModified":"2025-09-12T08:11:45+00:00","mainEntityOfPage":{"@id":"https:\/\/www.gaveanews.com\/index.php\/2025\/09\/12\/nova-contratacao-e-confirmada-atitude-polemica-da-cbf-e-novidades-no-treino-as-ultimas-noticias-do-flamengo\/"},"wordCount":885,"commentCount":0,"image":{"@id":"https:\/\/www.gaveanews.com\/index.php\/2025\/09\/12\/nova-contratacao-e-confirmada-atitude-polemica-da-cbf-e-novidades-no-treino-as-ultimas-noticias-do-flamengo\/#primaryimage"},"thumbnailUrl":"https:\/\/www.gaveanews.com\/wp-content\/uploads\/Luiz-Eduardo-Baptista-o-Bap-durante-coletiva-de-imprensa.webp","articleSection":["Flamengo"],"inLanguage":"pt-BR","potentialAction":[{"@type":"CommentAction","name":"Comment","target":["https:\/\/www.gaveanews.com\/index.php\/2025\/09\/12\/nova-contratacao-e-confirmada-atitude-polemica-da-cbf-e-novidades-no-treino-as-ultimas-noticias-do-flamengo\/#respond"]}],"copyrightYear":"2025","copyrightHolder":{"@id":"https:\/\/www.gaveanews.com\/#organization"}},{"@type":"WebPage","@id":"https:\/\/www.gaveanews.com\/index.php\/2025\/09\/12\/nova-contratacao-e-confirmada-atitude-polemica-da-cbf-e-novidades-no-treino-as-ultimas-noticias-do-flamengo\/","url":"https:\/\/www.gaveanews.com\/index.php\/2025\/09\/12\/nova-contratacao-e-confirmada-atitude-polemica-da-cbf-e-novidades-no-treino-as-ultimas-noticias-do-flamengo\/","name":"Nova contrata\u00e7\u00e3o \u00e9 confirmada, atitude pol\u00eamica da CBF e novidades no treino: as \u00faltimas not\u00edcias do Flamengo","isPartOf":{"@id":"https:\/\/www.gaveanews.com\/#website"},"primaryImageOfPage":{"@id":"https:\/\/www.gaveanews.com\/index.php\/2025\/09\/12\/nova-contratacao-e-confirmada-atitude-polemica-da-cbf-e-novidades-no-treino-as-ultimas-noticias-do-flamengo\/#primaryimage"},"image":{"@id":"https:\/\/www.gaveanews.com\/index.php\/2025\/09\/12\/nova-contratacao-e-confirmada-atitude-polemica-da-cbf-e-novidades-no-treino-as-ultimas-noticias-do-flamengo\/#primaryimage"},"thumbnailUrl":"https:\/\/www.gaveanews.com\/wp-content\/uploads\/Luiz-Eduardo-Baptista-o-Bap-durante-coletiva-de-imprensa.webp","datePublished":"2025-09-12T08:11:40+00:00","dateModified":"2025-09-12T08:11:45+00:00","author":{"@id":"https:\/\/www.gaveanews.com\/#\/schema\/person\/c88645e3d550d0b6574305e67dd5a716"},"breadcrumb":{"@id":"https:\/\/www.gaveanews.com\/index.php\/2025\/09\/12\/nova-contratacao-e-confirmada-atitude-polemica-da-cbf-e-novidades-no-treino-as-ultimas-noticias-do-flamengo\/#breadcrumb"},"inLanguage":"pt-BR","potentialAction":[{"@type":"ReadAction","target":["https:\/\/www.gaveanews.com\/index.php\/2025\/09\/12\/nova-contratacao-e-confirmada-atitude-polemica-da-cbf-e-novidades-no-treino-as-ultimas-noticias-do-flamengo\/"]}]},{"@type":"ImageObject","inLanguage":"pt-BR","@id":"https:\/\/www.gaveanews.com\/index.php\/2025\/09\/12\/nova-contratacao-e-confirmada-atitude-polemica-da-cbf-e-novidades-no-treino-as-ultimas-noticias-do-flamengo\/#primaryimage","url":"https:\/\/www.gaveanews.com\/wp-content\/uploads\/Luiz-Eduardo-Baptista-o-Bap-durante-coletiva-de-imprensa.webp","contentUrl":"https:\/\/www.gaveanews.com\/wp-content\/uploads\/Luiz-Eduardo-Baptista-o-Bap-durante-coletiva-de-imprensa.webp","width":984,"height":554,"caption":"Luiz Eduardo Baptista, o Bap, durante coletiva de imprensa (Foto: Divulga\u00e7\u00e3o)"},{"@type":"BreadcrumbList","@id":"https:\/\/www.gaveanews.com\/index.php\/2025\/09\/12\/nova-contratacao-e-confirmada-atitude-polemica-da-cbf-e-novidades-no-treino-as-ultimas-noticias-do-flamengo\/#breadcrumb","itemListElement":[{"@type":"ListItem","position":1,"name":"Home","item":"https:\/\/www.gaveanews.com\/"},{"@type":"ListItem","position":2,"name":"Nova contrata\u00e7\u00e3o \u00e9 confirmada, atitude pol\u00eamica da CBF e novidades no treino: as \u00faltimas not\u00edcias do Flamengo"}]},{"@type":"WebSite","@id":"https:\/\/www.gaveanews.com\/#website","url":"https:\/\/www.gaveanews.com\/","name":"G\u00e1vea News","description":"Veja todas as not\u00edcias sobre o Flamengo: Contrata\u00e7\u00f5es, categorias de base, resultados das partidas, tabela de classifica\u00e7\u00e3o, pr\u00f3ximos jogos!","potentialAction":[{"@type":"SearchAction","target":{"@type":"EntryPoint","urlTemplate":"https:\/\/www.gaveanews.com\/?s={search_term_string}"},"query-input":{"@type":"PropertyValueSpecification","valueRequired":true,"valueName":"search_term_string"}}],"inLanguage":"pt-BR"},{"@type":"Person","@id":"https:\/\/www.gaveanews.com\/#\/schema\/person\/c88645e3d550d0b6574305e67dd5a716","name":"Reda\u00e7\u00e3o","image":{"@type":"ImageObject","inLanguage":"pt-BR","@id":"https:\/\/www.gaveanews.com\/#\/schema\/person\/image\/","url":"https:\/\/secure.gravatar.com\/avatar\/434098fd823f0dc1b062d14ca22bacaa6e38de28d8c816bbef6fc2f8c44d8ba3?s=96&d=mm&r=g","contentUrl":"https:\/\/secure.gravatar.com\/avatar\/434098fd823f0dc1b062d14ca22bacaa6e38de28d8c816bbef6fc2f8c44d8ba3?s=96&d=mm&r=g","caption":"Reda\u00e7\u00e3o"}}]}},"_links":{"self":[{"href":"https:\/\/www.gaveanews.com\/index.php\/wp-json\/wp\/v2\/posts\/276331","targetHints":{"allow":["GET"]}}],"collection":[{"href":"https:\/\/www.gaveanews.com\/index.php\/wp-json\/wp\/v2\/posts"}],"about":[{"href":"https:\/\/www.gaveanews.com\/index.php\/wp-json\/wp\/v2\/types\/post"}],"author":[{"embeddable":true,"href":"https:\/\/www.gaveanews.com\/index.php\/wp-json\/wp\/v2\/users\/39"}],"replies":[{"embeddable":true,"href":"https:\/\/www.gaveanews.com\/index.php\/wp-json\/wp\/v2\/comments?post=276331"}],"version-history":[{"count":1,"href":"https:\/\/www.gaveanews.com\/index.php\/wp-json\/wp\/v2\/posts\/276331\/revisions"}],"predecessor-version":[{"id":276334,"href":"https:\/\/www.gaveanews.com\/index.php\/wp-json\/wp\/v2\/posts\/276331\/revisions\/276334"}],"wp:featuredmedia":[{"embeddable":true,"href":"https:\/\/www.gaveanews.com\/index.php\/wp-json\/wp\/v2\/media\/43567"}],"wp:attachment":[{"href":"https:\/\/www.gaveanews.com\/index.php\/wp-json\/wp\/v2\/media?parent=276331"}],"wp:term":[{"taxonomy":"category","embeddable":true,"href":"https:\/\/www.gaveanews.com\/index.php\/wp-json\/wp\/v2\/categories?post=276331"},{"taxonomy":"post_tag","embeddable":true,"href":"https:\/\/www.gaveanews.com\/index.php\/wp-json\/wp\/v2\/tags?post=276331"}],"curies":[{"name":"wp","href":"https:\/\/api.w.org\/{rel}","templated":true}]}}